{"id":5311,"date":"2021-03-24T07:44:00","date_gmt":"2021-03-24T10:44:00","guid":{"rendered":"https:\/\/www.padreeustaquio.com.br\/?p=5311"},"modified":"2021-03-24T17:24:21","modified_gmt":"2021-03-24T20:24:21","slug":"thanks-to-the-donations-the-conservation-work-will-continue","status":"publish","type":"post","link":"https:\/\/www.padreeustaquio.com.br\/en\/thanks-to-the-donations-the-conservation-work-will-continue\/","title":{"rendered":"Thanks to the donations, the conservation work will continue."},"content":{"rendered":"<p style=\"text-align: left;\">The cleaning, preservation, and cataloging of objects and clothing that belonged to Blessed Father Eust\u00e1quio must be maintained for the next few months. The initiative, which began through a project supported by the Aldir Blanc Law, only had guaranteed funding until March, but the unity and donations of devotees have allowed the project to be extended for at least another three months.<\/p>\r\n\r\n\r\n\r\n<p>To date, more than 150 personal objects, pieces of clothing, and liturgical items that belonged to the Blessed One have been researched, some restored, and all cataloged and photographed to assemble a collection rich in information and data about the pieces.<br \/><br \/>During the first two months of 2021, UFMG restorers Cybele and Marcelino carried out meticulous conservation work on this material. However, the period of work funded by the law has ended, and much still needs to be done.<\/p>\r\n\r\n\r\n\r\n<p>The objects are numerous and complex to research, demanding time and considerable work from the researchers. The projection is that the entire cataloging process will only be completed by the end of the year; therefore, it is necessary to extend the work, even without the incentive provided by the Aldir Blanc Law. The goal is to create a complete and cataloged collection for the future museum of the Blessed One.<\/p>\r\n\r\n\r\n\r\n<p>For all the work to be carried out successfully, we continue to need the collaboration of the entire community. If you can and want to help, simply make a donation directly to the Cause for the Canonization of Blessed Father Eust\u00e1quio, through the bank account of the Padre Eust\u00e1quio Social Action.<\/p>\r\n\r\n\r\n\r\n<p><strong>Our Pix key is (31) 99545-1943<\/strong><\/p>\r\n\r\n\r\n\r\n<p>Or, if you prefer, make a deposit or transfer to Caixa Econ\u00f4mica Federal:<br \/><strong>Father Eust\u00e1quio Social Action<br \/>CNPJ: 17.193.756\/0001-05<br \/>Agency: 0089<br \/>Operation: 013<br \/>Savings account: 48.086-7<\/strong><\/p>","protected":false},"excerpt":{"rendered":"<p>A higieniza\u00e7\u00e3o, conserva\u00e7\u00e3o e cataloga\u00e7\u00e3o dos objetos e roupas que pertenceram ao Beato Padre Eust\u00e1quio devem ser mantidas pelos pr\u00f3ximos meses. A a\u00e7\u00e3o, que come\u00e7ou por meio de um projeto contemplado pela Lei Aldir Blanc, s\u00f3 tinha financiamento garantido at\u00e9 o m\u00eas de mar\u00e7o, mas a uni\u00e3o e a doa\u00e7\u00e3o dos devotos fez com que o projeto pudesse se estender por, pelo menos, mais tr\u00eas meses. At\u00e9 o momento, mais de 150 objetos pessoais, pe\u00e7as de roupas e itens lit\u00fargicos que pertenceram ao Bem-Aventurado foram pesquisados, alguns restaurados e, todos, catalogados e fotografados para a montagem de um acervo rico [&hellip;]<\/p>\n","protected":false},"author":2,"featured_media":5312,"comment_status":"open","ping_status":"closed","sticky":false,"template":"","format":"standard","meta":{"_acf_changed":false,"footnotes":""},"categories":[611],"tags":[],"class_list":["post-5311","post","type-post","status-publish","format-standard","has-post-thumbnail","hentry","category-noticias"],"acf":[],"yoast_head":"<!-- This site is optimized with the Yoast SEO plugin v27.2 - https:\/\/yoast.com\/product\/yoast-seo-wordpress\/ -->\n<title>Gra\u00e7as \u00e0s doa\u00e7\u00f5es trabalho de conserva\u00e7\u00e3o vai continuar - Padre Eust\u00e1quio<\/title>\n<meta name=\"robots\" content=\"index, follow, max-snippet:-1, max-image-preview:large, max-video-preview:-1\" \/>\n<link rel=\"canonical\" href=\"https:\/\/www.padreeustaquio.com.br\/en\/thanks-to-the-donations-the-conservation-work-will-continue\/\" \/>\n<meta property=\"og:locale\" content=\"en_US\" \/>\n<meta property=\"og:type\" content=\"article\" \/>\n<meta property=\"og:title\" content=\"Gra\u00e7as \u00e0s doa\u00e7\u00f5es trabalho de conserva\u00e7\u00e3o vai continuar - Padre Eust\u00e1quio\" \/>\n<meta property=\"og:description\" content=\"A higieniza\u00e7\u00e3o, conserva\u00e7\u00e3o e cataloga\u00e7\u00e3o dos objetos e roupas que pertenceram ao Beato Padre Eust\u00e1quio devem ser mantidas pelos pr\u00f3ximos meses. A a\u00e7\u00e3o, que come\u00e7ou por meio de um projeto contemplado pela Lei Aldir Blanc, s\u00f3 tinha financiamento garantido at\u00e9 o m\u00eas de mar\u00e7o, mas a uni\u00e3o e a doa\u00e7\u00e3o dos devotos fez com que o projeto pudesse se estender por, pelo menos, mais tr\u00eas meses. At\u00e9 o momento, mais de 150 objetos pessoais, pe\u00e7as de roupas e itens lit\u00fargicos que pertenceram ao Bem-Aventurado foram pesquisados, alguns restaurados e, todos, catalogados e fotografados para a montagem de um acervo rico [&hellip;]\" \/>\n<meta property=\"og:url\" content=\"https:\/\/www.padreeustaquio.com.br\/en\/thanks-to-the-donations-the-conservation-work-will-continue\/\" \/>\n<meta property=\"og:site_name\" content=\"Padre Eust\u00e1quio\" \/>\n<meta property=\"article:publisher\" content=\"https:\/\/www.facebook.com\/beatopadreeustaquio\/\" \/>\n<meta property=\"article:published_time\" content=\"2021-03-24T10:44:00+00:00\" \/>\n<meta property=\"article:modified_time\" content=\"2021-03-24T20:24:21+00:00\" \/>\n<meta property=\"og:image\" content=\"https:\/\/www.padreeustaquio.com.br\/wp-content\/uploads\/2021\/03\/Continua-conservacao.jpg\" \/>\n\t<meta property=\"og:image:width\" content=\"748\" \/>\n\t<meta property=\"og:image:height\" content=\"394\" \/>\n\t<meta property=\"og:image:type\" content=\"image\/jpeg\" \/>\n<meta name=\"author\" content=\"@sscc\" \/>\n<meta name=\"twitter:card\" content=\"summary_large_image\" \/>\n<meta name=\"twitter:creator\" content=\"@beatopeustaquio\" \/>\n<meta name=\"twitter:site\" content=\"@beatopeustaquio\" \/>\n<meta name=\"twitter:label1\" content=\"Written by\" \/>\n\t<meta name=\"twitter:data1\" content=\"@sscc\" \/>\n\t<meta name=\"twitter:label2\" content=\"Est. reading time\" \/>\n\t<meta name=\"twitter:data2\" content=\"2 minutes\" \/>\n<script type=\"application\/ld+json\" class=\"yoast-schema-graph\">{\"@context\":\"https:\/\/schema.org\",\"@graph\":[{\"@type\":\"Article\",\"@id\":\"https:\/\/www.padreeustaquio.com.br\/gracas-as-doacoes-trabalho-de-conservacao-vai-continuar\/#article\",\"isPartOf\":{\"@id\":\"https:\/\/www.padreeustaquio.com.br\/gracas-as-doacoes-trabalho-de-conservacao-vai-continuar\/\"},\"author\":{\"name\":\"@sscc\",\"@id\":\"https:\/\/www.padreeustaquio.com.br\/#\/schema\/person\/a2a51db1d00f1a7af0204a0f1ddb1566\"},\"headline\":\"Gra\u00e7as \u00e0s doa\u00e7\u00f5es trabalho de conserva\u00e7\u00e3o vai continuar\",\"datePublished\":\"2021-03-24T10:44:00+00:00\",\"dateModified\":\"2021-03-24T20:24:21+00:00\",\"mainEntityOfPage\":{\"@id\":\"https:\/\/www.padreeustaquio.com.br\/gracas-as-doacoes-trabalho-de-conservacao-vai-continuar\/\"},\"wordCount\":324,\"commentCount\":0,\"publisher\":{\"@id\":\"https:\/\/www.padreeustaquio.com.br\/#organization\"},\"image\":{\"@id\":\"https:\/\/www.padreeustaquio.com.br\/gracas-as-doacoes-trabalho-de-conservacao-vai-continuar\/#primaryimage\"},\"thumbnailUrl\":\"https:\/\/www.padreeustaquio.com.br\/wp-content\/uploads\/2021\/03\/Continua-conservacao.jpg\",\"articleSection\":[\"Not\u00edcias\"],\"inLanguage\":\"en-US\",\"potentialAction\":[{\"@type\":\"CommentAction\",\"name\":\"Comment\",\"target\":[\"https:\/\/www.padreeustaquio.com.br\/gracas-as-doacoes-trabalho-de-conservacao-vai-continuar\/#respond\"]}]},{\"@type\":\"WebPage\",\"@id\":\"https:\/\/www.padreeustaquio.com.br\/gracas-as-doacoes-trabalho-de-conservacao-vai-continuar\/\",\"url\":\"https:\/\/www.padreeustaquio.com.br\/gracas-as-doacoes-trabalho-de-conservacao-vai-continuar\/\",\"name\":\"Gra\u00e7as \u00e0s doa\u00e7\u00f5es trabalho de conserva\u00e7\u00e3o vai continuar - Padre Eust\u00e1quio\",\"isPartOf\":{\"@id\":\"https:\/\/www.padreeustaquio.com.br\/#website\"},\"primaryImageOfPage\":{\"@id\":\"https:\/\/www.padreeustaquio.com.br\/gracas-as-doacoes-trabalho-de-conservacao-vai-continuar\/#primaryimage\"},\"image\":{\"@id\":\"https:\/\/www.padreeustaquio.com.br\/gracas-as-doacoes-trabalho-de-conservacao-vai-continuar\/#primaryimage\"},\"thumbnailUrl\":\"https:\/\/www.padreeustaquio.com.br\/wp-content\/uploads\/2021\/03\/Continua-conservacao.jpg\",\"datePublished\":\"2021-03-24T10:44:00+00:00\",\"dateModified\":\"2021-03-24T20:24:21+00:00\",\"breadcrumb\":{\"@id\":\"https:\/\/www.padreeustaquio.com.br\/gracas-as-doacoes-trabalho-de-conservacao-vai-continuar\/#breadcrumb\"},\"inLanguage\":\"en-US\",\"potentialAction\":[{\"@type\":\"ReadAction\",\"target\":[\"https:\/\/www.padreeustaquio.com.br\/gracas-as-doacoes-trabalho-de-conservacao-vai-continuar\/\"]}]},{\"@type\":\"ImageObject\",\"inLanguage\":\"en-US\",\"@id\":\"https:\/\/www.padreeustaquio.com.br\/gracas-as-doacoes-trabalho-de-conservacao-vai-continuar\/#primaryimage\",\"url\":\"https:\/\/www.padreeustaquio.com.br\/wp-content\/uploads\/2021\/03\/Continua-conservacao.jpg\",\"contentUrl\":\"https:\/\/www.padreeustaquio.com.br\/wp-content\/uploads\/2021\/03\/Continua-conservacao.jpg\",\"width\":748,\"height\":394},{\"@type\":\"BreadcrumbList\",\"@id\":\"https:\/\/www.padreeustaquio.com.br\/gracas-as-doacoes-trabalho-de-conservacao-vai-continuar\/#breadcrumb\",\"itemListElement\":[{\"@type\":\"ListItem\",\"position\":1,\"name\":\"In\u00edcio\",\"item\":\"https:\/\/www.padreeustaquio.com.br\/\"},{\"@type\":\"ListItem\",\"position\":2,\"name\":\"Gra\u00e7as \u00e0s doa\u00e7\u00f5es trabalho de conserva\u00e7\u00e3o vai continuar\"}]},{\"@type\":\"WebSite\",\"@id\":\"https:\/\/www.padreeustaquio.com.br\/#website\",\"url\":\"https:\/\/www.padreeustaquio.com.br\/\",\"name\":\"Padre Eust\u00e1quio\",\"description\":\"Sa\u00fade e Paz\",\"publisher\":{\"@id\":\"https:\/\/www.padreeustaquio.com.br\/#organization\"},\"potentialAction\":[{\"@type\":\"SearchAction\",\"target\":{\"@type\":\"EntryPoint\",\"urlTemplate\":\"https:\/\/www.padreeustaquio.com.br\/?s={search_term_string}\"},\"query-input\":{\"@type\":\"PropertyValueSpecification\",\"valueRequired\":true,\"valueName\":\"search_term_string\"}}],\"inLanguage\":\"en-US\"},{\"@type\":\"Organization\",\"@id\":\"https:\/\/www.padreeustaquio.com.br\/#organization\",\"name\":\"Padre Eust\u00e1quio\",\"url\":\"https:\/\/www.padreeustaquio.com.br\/\",\"logo\":{\"@type\":\"ImageObject\",\"inLanguage\":\"en-US\",\"@id\":\"https:\/\/www.padreeustaquio.com.br\/#\/schema\/logo\/image\/\",\"url\":\"https:\/\/www.padreeustaquio.com.br\/wp-content\/uploads\/2019\/08\/marca.png\",\"contentUrl\":\"https:\/\/www.padreeustaquio.com.br\/wp-content\/uploads\/2019\/08\/marca.png\",\"width\":350,\"height\":400,\"caption\":\"Padre Eust\u00e1quio\"},\"image\":{\"@id\":\"https:\/\/www.padreeustaquio.com.br\/#\/schema\/logo\/image\/\"},\"sameAs\":[\"https:\/\/www.facebook.com\/beatopadreeustaquio\/\",\"https:\/\/x.com\/beatopeustaquio\",\"https:\/\/www.instagram.com\/beatopadreeustaquio\/\",\"https:\/\/www.youtube.com\/channel\/UCRhw7vfabnajwLxb1ZXMeIw\"]},{\"@type\":\"Person\",\"@id\":\"https:\/\/www.padreeustaquio.com.br\/#\/schema\/person\/a2a51db1d00f1a7af0204a0f1ddb1566\",\"name\":\"@sscc\",\"image\":{\"@type\":\"ImageObject\",\"inLanguage\":\"en-US\",\"@id\":\"https:\/\/secure.gravatar.com\/avatar\/68cfafa5f44617fea54071e215026e0ff06be366c3d54a8425f04fdcb86f8c5f?s=96&d=mm&r=g\",\"url\":\"https:\/\/secure.gravatar.com\/avatar\/68cfafa5f44617fea54071e215026e0ff06be366c3d54a8425f04fdcb86f8c5f?s=96&d=mm&r=g\",\"contentUrl\":\"https:\/\/secure.gravatar.com\/avatar\/68cfafa5f44617fea54071e215026e0ff06be366c3d54a8425f04fdcb86f8c5f?s=96&d=mm&r=g\",\"caption\":\"@sscc\"},\"url\":\"https:\/\/www.padreeustaquio.com.br\/en\/author\/sscc\/\"}]}<\/script>\n<!-- \/ Yoast SEO plugin. -->","yoast_head_json":{"title":"Thanks to the donations, the conservation work will continue - Father Eust\u00e1quio","robots":{"index":"index","follow":"follow","max-snippet":"max-snippet:-1","max-image-preview":"max-image-preview:large","max-video-preview":"max-video-preview:-1"},"canonical":"https:\/\/www.padreeustaquio.com.br\/en\/thanks-to-the-donations-the-conservation-work-will-continue\/","og_locale":"en_US","og_type":"article","og_title":"Gra\u00e7as \u00e0s doa\u00e7\u00f5es trabalho de conserva\u00e7\u00e3o vai continuar - Padre Eust\u00e1quio","og_description":"A higieniza\u00e7\u00e3o, conserva\u00e7\u00e3o e cataloga\u00e7\u00e3o dos objetos e roupas que pertenceram ao Beato Padre Eust\u00e1quio devem ser mantidas pelos pr\u00f3ximos meses. A a\u00e7\u00e3o, que come\u00e7ou por meio de um projeto contemplado pela Lei Aldir Blanc, s\u00f3 tinha financiamento garantido at\u00e9 o m\u00eas de mar\u00e7o, mas a uni\u00e3o e a doa\u00e7\u00e3o dos devotos fez com que o projeto pudesse se estender por, pelo menos, mais tr\u00eas meses. At\u00e9 o momento, mais de 150 objetos pessoais, pe\u00e7as de roupas e itens lit\u00fargicos que pertenceram ao Bem-Aventurado foram pesquisados, alguns restaurados e, todos, catalogados e fotografados para a montagem de um acervo rico [&hellip;]","og_url":"https:\/\/www.padreeustaquio.com.br\/en\/thanks-to-the-donations-the-conservation-work-will-continue\/","og_site_name":"Padre Eust\u00e1quio","article_publisher":"https:\/\/www.facebook.com\/beatopadreeustaquio\/","article_published_time":"2021-03-24T10:44:00+00:00","article_modified_time":"2021-03-24T20:24:21+00:00","og_image":[{"width":748,"height":394,"url":"https:\/\/www.padreeustaquio.com.br\/wp-content\/uploads\/2021\/03\/Continua-conservacao.jpg","type":"image\/jpeg"}],"author":"@sscc","twitter_card":"summary_large_image","twitter_creator":"@beatopeustaquio","twitter_site":"@beatopeustaquio","twitter_misc":{"Written by":"@sscc","Est. reading time":"2 minutes"},"schema":{"@context":"https:\/\/schema.org","@graph":[{"@type":"Article","@id":"https:\/\/www.padreeustaquio.com.br\/gracas-as-doacoes-trabalho-de-conservacao-vai-continuar\/#article","isPartOf":{"@id":"https:\/\/www.padreeustaquio.com.br\/gracas-as-doacoes-trabalho-de-conservacao-vai-continuar\/"},"author":{"name":"@sscc","@id":"https:\/\/www.padreeustaquio.com.br\/#\/schema\/person\/a2a51db1d00f1a7af0204a0f1ddb1566"},"headline":"Gra\u00e7as \u00e0s doa\u00e7\u00f5es trabalho de conserva\u00e7\u00e3o vai continuar","datePublished":"2021-03-24T10:44:00+00:00","dateModified":"2021-03-24T20:24:21+00:00","mainEntityOfPage":{"@id":"https:\/\/www.padreeustaquio.com.br\/gracas-as-doacoes-trabalho-de-conservacao-vai-continuar\/"},"wordCount":324,"commentCount":0,"publisher":{"@id":"https:\/\/www.padreeustaquio.com.br\/#organization"},"image":{"@id":"https:\/\/www.padreeustaquio.com.br\/gracas-as-doacoes-trabalho-de-conservacao-vai-continuar\/#primaryimage"},"thumbnailUrl":"https:\/\/www.padreeustaquio.com.br\/wp-content\/uploads\/2021\/03\/Continua-conservacao.jpg","articleSection":["Not\u00edcias"],"inLanguage":"en-US","potentialAction":[{"@type":"CommentAction","name":"Comment","target":["https:\/\/www.padreeustaquio.com.br\/gracas-as-doacoes-trabalho-de-conservacao-vai-continuar\/#respond"]}]},{"@type":"WebPage","@id":"https:\/\/www.padreeustaquio.com.br\/gracas-as-doacoes-trabalho-de-conservacao-vai-continuar\/","url":"https:\/\/www.padreeustaquio.com.br\/gracas-as-doacoes-trabalho-de-conservacao-vai-continuar\/","name":"Thanks to the donations, the conservation work will continue - Father Eust\u00e1quio","isPartOf":{"@id":"https:\/\/www.padreeustaquio.com.br\/#website"},"primaryImageOfPage":{"@id":"https:\/\/www.padreeustaquio.com.br\/gracas-as-doacoes-trabalho-de-conservacao-vai-continuar\/#primaryimage"},"image":{"@id":"https:\/\/www.padreeustaquio.com.br\/gracas-as-doacoes-trabalho-de-conservacao-vai-continuar\/#primaryimage"},"thumbnailUrl":"https:\/\/www.padreeustaquio.com.br\/wp-content\/uploads\/2021\/03\/Continua-conservacao.jpg","datePublished":"2021-03-24T10:44:00+00:00","dateModified":"2021-03-24T20:24:21+00:00","breadcrumb":{"@id":"https:\/\/www.padreeustaquio.com.br\/gracas-as-doacoes-trabalho-de-conservacao-vai-continuar\/#breadcrumb"},"inLanguage":"en-US","potentialAction":[{"@type":"ReadAction","target":["https:\/\/www.padreeustaquio.com.br\/gracas-as-doacoes-trabalho-de-conservacao-vai-continuar\/"]}]},{"@type":"ImageObject","inLanguage":"en-US","@id":"https:\/\/www.padreeustaquio.com.br\/gracas-as-doacoes-trabalho-de-conservacao-vai-continuar\/#primaryimage","url":"https:\/\/www.padreeustaquio.com.br\/wp-content\/uploads\/2021\/03\/Continua-conservacao.jpg","contentUrl":"https:\/\/www.padreeustaquio.com.br\/wp-content\/uploads\/2021\/03\/Continua-conservacao.jpg","width":748,"height":394},{"@type":"BreadcrumbList","@id":"https:\/\/www.padreeustaquio.com.br\/gracas-as-doacoes-trabalho-de-conservacao-vai-continuar\/#breadcrumb","itemListElement":[{"@type":"ListItem","position":1,"name":"In\u00edcio","item":"https:\/\/www.padreeustaquio.com.br\/"},{"@type":"ListItem","position":2,"name":"Gra\u00e7as \u00e0s doa\u00e7\u00f5es trabalho de conserva\u00e7\u00e3o vai continuar"}]},{"@type":"WebSite","@id":"https:\/\/www.padreeustaquio.com.br\/#website","url":"https:\/\/www.padreeustaquio.com.br\/","name":"FATHER EUST\u00c1QUIO","description":"Health and Peace","publisher":{"@id":"https:\/\/www.padreeustaquio.com.br\/#organization"},"potentialAction":[{"@type":"SearchAction","target":{"@type":"EntryPoint","urlTemplate":"https:\/\/www.padreeustaquio.com.br\/?s={search_term_string}"},"query-input":{"@type":"PropertyValueSpecification","valueRequired":true,"valueName":"search_term_string"}}],"inLanguage":"en-US"},{"@type":"Organization","@id":"https:\/\/www.padreeustaquio.com.br\/#organization","name":"FATHER EUST\u00c1QUIO","url":"https:\/\/www.padreeustaquio.com.br\/","logo":{"@type":"ImageObject","inLanguage":"en-US","@id":"https:\/\/www.padreeustaquio.com.br\/#\/schema\/logo\/image\/","url":"https:\/\/www.padreeustaquio.com.br\/wp-content\/uploads\/2019\/08\/marca.png","contentUrl":"https:\/\/www.padreeustaquio.com.br\/wp-content\/uploads\/2019\/08\/marca.png","width":350,"height":400,"caption":"Padre Eust\u00e1quio"},"image":{"@id":"https:\/\/www.padreeustaquio.com.br\/#\/schema\/logo\/image\/"},"sameAs":["https:\/\/www.facebook.com\/beatopadreeustaquio\/","https:\/\/x.com\/beatopeustaquio","https:\/\/www.instagram.com\/beatopadreeustaquio\/","https:\/\/www.youtube.com\/channel\/UCRhw7vfabnajwLxb1ZXMeIw"]},{"@type":"Person","@id":"https:\/\/www.padreeustaquio.com.br\/#\/schema\/person\/a2a51db1d00f1a7af0204a0f1ddb1566","name":"@sscc","image":{"@type":"ImageObject","inLanguage":"en-US","@id":"https:\/\/secure.gravatar.com\/avatar\/68cfafa5f44617fea54071e215026e0ff06be366c3d54a8425f04fdcb86f8c5f?s=96&d=mm&r=g","url":"https:\/\/secure.gravatar.com\/avatar\/68cfafa5f44617fea54071e215026e0ff06be366c3d54a8425f04fdcb86f8c5f?s=96&d=mm&r=g","contentUrl":"https:\/\/secure.gravatar.com\/avatar\/68cfafa5f44617fea54071e215026e0ff06be366c3d54a8425f04fdcb86f8c5f?s=96&d=mm&r=g","caption":"@sscc"},"url":"https:\/\/www.padreeustaquio.com.br\/en\/author\/sscc\/"}]}},"_links":{"self":[{"href":"https:\/\/www.padreeustaquio.com.br\/en\/wp-json\/wp\/v2\/posts\/5311","targetHints":{"allow":["GET"]}}],"collection":[{"href":"https:\/\/www.padreeustaquio.com.br\/en\/wp-json\/wp\/v2\/posts"}],"about":[{"href":"https:\/\/www.padreeustaquio.com.br\/en\/wp-json\/wp\/v2\/types\/post"}],"author":[{"embeddable":true,"href":"https:\/\/www.padreeustaquio.com.br\/en\/wp-json\/wp\/v2\/users\/2"}],"replies":[{"embeddable":true,"href":"https:\/\/www.padreeustaquio.com.br\/en\/wp-json\/wp\/v2\/comments?post=5311"}],"version-history":[{"count":0,"href":"https:\/\/www.padreeustaquio.com.br\/en\/wp-json\/wp\/v2\/posts\/5311\/revisions"}],"wp:featuredmedia":[{"embeddable":true,"href":"https:\/\/www.padreeustaquio.com.br\/en\/wp-json\/wp\/v2\/media\/5312"}],"wp:attachment":[{"href":"https:\/\/www.padreeustaquio.com.br\/en\/wp-json\/wp\/v2\/media?parent=5311"}],"wp:term":[{"taxonomy":"category","embeddable":true,"href":"https:\/\/www.padreeustaquio.com.br\/en\/wp-json\/wp\/v2\/categories?post=5311"},{"taxonomy":"post_tag","embeddable":true,"href":"https:\/\/www.padreeustaquio.com.br\/en\/wp-json\/wp\/v2\/tags?post=5311"}],"curies":[{"name":"wp","href":"https:\/\/api.w.org\/{rel}","templated":true}]}}