{"id":5304,"date":"2021-03-21T15:32:16","date_gmt":"2021-03-21T18:32:16","guid":{"rendered":"https:\/\/www.padreeustaquio.com.br\/?p=5304"},"modified":"2021-03-21T15:32:20","modified_gmt":"2021-03-21T18:32:20","slug":"celebratory-script-for-the-5th-sunday-of-lent","status":"publish","type":"post","link":"https:\/\/www.padreeustaquio.com.br\/en\/celebratory-script-for-the-5th-sunday-of-lent\/","title":{"rendered":"Celebratory Itinerary: 5th Sunday of Lent"},"content":{"rendered":"<p>The faith communities of the Archdiocese of Belo Horizonte celebrate, on the day\u00a0<strong>March 21<\/strong>, the\u00a0<strong>5th Sunday of Lent<\/strong>, Therefore, we would like to contribute with your prayers at home, with your family.<\/p>\n\n\n\n<p>For this purpose, we provide the roadmap for\u00a0<strong>Celebrate at home the Sunday of the fallen grain.<\/strong>, produced by Sister Penha Carpanedo, of the Congregation of the Disciples of the Divine Master (Liturgical Apostolate), editor of the Liturgy Magazine and member of the Celebra Network for liturgical animation.<\/p>\n\n\n\n<p>Use this resource to pray alone or with your family, and if you prefer, follow the service online. <a href=\"https:\/\/www.youtube.com\/channel\/UCRhw7vfabnajwLxb1ZXMeIw\">Padre Eust\u00e1quio Channel<\/a>, Masses are streamed on YouTube on Saturdays at 6 PM and on Sundays at 10 AM and 6 PM. During the week we also stream Holy Mass (Monday to Friday) at 7 PM.<\/p>\n\n\n\n<p>To receive the weekly scripts, send a message to the Archdiocesan Secretariat of Liturgy&#039;s WhatsApp: (31) 98634-0614.<\/p>\n\n\n\n<p><strong>The Lenten season guides us towards a profound awakening of our baptismal sense, which will be expressed in the Renewal of Baptismal Promises made during the Easter Vigil celebration, during the Easter Triduum.&nbsp;<\/strong><\/p>\n\n\n\n<p><strong><a href=\"https:\/\/arquidiocesebh.org.br\/wp-content\/uploads\/2021\/03\/impressao-5o-domingo-da-quaresma.pdf\">Celebratory Itinerary: \u2013 5th Sunday of Lent \u2013 Print \u2013 Print<\/a><\/strong><\/p>\n\n\n\n<p><strong><a href=\"https:\/\/arquidiocesebh.org.br\/wp-content\/uploads\/2021\/03\/celular-5o-domingo-da-quaresma.pdf\">Celebratory Itinerary: \u2013 5th Sunday of Lent \u2013 Mobile Phone<\/a><\/strong><\/p>\n\n\n\n<p><\/p>\n\n\n\n<p><strong><em>Source: arquidiocesebh.org.br<\/em><\/strong><\/p>","protected":false},"excerpt":{"rendered":"<p>As comunidades de f\u00e9 da Arquidiocese de Belo Horizonte celebram, no dia\u00a021 de mar\u00e7o, o\u00a05\u00ba Domingo da Quaresma, desta forma, gostar\u00edamos de contribuir com as suas ora\u00e7\u00f5es em casa, com a sua fam\u00edlia. Para isso, disponibilizamos o roteiro para\u00a0celebrar em casa o Domingo do gr\u00e3o ca\u00eddo na terra, produzido pela Irm\u00e3 Penha Carpanedo,\u00a0da Congrega\u00e7\u00e3o Disc\u00edpulas do Divino Mestre (Apostolado lit\u00fargico), redatora da Revista de Liturgia e membro da Rede Celebra de anima\u00e7\u00e3o lit\u00fargica. Utilize este subs\u00eddio para rezar sozinho ou com a fam\u00edlia e, se preferir, acompanhe a celebra\u00e7\u00e3o pelo Canal Padre Eust\u00e1quio, no YouTube. As missas s\u00e3o transmitidas aos [&hellip;]<\/p>\n","protected":false},"author":2,"featured_media":5305,"comment_status":"open","ping_status":"closed","sticky":false,"template":"","format":"standard","meta":{"_acf_changed":false,"footnotes":""},"categories":[611],"tags":[],"class_list":["post-5304","post","type-post","status-publish","format-standard","has-post-thumbnail","hentry","category-noticias"],"acf":[],"yoast_head":"<!-- This site is optimized with the Yoast SEO plugin v27.2 - https:\/\/yoast.com\/product\/yoast-seo-wordpress\/ -->\n<title>Roteiro Celebrativo: 5\u00ba Domingo da Quaresma - Padre Eust\u00e1quio<\/title>\n<meta name=\"robots\" content=\"index, follow, max-snippet:-1, max-image-preview:large, max-video-preview:-1\" \/>\n<link rel=\"canonical\" href=\"https:\/\/www.padreeustaquio.com.br\/en\/celebratory-script-for-the-5th-sunday-of-lent\/\" \/>\n<meta property=\"og:locale\" content=\"en_US\" \/>\n<meta property=\"og:type\" content=\"article\" \/>\n<meta property=\"og:title\" content=\"Roteiro Celebrativo: 5\u00ba Domingo da Quaresma - Padre Eust\u00e1quio\" \/>\n<meta property=\"og:description\" content=\"As comunidades de f\u00e9 da Arquidiocese de Belo Horizonte celebram, no dia\u00a021 de mar\u00e7o, o\u00a05\u00ba Domingo da Quaresma, desta forma, gostar\u00edamos de contribuir com as suas ora\u00e7\u00f5es em casa, com a sua fam\u00edlia. Para isso, disponibilizamos o roteiro para\u00a0celebrar em casa o Domingo do gr\u00e3o ca\u00eddo na terra, produzido pela Irm\u00e3 Penha Carpanedo,\u00a0da Congrega\u00e7\u00e3o Disc\u00edpulas do Divino Mestre (Apostolado lit\u00fargico), redatora da Revista de Liturgia e membro da Rede Celebra de anima\u00e7\u00e3o lit\u00fargica. Utilize este subs\u00eddio para rezar sozinho ou com a fam\u00edlia e, se preferir, acompanhe a celebra\u00e7\u00e3o pelo Canal Padre Eust\u00e1quio, no YouTube. As missas s\u00e3o transmitidas aos [&hellip;]\" \/>\n<meta property=\"og:url\" content=\"https:\/\/www.padreeustaquio.com.br\/en\/celebratory-script-for-the-5th-sunday-of-lent\/\" \/>\n<meta property=\"og:site_name\" content=\"Padre Eust\u00e1quio\" \/>\n<meta property=\"article:publisher\" content=\"https:\/\/www.facebook.com\/beatopadreeustaquio\/\" \/>\n<meta property=\"article:published_time\" content=\"2021-03-21T18:32:16+00:00\" \/>\n<meta property=\"article:modified_time\" content=\"2021-03-21T18:32:20+00:00\" \/>\n<meta property=\"og:image\" content=\"https:\/\/www.padreeustaquio.com.br\/wp-content\/uploads\/2021\/03\/Roteiro-celebrativo-quinto-domingo.jpg\" \/>\n\t<meta property=\"og:image:width\" content=\"748\" \/>\n\t<meta property=\"og:image:height\" content=\"394\" \/>\n\t<meta property=\"og:image:type\" content=\"image\/jpeg\" \/>\n<meta name=\"author\" content=\"@sscc\" \/>\n<meta name=\"twitter:card\" content=\"summary_large_image\" \/>\n<meta name=\"twitter:creator\" content=\"@beatopeustaquio\" \/>\n<meta name=\"twitter:site\" content=\"@beatopeustaquio\" \/>\n<meta name=\"twitter:label1\" content=\"Written by\" \/>\n\t<meta name=\"twitter:data1\" content=\"@sscc\" \/>\n\t<meta name=\"twitter:label2\" content=\"Est. reading time\" \/>\n\t<meta name=\"twitter:data2\" content=\"1 minute\" \/>\n<script type=\"application\/ld+json\" class=\"yoast-schema-graph\">{\"@context\":\"https:\/\/schema.org\",\"@graph\":[{\"@type\":\"Article\",\"@id\":\"https:\/\/www.padreeustaquio.com.br\/roteiro-celebrativo-5o-domingo-da-quaresma\/#article\",\"isPartOf\":{\"@id\":\"https:\/\/www.padreeustaquio.com.br\/roteiro-celebrativo-5o-domingo-da-quaresma\/\"},\"author\":{\"name\":\"@sscc\",\"@id\":\"https:\/\/www.padreeustaquio.com.br\/#\/schema\/person\/a2a51db1d00f1a7af0204a0f1ddb1566\"},\"headline\":\"Roteiro Celebrativo: 5\u00ba Domingo da Quaresma\",\"datePublished\":\"2021-03-21T18:32:16+00:00\",\"dateModified\":\"2021-03-21T18:32:20+00:00\",\"mainEntityOfPage\":{\"@id\":\"https:\/\/www.padreeustaquio.com.br\/roteiro-celebrativo-5o-domingo-da-quaresma\/\"},\"wordCount\":222,\"commentCount\":0,\"publisher\":{\"@id\":\"https:\/\/www.padreeustaquio.com.br\/#organization\"},\"image\":{\"@id\":\"https:\/\/www.padreeustaquio.com.br\/roteiro-celebrativo-5o-domingo-da-quaresma\/#primaryimage\"},\"thumbnailUrl\":\"https:\/\/www.padreeustaquio.com.br\/wp-content\/uploads\/2021\/03\/Roteiro-celebrativo-quinto-domingo.jpg\",\"articleSection\":[\"Not\u00edcias\"],\"inLanguage\":\"en-US\",\"potentialAction\":[{\"@type\":\"CommentAction\",\"name\":\"Comment\",\"target\":[\"https:\/\/www.padreeustaquio.com.br\/roteiro-celebrativo-5o-domingo-da-quaresma\/#respond\"]}]},{\"@type\":\"WebPage\",\"@id\":\"https:\/\/www.padreeustaquio.com.br\/roteiro-celebrativo-5o-domingo-da-quaresma\/\",\"url\":\"https:\/\/www.padreeustaquio.com.br\/roteiro-celebrativo-5o-domingo-da-quaresma\/\",\"name\":\"Roteiro Celebrativo: 5\u00ba Domingo da Quaresma - Padre Eust\u00e1quio\",\"isPartOf\":{\"@id\":\"https:\/\/www.padreeustaquio.com.br\/#website\"},\"primaryImageOfPage\":{\"@id\":\"https:\/\/www.padreeustaquio.com.br\/roteiro-celebrativo-5o-domingo-da-quaresma\/#primaryimage\"},\"image\":{\"@id\":\"https:\/\/www.padreeustaquio.com.br\/roteiro-celebrativo-5o-domingo-da-quaresma\/#primaryimage\"},\"thumbnailUrl\":\"https:\/\/www.padreeustaquio.com.br\/wp-content\/uploads\/2021\/03\/Roteiro-celebrativo-quinto-domingo.jpg\",\"datePublished\":\"2021-03-21T18:32:16+00:00\",\"dateModified\":\"2021-03-21T18:32:20+00:00\",\"breadcrumb\":{\"@id\":\"https:\/\/www.padreeustaquio.com.br\/roteiro-celebrativo-5o-domingo-da-quaresma\/#breadcrumb\"},\"inLanguage\":\"en-US\",\"potentialAction\":[{\"@type\":\"ReadAction\",\"target\":[\"https:\/\/www.padreeustaquio.com.br\/roteiro-celebrativo-5o-domingo-da-quaresma\/\"]}]},{\"@type\":\"ImageObject\",\"inLanguage\":\"en-US\",\"@id\":\"https:\/\/www.padreeustaquio.com.br\/roteiro-celebrativo-5o-domingo-da-quaresma\/#primaryimage\",\"url\":\"https:\/\/www.padreeustaquio.com.br\/wp-content\/uploads\/2021\/03\/Roteiro-celebrativo-quinto-domingo.jpg\",\"contentUrl\":\"https:\/\/www.padreeustaquio.com.br\/wp-content\/uploads\/2021\/03\/Roteiro-celebrativo-quinto-domingo.jpg\",\"width\":748,\"height\":394},{\"@type\":\"BreadcrumbList\",\"@id\":\"https:\/\/www.padreeustaquio.com.br\/roteiro-celebrativo-5o-domingo-da-quaresma\/#breadcrumb\",\"itemListElement\":[{\"@type\":\"ListItem\",\"position\":1,\"name\":\"In\u00edcio\",\"item\":\"https:\/\/www.padreeustaquio.com.br\/\"},{\"@type\":\"ListItem\",\"position\":2,\"name\":\"Roteiro Celebrativo: 5\u00ba Domingo da Quaresma\"}]},{\"@type\":\"WebSite\",\"@id\":\"https:\/\/www.padreeustaquio.com.br\/#website\",\"url\":\"https:\/\/www.padreeustaquio.com.br\/\",\"name\":\"Padre Eust\u00e1quio\",\"description\":\"Sa\u00fade e Paz\",\"publisher\":{\"@id\":\"https:\/\/www.padreeustaquio.com.br\/#organization\"},\"potentialAction\":[{\"@type\":\"SearchAction\",\"target\":{\"@type\":\"EntryPoint\",\"urlTemplate\":\"https:\/\/www.padreeustaquio.com.br\/?s={search_term_string}\"},\"query-input\":{\"@type\":\"PropertyValueSpecification\",\"valueRequired\":true,\"valueName\":\"search_term_string\"}}],\"inLanguage\":\"en-US\"},{\"@type\":\"Organization\",\"@id\":\"https:\/\/www.padreeustaquio.com.br\/#organization\",\"name\":\"Padre Eust\u00e1quio\",\"url\":\"https:\/\/www.padreeustaquio.com.br\/\",\"logo\":{\"@type\":\"ImageObject\",\"inLanguage\":\"en-US\",\"@id\":\"https:\/\/www.padreeustaquio.com.br\/#\/schema\/logo\/image\/\",\"url\":\"https:\/\/www.padreeustaquio.com.br\/wp-content\/uploads\/2019\/08\/marca.png\",\"contentUrl\":\"https:\/\/www.padreeustaquio.com.br\/wp-content\/uploads\/2019\/08\/marca.png\",\"width\":350,\"height\":400,\"caption\":\"Padre Eust\u00e1quio\"},\"image\":{\"@id\":\"https:\/\/www.padreeustaquio.com.br\/#\/schema\/logo\/image\/\"},\"sameAs\":[\"https:\/\/www.facebook.com\/beatopadreeustaquio\/\",\"https:\/\/x.com\/beatopeustaquio\",\"https:\/\/www.instagram.com\/beatopadreeustaquio\/\",\"https:\/\/www.youtube.com\/channel\/UCRhw7vfabnajwLxb1ZXMeIw\"]},{\"@type\":\"Person\",\"@id\":\"https:\/\/www.padreeustaquio.com.br\/#\/schema\/person\/a2a51db1d00f1a7af0204a0f1ddb1566\",\"name\":\"@sscc\",\"image\":{\"@type\":\"ImageObject\",\"inLanguage\":\"en-US\",\"@id\":\"https:\/\/secure.gravatar.com\/avatar\/68cfafa5f44617fea54071e215026e0ff06be366c3d54a8425f04fdcb86f8c5f?s=96&d=mm&r=g\",\"url\":\"https:\/\/secure.gravatar.com\/avatar\/68cfafa5f44617fea54071e215026e0ff06be366c3d54a8425f04fdcb86f8c5f?s=96&d=mm&r=g\",\"contentUrl\":\"https:\/\/secure.gravatar.com\/avatar\/68cfafa5f44617fea54071e215026e0ff06be366c3d54a8425f04fdcb86f8c5f?s=96&d=mm&r=g\",\"caption\":\"@sscc\"},\"url\":\"https:\/\/www.padreeustaquio.com.br\/en\/author\/sscc\/\"}]}<\/script>\n<!-- \/ Yoast SEO plugin. -->","yoast_head_json":{"title":"Celebratory Itinerary: 5th Sunday of Lent - Father Eust\u00e1quio","robots":{"index":"index","follow":"follow","max-snippet":"max-snippet:-1","max-image-preview":"max-image-preview:large","max-video-preview":"max-video-preview:-1"},"canonical":"https:\/\/www.padreeustaquio.com.br\/en\/celebratory-script-for-the-5th-sunday-of-lent\/","og_locale":"en_US","og_type":"article","og_title":"Roteiro Celebrativo: 5\u00ba Domingo da Quaresma - Padre Eust\u00e1quio","og_description":"As comunidades de f\u00e9 da Arquidiocese de Belo Horizonte celebram, no dia\u00a021 de mar\u00e7o, o\u00a05\u00ba Domingo da Quaresma, desta forma, gostar\u00edamos de contribuir com as suas ora\u00e7\u00f5es em casa, com a sua fam\u00edlia. Para isso, disponibilizamos o roteiro para\u00a0celebrar em casa o Domingo do gr\u00e3o ca\u00eddo na terra, produzido pela Irm\u00e3 Penha Carpanedo,\u00a0da Congrega\u00e7\u00e3o Disc\u00edpulas do Divino Mestre (Apostolado lit\u00fargico), redatora da Revista de Liturgia e membro da Rede Celebra de anima\u00e7\u00e3o lit\u00fargica. Utilize este subs\u00eddio para rezar sozinho ou com a fam\u00edlia e, se preferir, acompanhe a celebra\u00e7\u00e3o pelo Canal Padre Eust\u00e1quio, no YouTube. As missas s\u00e3o transmitidas aos [&hellip;]","og_url":"https:\/\/www.padreeustaquio.com.br\/en\/celebratory-script-for-the-5th-sunday-of-lent\/","og_site_name":"Padre Eust\u00e1quio","article_publisher":"https:\/\/www.facebook.com\/beatopadreeustaquio\/","article_published_time":"2021-03-21T18:32:16+00:00","article_modified_time":"2021-03-21T18:32:20+00:00","og_image":[{"width":748,"height":394,"url":"https:\/\/www.padreeustaquio.com.br\/wp-content\/uploads\/2021\/03\/Roteiro-celebrativo-quinto-domingo.jpg","type":"image\/jpeg"}],"author":"@sscc","twitter_card":"summary_large_image","twitter_creator":"@beatopeustaquio","twitter_site":"@beatopeustaquio","twitter_misc":{"Written by":"@sscc","Est. reading time":"1 minute"},"schema":{"@context":"https:\/\/schema.org","@graph":[{"@type":"Article","@id":"https:\/\/www.padreeustaquio.com.br\/roteiro-celebrativo-5o-domingo-da-quaresma\/#article","isPartOf":{"@id":"https:\/\/www.padreeustaquio.com.br\/roteiro-celebrativo-5o-domingo-da-quaresma\/"},"author":{"name":"@sscc","@id":"https:\/\/www.padreeustaquio.com.br\/#\/schema\/person\/a2a51db1d00f1a7af0204a0f1ddb1566"},"headline":"Roteiro Celebrativo: 5\u00ba Domingo da Quaresma","datePublished":"2021-03-21T18:32:16+00:00","dateModified":"2021-03-21T18:32:20+00:00","mainEntityOfPage":{"@id":"https:\/\/www.padreeustaquio.com.br\/roteiro-celebrativo-5o-domingo-da-quaresma\/"},"wordCount":222,"commentCount":0,"publisher":{"@id":"https:\/\/www.padreeustaquio.com.br\/#organization"},"image":{"@id":"https:\/\/www.padreeustaquio.com.br\/roteiro-celebrativo-5o-domingo-da-quaresma\/#primaryimage"},"thumbnailUrl":"https:\/\/www.padreeustaquio.com.br\/wp-content\/uploads\/2021\/03\/Roteiro-celebrativo-quinto-domingo.jpg","articleSection":["Not\u00edcias"],"inLanguage":"en-US","potentialAction":[{"@type":"CommentAction","name":"Comment","target":["https:\/\/www.padreeustaquio.com.br\/roteiro-celebrativo-5o-domingo-da-quaresma\/#respond"]}]},{"@type":"WebPage","@id":"https:\/\/www.padreeustaquio.com.br\/roteiro-celebrativo-5o-domingo-da-quaresma\/","url":"https:\/\/www.padreeustaquio.com.br\/roteiro-celebrativo-5o-domingo-da-quaresma\/","name":"Celebratory Itinerary: 5th Sunday of Lent - Father Eust\u00e1quio","isPartOf":{"@id":"https:\/\/www.padreeustaquio.com.br\/#website"},"primaryImageOfPage":{"@id":"https:\/\/www.padreeustaquio.com.br\/roteiro-celebrativo-5o-domingo-da-quaresma\/#primaryimage"},"image":{"@id":"https:\/\/www.padreeustaquio.com.br\/roteiro-celebrativo-5o-domingo-da-quaresma\/#primaryimage"},"thumbnailUrl":"https:\/\/www.padreeustaquio.com.br\/wp-content\/uploads\/2021\/03\/Roteiro-celebrativo-quinto-domingo.jpg","datePublished":"2021-03-21T18:32:16+00:00","dateModified":"2021-03-21T18:32:20+00:00","breadcrumb":{"@id":"https:\/\/www.padreeustaquio.com.br\/roteiro-celebrativo-5o-domingo-da-quaresma\/#breadcrumb"},"inLanguage":"en-US","potentialAction":[{"@type":"ReadAction","target":["https:\/\/www.padreeustaquio.com.br\/roteiro-celebrativo-5o-domingo-da-quaresma\/"]}]},{"@type":"ImageObject","inLanguage":"en-US","@id":"https:\/\/www.padreeustaquio.com.br\/roteiro-celebrativo-5o-domingo-da-quaresma\/#primaryimage","url":"https:\/\/www.padreeustaquio.com.br\/wp-content\/uploads\/2021\/03\/Roteiro-celebrativo-quinto-domingo.jpg","contentUrl":"https:\/\/www.padreeustaquio.com.br\/wp-content\/uploads\/2021\/03\/Roteiro-celebrativo-quinto-domingo.jpg","width":748,"height":394},{"@type":"BreadcrumbList","@id":"https:\/\/www.padreeustaquio.com.br\/roteiro-celebrativo-5o-domingo-da-quaresma\/#breadcrumb","itemListElement":[{"@type":"ListItem","position":1,"name":"In\u00edcio","item":"https:\/\/www.padreeustaquio.com.br\/"},{"@type":"ListItem","position":2,"name":"Roteiro Celebrativo: 5\u00ba Domingo da Quaresma"}]},{"@type":"WebSite","@id":"https:\/\/www.padreeustaquio.com.br\/#website","url":"https:\/\/www.padreeustaquio.com.br\/","name":"FATHER EUST\u00c1QUIO","description":"Health and Peace","publisher":{"@id":"https:\/\/www.padreeustaquio.com.br\/#organization"},"potentialAction":[{"@type":"SearchAction","target":{"@type":"EntryPoint","urlTemplate":"https:\/\/www.padreeustaquio.com.br\/?s={search_term_string}"},"query-input":{"@type":"PropertyValueSpecification","valueRequired":true,"valueName":"search_term_string"}}],"inLanguage":"en-US"},{"@type":"Organization","@id":"https:\/\/www.padreeustaquio.com.br\/#organization","name":"FATHER EUST\u00c1QUIO","url":"https:\/\/www.padreeustaquio.com.br\/","logo":{"@type":"ImageObject","inLanguage":"en-US","@id":"https:\/\/www.padreeustaquio.com.br\/#\/schema\/logo\/image\/","url":"https:\/\/www.padreeustaquio.com.br\/wp-content\/uploads\/2019\/08\/marca.png","contentUrl":"https:\/\/www.padreeustaquio.com.br\/wp-content\/uploads\/2019\/08\/marca.png","width":350,"height":400,"caption":"Padre Eust\u00e1quio"},"image":{"@id":"https:\/\/www.padreeustaquio.com.br\/#\/schema\/logo\/image\/"},"sameAs":["https:\/\/www.facebook.com\/beatopadreeustaquio\/","https:\/\/x.com\/beatopeustaquio","https:\/\/www.instagram.com\/beatopadreeustaquio\/","https:\/\/www.youtube.com\/channel\/UCRhw7vfabnajwLxb1ZXMeIw"]},{"@type":"Person","@id":"https:\/\/www.padreeustaquio.com.br\/#\/schema\/person\/a2a51db1d00f1a7af0204a0f1ddb1566","name":"@sscc","image":{"@type":"ImageObject","inLanguage":"en-US","@id":"https:\/\/secure.gravatar.com\/avatar\/68cfafa5f44617fea54071e215026e0ff06be366c3d54a8425f04fdcb86f8c5f?s=96&d=mm&r=g","url":"https:\/\/secure.gravatar.com\/avatar\/68cfafa5f44617fea54071e215026e0ff06be366c3d54a8425f04fdcb86f8c5f?s=96&d=mm&r=g","contentUrl":"https:\/\/secure.gravatar.com\/avatar\/68cfafa5f44617fea54071e215026e0ff06be366c3d54a8425f04fdcb86f8c5f?s=96&d=mm&r=g","caption":"@sscc"},"url":"https:\/\/www.padreeustaquio.com.br\/en\/author\/sscc\/"}]}},"_links":{"self":[{"href":"https:\/\/www.padreeustaquio.com.br\/en\/wp-json\/wp\/v2\/posts\/5304","targetHints":{"allow":["GET"]}}],"collection":[{"href":"https:\/\/www.padreeustaquio.com.br\/en\/wp-json\/wp\/v2\/posts"}],"about":[{"href":"https:\/\/www.padreeustaquio.com.br\/en\/wp-json\/wp\/v2\/types\/post"}],"author":[{"embeddable":true,"href":"https:\/\/www.padreeustaquio.com.br\/en\/wp-json\/wp\/v2\/users\/2"}],"replies":[{"embeddable":true,"href":"https:\/\/www.padreeustaquio.com.br\/en\/wp-json\/wp\/v2\/comments?post=5304"}],"version-history":[{"count":0,"href":"https:\/\/www.padreeustaquio.com.br\/en\/wp-json\/wp\/v2\/posts\/5304\/revisions"}],"wp:featuredmedia":[{"embeddable":true,"href":"https:\/\/www.padreeustaquio.com.br\/en\/wp-json\/wp\/v2\/media\/5305"}],"wp:attachment":[{"href":"https:\/\/www.padreeustaquio.com.br\/en\/wp-json\/wp\/v2\/media?parent=5304"}],"wp:term":[{"taxonomy":"category","embeddable":true,"href":"https:\/\/www.padreeustaquio.com.br\/en\/wp-json\/wp\/v2\/categories?post=5304"},{"taxonomy":"post_tag","embeddable":true,"href":"https:\/\/www.padreeustaquio.com.br\/en\/wp-json\/wp\/v2\/tags?post=5304"}],"curies":[{"name":"wp","href":"https:\/\/api.w.org\/{rel}","templated":true}]}}