{"id":5300,"date":"2021-03-19T19:48:33","date_gmt":"2021-03-19T22:48:33","guid":{"rendered":"https:\/\/www.padreeustaquio.com.br\/?p=5300"},"modified":"2021-03-19T19:48:37","modified_gmt":"2021-03-19T22:48:37","slug":"on-saint-josephs-day-learn-a-little-about-father-eustaquios-devotion-to-the-saint","status":"publish","type":"post","link":"https:\/\/www.padreeustaquio.com.br\/en\/on-saint-josephs-day-learn-a-little-about-father-eustaquios-devotion-to-the-saint\/","title":{"rendered":"On Saint Joseph&#039;s Day, learn a little about Father Eust\u00e1quio&#039;s devotion to the saint."},"content":{"rendered":"<p>We are living in the Year of Saint Joseph, instituted in the Church by Pope Francis. And today, March 19th, the day dedicated to the saint, we will talk about the great devotion of Blessed Father Eustace to the husband of Mary.<\/p>\n\n\n\n<p>Whenever he went to visit the sick, the Blessed One would turn to Saint Joseph to bring comfort and faith to those in need. During his visits, the priest always remembered that the saint died in the arms of his adopted son, Jesus, and the Blessed Mother.<\/p>\n\n\n\n<p>Father Eust\u00e1quio&#039;s devotion was so great that, during the laying of the foundation stone for the Health and Peace Sanctuary, he placed the church under the protection of Saint Joseph, intending that the temple would have all the necessary resources for its construction. Read an excerpt from the Dutch priest&#039;s homily on the day of the blessing:<\/p>\n\n\n\n<p><em>\u201cWithout hesitation, as I hear God\u2019s voice again, for the time of need, \u2018ite ad Joseph\u2019 (Go to Joseph), and therefore, now, and not later, we lay the foundation stone and wish to place it under the protection of Saint Joseph. Will there be a lack of lime, a lack of cement? We will go to Saint Joseph, understanding that, from the first stone, the protection of Saint Joseph is pledged here, so that this stone may multiply into as many as are needed to complete the projected time.\u201d<\/em><\/p>\n\n\n\n<p>The blessed man&#039;s devotion to the saint also resulted in the writing of a beautiful prayer. <a href=\"https:\/\/www.padreeustaquio.com.br\/en\/prayer-to-saint-joseph-composed-by-father-eustace\/\">(READ HERE)<\/a> Dedicated to the adoptive father of Jesus, in which Father Eust\u00e1quio highlights the qualities of Saint Joseph and asks for his blessing and protection, so that he may, like him, follow the paths of Jesus and Mary.<\/p>\n\n\n\n<p>\u201cSaint Joseph, Consolation of the afflicted, pray for us!<br>Saint Joseph, Hope of the sick, pray for us!<br>Saint Joseph, Patron of the dying, pray for us!\u201d<\/p>","protected":false},"excerpt":{"rendered":"<p>Estamos vivendo o ano de S\u00e3o Jos\u00e9, institu\u00eddo na igreja pelo Papa Francisco. E hoje, 19 de mar\u00e7o, dia dedicado ao santo, vamos falar sobre a grande devo\u00e7\u00e3o do Beato padre Eust\u00e1quio ao esposo de Maria. Sempre que ia ao encontro dos doentes, o Bem-Aventurado recorria a S\u00e3o Jos\u00e9 para levar conforto e f\u00e9 a quem precisava. Ao realizar as visitas, o padre sempre se lembrava que o santo morreu nos bra\u00e7os de seu filho adotivo, Jesus, e da m\u00e3e sant\u00edssima. A devo\u00e7\u00e3o de Padre Eust\u00e1quio era t\u00e3o grande, que durante o lan\u00e7amento da pedra fundamental do Santu\u00e1rio Sa\u00fade e [&hellip;]<\/p>\n","protected":false},"author":2,"featured_media":5301,"comment_status":"open","ping_status":"closed","sticky":false,"template":"","format":"standard","meta":{"_acf_changed":false,"footnotes":""},"categories":[611],"tags":[],"class_list":["post-5300","post","type-post","status-publish","format-standard","has-post-thumbnail","hentry","category-noticias"],"acf":[],"yoast_head":"<!-- This site is optimized with the Yoast SEO plugin v27.2 - https:\/\/yoast.com\/product\/yoast-seo-wordpress\/ -->\n<title>No dia de S\u00e3o Jos\u00e9, conhe\u00e7a um pouco da devo\u00e7\u00e3o de Padre Eust\u00e1quio ao santo - Padre Eust\u00e1quio<\/title>\n<meta name=\"robots\" content=\"index, follow, max-snippet:-1, max-image-preview:large, max-video-preview:-1\" \/>\n<link rel=\"canonical\" href=\"https:\/\/www.padreeustaquio.com.br\/en\/on-saint-josephs-day-learn-a-little-about-father-eustaquios-devotion-to-the-saint\/\" \/>\n<meta property=\"og:locale\" content=\"en_US\" \/>\n<meta property=\"og:type\" content=\"article\" \/>\n<meta property=\"og:title\" content=\"No dia de S\u00e3o Jos\u00e9, conhe\u00e7a um pouco da devo\u00e7\u00e3o de Padre Eust\u00e1quio ao santo - Padre Eust\u00e1quio\" \/>\n<meta property=\"og:description\" content=\"Estamos vivendo o ano de S\u00e3o Jos\u00e9, institu\u00eddo na igreja pelo Papa Francisco. E hoje, 19 de mar\u00e7o, dia dedicado ao santo, vamos falar sobre a grande devo\u00e7\u00e3o do Beato padre Eust\u00e1quio ao esposo de Maria. Sempre que ia ao encontro dos doentes, o Bem-Aventurado recorria a S\u00e3o Jos\u00e9 para levar conforto e f\u00e9 a quem precisava. Ao realizar as visitas, o padre sempre se lembrava que o santo morreu nos bra\u00e7os de seu filho adotivo, Jesus, e da m\u00e3e sant\u00edssima. A devo\u00e7\u00e3o de Padre Eust\u00e1quio era t\u00e3o grande, que durante o lan\u00e7amento da pedra fundamental do Santu\u00e1rio Sa\u00fade e [&hellip;]\" \/>\n<meta property=\"og:url\" content=\"https:\/\/www.padreeustaquio.com.br\/en\/on-saint-josephs-day-learn-a-little-about-father-eustaquios-devotion-to-the-saint\/\" \/>\n<meta property=\"og:site_name\" content=\"Padre Eust\u00e1quio\" \/>\n<meta property=\"article:publisher\" content=\"https:\/\/www.facebook.com\/beatopadreeustaquio\/\" \/>\n<meta property=\"article:published_time\" content=\"2021-03-19T22:48:33+00:00\" \/>\n<meta property=\"article:modified_time\" content=\"2021-03-19T22:48:37+00:00\" \/>\n<meta property=\"og:image\" content=\"https:\/\/www.padreeustaquio.com.br\/wp-content\/uploads\/2021\/03\/Capela-Sao-Jose-e1616194036178.jpeg\" \/>\n\t<meta property=\"og:image:width\" content=\"1280\" \/>\n\t<meta property=\"og:image:height\" content=\"633\" \/>\n\t<meta property=\"og:image:type\" content=\"image\/jpeg\" \/>\n<meta name=\"author\" content=\"@sscc\" \/>\n<meta name=\"twitter:card\" content=\"summary_large_image\" \/>\n<meta name=\"twitter:creator\" content=\"@beatopeustaquio\" \/>\n<meta name=\"twitter:site\" content=\"@beatopeustaquio\" \/>\n<meta name=\"twitter:label1\" content=\"Written by\" \/>\n\t<meta name=\"twitter:data1\" content=\"@sscc\" \/>\n\t<meta name=\"twitter:label2\" content=\"Est. reading time\" \/>\n\t<meta name=\"twitter:data2\" content=\"2 minutes\" \/>\n<script type=\"application\/ld+json\" class=\"yoast-schema-graph\">{\"@context\":\"https:\/\/schema.org\",\"@graph\":[{\"@type\":\"Article\",\"@id\":\"https:\/\/www.padreeustaquio.com.br\/no-dia-de-sao-jose-conheca-um-pouco-da-devocao-de-padre-eustaquio-ao-santo\/#article\",\"isPartOf\":{\"@id\":\"https:\/\/www.padreeustaquio.com.br\/no-dia-de-sao-jose-conheca-um-pouco-da-devocao-de-padre-eustaquio-ao-santo\/\"},\"author\":{\"name\":\"@sscc\",\"@id\":\"https:\/\/www.padreeustaquio.com.br\/#\/schema\/person\/a2a51db1d00f1a7af0204a0f1ddb1566\"},\"headline\":\"No dia de S\u00e3o Jos\u00e9, conhe\u00e7a um pouco da devo\u00e7\u00e3o de Padre Eust\u00e1quio ao santo\",\"datePublished\":\"2021-03-19T22:48:33+00:00\",\"dateModified\":\"2021-03-19T22:48:37+00:00\",\"mainEntityOfPage\":{\"@id\":\"https:\/\/www.padreeustaquio.com.br\/no-dia-de-sao-jose-conheca-um-pouco-da-devocao-de-padre-eustaquio-ao-santo\/\"},\"wordCount\":353,\"commentCount\":0,\"publisher\":{\"@id\":\"https:\/\/www.padreeustaquio.com.br\/#organization\"},\"image\":{\"@id\":\"https:\/\/www.padreeustaquio.com.br\/no-dia-de-sao-jose-conheca-um-pouco-da-devocao-de-padre-eustaquio-ao-santo\/#primaryimage\"},\"thumbnailUrl\":\"https:\/\/www.padreeustaquio.com.br\/wp-content\/uploads\/2021\/03\/Capela-Sao-Jose-e1616194036178.jpeg\",\"articleSection\":[\"Not\u00edcias\"],\"inLanguage\":\"en-US\",\"potentialAction\":[{\"@type\":\"CommentAction\",\"name\":\"Comment\",\"target\":[\"https:\/\/www.padreeustaquio.com.br\/no-dia-de-sao-jose-conheca-um-pouco-da-devocao-de-padre-eustaquio-ao-santo\/#respond\"]}]},{\"@type\":\"WebPage\",\"@id\":\"https:\/\/www.padreeustaquio.com.br\/no-dia-de-sao-jose-conheca-um-pouco-da-devocao-de-padre-eustaquio-ao-santo\/\",\"url\":\"https:\/\/www.padreeustaquio.com.br\/no-dia-de-sao-jose-conheca-um-pouco-da-devocao-de-padre-eustaquio-ao-santo\/\",\"name\":\"No dia de S\u00e3o Jos\u00e9, conhe\u00e7a um pouco da devo\u00e7\u00e3o de Padre Eust\u00e1quio ao santo - Padre Eust\u00e1quio\",\"isPartOf\":{\"@id\":\"https:\/\/www.padreeustaquio.com.br\/#website\"},\"primaryImageOfPage\":{\"@id\":\"https:\/\/www.padreeustaquio.com.br\/no-dia-de-sao-jose-conheca-um-pouco-da-devocao-de-padre-eustaquio-ao-santo\/#primaryimage\"},\"image\":{\"@id\":\"https:\/\/www.padreeustaquio.com.br\/no-dia-de-sao-jose-conheca-um-pouco-da-devocao-de-padre-eustaquio-ao-santo\/#primaryimage\"},\"thumbnailUrl\":\"https:\/\/www.padreeustaquio.com.br\/wp-content\/uploads\/2021\/03\/Capela-Sao-Jose-e1616194036178.jpeg\",\"datePublished\":\"2021-03-19T22:48:33+00:00\",\"dateModified\":\"2021-03-19T22:48:37+00:00\",\"breadcrumb\":{\"@id\":\"https:\/\/www.padreeustaquio.com.br\/no-dia-de-sao-jose-conheca-um-pouco-da-devocao-de-padre-eustaquio-ao-santo\/#breadcrumb\"},\"inLanguage\":\"en-US\",\"potentialAction\":[{\"@type\":\"ReadAction\",\"target\":[\"https:\/\/www.padreeustaquio.com.br\/no-dia-de-sao-jose-conheca-um-pouco-da-devocao-de-padre-eustaquio-ao-santo\/\"]}]},{\"@type\":\"ImageObject\",\"inLanguage\":\"en-US\",\"@id\":\"https:\/\/www.padreeustaquio.com.br\/no-dia-de-sao-jose-conheca-um-pouco-da-devocao-de-padre-eustaquio-ao-santo\/#primaryimage\",\"url\":\"https:\/\/www.padreeustaquio.com.br\/wp-content\/uploads\/2021\/03\/Capela-Sao-Jose-e1616194036178.jpeg\",\"contentUrl\":\"https:\/\/www.padreeustaquio.com.br\/wp-content\/uploads\/2021\/03\/Capela-Sao-Jose-e1616194036178.jpeg\",\"width\":1280,\"height\":633},{\"@type\":\"BreadcrumbList\",\"@id\":\"https:\/\/www.padreeustaquio.com.br\/no-dia-de-sao-jose-conheca-um-pouco-da-devocao-de-padre-eustaquio-ao-santo\/#breadcrumb\",\"itemListElement\":[{\"@type\":\"ListItem\",\"position\":1,\"name\":\"In\u00edcio\",\"item\":\"https:\/\/www.padreeustaquio.com.br\/\"},{\"@type\":\"ListItem\",\"position\":2,\"name\":\"No dia de S\u00e3o Jos\u00e9, conhe\u00e7a um pouco da devo\u00e7\u00e3o de Padre Eust\u00e1quio ao santo\"}]},{\"@type\":\"WebSite\",\"@id\":\"https:\/\/www.padreeustaquio.com.br\/#website\",\"url\":\"https:\/\/www.padreeustaquio.com.br\/\",\"name\":\"Padre Eust\u00e1quio\",\"description\":\"Sa\u00fade e Paz\",\"publisher\":{\"@id\":\"https:\/\/www.padreeustaquio.com.br\/#organization\"},\"potentialAction\":[{\"@type\":\"SearchAction\",\"target\":{\"@type\":\"EntryPoint\",\"urlTemplate\":\"https:\/\/www.padreeustaquio.com.br\/?s={search_term_string}\"},\"query-input\":{\"@type\":\"PropertyValueSpecification\",\"valueRequired\":true,\"valueName\":\"search_term_string\"}}],\"inLanguage\":\"en-US\"},{\"@type\":\"Organization\",\"@id\":\"https:\/\/www.padreeustaquio.com.br\/#organization\",\"name\":\"Padre Eust\u00e1quio\",\"url\":\"https:\/\/www.padreeustaquio.com.br\/\",\"logo\":{\"@type\":\"ImageObject\",\"inLanguage\":\"en-US\",\"@id\":\"https:\/\/www.padreeustaquio.com.br\/#\/schema\/logo\/image\/\",\"url\":\"https:\/\/www.padreeustaquio.com.br\/wp-content\/uploads\/2019\/08\/marca.png\",\"contentUrl\":\"https:\/\/www.padreeustaquio.com.br\/wp-content\/uploads\/2019\/08\/marca.png\",\"width\":350,\"height\":400,\"caption\":\"Padre Eust\u00e1quio\"},\"image\":{\"@id\":\"https:\/\/www.padreeustaquio.com.br\/#\/schema\/logo\/image\/\"},\"sameAs\":[\"https:\/\/www.facebook.com\/beatopadreeustaquio\/\",\"https:\/\/x.com\/beatopeustaquio\",\"https:\/\/www.instagram.com\/beatopadreeustaquio\/\",\"https:\/\/www.youtube.com\/channel\/UCRhw7vfabnajwLxb1ZXMeIw\"]},{\"@type\":\"Person\",\"@id\":\"https:\/\/www.padreeustaquio.com.br\/#\/schema\/person\/a2a51db1d00f1a7af0204a0f1ddb1566\",\"name\":\"@sscc\",\"image\":{\"@type\":\"ImageObject\",\"inLanguage\":\"en-US\",\"@id\":\"https:\/\/secure.gravatar.com\/avatar\/68cfafa5f44617fea54071e215026e0ff06be366c3d54a8425f04fdcb86f8c5f?s=96&d=mm&r=g\",\"url\":\"https:\/\/secure.gravatar.com\/avatar\/68cfafa5f44617fea54071e215026e0ff06be366c3d54a8425f04fdcb86f8c5f?s=96&d=mm&r=g\",\"contentUrl\":\"https:\/\/secure.gravatar.com\/avatar\/68cfafa5f44617fea54071e215026e0ff06be366c3d54a8425f04fdcb86f8c5f?s=96&d=mm&r=g\",\"caption\":\"@sscc\"},\"url\":\"https:\/\/www.padreeustaquio.com.br\/en\/author\/sscc\/\"}]}<\/script>\n<!-- \/ Yoast SEO plugin. -->","yoast_head_json":{"title":"On Saint Joseph&#039;s Day, learn a little about Father Eust\u00e1quio&#039;s devotion to the saint - Father Eust\u00e1quio","robots":{"index":"index","follow":"follow","max-snippet":"max-snippet:-1","max-image-preview":"max-image-preview:large","max-video-preview":"max-video-preview:-1"},"canonical":"https:\/\/www.padreeustaquio.com.br\/en\/on-saint-josephs-day-learn-a-little-about-father-eustaquios-devotion-to-the-saint\/","og_locale":"en_US","og_type":"article","og_title":"No dia de S\u00e3o Jos\u00e9, conhe\u00e7a um pouco da devo\u00e7\u00e3o de Padre Eust\u00e1quio ao santo - Padre Eust\u00e1quio","og_description":"Estamos vivendo o ano de S\u00e3o Jos\u00e9, institu\u00eddo na igreja pelo Papa Francisco. E hoje, 19 de mar\u00e7o, dia dedicado ao santo, vamos falar sobre a grande devo\u00e7\u00e3o do Beato padre Eust\u00e1quio ao esposo de Maria. Sempre que ia ao encontro dos doentes, o Bem-Aventurado recorria a S\u00e3o Jos\u00e9 para levar conforto e f\u00e9 a quem precisava. Ao realizar as visitas, o padre sempre se lembrava que o santo morreu nos bra\u00e7os de seu filho adotivo, Jesus, e da m\u00e3e sant\u00edssima. A devo\u00e7\u00e3o de Padre Eust\u00e1quio era t\u00e3o grande, que durante o lan\u00e7amento da pedra fundamental do Santu\u00e1rio Sa\u00fade e [&hellip;]","og_url":"https:\/\/www.padreeustaquio.com.br\/en\/on-saint-josephs-day-learn-a-little-about-father-eustaquios-devotion-to-the-saint\/","og_site_name":"Padre Eust\u00e1quio","article_publisher":"https:\/\/www.facebook.com\/beatopadreeustaquio\/","article_published_time":"2021-03-19T22:48:33+00:00","article_modified_time":"2021-03-19T22:48:37+00:00","og_image":[{"width":1280,"height":633,"url":"https:\/\/www.padreeustaquio.com.br\/wp-content\/uploads\/2021\/03\/Capela-Sao-Jose-e1616194036178.jpeg","type":"image\/jpeg"}],"author":"@sscc","twitter_card":"summary_large_image","twitter_creator":"@beatopeustaquio","twitter_site":"@beatopeustaquio","twitter_misc":{"Written by":"@sscc","Est. reading time":"2 minutes"},"schema":{"@context":"https:\/\/schema.org","@graph":[{"@type":"Article","@id":"https:\/\/www.padreeustaquio.com.br\/no-dia-de-sao-jose-conheca-um-pouco-da-devocao-de-padre-eustaquio-ao-santo\/#article","isPartOf":{"@id":"https:\/\/www.padreeustaquio.com.br\/no-dia-de-sao-jose-conheca-um-pouco-da-devocao-de-padre-eustaquio-ao-santo\/"},"author":{"name":"@sscc","@id":"https:\/\/www.padreeustaquio.com.br\/#\/schema\/person\/a2a51db1d00f1a7af0204a0f1ddb1566"},"headline":"No dia de S\u00e3o Jos\u00e9, conhe\u00e7a um pouco da devo\u00e7\u00e3o de Padre Eust\u00e1quio ao santo","datePublished":"2021-03-19T22:48:33+00:00","dateModified":"2021-03-19T22:48:37+00:00","mainEntityOfPage":{"@id":"https:\/\/www.padreeustaquio.com.br\/no-dia-de-sao-jose-conheca-um-pouco-da-devocao-de-padre-eustaquio-ao-santo\/"},"wordCount":353,"commentCount":0,"publisher":{"@id":"https:\/\/www.padreeustaquio.com.br\/#organization"},"image":{"@id":"https:\/\/www.padreeustaquio.com.br\/no-dia-de-sao-jose-conheca-um-pouco-da-devocao-de-padre-eustaquio-ao-santo\/#primaryimage"},"thumbnailUrl":"https:\/\/www.padreeustaquio.com.br\/wp-content\/uploads\/2021\/03\/Capela-Sao-Jose-e1616194036178.jpeg","articleSection":["Not\u00edcias"],"inLanguage":"en-US","potentialAction":[{"@type":"CommentAction","name":"Comment","target":["https:\/\/www.padreeustaquio.com.br\/no-dia-de-sao-jose-conheca-um-pouco-da-devocao-de-padre-eustaquio-ao-santo\/#respond"]}]},{"@type":"WebPage","@id":"https:\/\/www.padreeustaquio.com.br\/no-dia-de-sao-jose-conheca-um-pouco-da-devocao-de-padre-eustaquio-ao-santo\/","url":"https:\/\/www.padreeustaquio.com.br\/no-dia-de-sao-jose-conheca-um-pouco-da-devocao-de-padre-eustaquio-ao-santo\/","name":"On Saint Joseph&#039;s Day, learn a little about Father Eust\u00e1quio&#039;s devotion to the saint - Father Eust\u00e1quio","isPartOf":{"@id":"https:\/\/www.padreeustaquio.com.br\/#website"},"primaryImageOfPage":{"@id":"https:\/\/www.padreeustaquio.com.br\/no-dia-de-sao-jose-conheca-um-pouco-da-devocao-de-padre-eustaquio-ao-santo\/#primaryimage"},"image":{"@id":"https:\/\/www.padreeustaquio.com.br\/no-dia-de-sao-jose-conheca-um-pouco-da-devocao-de-padre-eustaquio-ao-santo\/#primaryimage"},"thumbnailUrl":"https:\/\/www.padreeustaquio.com.br\/wp-content\/uploads\/2021\/03\/Capela-Sao-Jose-e1616194036178.jpeg","datePublished":"2021-03-19T22:48:33+00:00","dateModified":"2021-03-19T22:48:37+00:00","breadcrumb":{"@id":"https:\/\/www.padreeustaquio.com.br\/no-dia-de-sao-jose-conheca-um-pouco-da-devocao-de-padre-eustaquio-ao-santo\/#breadcrumb"},"inLanguage":"en-US","potentialAction":[{"@type":"ReadAction","target":["https:\/\/www.padreeustaquio.com.br\/no-dia-de-sao-jose-conheca-um-pouco-da-devocao-de-padre-eustaquio-ao-santo\/"]}]},{"@type":"ImageObject","inLanguage":"en-US","@id":"https:\/\/www.padreeustaquio.com.br\/no-dia-de-sao-jose-conheca-um-pouco-da-devocao-de-padre-eustaquio-ao-santo\/#primaryimage","url":"https:\/\/www.padreeustaquio.com.br\/wp-content\/uploads\/2021\/03\/Capela-Sao-Jose-e1616194036178.jpeg","contentUrl":"https:\/\/www.padreeustaquio.com.br\/wp-content\/uploads\/2021\/03\/Capela-Sao-Jose-e1616194036178.jpeg","width":1280,"height":633},{"@type":"BreadcrumbList","@id":"https:\/\/www.padreeustaquio.com.br\/no-dia-de-sao-jose-conheca-um-pouco-da-devocao-de-padre-eustaquio-ao-santo\/#breadcrumb","itemListElement":[{"@type":"ListItem","position":1,"name":"In\u00edcio","item":"https:\/\/www.padreeustaquio.com.br\/"},{"@type":"ListItem","position":2,"name":"No dia de S\u00e3o Jos\u00e9, conhe\u00e7a um pouco da devo\u00e7\u00e3o de Padre Eust\u00e1quio ao santo"}]},{"@type":"WebSite","@id":"https:\/\/www.padreeustaquio.com.br\/#website","url":"https:\/\/www.padreeustaquio.com.br\/","name":"FATHER EUST\u00c1QUIO","description":"Health and Peace","publisher":{"@id":"https:\/\/www.padreeustaquio.com.br\/#organization"},"potentialAction":[{"@type":"SearchAction","target":{"@type":"EntryPoint","urlTemplate":"https:\/\/www.padreeustaquio.com.br\/?s={search_term_string}"},"query-input":{"@type":"PropertyValueSpecification","valueRequired":true,"valueName":"search_term_string"}}],"inLanguage":"en-US"},{"@type":"Organization","@id":"https:\/\/www.padreeustaquio.com.br\/#organization","name":"FATHER EUST\u00c1QUIO","url":"https:\/\/www.padreeustaquio.com.br\/","logo":{"@type":"ImageObject","inLanguage":"en-US","@id":"https:\/\/www.padreeustaquio.com.br\/#\/schema\/logo\/image\/","url":"https:\/\/www.padreeustaquio.com.br\/wp-content\/uploads\/2019\/08\/marca.png","contentUrl":"https:\/\/www.padreeustaquio.com.br\/wp-content\/uploads\/2019\/08\/marca.png","width":350,"height":400,"caption":"Padre Eust\u00e1quio"},"image":{"@id":"https:\/\/www.padreeustaquio.com.br\/#\/schema\/logo\/image\/"},"sameAs":["https:\/\/www.facebook.com\/beatopadreeustaquio\/","https:\/\/x.com\/beatopeustaquio","https:\/\/www.instagram.com\/beatopadreeustaquio\/","https:\/\/www.youtube.com\/channel\/UCRhw7vfabnajwLxb1ZXMeIw"]},{"@type":"Person","@id":"https:\/\/www.padreeustaquio.com.br\/#\/schema\/person\/a2a51db1d00f1a7af0204a0f1ddb1566","name":"@sscc","image":{"@type":"ImageObject","inLanguage":"en-US","@id":"https:\/\/secure.gravatar.com\/avatar\/68cfafa5f44617fea54071e215026e0ff06be366c3d54a8425f04fdcb86f8c5f?s=96&d=mm&r=g","url":"https:\/\/secure.gravatar.com\/avatar\/68cfafa5f44617fea54071e215026e0ff06be366c3d54a8425f04fdcb86f8c5f?s=96&d=mm&r=g","contentUrl":"https:\/\/secure.gravatar.com\/avatar\/68cfafa5f44617fea54071e215026e0ff06be366c3d54a8425f04fdcb86f8c5f?s=96&d=mm&r=g","caption":"@sscc"},"url":"https:\/\/www.padreeustaquio.com.br\/en\/author\/sscc\/"}]}},"_links":{"self":[{"href":"https:\/\/www.padreeustaquio.com.br\/en\/wp-json\/wp\/v2\/posts\/5300","targetHints":{"allow":["GET"]}}],"collection":[{"href":"https:\/\/www.padreeustaquio.com.br\/en\/wp-json\/wp\/v2\/posts"}],"about":[{"href":"https:\/\/www.padreeustaquio.com.br\/en\/wp-json\/wp\/v2\/types\/post"}],"author":[{"embeddable":true,"href":"https:\/\/www.padreeustaquio.com.br\/en\/wp-json\/wp\/v2\/users\/2"}],"replies":[{"embeddable":true,"href":"https:\/\/www.padreeustaquio.com.br\/en\/wp-json\/wp\/v2\/comments?post=5300"}],"version-history":[{"count":0,"href":"https:\/\/www.padreeustaquio.com.br\/en\/wp-json\/wp\/v2\/posts\/5300\/revisions"}],"wp:featuredmedia":[{"embeddable":true,"href":"https:\/\/www.padreeustaquio.com.br\/en\/wp-json\/wp\/v2\/media\/5301"}],"wp:attachment":[{"href":"https:\/\/www.padreeustaquio.com.br\/en\/wp-json\/wp\/v2\/media?parent=5300"}],"wp:term":[{"taxonomy":"category","embeddable":true,"href":"https:\/\/www.padreeustaquio.com.br\/en\/wp-json\/wp\/v2\/categories?post=5300"},{"taxonomy":"post_tag","embeddable":true,"href":"https:\/\/www.padreeustaquio.com.br\/en\/wp-json\/wp\/v2\/tags?post=5300"}],"curies":[{"name":"wp","href":"https:\/\/api.w.org\/{rel}","templated":true}]}}