{"id":5278,"date":"2021-03-16T23:14:54","date_gmt":"2021-03-17T02:14:54","guid":{"rendered":"https:\/\/www.padreeustaquio.com.br\/?p=5278"},"modified":"2021-03-16T23:14:59","modified_gmt":"2021-03-17T02:14:59","slug":"the-archdiocese-and-city-hall-of-belo-horizonte-suspend-in-person-masses","status":"publish","type":"post","link":"https:\/\/www.padreeustaquio.com.br\/en\/the-archdiocese-and-city-hall-of-belo-horizonte-suspend-in-person-masses\/","title":{"rendered":"The Archdiocese and City Hall of Belo Horizonte suspend in-person masses."},"content":{"rendered":"<p>Brazil is experiencing its worst moment since the beginning of the Coronavirus pandemic. With more than two thousand deaths per day, the country has surpassed 280,000 fatalities. There are more than 11.5 million confirmed cases in one year of the disease&#039;s spread.<\/p>\n\n\n\n<p>Faced with so many cases, the Brazilian healthcare system is entering a crisis. In many cities, there are no longer any available beds in hospital wards and ICUs, worsening the situation for the population.<\/p>\n\n\n\n<p>Because of this frightening reality, the Archdiocese of Belo Horizonte released a statement on Friday, March 12th, tightening preventive measures within churches, especially those located in the capital of Minas Gerais.<\/p>\n\n\n\n<p>One of the main measures is the suspension of religious celebrations with the presence of worshippers, which will now be held exclusively online.<\/p>\n\n\n\n<p>The mayor of Belo Horizonte, Alexandre Kalil, also published a decree tightening security measures to prevent the spread of the disease. Among the new rules from the executive branch is precisely the prohibition of religious services open to the public.<\/p>\n\n\n\n<p>The Health and Peace Sanctuary, Father Eust\u00e1quio&#039;s church, complies with the archdiocese and municipal regulations; therefore, masses will only be held online. However, the Sanctuary will remain open for visits by the faithful, as will the Memorial of Blessed Father Eust\u00e1quio and the votive candle area.<\/p>\n\n\n\n<p>It is important that, when going to church, all precautions against the Coronavirus are observed. Visitors must wear a mask at all times while in the church, sanitize their hands with hand sanitizer, and walk across the sanitizing mat. Anyone with symptoms of the disease should not go to church.<\/p>\n\n\n\n<p>It is also worth remembering that people in the at-risk group should stay home. The celebrations can be followed on the Padre Eust\u00e1quio Channel on YouTube. From Monday to Friday, at 7 pm; on Saturdays, at 6 pm and on Sundays at two times: 10 am and 6 pm.<\/p>","protected":false},"excerpt":{"rendered":"<p>O Brasil est\u00e1 passando pelo pior momento desde o in\u00edcio da pandemia provocada pelo Coronav\u00edrus. Com mais de duas mil mortes por dia, o pa\u00eds passa de 280 mil v\u00edtimas fatais. S\u00e3o mais de 11,5 milh\u00f5es de casos confirmados em um ano de dissemina\u00e7\u00e3o da doen\u00e7a. Diante de tantos casos, o sistema de sa\u00fade brasileiro est\u00e1 entrando em crise. Em muitas cidades, j\u00e1 n\u00e3o h\u00e1 vagas nas enfermarias e UTIs dos hospitais, piorando a situa\u00e7\u00e3o da popula\u00e7\u00e3o. Por causa desta realidade t\u00e3o assustadora, a Arquidiocese de Belo Horizonte divulgou na sexta-feira, 12 de mar\u00e7o, um comunicado endurecendo as medidas preventivas [&hellip;]<\/p>\n","protected":false},"author":2,"featured_media":5279,"comment_status":"open","ping_status":"closed","sticky":false,"template":"","format":"standard","meta":{"_acf_changed":false,"footnotes":""},"categories":[611],"tags":[],"class_list":["post-5278","post","type-post","status-publish","format-standard","has-post-thumbnail","hentry","category-noticias"],"acf":[],"yoast_head":"<!-- This site is optimized with the Yoast SEO plugin v27.2 - https:\/\/yoast.com\/product\/yoast-seo-wordpress\/ -->\n<title>Arquidiocese e Prefeitura de Belo Horizonte suspendem missas presenciais - Padre Eust\u00e1quio<\/title>\n<meta name=\"robots\" content=\"index, follow, max-snippet:-1, max-image-preview:large, max-video-preview:-1\" \/>\n<link rel=\"canonical\" href=\"https:\/\/www.padreeustaquio.com.br\/en\/the-archdiocese-and-city-hall-of-belo-horizonte-suspend-in-person-masses\/\" \/>\n<meta property=\"og:locale\" content=\"en_US\" \/>\n<meta property=\"og:type\" content=\"article\" \/>\n<meta property=\"og:title\" content=\"Arquidiocese e Prefeitura de Belo Horizonte suspendem missas presenciais - Padre Eust\u00e1quio\" \/>\n<meta property=\"og:description\" content=\"O Brasil est\u00e1 passando pelo pior momento desde o in\u00edcio da pandemia provocada pelo Coronav\u00edrus. Com mais de duas mil mortes por dia, o pa\u00eds passa de 280 mil v\u00edtimas fatais. S\u00e3o mais de 11,5 milh\u00f5es de casos confirmados em um ano de dissemina\u00e7\u00e3o da doen\u00e7a. Diante de tantos casos, o sistema de sa\u00fade brasileiro est\u00e1 entrando em crise. Em muitas cidades, j\u00e1 n\u00e3o h\u00e1 vagas nas enfermarias e UTIs dos hospitais, piorando a situa\u00e7\u00e3o da popula\u00e7\u00e3o. Por causa desta realidade t\u00e3o assustadora, a Arquidiocese de Belo Horizonte divulgou na sexta-feira, 12 de mar\u00e7o, um comunicado endurecendo as medidas preventivas [&hellip;]\" \/>\n<meta property=\"og:url\" content=\"https:\/\/www.padreeustaquio.com.br\/en\/the-archdiocese-and-city-hall-of-belo-horizonte-suspend-in-person-masses\/\" \/>\n<meta property=\"og:site_name\" content=\"Padre Eust\u00e1quio\" \/>\n<meta property=\"article:publisher\" content=\"https:\/\/www.facebook.com\/beatopadreeustaquio\/\" \/>\n<meta property=\"article:published_time\" content=\"2021-03-17T02:14:54+00:00\" \/>\n<meta property=\"article:modified_time\" content=\"2021-03-17T02:14:59+00:00\" \/>\n<meta property=\"og:image\" content=\"https:\/\/www.padreeustaquio.com.br\/wp-content\/uploads\/2021\/03\/Suspende-missas-2-e1615947080202.jpeg\" \/>\n\t<meta property=\"og:image:width\" content=\"1209\" \/>\n\t<meta property=\"og:image:height\" content=\"633\" \/>\n\t<meta property=\"og:image:type\" content=\"image\/jpeg\" \/>\n<meta name=\"author\" content=\"@sscc\" \/>\n<meta name=\"twitter:card\" content=\"summary_large_image\" \/>\n<meta name=\"twitter:creator\" content=\"@beatopeustaquio\" \/>\n<meta name=\"twitter:site\" content=\"@beatopeustaquio\" \/>\n<meta name=\"twitter:label1\" content=\"Written by\" \/>\n\t<meta name=\"twitter:data1\" content=\"@sscc\" \/>\n\t<meta name=\"twitter:label2\" content=\"Est. reading time\" \/>\n\t<meta name=\"twitter:data2\" content=\"2 minutes\" \/>\n<script type=\"application\/ld+json\" class=\"yoast-schema-graph\">{\"@context\":\"https:\/\/schema.org\",\"@graph\":[{\"@type\":\"Article\",\"@id\":\"https:\/\/www.padreeustaquio.com.br\/arquidiocese-e-prefeitura-de-belo-horizonte-suspendem-missas-presenciais\/#article\",\"isPartOf\":{\"@id\":\"https:\/\/www.padreeustaquio.com.br\/arquidiocese-e-prefeitura-de-belo-horizonte-suspendem-missas-presenciais\/\"},\"author\":{\"name\":\"@sscc\",\"@id\":\"https:\/\/www.padreeustaquio.com.br\/#\/schema\/person\/a2a51db1d00f1a7af0204a0f1ddb1566\"},\"headline\":\"Arquidiocese e Prefeitura de Belo Horizonte suspendem missas presenciais\",\"datePublished\":\"2021-03-17T02:14:54+00:00\",\"dateModified\":\"2021-03-17T02:14:59+00:00\",\"mainEntityOfPage\":{\"@id\":\"https:\/\/www.padreeustaquio.com.br\/arquidiocese-e-prefeitura-de-belo-horizonte-suspendem-missas-presenciais\/\"},\"wordCount\":365,\"commentCount\":0,\"publisher\":{\"@id\":\"https:\/\/www.padreeustaquio.com.br\/#organization\"},\"image\":{\"@id\":\"https:\/\/www.padreeustaquio.com.br\/arquidiocese-e-prefeitura-de-belo-horizonte-suspendem-missas-presenciais\/#primaryimage\"},\"thumbnailUrl\":\"https:\/\/www.padreeustaquio.com.br\/wp-content\/uploads\/2021\/03\/Suspende-missas-2-e1615947080202.jpeg\",\"articleSection\":[\"Not\u00edcias\"],\"inLanguage\":\"en-US\",\"potentialAction\":[{\"@type\":\"CommentAction\",\"name\":\"Comment\",\"target\":[\"https:\/\/www.padreeustaquio.com.br\/arquidiocese-e-prefeitura-de-belo-horizonte-suspendem-missas-presenciais\/#respond\"]}]},{\"@type\":\"WebPage\",\"@id\":\"https:\/\/www.padreeustaquio.com.br\/arquidiocese-e-prefeitura-de-belo-horizonte-suspendem-missas-presenciais\/\",\"url\":\"https:\/\/www.padreeustaquio.com.br\/arquidiocese-e-prefeitura-de-belo-horizonte-suspendem-missas-presenciais\/\",\"name\":\"Arquidiocese e Prefeitura de Belo Horizonte suspendem missas presenciais - Padre Eust\u00e1quio\",\"isPartOf\":{\"@id\":\"https:\/\/www.padreeustaquio.com.br\/#website\"},\"primaryImageOfPage\":{\"@id\":\"https:\/\/www.padreeustaquio.com.br\/arquidiocese-e-prefeitura-de-belo-horizonte-suspendem-missas-presenciais\/#primaryimage\"},\"image\":{\"@id\":\"https:\/\/www.padreeustaquio.com.br\/arquidiocese-e-prefeitura-de-belo-horizonte-suspendem-missas-presenciais\/#primaryimage\"},\"thumbnailUrl\":\"https:\/\/www.padreeustaquio.com.br\/wp-content\/uploads\/2021\/03\/Suspende-missas-2-e1615947080202.jpeg\",\"datePublished\":\"2021-03-17T02:14:54+00:00\",\"dateModified\":\"2021-03-17T02:14:59+00:00\",\"breadcrumb\":{\"@id\":\"https:\/\/www.padreeustaquio.com.br\/arquidiocese-e-prefeitura-de-belo-horizonte-suspendem-missas-presenciais\/#breadcrumb\"},\"inLanguage\":\"en-US\",\"potentialAction\":[{\"@type\":\"ReadAction\",\"target\":[\"https:\/\/www.padreeustaquio.com.br\/arquidiocese-e-prefeitura-de-belo-horizonte-suspendem-missas-presenciais\/\"]}]},{\"@type\":\"ImageObject\",\"inLanguage\":\"en-US\",\"@id\":\"https:\/\/www.padreeustaquio.com.br\/arquidiocese-e-prefeitura-de-belo-horizonte-suspendem-missas-presenciais\/#primaryimage\",\"url\":\"https:\/\/www.padreeustaquio.com.br\/wp-content\/uploads\/2021\/03\/Suspende-missas-2-e1615947080202.jpeg\",\"contentUrl\":\"https:\/\/www.padreeustaquio.com.br\/wp-content\/uploads\/2021\/03\/Suspende-missas-2-e1615947080202.jpeg\",\"width\":1209,\"height\":633},{\"@type\":\"BreadcrumbList\",\"@id\":\"https:\/\/www.padreeustaquio.com.br\/arquidiocese-e-prefeitura-de-belo-horizonte-suspendem-missas-presenciais\/#breadcrumb\",\"itemListElement\":[{\"@type\":\"ListItem\",\"position\":1,\"name\":\"In\u00edcio\",\"item\":\"https:\/\/www.padreeustaquio.com.br\/\"},{\"@type\":\"ListItem\",\"position\":2,\"name\":\"Arquidiocese e Prefeitura de Belo Horizonte suspendem missas presenciais\"}]},{\"@type\":\"WebSite\",\"@id\":\"https:\/\/www.padreeustaquio.com.br\/#website\",\"url\":\"https:\/\/www.padreeustaquio.com.br\/\",\"name\":\"Padre Eust\u00e1quio\",\"description\":\"Sa\u00fade e Paz\",\"publisher\":{\"@id\":\"https:\/\/www.padreeustaquio.com.br\/#organization\"},\"potentialAction\":[{\"@type\":\"SearchAction\",\"target\":{\"@type\":\"EntryPoint\",\"urlTemplate\":\"https:\/\/www.padreeustaquio.com.br\/?s={search_term_string}\"},\"query-input\":{\"@type\":\"PropertyValueSpecification\",\"valueRequired\":true,\"valueName\":\"search_term_string\"}}],\"inLanguage\":\"en-US\"},{\"@type\":\"Organization\",\"@id\":\"https:\/\/www.padreeustaquio.com.br\/#organization\",\"name\":\"Padre Eust\u00e1quio\",\"url\":\"https:\/\/www.padreeustaquio.com.br\/\",\"logo\":{\"@type\":\"ImageObject\",\"inLanguage\":\"en-US\",\"@id\":\"https:\/\/www.padreeustaquio.com.br\/#\/schema\/logo\/image\/\",\"url\":\"https:\/\/www.padreeustaquio.com.br\/wp-content\/uploads\/2019\/08\/marca.png\",\"contentUrl\":\"https:\/\/www.padreeustaquio.com.br\/wp-content\/uploads\/2019\/08\/marca.png\",\"width\":350,\"height\":400,\"caption\":\"Padre Eust\u00e1quio\"},\"image\":{\"@id\":\"https:\/\/www.padreeustaquio.com.br\/#\/schema\/logo\/image\/\"},\"sameAs\":[\"https:\/\/www.facebook.com\/beatopadreeustaquio\/\",\"https:\/\/x.com\/beatopeustaquio\",\"https:\/\/www.instagram.com\/beatopadreeustaquio\/\",\"https:\/\/www.youtube.com\/channel\/UCRhw7vfabnajwLxb1ZXMeIw\"]},{\"@type\":\"Person\",\"@id\":\"https:\/\/www.padreeustaquio.com.br\/#\/schema\/person\/a2a51db1d00f1a7af0204a0f1ddb1566\",\"name\":\"@sscc\",\"image\":{\"@type\":\"ImageObject\",\"inLanguage\":\"en-US\",\"@id\":\"https:\/\/secure.gravatar.com\/avatar\/68cfafa5f44617fea54071e215026e0ff06be366c3d54a8425f04fdcb86f8c5f?s=96&d=mm&r=g\",\"url\":\"https:\/\/secure.gravatar.com\/avatar\/68cfafa5f44617fea54071e215026e0ff06be366c3d54a8425f04fdcb86f8c5f?s=96&d=mm&r=g\",\"contentUrl\":\"https:\/\/secure.gravatar.com\/avatar\/68cfafa5f44617fea54071e215026e0ff06be366c3d54a8425f04fdcb86f8c5f?s=96&d=mm&r=g\",\"caption\":\"@sscc\"},\"url\":\"https:\/\/www.padreeustaquio.com.br\/en\/author\/sscc\/\"}]}<\/script>\n<!-- \/ Yoast SEO plugin. -->","yoast_head_json":{"title":"Archdiocese and City Hall of Belo Horizonte suspend in-person masses - Father Eust\u00e1quio","robots":{"index":"index","follow":"follow","max-snippet":"max-snippet:-1","max-image-preview":"max-image-preview:large","max-video-preview":"max-video-preview:-1"},"canonical":"https:\/\/www.padreeustaquio.com.br\/en\/the-archdiocese-and-city-hall-of-belo-horizonte-suspend-in-person-masses\/","og_locale":"en_US","og_type":"article","og_title":"Arquidiocese e Prefeitura de Belo Horizonte suspendem missas presenciais - Padre Eust\u00e1quio","og_description":"O Brasil est\u00e1 passando pelo pior momento desde o in\u00edcio da pandemia provocada pelo Coronav\u00edrus. Com mais de duas mil mortes por dia, o pa\u00eds passa de 280 mil v\u00edtimas fatais. S\u00e3o mais de 11,5 milh\u00f5es de casos confirmados em um ano de dissemina\u00e7\u00e3o da doen\u00e7a. Diante de tantos casos, o sistema de sa\u00fade brasileiro est\u00e1 entrando em crise. Em muitas cidades, j\u00e1 n\u00e3o h\u00e1 vagas nas enfermarias e UTIs dos hospitais, piorando a situa\u00e7\u00e3o da popula\u00e7\u00e3o. Por causa desta realidade t\u00e3o assustadora, a Arquidiocese de Belo Horizonte divulgou na sexta-feira, 12 de mar\u00e7o, um comunicado endurecendo as medidas preventivas [&hellip;]","og_url":"https:\/\/www.padreeustaquio.com.br\/en\/the-archdiocese-and-city-hall-of-belo-horizonte-suspend-in-person-masses\/","og_site_name":"Padre Eust\u00e1quio","article_publisher":"https:\/\/www.facebook.com\/beatopadreeustaquio\/","article_published_time":"2021-03-17T02:14:54+00:00","article_modified_time":"2021-03-17T02:14:59+00:00","og_image":[{"width":1209,"height":633,"url":"https:\/\/www.padreeustaquio.com.br\/wp-content\/uploads\/2021\/03\/Suspende-missas-2-e1615947080202.jpeg","type":"image\/jpeg"}],"author":"@sscc","twitter_card":"summary_large_image","twitter_creator":"@beatopeustaquio","twitter_site":"@beatopeustaquio","twitter_misc":{"Written by":"@sscc","Est. reading time":"2 minutes"},"schema":{"@context":"https:\/\/schema.org","@graph":[{"@type":"Article","@id":"https:\/\/www.padreeustaquio.com.br\/arquidiocese-e-prefeitura-de-belo-horizonte-suspendem-missas-presenciais\/#article","isPartOf":{"@id":"https:\/\/www.padreeustaquio.com.br\/arquidiocese-e-prefeitura-de-belo-horizonte-suspendem-missas-presenciais\/"},"author":{"name":"@sscc","@id":"https:\/\/www.padreeustaquio.com.br\/#\/schema\/person\/a2a51db1d00f1a7af0204a0f1ddb1566"},"headline":"Arquidiocese e Prefeitura de Belo Horizonte suspendem missas presenciais","datePublished":"2021-03-17T02:14:54+00:00","dateModified":"2021-03-17T02:14:59+00:00","mainEntityOfPage":{"@id":"https:\/\/www.padreeustaquio.com.br\/arquidiocese-e-prefeitura-de-belo-horizonte-suspendem-missas-presenciais\/"},"wordCount":365,"commentCount":0,"publisher":{"@id":"https:\/\/www.padreeustaquio.com.br\/#organization"},"image":{"@id":"https:\/\/www.padreeustaquio.com.br\/arquidiocese-e-prefeitura-de-belo-horizonte-suspendem-missas-presenciais\/#primaryimage"},"thumbnailUrl":"https:\/\/www.padreeustaquio.com.br\/wp-content\/uploads\/2021\/03\/Suspende-missas-2-e1615947080202.jpeg","articleSection":["Not\u00edcias"],"inLanguage":"en-US","potentialAction":[{"@type":"CommentAction","name":"Comment","target":["https:\/\/www.padreeustaquio.com.br\/arquidiocese-e-prefeitura-de-belo-horizonte-suspendem-missas-presenciais\/#respond"]}]},{"@type":"WebPage","@id":"https:\/\/www.padreeustaquio.com.br\/arquidiocese-e-prefeitura-de-belo-horizonte-suspendem-missas-presenciais\/","url":"https:\/\/www.padreeustaquio.com.br\/arquidiocese-e-prefeitura-de-belo-horizonte-suspendem-missas-presenciais\/","name":"Archdiocese and City Hall of Belo Horizonte suspend in-person masses - Father Eust\u00e1quio","isPartOf":{"@id":"https:\/\/www.padreeustaquio.com.br\/#website"},"primaryImageOfPage":{"@id":"https:\/\/www.padreeustaquio.com.br\/arquidiocese-e-prefeitura-de-belo-horizonte-suspendem-missas-presenciais\/#primaryimage"},"image":{"@id":"https:\/\/www.padreeustaquio.com.br\/arquidiocese-e-prefeitura-de-belo-horizonte-suspendem-missas-presenciais\/#primaryimage"},"thumbnailUrl":"https:\/\/www.padreeustaquio.com.br\/wp-content\/uploads\/2021\/03\/Suspende-missas-2-e1615947080202.jpeg","datePublished":"2021-03-17T02:14:54+00:00","dateModified":"2021-03-17T02:14:59+00:00","breadcrumb":{"@id":"https:\/\/www.padreeustaquio.com.br\/arquidiocese-e-prefeitura-de-belo-horizonte-suspendem-missas-presenciais\/#breadcrumb"},"inLanguage":"en-US","potentialAction":[{"@type":"ReadAction","target":["https:\/\/www.padreeustaquio.com.br\/arquidiocese-e-prefeitura-de-belo-horizonte-suspendem-missas-presenciais\/"]}]},{"@type":"ImageObject","inLanguage":"en-US","@id":"https:\/\/www.padreeustaquio.com.br\/arquidiocese-e-prefeitura-de-belo-horizonte-suspendem-missas-presenciais\/#primaryimage","url":"https:\/\/www.padreeustaquio.com.br\/wp-content\/uploads\/2021\/03\/Suspende-missas-2-e1615947080202.jpeg","contentUrl":"https:\/\/www.padreeustaquio.com.br\/wp-content\/uploads\/2021\/03\/Suspende-missas-2-e1615947080202.jpeg","width":1209,"height":633},{"@type":"BreadcrumbList","@id":"https:\/\/www.padreeustaquio.com.br\/arquidiocese-e-prefeitura-de-belo-horizonte-suspendem-missas-presenciais\/#breadcrumb","itemListElement":[{"@type":"ListItem","position":1,"name":"In\u00edcio","item":"https:\/\/www.padreeustaquio.com.br\/"},{"@type":"ListItem","position":2,"name":"Arquidiocese e Prefeitura de Belo Horizonte suspendem missas presenciais"}]},{"@type":"WebSite","@id":"https:\/\/www.padreeustaquio.com.br\/#website","url":"https:\/\/www.padreeustaquio.com.br\/","name":"FATHER EUST\u00c1QUIO","description":"Health and Peace","publisher":{"@id":"https:\/\/www.padreeustaquio.com.br\/#organization"},"potentialAction":[{"@type":"SearchAction","target":{"@type":"EntryPoint","urlTemplate":"https:\/\/www.padreeustaquio.com.br\/?s={search_term_string}"},"query-input":{"@type":"PropertyValueSpecification","valueRequired":true,"valueName":"search_term_string"}}],"inLanguage":"en-US"},{"@type":"Organization","@id":"https:\/\/www.padreeustaquio.com.br\/#organization","name":"FATHER EUST\u00c1QUIO","url":"https:\/\/www.padreeustaquio.com.br\/","logo":{"@type":"ImageObject","inLanguage":"en-US","@id":"https:\/\/www.padreeustaquio.com.br\/#\/schema\/logo\/image\/","url":"https:\/\/www.padreeustaquio.com.br\/wp-content\/uploads\/2019\/08\/marca.png","contentUrl":"https:\/\/www.padreeustaquio.com.br\/wp-content\/uploads\/2019\/08\/marca.png","width":350,"height":400,"caption":"Padre Eust\u00e1quio"},"image":{"@id":"https:\/\/www.padreeustaquio.com.br\/#\/schema\/logo\/image\/"},"sameAs":["https:\/\/www.facebook.com\/beatopadreeustaquio\/","https:\/\/x.com\/beatopeustaquio","https:\/\/www.instagram.com\/beatopadreeustaquio\/","https:\/\/www.youtube.com\/channel\/UCRhw7vfabnajwLxb1ZXMeIw"]},{"@type":"Person","@id":"https:\/\/www.padreeustaquio.com.br\/#\/schema\/person\/a2a51db1d00f1a7af0204a0f1ddb1566","name":"@sscc","image":{"@type":"ImageObject","inLanguage":"en-US","@id":"https:\/\/secure.gravatar.com\/avatar\/68cfafa5f44617fea54071e215026e0ff06be366c3d54a8425f04fdcb86f8c5f?s=96&d=mm&r=g","url":"https:\/\/secure.gravatar.com\/avatar\/68cfafa5f44617fea54071e215026e0ff06be366c3d54a8425f04fdcb86f8c5f?s=96&d=mm&r=g","contentUrl":"https:\/\/secure.gravatar.com\/avatar\/68cfafa5f44617fea54071e215026e0ff06be366c3d54a8425f04fdcb86f8c5f?s=96&d=mm&r=g","caption":"@sscc"},"url":"https:\/\/www.padreeustaquio.com.br\/en\/author\/sscc\/"}]}},"_links":{"self":[{"href":"https:\/\/www.padreeustaquio.com.br\/en\/wp-json\/wp\/v2\/posts\/5278","targetHints":{"allow":["GET"]}}],"collection":[{"href":"https:\/\/www.padreeustaquio.com.br\/en\/wp-json\/wp\/v2\/posts"}],"about":[{"href":"https:\/\/www.padreeustaquio.com.br\/en\/wp-json\/wp\/v2\/types\/post"}],"author":[{"embeddable":true,"href":"https:\/\/www.padreeustaquio.com.br\/en\/wp-json\/wp\/v2\/users\/2"}],"replies":[{"embeddable":true,"href":"https:\/\/www.padreeustaquio.com.br\/en\/wp-json\/wp\/v2\/comments?post=5278"}],"version-history":[{"count":0,"href":"https:\/\/www.padreeustaquio.com.br\/en\/wp-json\/wp\/v2\/posts\/5278\/revisions"}],"wp:featuredmedia":[{"embeddable":true,"href":"https:\/\/www.padreeustaquio.com.br\/en\/wp-json\/wp\/v2\/media\/5279"}],"wp:attachment":[{"href":"https:\/\/www.padreeustaquio.com.br\/en\/wp-json\/wp\/v2\/media?parent=5278"}],"wp:term":[{"taxonomy":"category","embeddable":true,"href":"https:\/\/www.padreeustaquio.com.br\/en\/wp-json\/wp\/v2\/categories?post=5278"},{"taxonomy":"post_tag","embeddable":true,"href":"https:\/\/www.padreeustaquio.com.br\/en\/wp-json\/wp\/v2\/tags?post=5278"}],"curies":[{"name":"wp","href":"https:\/\/api.w.org\/{rel}","templated":true}]}}