{"id":5265,"date":"2021-03-13T19:10:46","date_gmt":"2021-03-13T22:10:46","guid":{"rendered":"https:\/\/www.padreeustaquio.com.br\/?p=5265"},"modified":"2021-03-13T19:22:30","modified_gmt":"2021-03-13T22:22:30","slug":"painting-of-saint-joseph-that-belonged-to-father-eustaquio-and-is-on-display-in-the-sanctuarys-museum","status":"publish","type":"post","link":"https:\/\/www.padreeustaquio.com.br\/en\/painting-of-saint-joseph-that-belonged-to-father-eustaquio-and-is-on-display-in-the-sanctuarys-museum\/","title":{"rendered":"A painting of Saint Joseph that belonged to Father Eust\u00e1quio is on display at the Sanctuary Museum."},"content":{"rendered":"<p>An engraving of Saint Joseph, which belonged to Blessed Father Eustace, was displayed in the small museum inside the Health and Peace Sanctuary, in commemoration of the month of the saint, the adoptive father of Jesus.<\/p>\n\n\n\n<p>The engraving, which had long been kept in the archives of the Vice-Postulation of the Cause of Canonization, was one of the objects cleaned and cataloged earlier this month by the restoration team that worked on the archives of the Dutch priest. The image was framed and now forms part of the Museum with pieces of Father Eust\u00e1quio, located inside the Health and Peace Sanctuary.<\/p>\n\n\n\n<p>Art has an important meaning: the scene depicts the death of Saint Joseph, who is in the arms of Jesus and Mary. This demonstrates Father Eust\u00e1quio&#039;s great devotion to him. This is because Joseph is ill and about to die. And, in the painting, he dies supported by his son and wife.<\/p>\n\n\n\n<p>Father Eust\u00e1quio was a great devotee of Saint Joseph. When going to see the sick, he always turned to Saint Joseph, remembering that he died in the arms of Jesus and Mary.<\/p>\n\n\n\n<p>This month, we invite devotees of Father Eustace to pray the prayer that the Blessed One himself composed to Saint Joseph. <a href=\"https:\/\/www.padreeustaquio.com.br\/en\/prayer-to-saint-joseph-composed-by-father-eustace\/\">Click here<\/a> And say this prayer, asking for the grace you wish to receive or for that person who needs it so much.<\/p>","protected":false},"excerpt":{"rendered":"<p>Uma gravura de S\u00e3o Jos\u00e9, que pertenceu ao Beato Padre Eust\u00e1quio, foi exposta no pequeno museu dentro do Santu\u00e1rio Sa\u00fade e Paz, em comemora\u00e7\u00e3o ao m\u00eas do santo, pai adotivo de Jesus. A gravura, que por muito tempo ficou guardada nos arquivos da Vice-postula\u00e7\u00e3o da Causa de Canoniza\u00e7\u00e3o, foi um dos objetos higienizados e catalogados no in\u00edcio do m\u00eas pela equipe de restaura\u00e7\u00e3o que trabalhou nos arquivos do padre holand\u00eas. A imagem foi emoldurada e agora comp\u00f5e o Museu com pe\u00e7as de Padre Eust\u00e1quio, que se encontra dentro do Santu\u00e1rio Sa\u00fade e Paz. A arte tem um significado importante: na [&hellip;]<\/p>\n","protected":false},"author":2,"featured_media":5266,"comment_status":"open","ping_status":"closed","sticky":false,"template":"","format":"standard","meta":{"_acf_changed":false,"footnotes":""},"categories":[611],"tags":[],"class_list":["post-5265","post","type-post","status-publish","format-standard","has-post-thumbnail","hentry","category-noticias"],"acf":[],"yoast_head":"<!-- This site is optimized with the Yoast SEO plugin v27.2 - https:\/\/yoast.com\/product\/yoast-seo-wordpress\/ -->\n<title>Quadro de S\u00e3o Jos\u00e9 que pertenceu a Padre Eust\u00e1quio \u00e9 exposto em Museu do Santu\u00e1rio - Padre Eust\u00e1quio<\/title>\n<meta name=\"robots\" content=\"index, follow, max-snippet:-1, max-image-preview:large, max-video-preview:-1\" \/>\n<link rel=\"canonical\" href=\"https:\/\/www.padreeustaquio.com.br\/en\/painting-of-saint-joseph-that-belonged-to-father-eustaquio-and-is-on-display-in-the-sanctuarys-museum\/\" \/>\n<meta property=\"og:locale\" content=\"en_US\" \/>\n<meta property=\"og:type\" content=\"article\" \/>\n<meta property=\"og:title\" content=\"Quadro de S\u00e3o Jos\u00e9 que pertenceu a Padre Eust\u00e1quio \u00e9 exposto em Museu do Santu\u00e1rio - Padre Eust\u00e1quio\" \/>\n<meta property=\"og:description\" content=\"Uma gravura de S\u00e3o Jos\u00e9, que pertenceu ao Beato Padre Eust\u00e1quio, foi exposta no pequeno museu dentro do Santu\u00e1rio Sa\u00fade e Paz, em comemora\u00e7\u00e3o ao m\u00eas do santo, pai adotivo de Jesus. A gravura, que por muito tempo ficou guardada nos arquivos da Vice-postula\u00e7\u00e3o da Causa de Canoniza\u00e7\u00e3o, foi um dos objetos higienizados e catalogados no in\u00edcio do m\u00eas pela equipe de restaura\u00e7\u00e3o que trabalhou nos arquivos do padre holand\u00eas. A imagem foi emoldurada e agora comp\u00f5e o Museu com pe\u00e7as de Padre Eust\u00e1quio, que se encontra dentro do Santu\u00e1rio Sa\u00fade e Paz. A arte tem um significado importante: na [&hellip;]\" \/>\n<meta property=\"og:url\" content=\"https:\/\/www.padreeustaquio.com.br\/en\/painting-of-saint-joseph-that-belonged-to-father-eustaquio-and-is-on-display-in-the-sanctuarys-museum\/\" \/>\n<meta property=\"og:site_name\" content=\"Padre Eust\u00e1quio\" \/>\n<meta property=\"article:publisher\" content=\"https:\/\/www.facebook.com\/beatopadreeustaquio\/\" \/>\n<meta property=\"article:published_time\" content=\"2021-03-13T22:10:46+00:00\" \/>\n<meta property=\"article:modified_time\" content=\"2021-03-13T22:22:30+00:00\" \/>\n<meta property=\"og:image\" content=\"https:\/\/www.padreeustaquio.com.br\/wp-content\/uploads\/2021\/03\/Quadro-Sao-Jose.jpg\" \/>\n\t<meta property=\"og:image:width\" content=\"1208\" \/>\n\t<meta property=\"og:image:height\" content=\"635\" \/>\n\t<meta property=\"og:image:type\" content=\"image\/jpeg\" \/>\n<meta name=\"author\" content=\"@sscc\" \/>\n<meta name=\"twitter:card\" content=\"summary_large_image\" \/>\n<meta name=\"twitter:creator\" content=\"@beatopeustaquio\" \/>\n<meta name=\"twitter:site\" content=\"@beatopeustaquio\" \/>\n<meta name=\"twitter:label1\" content=\"Written by\" \/>\n\t<meta name=\"twitter:data1\" content=\"@sscc\" \/>\n\t<meta name=\"twitter:label2\" content=\"Est. reading time\" \/>\n\t<meta name=\"twitter:data2\" content=\"1 minute\" \/>\n<script type=\"application\/ld+json\" class=\"yoast-schema-graph\">{\"@context\":\"https:\/\/schema.org\",\"@graph\":[{\"@type\":\"Article\",\"@id\":\"https:\/\/www.padreeustaquio.com.br\/quadro-de-sao-jose-que-pertenceu-a-padre-eustaquio-e-exposta-em-museu-do-santuario\/#article\",\"isPartOf\":{\"@id\":\"https:\/\/www.padreeustaquio.com.br\/quadro-de-sao-jose-que-pertenceu-a-padre-eustaquio-e-exposta-em-museu-do-santuario\/\"},\"author\":{\"name\":\"@sscc\",\"@id\":\"https:\/\/www.padreeustaquio.com.br\/#\/schema\/person\/a2a51db1d00f1a7af0204a0f1ddb1566\"},\"headline\":\"Quadro de S\u00e3o Jos\u00e9 que pertenceu a Padre Eust\u00e1quio \u00e9 exposto em Museu do Santu\u00e1rio\",\"datePublished\":\"2021-03-13T22:10:46+00:00\",\"dateModified\":\"2021-03-13T22:22:30+00:00\",\"mainEntityOfPage\":{\"@id\":\"https:\/\/www.padreeustaquio.com.br\/quadro-de-sao-jose-que-pertenceu-a-padre-eustaquio-e-exposta-em-museu-do-santuario\/\"},\"wordCount\":268,\"commentCount\":0,\"publisher\":{\"@id\":\"https:\/\/www.padreeustaquio.com.br\/#organization\"},\"image\":{\"@id\":\"https:\/\/www.padreeustaquio.com.br\/quadro-de-sao-jose-que-pertenceu-a-padre-eustaquio-e-exposta-em-museu-do-santuario\/#primaryimage\"},\"thumbnailUrl\":\"https:\/\/www.padreeustaquio.com.br\/wp-content\/uploads\/2021\/03\/Quadro-Sao-Jose.jpg\",\"articleSection\":[\"Not\u00edcias\"],\"inLanguage\":\"en-US\",\"potentialAction\":[{\"@type\":\"CommentAction\",\"name\":\"Comment\",\"target\":[\"https:\/\/www.padreeustaquio.com.br\/quadro-de-sao-jose-que-pertenceu-a-padre-eustaquio-e-exposta-em-museu-do-santuario\/#respond\"]}]},{\"@type\":\"WebPage\",\"@id\":\"https:\/\/www.padreeustaquio.com.br\/quadro-de-sao-jose-que-pertenceu-a-padre-eustaquio-e-exposta-em-museu-do-santuario\/\",\"url\":\"https:\/\/www.padreeustaquio.com.br\/quadro-de-sao-jose-que-pertenceu-a-padre-eustaquio-e-exposta-em-museu-do-santuario\/\",\"name\":\"Quadro de S\u00e3o Jos\u00e9 que pertenceu a Padre Eust\u00e1quio \u00e9 exposto em Museu do Santu\u00e1rio - Padre Eust\u00e1quio\",\"isPartOf\":{\"@id\":\"https:\/\/www.padreeustaquio.com.br\/#website\"},\"primaryImageOfPage\":{\"@id\":\"https:\/\/www.padreeustaquio.com.br\/quadro-de-sao-jose-que-pertenceu-a-padre-eustaquio-e-exposta-em-museu-do-santuario\/#primaryimage\"},\"image\":{\"@id\":\"https:\/\/www.padreeustaquio.com.br\/quadro-de-sao-jose-que-pertenceu-a-padre-eustaquio-e-exposta-em-museu-do-santuario\/#primaryimage\"},\"thumbnailUrl\":\"https:\/\/www.padreeustaquio.com.br\/wp-content\/uploads\/2021\/03\/Quadro-Sao-Jose.jpg\",\"datePublished\":\"2021-03-13T22:10:46+00:00\",\"dateModified\":\"2021-03-13T22:22:30+00:00\",\"breadcrumb\":{\"@id\":\"https:\/\/www.padreeustaquio.com.br\/quadro-de-sao-jose-que-pertenceu-a-padre-eustaquio-e-exposta-em-museu-do-santuario\/#breadcrumb\"},\"inLanguage\":\"en-US\",\"potentialAction\":[{\"@type\":\"ReadAction\",\"target\":[\"https:\/\/www.padreeustaquio.com.br\/quadro-de-sao-jose-que-pertenceu-a-padre-eustaquio-e-exposta-em-museu-do-santuario\/\"]}]},{\"@type\":\"ImageObject\",\"inLanguage\":\"en-US\",\"@id\":\"https:\/\/www.padreeustaquio.com.br\/quadro-de-sao-jose-que-pertenceu-a-padre-eustaquio-e-exposta-em-museu-do-santuario\/#primaryimage\",\"url\":\"https:\/\/www.padreeustaquio.com.br\/wp-content\/uploads\/2021\/03\/Quadro-Sao-Jose.jpg\",\"contentUrl\":\"https:\/\/www.padreeustaquio.com.br\/wp-content\/uploads\/2021\/03\/Quadro-Sao-Jose.jpg\",\"width\":1208,\"height\":635},{\"@type\":\"BreadcrumbList\",\"@id\":\"https:\/\/www.padreeustaquio.com.br\/quadro-de-sao-jose-que-pertenceu-a-padre-eustaquio-e-exposta-em-museu-do-santuario\/#breadcrumb\",\"itemListElement\":[{\"@type\":\"ListItem\",\"position\":1,\"name\":\"In\u00edcio\",\"item\":\"https:\/\/www.padreeustaquio.com.br\/\"},{\"@type\":\"ListItem\",\"position\":2,\"name\":\"Quadro de S\u00e3o Jos\u00e9 que pertenceu a Padre Eust\u00e1quio \u00e9 exposto em Museu do Santu\u00e1rio\"}]},{\"@type\":\"WebSite\",\"@id\":\"https:\/\/www.padreeustaquio.com.br\/#website\",\"url\":\"https:\/\/www.padreeustaquio.com.br\/\",\"name\":\"Padre Eust\u00e1quio\",\"description\":\"Sa\u00fade e Paz\",\"publisher\":{\"@id\":\"https:\/\/www.padreeustaquio.com.br\/#organization\"},\"potentialAction\":[{\"@type\":\"SearchAction\",\"target\":{\"@type\":\"EntryPoint\",\"urlTemplate\":\"https:\/\/www.padreeustaquio.com.br\/?s={search_term_string}\"},\"query-input\":{\"@type\":\"PropertyValueSpecification\",\"valueRequired\":true,\"valueName\":\"search_term_string\"}}],\"inLanguage\":\"en-US\"},{\"@type\":\"Organization\",\"@id\":\"https:\/\/www.padreeustaquio.com.br\/#organization\",\"name\":\"Padre Eust\u00e1quio\",\"url\":\"https:\/\/www.padreeustaquio.com.br\/\",\"logo\":{\"@type\":\"ImageObject\",\"inLanguage\":\"en-US\",\"@id\":\"https:\/\/www.padreeustaquio.com.br\/#\/schema\/logo\/image\/\",\"url\":\"https:\/\/www.padreeustaquio.com.br\/wp-content\/uploads\/2019\/08\/marca.png\",\"contentUrl\":\"https:\/\/www.padreeustaquio.com.br\/wp-content\/uploads\/2019\/08\/marca.png\",\"width\":350,\"height\":400,\"caption\":\"Padre Eust\u00e1quio\"},\"image\":{\"@id\":\"https:\/\/www.padreeustaquio.com.br\/#\/schema\/logo\/image\/\"},\"sameAs\":[\"https:\/\/www.facebook.com\/beatopadreeustaquio\/\",\"https:\/\/x.com\/beatopeustaquio\",\"https:\/\/www.instagram.com\/beatopadreeustaquio\/\",\"https:\/\/www.youtube.com\/channel\/UCRhw7vfabnajwLxb1ZXMeIw\"]},{\"@type\":\"Person\",\"@id\":\"https:\/\/www.padreeustaquio.com.br\/#\/schema\/person\/a2a51db1d00f1a7af0204a0f1ddb1566\",\"name\":\"@sscc\",\"image\":{\"@type\":\"ImageObject\",\"inLanguage\":\"en-US\",\"@id\":\"https:\/\/secure.gravatar.com\/avatar\/68cfafa5f44617fea54071e215026e0ff06be366c3d54a8425f04fdcb86f8c5f?s=96&d=mm&r=g\",\"url\":\"https:\/\/secure.gravatar.com\/avatar\/68cfafa5f44617fea54071e215026e0ff06be366c3d54a8425f04fdcb86f8c5f?s=96&d=mm&r=g\",\"contentUrl\":\"https:\/\/secure.gravatar.com\/avatar\/68cfafa5f44617fea54071e215026e0ff06be366c3d54a8425f04fdcb86f8c5f?s=96&d=mm&r=g\",\"caption\":\"@sscc\"},\"url\":\"https:\/\/www.padreeustaquio.com.br\/en\/author\/sscc\/\"}]}<\/script>\n<!-- \/ Yoast SEO plugin. -->","yoast_head_json":{"title":"A painting of Saint Joseph that belonged to Father Eust\u00e1quio is on display at the Sanctuary Museum - Father Eust\u00e1quio","robots":{"index":"index","follow":"follow","max-snippet":"max-snippet:-1","max-image-preview":"max-image-preview:large","max-video-preview":"max-video-preview:-1"},"canonical":"https:\/\/www.padreeustaquio.com.br\/en\/painting-of-saint-joseph-that-belonged-to-father-eustaquio-and-is-on-display-in-the-sanctuarys-museum\/","og_locale":"en_US","og_type":"article","og_title":"Quadro de S\u00e3o Jos\u00e9 que pertenceu a Padre Eust\u00e1quio \u00e9 exposto em Museu do Santu\u00e1rio - Padre Eust\u00e1quio","og_description":"Uma gravura de S\u00e3o Jos\u00e9, que pertenceu ao Beato Padre Eust\u00e1quio, foi exposta no pequeno museu dentro do Santu\u00e1rio Sa\u00fade e Paz, em comemora\u00e7\u00e3o ao m\u00eas do santo, pai adotivo de Jesus. A gravura, que por muito tempo ficou guardada nos arquivos da Vice-postula\u00e7\u00e3o da Causa de Canoniza\u00e7\u00e3o, foi um dos objetos higienizados e catalogados no in\u00edcio do m\u00eas pela equipe de restaura\u00e7\u00e3o que trabalhou nos arquivos do padre holand\u00eas. A imagem foi emoldurada e agora comp\u00f5e o Museu com pe\u00e7as de Padre Eust\u00e1quio, que se encontra dentro do Santu\u00e1rio Sa\u00fade e Paz. A arte tem um significado importante: na [&hellip;]","og_url":"https:\/\/www.padreeustaquio.com.br\/en\/painting-of-saint-joseph-that-belonged-to-father-eustaquio-and-is-on-display-in-the-sanctuarys-museum\/","og_site_name":"Padre Eust\u00e1quio","article_publisher":"https:\/\/www.facebook.com\/beatopadreeustaquio\/","article_published_time":"2021-03-13T22:10:46+00:00","article_modified_time":"2021-03-13T22:22:30+00:00","og_image":[{"width":1208,"height":635,"url":"https:\/\/www.padreeustaquio.com.br\/wp-content\/uploads\/2021\/03\/Quadro-Sao-Jose.jpg","type":"image\/jpeg"}],"author":"@sscc","twitter_card":"summary_large_image","twitter_creator":"@beatopeustaquio","twitter_site":"@beatopeustaquio","twitter_misc":{"Written by":"@sscc","Est. reading time":"1 minute"},"schema":{"@context":"https:\/\/schema.org","@graph":[{"@type":"Article","@id":"https:\/\/www.padreeustaquio.com.br\/quadro-de-sao-jose-que-pertenceu-a-padre-eustaquio-e-exposta-em-museu-do-santuario\/#article","isPartOf":{"@id":"https:\/\/www.padreeustaquio.com.br\/quadro-de-sao-jose-que-pertenceu-a-padre-eustaquio-e-exposta-em-museu-do-santuario\/"},"author":{"name":"@sscc","@id":"https:\/\/www.padreeustaquio.com.br\/#\/schema\/person\/a2a51db1d00f1a7af0204a0f1ddb1566"},"headline":"Quadro de S\u00e3o Jos\u00e9 que pertenceu a Padre Eust\u00e1quio \u00e9 exposto em Museu do Santu\u00e1rio","datePublished":"2021-03-13T22:10:46+00:00","dateModified":"2021-03-13T22:22:30+00:00","mainEntityOfPage":{"@id":"https:\/\/www.padreeustaquio.com.br\/quadro-de-sao-jose-que-pertenceu-a-padre-eustaquio-e-exposta-em-museu-do-santuario\/"},"wordCount":268,"commentCount":0,"publisher":{"@id":"https:\/\/www.padreeustaquio.com.br\/#organization"},"image":{"@id":"https:\/\/www.padreeustaquio.com.br\/quadro-de-sao-jose-que-pertenceu-a-padre-eustaquio-e-exposta-em-museu-do-santuario\/#primaryimage"},"thumbnailUrl":"https:\/\/www.padreeustaquio.com.br\/wp-content\/uploads\/2021\/03\/Quadro-Sao-Jose.jpg","articleSection":["Not\u00edcias"],"inLanguage":"en-US","potentialAction":[{"@type":"CommentAction","name":"Comment","target":["https:\/\/www.padreeustaquio.com.br\/quadro-de-sao-jose-que-pertenceu-a-padre-eustaquio-e-exposta-em-museu-do-santuario\/#respond"]}]},{"@type":"WebPage","@id":"https:\/\/www.padreeustaquio.com.br\/quadro-de-sao-jose-que-pertenceu-a-padre-eustaquio-e-exposta-em-museu-do-santuario\/","url":"https:\/\/www.padreeustaquio.com.br\/quadro-de-sao-jose-que-pertenceu-a-padre-eustaquio-e-exposta-em-museu-do-santuario\/","name":"A painting of Saint Joseph that belonged to Father Eust\u00e1quio is on display at the Sanctuary Museum - Father Eust\u00e1quio","isPartOf":{"@id":"https:\/\/www.padreeustaquio.com.br\/#website"},"primaryImageOfPage":{"@id":"https:\/\/www.padreeustaquio.com.br\/quadro-de-sao-jose-que-pertenceu-a-padre-eustaquio-e-exposta-em-museu-do-santuario\/#primaryimage"},"image":{"@id":"https:\/\/www.padreeustaquio.com.br\/quadro-de-sao-jose-que-pertenceu-a-padre-eustaquio-e-exposta-em-museu-do-santuario\/#primaryimage"},"thumbnailUrl":"https:\/\/www.padreeustaquio.com.br\/wp-content\/uploads\/2021\/03\/Quadro-Sao-Jose.jpg","datePublished":"2021-03-13T22:10:46+00:00","dateModified":"2021-03-13T22:22:30+00:00","breadcrumb":{"@id":"https:\/\/www.padreeustaquio.com.br\/quadro-de-sao-jose-que-pertenceu-a-padre-eustaquio-e-exposta-em-museu-do-santuario\/#breadcrumb"},"inLanguage":"en-US","potentialAction":[{"@type":"ReadAction","target":["https:\/\/www.padreeustaquio.com.br\/quadro-de-sao-jose-que-pertenceu-a-padre-eustaquio-e-exposta-em-museu-do-santuario\/"]}]},{"@type":"ImageObject","inLanguage":"en-US","@id":"https:\/\/www.padreeustaquio.com.br\/quadro-de-sao-jose-que-pertenceu-a-padre-eustaquio-e-exposta-em-museu-do-santuario\/#primaryimage","url":"https:\/\/www.padreeustaquio.com.br\/wp-content\/uploads\/2021\/03\/Quadro-Sao-Jose.jpg","contentUrl":"https:\/\/www.padreeustaquio.com.br\/wp-content\/uploads\/2021\/03\/Quadro-Sao-Jose.jpg","width":1208,"height":635},{"@type":"BreadcrumbList","@id":"https:\/\/www.padreeustaquio.com.br\/quadro-de-sao-jose-que-pertenceu-a-padre-eustaquio-e-exposta-em-museu-do-santuario\/#breadcrumb","itemListElement":[{"@type":"ListItem","position":1,"name":"In\u00edcio","item":"https:\/\/www.padreeustaquio.com.br\/"},{"@type":"ListItem","position":2,"name":"Quadro de S\u00e3o Jos\u00e9 que pertenceu a Padre Eust\u00e1quio \u00e9 exposto em Museu do Santu\u00e1rio"}]},{"@type":"WebSite","@id":"https:\/\/www.padreeustaquio.com.br\/#website","url":"https:\/\/www.padreeustaquio.com.br\/","name":"FATHER EUST\u00c1QUIO","description":"Health and Peace","publisher":{"@id":"https:\/\/www.padreeustaquio.com.br\/#organization"},"potentialAction":[{"@type":"SearchAction","target":{"@type":"EntryPoint","urlTemplate":"https:\/\/www.padreeustaquio.com.br\/?s={search_term_string}"},"query-input":{"@type":"PropertyValueSpecification","valueRequired":true,"valueName":"search_term_string"}}],"inLanguage":"en-US"},{"@type":"Organization","@id":"https:\/\/www.padreeustaquio.com.br\/#organization","name":"FATHER EUST\u00c1QUIO","url":"https:\/\/www.padreeustaquio.com.br\/","logo":{"@type":"ImageObject","inLanguage":"en-US","@id":"https:\/\/www.padreeustaquio.com.br\/#\/schema\/logo\/image\/","url":"https:\/\/www.padreeustaquio.com.br\/wp-content\/uploads\/2019\/08\/marca.png","contentUrl":"https:\/\/www.padreeustaquio.com.br\/wp-content\/uploads\/2019\/08\/marca.png","width":350,"height":400,"caption":"Padre Eust\u00e1quio"},"image":{"@id":"https:\/\/www.padreeustaquio.com.br\/#\/schema\/logo\/image\/"},"sameAs":["https:\/\/www.facebook.com\/beatopadreeustaquio\/","https:\/\/x.com\/beatopeustaquio","https:\/\/www.instagram.com\/beatopadreeustaquio\/","https:\/\/www.youtube.com\/channel\/UCRhw7vfabnajwLxb1ZXMeIw"]},{"@type":"Person","@id":"https:\/\/www.padreeustaquio.com.br\/#\/schema\/person\/a2a51db1d00f1a7af0204a0f1ddb1566","name":"@sscc","image":{"@type":"ImageObject","inLanguage":"en-US","@id":"https:\/\/secure.gravatar.com\/avatar\/68cfafa5f44617fea54071e215026e0ff06be366c3d54a8425f04fdcb86f8c5f?s=96&d=mm&r=g","url":"https:\/\/secure.gravatar.com\/avatar\/68cfafa5f44617fea54071e215026e0ff06be366c3d54a8425f04fdcb86f8c5f?s=96&d=mm&r=g","contentUrl":"https:\/\/secure.gravatar.com\/avatar\/68cfafa5f44617fea54071e215026e0ff06be366c3d54a8425f04fdcb86f8c5f?s=96&d=mm&r=g","caption":"@sscc"},"url":"https:\/\/www.padreeustaquio.com.br\/en\/author\/sscc\/"}]}},"_links":{"self":[{"href":"https:\/\/www.padreeustaquio.com.br\/en\/wp-json\/wp\/v2\/posts\/5265","targetHints":{"allow":["GET"]}}],"collection":[{"href":"https:\/\/www.padreeustaquio.com.br\/en\/wp-json\/wp\/v2\/posts"}],"about":[{"href":"https:\/\/www.padreeustaquio.com.br\/en\/wp-json\/wp\/v2\/types\/post"}],"author":[{"embeddable":true,"href":"https:\/\/www.padreeustaquio.com.br\/en\/wp-json\/wp\/v2\/users\/2"}],"replies":[{"embeddable":true,"href":"https:\/\/www.padreeustaquio.com.br\/en\/wp-json\/wp\/v2\/comments?post=5265"}],"version-history":[{"count":0,"href":"https:\/\/www.padreeustaquio.com.br\/en\/wp-json\/wp\/v2\/posts\/5265\/revisions"}],"wp:featuredmedia":[{"embeddable":true,"href":"https:\/\/www.padreeustaquio.com.br\/en\/wp-json\/wp\/v2\/media\/5266"}],"wp:attachment":[{"href":"https:\/\/www.padreeustaquio.com.br\/en\/wp-json\/wp\/v2\/media?parent=5265"}],"wp:term":[{"taxonomy":"category","embeddable":true,"href":"https:\/\/www.padreeustaquio.com.br\/en\/wp-json\/wp\/v2\/categories?post=5265"},{"taxonomy":"post_tag","embeddable":true,"href":"https:\/\/www.padreeustaquio.com.br\/en\/wp-json\/wp\/v2\/tags?post=5265"}],"curies":[{"name":"wp","href":"https:\/\/api.w.org\/{rel}","templated":true}]}}