{"id":5232,"date":"2021-03-09T11:12:00","date_gmt":"2021-03-09T14:12:00","guid":{"rendered":"https:\/\/www.padreeustaquio.com.br\/?p=5232"},"modified":"2021-03-09T11:12:03","modified_gmt":"2021-03-09T14:12:03","slug":"devotion-to-father-eustace-displayed-by-commerce","status":"publish","type":"post","link":"https:\/\/www.padreeustaquio.com.br\/en\/devotion-to-father-eustace-displayed-by-commerce\/","title":{"rendered":"Devotion to Father Eust\u00e1quio reflected in commerce."},"content":{"rendered":"<p>Anyone walking through the streets of the Padre Eust\u00e1quio neighborhood in Belo Horizonte has probably noticed the number of businesses named in honor of the Blessed One. They span various sectors, from bakeries and dental offices to food stores, distributors, and clothing stores. Many owners hold stories related to the Blessed One.<\/p>\n\n\n\n<p>As is the case with Padre Eust\u00e1quio Bakery, in front of the Health and Peace Sanctuary. When the building was being constructed, the Blessed One is said to have passed by the construction site and asked what would operate there. When he received the answer that it would be a bakery, he is said to have remarked: <em>\u201d&quot;Bread is a blessed food.&quot;.<\/em><\/p>\n\n\n\n<p>\u201cHealth and Peace,\u201d the greeting that became known as Father Eust\u00e1quio&#039;s trademark, is also among the names of businesses that honor the Dutch priest, such as the dental offices located near the church: \u201cHealth and Peace \u2013 Dental Clinics.\u201d.<\/p>\n\n\n\n<p>Father Eust\u00e1quio arrived in Belo Horizonte in 1942 after being exiled for attracting attention, as he was highly sought after by the faithful in Po\u00e1\/SP. The fame of holiness of the &quot;Vicar of Po\u00e1&quot; spread, becoming uncontrollable. It was a public health and safety problem at the time. The religious figure stayed only a year and a half in the capital of Minas Gerais and profoundly left his mark on the places he passed through.<\/p>","protected":false},"excerpt":{"rendered":"<p>Quem anda pelas ruas do bairro Padre Eust\u00e1quio, em Belo Horizonte, j\u00e1 deve ter reparado na quantidade de estabelecimentos comerciais que recebem o nome em homenagem ao Bem-Aventurado. S\u00e3o v\u00e1rios segmentos, desde padaria, consult\u00f3rios odontol\u00f3gicos, lojas de alimentos at\u00e9 distribuidoras e vestu\u00e1rio. Muitos propriet\u00e1rios guardam consigo hist\u00f3rias relacionadas ao beato. Como \u00e9 o caso da Padaria Padre Eust\u00e1quio, em frente ao Santu\u00e1rio Sa\u00fade e Paz. Quando o pr\u00e9dio estava sendo constru\u00eddo, o Beato teria passado pela constru\u00e7\u00e3o e perguntado o que funcionaria no local. Quando recebeu a resposta que seria uma padaria, teria dito: &#8221; O p\u00e3o \u00e9 um alimento [&hellip;]<\/p>\n","protected":false},"author":2,"featured_media":5234,"comment_status":"open","ping_status":"open","sticky":false,"template":"","format":"standard","meta":{"_acf_changed":false,"footnotes":""},"categories":[614,611],"tags":[],"class_list":["post-5232","post","type-post","status-publish","format-standard","has-post-thumbnail","hentry","category-curiosidades","category-noticias"],"acf":[],"yoast_head":"<!-- This site is optimized with the Yoast SEO plugin v27.2 - https:\/\/yoast.com\/product\/yoast-seo-wordpress\/ -->\n<title>Devo\u00e7\u00e3o a Padre Eust\u00e1quio estampada pelo com\u00e9rcio - Padre Eust\u00e1quio<\/title>\n<meta name=\"robots\" content=\"index, follow, max-snippet:-1, max-image-preview:large, max-video-preview:-1\" \/>\n<link rel=\"canonical\" href=\"https:\/\/www.padreeustaquio.com.br\/en\/devotion-to-father-eustace-displayed-by-commerce\/\" \/>\n<meta property=\"og:locale\" content=\"en_US\" \/>\n<meta property=\"og:type\" content=\"article\" \/>\n<meta property=\"og:title\" content=\"Devo\u00e7\u00e3o a Padre Eust\u00e1quio estampada pelo com\u00e9rcio - Padre Eust\u00e1quio\" \/>\n<meta property=\"og:description\" content=\"Quem anda pelas ruas do bairro Padre Eust\u00e1quio, em Belo Horizonte, j\u00e1 deve ter reparado na quantidade de estabelecimentos comerciais que recebem o nome em homenagem ao Bem-Aventurado. S\u00e3o v\u00e1rios segmentos, desde padaria, consult\u00f3rios odontol\u00f3gicos, lojas de alimentos at\u00e9 distribuidoras e vestu\u00e1rio. Muitos propriet\u00e1rios guardam consigo hist\u00f3rias relacionadas ao beato. Como \u00e9 o caso da Padaria Padre Eust\u00e1quio, em frente ao Santu\u00e1rio Sa\u00fade e Paz. Quando o pr\u00e9dio estava sendo constru\u00eddo, o Beato teria passado pela constru\u00e7\u00e3o e perguntado o que funcionaria no local. Quando recebeu a resposta que seria uma padaria, teria dito: &#8221; O p\u00e3o \u00e9 um alimento [&hellip;]\" \/>\n<meta property=\"og:url\" content=\"https:\/\/www.padreeustaquio.com.br\/en\/devotion-to-father-eustace-displayed-by-commerce\/\" \/>\n<meta property=\"og:site_name\" content=\"Padre Eust\u00e1quio\" \/>\n<meta property=\"article:publisher\" content=\"https:\/\/www.facebook.com\/beatopadreeustaquio\/\" \/>\n<meta property=\"article:published_time\" content=\"2021-03-09T14:12:00+00:00\" \/>\n<meta property=\"article:modified_time\" content=\"2021-03-09T14:12:03+00:00\" \/>\n<meta property=\"og:image\" content=\"https:\/\/www.padreeustaquio.com.br\/wp-content\/uploads\/2021\/03\/Padaria-Padre-Eustaquio.jpeg\" \/>\n\t<meta property=\"og:image:width\" content=\"960\" \/>\n\t<meta property=\"og:image:height\" content=\"960\" \/>\n\t<meta property=\"og:image:type\" content=\"image\/jpeg\" \/>\n<meta name=\"author\" content=\"@sscc\" \/>\n<meta name=\"twitter:card\" content=\"summary_large_image\" \/>\n<meta name=\"twitter:creator\" content=\"@beatopeustaquio\" \/>\n<meta name=\"twitter:site\" content=\"@beatopeustaquio\" \/>\n<meta name=\"twitter:label1\" content=\"Written by\" \/>\n\t<meta name=\"twitter:data1\" content=\"@sscc\" \/>\n\t<meta name=\"twitter:label2\" content=\"Est. reading time\" \/>\n\t<meta name=\"twitter:data2\" content=\"1 minute\" \/>\n<script type=\"application\/ld+json\" class=\"yoast-schema-graph\">{\"@context\":\"https:\/\/schema.org\",\"@graph\":[{\"@type\":\"Article\",\"@id\":\"https:\/\/www.padreeustaquio.com.br\/devocao-a-padre-eustaquio-estampada-pelo-comercio\/#article\",\"isPartOf\":{\"@id\":\"https:\/\/www.padreeustaquio.com.br\/devocao-a-padre-eustaquio-estampada-pelo-comercio\/\"},\"author\":{\"name\":\"@sscc\",\"@id\":\"https:\/\/www.padreeustaquio.com.br\/#\/schema\/person\/a2a51db1d00f1a7af0204a0f1ddb1566\"},\"headline\":\"Devo\u00e7\u00e3o a Padre Eust\u00e1quio estampada pelo com\u00e9rcio\",\"datePublished\":\"2021-03-09T14:12:00+00:00\",\"dateModified\":\"2021-03-09T14:12:03+00:00\",\"mainEntityOfPage\":{\"@id\":\"https:\/\/www.padreeustaquio.com.br\/devocao-a-padre-eustaquio-estampada-pelo-comercio\/\"},\"wordCount\":249,\"commentCount\":0,\"publisher\":{\"@id\":\"https:\/\/www.padreeustaquio.com.br\/#organization\"},\"image\":{\"@id\":\"https:\/\/www.padreeustaquio.com.br\/devocao-a-padre-eustaquio-estampada-pelo-comercio\/#primaryimage\"},\"thumbnailUrl\":\"https:\/\/www.padreeustaquio.com.br\/wp-content\/uploads\/2021\/03\/Padaria-Padre-Eustaquio.jpeg\",\"articleSection\":[\"Curiosidades\",\"Not\u00edcias\"],\"inLanguage\":\"en-US\",\"potentialAction\":[{\"@type\":\"CommentAction\",\"name\":\"Comment\",\"target\":[\"https:\/\/www.padreeustaquio.com.br\/devocao-a-padre-eustaquio-estampada-pelo-comercio\/#respond\"]}]},{\"@type\":\"WebPage\",\"@id\":\"https:\/\/www.padreeustaquio.com.br\/devocao-a-padre-eustaquio-estampada-pelo-comercio\/\",\"url\":\"https:\/\/www.padreeustaquio.com.br\/devocao-a-padre-eustaquio-estampada-pelo-comercio\/\",\"name\":\"Devo\u00e7\u00e3o a Padre Eust\u00e1quio estampada pelo com\u00e9rcio - Padre Eust\u00e1quio\",\"isPartOf\":{\"@id\":\"https:\/\/www.padreeustaquio.com.br\/#website\"},\"primaryImageOfPage\":{\"@id\":\"https:\/\/www.padreeustaquio.com.br\/devocao-a-padre-eustaquio-estampada-pelo-comercio\/#primaryimage\"},\"image\":{\"@id\":\"https:\/\/www.padreeustaquio.com.br\/devocao-a-padre-eustaquio-estampada-pelo-comercio\/#primaryimage\"},\"thumbnailUrl\":\"https:\/\/www.padreeustaquio.com.br\/wp-content\/uploads\/2021\/03\/Padaria-Padre-Eustaquio.jpeg\",\"datePublished\":\"2021-03-09T14:12:00+00:00\",\"dateModified\":\"2021-03-09T14:12:03+00:00\",\"breadcrumb\":{\"@id\":\"https:\/\/www.padreeustaquio.com.br\/devocao-a-padre-eustaquio-estampada-pelo-comercio\/#breadcrumb\"},\"inLanguage\":\"en-US\",\"potentialAction\":[{\"@type\":\"ReadAction\",\"target\":[\"https:\/\/www.padreeustaquio.com.br\/devocao-a-padre-eustaquio-estampada-pelo-comercio\/\"]}]},{\"@type\":\"ImageObject\",\"inLanguage\":\"en-US\",\"@id\":\"https:\/\/www.padreeustaquio.com.br\/devocao-a-padre-eustaquio-estampada-pelo-comercio\/#primaryimage\",\"url\":\"https:\/\/www.padreeustaquio.com.br\/wp-content\/uploads\/2021\/03\/Padaria-Padre-Eustaquio.jpeg\",\"contentUrl\":\"https:\/\/www.padreeustaquio.com.br\/wp-content\/uploads\/2021\/03\/Padaria-Padre-Eustaquio.jpeg\",\"width\":960,\"height\":960},{\"@type\":\"BreadcrumbList\",\"@id\":\"https:\/\/www.padreeustaquio.com.br\/devocao-a-padre-eustaquio-estampada-pelo-comercio\/#breadcrumb\",\"itemListElement\":[{\"@type\":\"ListItem\",\"position\":1,\"name\":\"In\u00edcio\",\"item\":\"https:\/\/www.padreeustaquio.com.br\/\"},{\"@type\":\"ListItem\",\"position\":2,\"name\":\"Devo\u00e7\u00e3o a Padre Eust\u00e1quio estampada pelo com\u00e9rcio\"}]},{\"@type\":\"WebSite\",\"@id\":\"https:\/\/www.padreeustaquio.com.br\/#website\",\"url\":\"https:\/\/www.padreeustaquio.com.br\/\",\"name\":\"Padre Eust\u00e1quio\",\"description\":\"Sa\u00fade e Paz\",\"publisher\":{\"@id\":\"https:\/\/www.padreeustaquio.com.br\/#organization\"},\"potentialAction\":[{\"@type\":\"SearchAction\",\"target\":{\"@type\":\"EntryPoint\",\"urlTemplate\":\"https:\/\/www.padreeustaquio.com.br\/?s={search_term_string}\"},\"query-input\":{\"@type\":\"PropertyValueSpecification\",\"valueRequired\":true,\"valueName\":\"search_term_string\"}}],\"inLanguage\":\"en-US\"},{\"@type\":\"Organization\",\"@id\":\"https:\/\/www.padreeustaquio.com.br\/#organization\",\"name\":\"Padre Eust\u00e1quio\",\"url\":\"https:\/\/www.padreeustaquio.com.br\/\",\"logo\":{\"@type\":\"ImageObject\",\"inLanguage\":\"en-US\",\"@id\":\"https:\/\/www.padreeustaquio.com.br\/#\/schema\/logo\/image\/\",\"url\":\"https:\/\/www.padreeustaquio.com.br\/wp-content\/uploads\/2019\/08\/marca.png\",\"contentUrl\":\"https:\/\/www.padreeustaquio.com.br\/wp-content\/uploads\/2019\/08\/marca.png\",\"width\":350,\"height\":400,\"caption\":\"Padre Eust\u00e1quio\"},\"image\":{\"@id\":\"https:\/\/www.padreeustaquio.com.br\/#\/schema\/logo\/image\/\"},\"sameAs\":[\"https:\/\/www.facebook.com\/beatopadreeustaquio\/\",\"https:\/\/x.com\/beatopeustaquio\",\"https:\/\/www.instagram.com\/beatopadreeustaquio\/\",\"https:\/\/www.youtube.com\/channel\/UCRhw7vfabnajwLxb1ZXMeIw\"]},{\"@type\":\"Person\",\"@id\":\"https:\/\/www.padreeustaquio.com.br\/#\/schema\/person\/a2a51db1d00f1a7af0204a0f1ddb1566\",\"name\":\"@sscc\",\"image\":{\"@type\":\"ImageObject\",\"inLanguage\":\"en-US\",\"@id\":\"https:\/\/secure.gravatar.com\/avatar\/68cfafa5f44617fea54071e215026e0ff06be366c3d54a8425f04fdcb86f8c5f?s=96&d=mm&r=g\",\"url\":\"https:\/\/secure.gravatar.com\/avatar\/68cfafa5f44617fea54071e215026e0ff06be366c3d54a8425f04fdcb86f8c5f?s=96&d=mm&r=g\",\"contentUrl\":\"https:\/\/secure.gravatar.com\/avatar\/68cfafa5f44617fea54071e215026e0ff06be366c3d54a8425f04fdcb86f8c5f?s=96&d=mm&r=g\",\"caption\":\"@sscc\"},\"url\":\"https:\/\/www.padreeustaquio.com.br\/en\/author\/sscc\/\"}]}<\/script>\n<!-- \/ Yoast SEO plugin. -->","yoast_head_json":{"title":"Devotion to Father Eustace reflected in commerce - Father Eustace","robots":{"index":"index","follow":"follow","max-snippet":"max-snippet:-1","max-image-preview":"max-image-preview:large","max-video-preview":"max-video-preview:-1"},"canonical":"https:\/\/www.padreeustaquio.com.br\/en\/devotion-to-father-eustace-displayed-by-commerce\/","og_locale":"en_US","og_type":"article","og_title":"Devo\u00e7\u00e3o a Padre Eust\u00e1quio estampada pelo com\u00e9rcio - Padre Eust\u00e1quio","og_description":"Quem anda pelas ruas do bairro Padre Eust\u00e1quio, em Belo Horizonte, j\u00e1 deve ter reparado na quantidade de estabelecimentos comerciais que recebem o nome em homenagem ao Bem-Aventurado. S\u00e3o v\u00e1rios segmentos, desde padaria, consult\u00f3rios odontol\u00f3gicos, lojas de alimentos at\u00e9 distribuidoras e vestu\u00e1rio. Muitos propriet\u00e1rios guardam consigo hist\u00f3rias relacionadas ao beato. Como \u00e9 o caso da Padaria Padre Eust\u00e1quio, em frente ao Santu\u00e1rio Sa\u00fade e Paz. Quando o pr\u00e9dio estava sendo constru\u00eddo, o Beato teria passado pela constru\u00e7\u00e3o e perguntado o que funcionaria no local. Quando recebeu a resposta que seria uma padaria, teria dito: &#8221; O p\u00e3o \u00e9 um alimento [&hellip;]","og_url":"https:\/\/www.padreeustaquio.com.br\/en\/devotion-to-father-eustace-displayed-by-commerce\/","og_site_name":"Padre Eust\u00e1quio","article_publisher":"https:\/\/www.facebook.com\/beatopadreeustaquio\/","article_published_time":"2021-03-09T14:12:00+00:00","article_modified_time":"2021-03-09T14:12:03+00:00","og_image":[{"width":960,"height":960,"url":"https:\/\/www.padreeustaquio.com.br\/wp-content\/uploads\/2021\/03\/Padaria-Padre-Eustaquio.jpeg","type":"image\/jpeg"}],"author":"@sscc","twitter_card":"summary_large_image","twitter_creator":"@beatopeustaquio","twitter_site":"@beatopeustaquio","twitter_misc":{"Written by":"@sscc","Est. reading time":"1 minute"},"schema":{"@context":"https:\/\/schema.org","@graph":[{"@type":"Article","@id":"https:\/\/www.padreeustaquio.com.br\/devocao-a-padre-eustaquio-estampada-pelo-comercio\/#article","isPartOf":{"@id":"https:\/\/www.padreeustaquio.com.br\/devocao-a-padre-eustaquio-estampada-pelo-comercio\/"},"author":{"name":"@sscc","@id":"https:\/\/www.padreeustaquio.com.br\/#\/schema\/person\/a2a51db1d00f1a7af0204a0f1ddb1566"},"headline":"Devo\u00e7\u00e3o a Padre Eust\u00e1quio estampada pelo com\u00e9rcio","datePublished":"2021-03-09T14:12:00+00:00","dateModified":"2021-03-09T14:12:03+00:00","mainEntityOfPage":{"@id":"https:\/\/www.padreeustaquio.com.br\/devocao-a-padre-eustaquio-estampada-pelo-comercio\/"},"wordCount":249,"commentCount":0,"publisher":{"@id":"https:\/\/www.padreeustaquio.com.br\/#organization"},"image":{"@id":"https:\/\/www.padreeustaquio.com.br\/devocao-a-padre-eustaquio-estampada-pelo-comercio\/#primaryimage"},"thumbnailUrl":"https:\/\/www.padreeustaquio.com.br\/wp-content\/uploads\/2021\/03\/Padaria-Padre-Eustaquio.jpeg","articleSection":["Curiosidades","Not\u00edcias"],"inLanguage":"en-US","potentialAction":[{"@type":"CommentAction","name":"Comment","target":["https:\/\/www.padreeustaquio.com.br\/devocao-a-padre-eustaquio-estampada-pelo-comercio\/#respond"]}]},{"@type":"WebPage","@id":"https:\/\/www.padreeustaquio.com.br\/devocao-a-padre-eustaquio-estampada-pelo-comercio\/","url":"https:\/\/www.padreeustaquio.com.br\/devocao-a-padre-eustaquio-estampada-pelo-comercio\/","name":"Devotion to Father Eustace reflected in commerce - Father Eustace","isPartOf":{"@id":"https:\/\/www.padreeustaquio.com.br\/#website"},"primaryImageOfPage":{"@id":"https:\/\/www.padreeustaquio.com.br\/devocao-a-padre-eustaquio-estampada-pelo-comercio\/#primaryimage"},"image":{"@id":"https:\/\/www.padreeustaquio.com.br\/devocao-a-padre-eustaquio-estampada-pelo-comercio\/#primaryimage"},"thumbnailUrl":"https:\/\/www.padreeustaquio.com.br\/wp-content\/uploads\/2021\/03\/Padaria-Padre-Eustaquio.jpeg","datePublished":"2021-03-09T14:12:00+00:00","dateModified":"2021-03-09T14:12:03+00:00","breadcrumb":{"@id":"https:\/\/www.padreeustaquio.com.br\/devocao-a-padre-eustaquio-estampada-pelo-comercio\/#breadcrumb"},"inLanguage":"en-US","potentialAction":[{"@type":"ReadAction","target":["https:\/\/www.padreeustaquio.com.br\/devocao-a-padre-eustaquio-estampada-pelo-comercio\/"]}]},{"@type":"ImageObject","inLanguage":"en-US","@id":"https:\/\/www.padreeustaquio.com.br\/devocao-a-padre-eustaquio-estampada-pelo-comercio\/#primaryimage","url":"https:\/\/www.padreeustaquio.com.br\/wp-content\/uploads\/2021\/03\/Padaria-Padre-Eustaquio.jpeg","contentUrl":"https:\/\/www.padreeustaquio.com.br\/wp-content\/uploads\/2021\/03\/Padaria-Padre-Eustaquio.jpeg","width":960,"height":960},{"@type":"BreadcrumbList","@id":"https:\/\/www.padreeustaquio.com.br\/devocao-a-padre-eustaquio-estampada-pelo-comercio\/#breadcrumb","itemListElement":[{"@type":"ListItem","position":1,"name":"In\u00edcio","item":"https:\/\/www.padreeustaquio.com.br\/"},{"@type":"ListItem","position":2,"name":"Devo\u00e7\u00e3o a Padre Eust\u00e1quio estampada pelo com\u00e9rcio"}]},{"@type":"WebSite","@id":"https:\/\/www.padreeustaquio.com.br\/#website","url":"https:\/\/www.padreeustaquio.com.br\/","name":"FATHER EUST\u00c1QUIO","description":"Health and Peace","publisher":{"@id":"https:\/\/www.padreeustaquio.com.br\/#organization"},"potentialAction":[{"@type":"SearchAction","target":{"@type":"EntryPoint","urlTemplate":"https:\/\/www.padreeustaquio.com.br\/?s={search_term_string}"},"query-input":{"@type":"PropertyValueSpecification","valueRequired":true,"valueName":"search_term_string"}}],"inLanguage":"en-US"},{"@type":"Organization","@id":"https:\/\/www.padreeustaquio.com.br\/#organization","name":"FATHER EUST\u00c1QUIO","url":"https:\/\/www.padreeustaquio.com.br\/","logo":{"@type":"ImageObject","inLanguage":"en-US","@id":"https:\/\/www.padreeustaquio.com.br\/#\/schema\/logo\/image\/","url":"https:\/\/www.padreeustaquio.com.br\/wp-content\/uploads\/2019\/08\/marca.png","contentUrl":"https:\/\/www.padreeustaquio.com.br\/wp-content\/uploads\/2019\/08\/marca.png","width":350,"height":400,"caption":"Padre Eust\u00e1quio"},"image":{"@id":"https:\/\/www.padreeustaquio.com.br\/#\/schema\/logo\/image\/"},"sameAs":["https:\/\/www.facebook.com\/beatopadreeustaquio\/","https:\/\/x.com\/beatopeustaquio","https:\/\/www.instagram.com\/beatopadreeustaquio\/","https:\/\/www.youtube.com\/channel\/UCRhw7vfabnajwLxb1ZXMeIw"]},{"@type":"Person","@id":"https:\/\/www.padreeustaquio.com.br\/#\/schema\/person\/a2a51db1d00f1a7af0204a0f1ddb1566","name":"@sscc","image":{"@type":"ImageObject","inLanguage":"en-US","@id":"https:\/\/secure.gravatar.com\/avatar\/68cfafa5f44617fea54071e215026e0ff06be366c3d54a8425f04fdcb86f8c5f?s=96&d=mm&r=g","url":"https:\/\/secure.gravatar.com\/avatar\/68cfafa5f44617fea54071e215026e0ff06be366c3d54a8425f04fdcb86f8c5f?s=96&d=mm&r=g","contentUrl":"https:\/\/secure.gravatar.com\/avatar\/68cfafa5f44617fea54071e215026e0ff06be366c3d54a8425f04fdcb86f8c5f?s=96&d=mm&r=g","caption":"@sscc"},"url":"https:\/\/www.padreeustaquio.com.br\/en\/author\/sscc\/"}]}},"_links":{"self":[{"href":"https:\/\/www.padreeustaquio.com.br\/en\/wp-json\/wp\/v2\/posts\/5232","targetHints":{"allow":["GET"]}}],"collection":[{"href":"https:\/\/www.padreeustaquio.com.br\/en\/wp-json\/wp\/v2\/posts"}],"about":[{"href":"https:\/\/www.padreeustaquio.com.br\/en\/wp-json\/wp\/v2\/types\/post"}],"author":[{"embeddable":true,"href":"https:\/\/www.padreeustaquio.com.br\/en\/wp-json\/wp\/v2\/users\/2"}],"replies":[{"embeddable":true,"href":"https:\/\/www.padreeustaquio.com.br\/en\/wp-json\/wp\/v2\/comments?post=5232"}],"version-history":[{"count":0,"href":"https:\/\/www.padreeustaquio.com.br\/en\/wp-json\/wp\/v2\/posts\/5232\/revisions"}],"wp:featuredmedia":[{"embeddable":true,"href":"https:\/\/www.padreeustaquio.com.br\/en\/wp-json\/wp\/v2\/media\/5234"}],"wp:attachment":[{"href":"https:\/\/www.padreeustaquio.com.br\/en\/wp-json\/wp\/v2\/media?parent=5232"}],"wp:term":[{"taxonomy":"category","embeddable":true,"href":"https:\/\/www.padreeustaquio.com.br\/en\/wp-json\/wp\/v2\/categories?post=5232"},{"taxonomy":"post_tag","embeddable":true,"href":"https:\/\/www.padreeustaquio.com.br\/en\/wp-json\/wp\/v2\/tags?post=5232"}],"curies":[{"name":"wp","href":"https:\/\/api.w.org\/{rel}","templated":true}]}}