{"id":5207,"date":"2021-03-06T08:04:37","date_gmt":"2021-03-06T11:04:37","guid":{"rendered":"https:\/\/www.padreeustaquio.com.br\/?p=5207"},"modified":"2021-03-03T20:14:43","modified_gmt":"2021-03-03T23:14:43","slug":"the-football-team-honors-father-eustaquio-in-its-name-and-colors","status":"publish","type":"post","link":"https:\/\/www.padreeustaquio.com.br\/en\/the-football-team-honors-father-eustaquio-in-its-name-and-colors\/","title":{"rendered":"Football team honors Father Eust\u00e1quio in its name and colors."},"content":{"rendered":"<p>Founded in January 2011, Padre Eust\u00e1quio Futebol Clube currently competes in the third division of the amateur championship in Belo Horizonte. The idea behind forming the team was to honor the Blessed Father Eust\u00e1quio, who lived in the neighborhood until 1943, when he died of Spotted Fever.<\/p>\n\n\n\n<p>The team&#039;s colors (black, yellow, and white) were inspired by the vestments of Father Eust\u00e1quio. Like him, the association that bears the Blessed&#039;s name has a social purpose. The team holds the &quot;Solidarity Match&quot; and the &quot;Feijoada with Samba,&quot; and everything raised is donated to social institutions in the neighborhood.   <\/p>\n\n\n\n<p>The organization was also created with the mission of reviving amateur football in the Padre Eust\u00e1quio neighborhood.<\/p>\n\n\n\n<p><\/p>\n\n\n\n<p><em>**with information from the Padre Eust\u00e1quio Newspaper<\/em><\/p>","protected":false},"excerpt":{"rendered":"<p>Fundado em janeiro de 2011 o Padre Eust\u00e1quio Futebol Clube disputa hoje a terceira divis\u00e3o do campeonato amador de Belo Horizonte. A ideia da forma\u00e7\u00e3o do time foi homenagear o Bem-Aventurado que viveu no bairro at\u00e9 1943, quando faleceu v\u00edtima de Febre Maculosa. As cores do time (preto, amarelo e branco) foram inspiradas nas vestes de Padre Eust\u00e1quio. Assim como ele, a agremia\u00e7\u00e3o que leva o nome do Beato tem um cunho social. O time realiza a \u201cPartida Solid\u00e1ria\u201d e a \u201cFeijoada com Samba\u201d, e tudo que \u00e9 arrecadado \u00e9 doado para institui\u00e7\u00f5es sociais do bairro. A agremia\u00e7\u00e3o tamb\u00e9m foi [&hellip;]<\/p>\n","protected":false},"author":2,"featured_media":5208,"comment_status":"open","ping_status":"open","sticky":false,"template":"","format":"standard","meta":{"_acf_changed":false,"footnotes":""},"categories":[614,611],"tags":[],"class_list":["post-5207","post","type-post","status-publish","format-standard","has-post-thumbnail","hentry","category-curiosidades","category-noticias"],"acf":[],"yoast_head":"<!-- This site is optimized with the Yoast SEO plugin v27.2 - https:\/\/yoast.com\/product\/yoast-seo-wordpress\/ -->\n<title>Time de futebol homenageia Padre Eust\u00e1quio no nome e nas cores - Padre Eust\u00e1quio<\/title>\n<meta name=\"robots\" content=\"index, follow, max-snippet:-1, max-image-preview:large, max-video-preview:-1\" \/>\n<link rel=\"canonical\" href=\"https:\/\/www.padreeustaquio.com.br\/en\/the-football-team-honors-father-eustaquio-in-its-name-and-colors\/\" \/>\n<meta property=\"og:locale\" content=\"en_US\" \/>\n<meta property=\"og:type\" content=\"article\" \/>\n<meta property=\"og:title\" content=\"Time de futebol homenageia Padre Eust\u00e1quio no nome e nas cores - Padre Eust\u00e1quio\" \/>\n<meta property=\"og:description\" content=\"Fundado em janeiro de 2011 o Padre Eust\u00e1quio Futebol Clube disputa hoje a terceira divis\u00e3o do campeonato amador de Belo Horizonte. A ideia da forma\u00e7\u00e3o do time foi homenagear o Bem-Aventurado que viveu no bairro at\u00e9 1943, quando faleceu v\u00edtima de Febre Maculosa. As cores do time (preto, amarelo e branco) foram inspiradas nas vestes de Padre Eust\u00e1quio. Assim como ele, a agremia\u00e7\u00e3o que leva o nome do Beato tem um cunho social. O time realiza a \u201cPartida Solid\u00e1ria\u201d e a \u201cFeijoada com Samba\u201d, e tudo que \u00e9 arrecadado \u00e9 doado para institui\u00e7\u00f5es sociais do bairro. A agremia\u00e7\u00e3o tamb\u00e9m foi [&hellip;]\" \/>\n<meta property=\"og:url\" content=\"https:\/\/www.padreeustaquio.com.br\/en\/the-football-team-honors-father-eustaquio-in-its-name-and-colors\/\" \/>\n<meta property=\"og:site_name\" content=\"Padre Eust\u00e1quio\" \/>\n<meta property=\"article:publisher\" content=\"https:\/\/www.facebook.com\/beatopadreeustaquio\/\" \/>\n<meta property=\"article:published_time\" content=\"2021-03-06T11:04:37+00:00\" \/>\n<meta property=\"og:image\" content=\"https:\/\/www.padreeustaquio.com.br\/wp-content\/uploads\/2021\/03\/PEFC.jpeg\" \/>\n\t<meta property=\"og:image:width\" content=\"750\" \/>\n\t<meta property=\"og:image:height\" content=\"380\" \/>\n\t<meta property=\"og:image:type\" content=\"image\/jpeg\" \/>\n<meta name=\"author\" content=\"@sscc\" \/>\n<meta name=\"twitter:card\" content=\"summary_large_image\" \/>\n<meta name=\"twitter:creator\" content=\"@beatopeustaquio\" \/>\n<meta name=\"twitter:site\" content=\"@beatopeustaquio\" \/>\n<meta name=\"twitter:label1\" content=\"Written by\" \/>\n\t<meta name=\"twitter:data1\" content=\"@sscc\" \/>\n\t<meta name=\"twitter:label2\" content=\"Est. reading time\" \/>\n\t<meta name=\"twitter:data2\" content=\"1 minute\" \/>\n<script type=\"application\/ld+json\" class=\"yoast-schema-graph\">{\"@context\":\"https:\/\/schema.org\",\"@graph\":[{\"@type\":\"Article\",\"@id\":\"https:\/\/www.padreeustaquio.com.br\/time-de-futebol-homenageia-padre-eustaquio-no-nome-e-nas-cores\/#article\",\"isPartOf\":{\"@id\":\"https:\/\/www.padreeustaquio.com.br\/time-de-futebol-homenageia-padre-eustaquio-no-nome-e-nas-cores\/\"},\"author\":{\"name\":\"@sscc\",\"@id\":\"https:\/\/www.padreeustaquio.com.br\/#\/schema\/person\/a2a51db1d00f1a7af0204a0f1ddb1566\"},\"headline\":\"Time de futebol homenageia Padre Eust\u00e1quio no nome e nas cores\",\"datePublished\":\"2021-03-06T11:04:37+00:00\",\"mainEntityOfPage\":{\"@id\":\"https:\/\/www.padreeustaquio.com.br\/time-de-futebol-homenageia-padre-eustaquio-no-nome-e-nas-cores\/\"},\"wordCount\":142,\"commentCount\":0,\"publisher\":{\"@id\":\"https:\/\/www.padreeustaquio.com.br\/#organization\"},\"image\":{\"@id\":\"https:\/\/www.padreeustaquio.com.br\/time-de-futebol-homenageia-padre-eustaquio-no-nome-e-nas-cores\/#primaryimage\"},\"thumbnailUrl\":\"https:\/\/www.padreeustaquio.com.br\/wp-content\/uploads\/2021\/03\/PEFC.jpeg\",\"articleSection\":[\"Curiosidades\",\"Not\u00edcias\"],\"inLanguage\":\"en-US\",\"potentialAction\":[{\"@type\":\"CommentAction\",\"name\":\"Comment\",\"target\":[\"https:\/\/www.padreeustaquio.com.br\/time-de-futebol-homenageia-padre-eustaquio-no-nome-e-nas-cores\/#respond\"]}]},{\"@type\":\"WebPage\",\"@id\":\"https:\/\/www.padreeustaquio.com.br\/time-de-futebol-homenageia-padre-eustaquio-no-nome-e-nas-cores\/\",\"url\":\"https:\/\/www.padreeustaquio.com.br\/time-de-futebol-homenageia-padre-eustaquio-no-nome-e-nas-cores\/\",\"name\":\"Time de futebol homenageia Padre Eust\u00e1quio no nome e nas cores - Padre Eust\u00e1quio\",\"isPartOf\":{\"@id\":\"https:\/\/www.padreeustaquio.com.br\/#website\"},\"primaryImageOfPage\":{\"@id\":\"https:\/\/www.padreeustaquio.com.br\/time-de-futebol-homenageia-padre-eustaquio-no-nome-e-nas-cores\/#primaryimage\"},\"image\":{\"@id\":\"https:\/\/www.padreeustaquio.com.br\/time-de-futebol-homenageia-padre-eustaquio-no-nome-e-nas-cores\/#primaryimage\"},\"thumbnailUrl\":\"https:\/\/www.padreeustaquio.com.br\/wp-content\/uploads\/2021\/03\/PEFC.jpeg\",\"datePublished\":\"2021-03-06T11:04:37+00:00\",\"breadcrumb\":{\"@id\":\"https:\/\/www.padreeustaquio.com.br\/time-de-futebol-homenageia-padre-eustaquio-no-nome-e-nas-cores\/#breadcrumb\"},\"inLanguage\":\"en-US\",\"potentialAction\":[{\"@type\":\"ReadAction\",\"target\":[\"https:\/\/www.padreeustaquio.com.br\/time-de-futebol-homenageia-padre-eustaquio-no-nome-e-nas-cores\/\"]}]},{\"@type\":\"ImageObject\",\"inLanguage\":\"en-US\",\"@id\":\"https:\/\/www.padreeustaquio.com.br\/time-de-futebol-homenageia-padre-eustaquio-no-nome-e-nas-cores\/#primaryimage\",\"url\":\"https:\/\/www.padreeustaquio.com.br\/wp-content\/uploads\/2021\/03\/PEFC.jpeg\",\"contentUrl\":\"https:\/\/www.padreeustaquio.com.br\/wp-content\/uploads\/2021\/03\/PEFC.jpeg\",\"width\":750,\"height\":380,\"caption\":\"Foto: Jornal do Padre Eust\u00e1quio\"},{\"@type\":\"BreadcrumbList\",\"@id\":\"https:\/\/www.padreeustaquio.com.br\/time-de-futebol-homenageia-padre-eustaquio-no-nome-e-nas-cores\/#breadcrumb\",\"itemListElement\":[{\"@type\":\"ListItem\",\"position\":1,\"name\":\"In\u00edcio\",\"item\":\"https:\/\/www.padreeustaquio.com.br\/\"},{\"@type\":\"ListItem\",\"position\":2,\"name\":\"Time de futebol homenageia Padre Eust\u00e1quio no nome e nas cores\"}]},{\"@type\":\"WebSite\",\"@id\":\"https:\/\/www.padreeustaquio.com.br\/#website\",\"url\":\"https:\/\/www.padreeustaquio.com.br\/\",\"name\":\"Padre Eust\u00e1quio\",\"description\":\"Sa\u00fade e Paz\",\"publisher\":{\"@id\":\"https:\/\/www.padreeustaquio.com.br\/#organization\"},\"potentialAction\":[{\"@type\":\"SearchAction\",\"target\":{\"@type\":\"EntryPoint\",\"urlTemplate\":\"https:\/\/www.padreeustaquio.com.br\/?s={search_term_string}\"},\"query-input\":{\"@type\":\"PropertyValueSpecification\",\"valueRequired\":true,\"valueName\":\"search_term_string\"}}],\"inLanguage\":\"en-US\"},{\"@type\":\"Organization\",\"@id\":\"https:\/\/www.padreeustaquio.com.br\/#organization\",\"name\":\"Padre Eust\u00e1quio\",\"url\":\"https:\/\/www.padreeustaquio.com.br\/\",\"logo\":{\"@type\":\"ImageObject\",\"inLanguage\":\"en-US\",\"@id\":\"https:\/\/www.padreeustaquio.com.br\/#\/schema\/logo\/image\/\",\"url\":\"https:\/\/www.padreeustaquio.com.br\/wp-content\/uploads\/2019\/08\/marca.png\",\"contentUrl\":\"https:\/\/www.padreeustaquio.com.br\/wp-content\/uploads\/2019\/08\/marca.png\",\"width\":350,\"height\":400,\"caption\":\"Padre Eust\u00e1quio\"},\"image\":{\"@id\":\"https:\/\/www.padreeustaquio.com.br\/#\/schema\/logo\/image\/\"},\"sameAs\":[\"https:\/\/www.facebook.com\/beatopadreeustaquio\/\",\"https:\/\/x.com\/beatopeustaquio\",\"https:\/\/www.instagram.com\/beatopadreeustaquio\/\",\"https:\/\/www.youtube.com\/channel\/UCRhw7vfabnajwLxb1ZXMeIw\"]},{\"@type\":\"Person\",\"@id\":\"https:\/\/www.padreeustaquio.com.br\/#\/schema\/person\/a2a51db1d00f1a7af0204a0f1ddb1566\",\"name\":\"@sscc\",\"image\":{\"@type\":\"ImageObject\",\"inLanguage\":\"en-US\",\"@id\":\"https:\/\/secure.gravatar.com\/avatar\/68cfafa5f44617fea54071e215026e0ff06be366c3d54a8425f04fdcb86f8c5f?s=96&d=mm&r=g\",\"url\":\"https:\/\/secure.gravatar.com\/avatar\/68cfafa5f44617fea54071e215026e0ff06be366c3d54a8425f04fdcb86f8c5f?s=96&d=mm&r=g\",\"contentUrl\":\"https:\/\/secure.gravatar.com\/avatar\/68cfafa5f44617fea54071e215026e0ff06be366c3d54a8425f04fdcb86f8c5f?s=96&d=mm&r=g\",\"caption\":\"@sscc\"},\"url\":\"https:\/\/www.padreeustaquio.com.br\/en\/author\/sscc\/\"}]}<\/script>\n<!-- \/ Yoast SEO plugin. -->","yoast_head_json":{"title":"Football team honors Father Eust\u00e1quio in name and colors - Father Eust\u00e1quio","robots":{"index":"index","follow":"follow","max-snippet":"max-snippet:-1","max-image-preview":"max-image-preview:large","max-video-preview":"max-video-preview:-1"},"canonical":"https:\/\/www.padreeustaquio.com.br\/en\/the-football-team-honors-father-eustaquio-in-its-name-and-colors\/","og_locale":"en_US","og_type":"article","og_title":"Time de futebol homenageia Padre Eust\u00e1quio no nome e nas cores - Padre Eust\u00e1quio","og_description":"Fundado em janeiro de 2011 o Padre Eust\u00e1quio Futebol Clube disputa hoje a terceira divis\u00e3o do campeonato amador de Belo Horizonte. A ideia da forma\u00e7\u00e3o do time foi homenagear o Bem-Aventurado que viveu no bairro at\u00e9 1943, quando faleceu v\u00edtima de Febre Maculosa. As cores do time (preto, amarelo e branco) foram inspiradas nas vestes de Padre Eust\u00e1quio. Assim como ele, a agremia\u00e7\u00e3o que leva o nome do Beato tem um cunho social. O time realiza a \u201cPartida Solid\u00e1ria\u201d e a \u201cFeijoada com Samba\u201d, e tudo que \u00e9 arrecadado \u00e9 doado para institui\u00e7\u00f5es sociais do bairro. A agremia\u00e7\u00e3o tamb\u00e9m foi [&hellip;]","og_url":"https:\/\/www.padreeustaquio.com.br\/en\/the-football-team-honors-father-eustaquio-in-its-name-and-colors\/","og_site_name":"Padre Eust\u00e1quio","article_publisher":"https:\/\/www.facebook.com\/beatopadreeustaquio\/","article_published_time":"2021-03-06T11:04:37+00:00","og_image":[{"width":750,"height":380,"url":"https:\/\/www.padreeustaquio.com.br\/wp-content\/uploads\/2021\/03\/PEFC.jpeg","type":"image\/jpeg"}],"author":"@sscc","twitter_card":"summary_large_image","twitter_creator":"@beatopeustaquio","twitter_site":"@beatopeustaquio","twitter_misc":{"Written by":"@sscc","Est. reading time":"1 minute"},"schema":{"@context":"https:\/\/schema.org","@graph":[{"@type":"Article","@id":"https:\/\/www.padreeustaquio.com.br\/time-de-futebol-homenageia-padre-eustaquio-no-nome-e-nas-cores\/#article","isPartOf":{"@id":"https:\/\/www.padreeustaquio.com.br\/time-de-futebol-homenageia-padre-eustaquio-no-nome-e-nas-cores\/"},"author":{"name":"@sscc","@id":"https:\/\/www.padreeustaquio.com.br\/#\/schema\/person\/a2a51db1d00f1a7af0204a0f1ddb1566"},"headline":"Time de futebol homenageia Padre Eust\u00e1quio no nome e nas cores","datePublished":"2021-03-06T11:04:37+00:00","mainEntityOfPage":{"@id":"https:\/\/www.padreeustaquio.com.br\/time-de-futebol-homenageia-padre-eustaquio-no-nome-e-nas-cores\/"},"wordCount":142,"commentCount":0,"publisher":{"@id":"https:\/\/www.padreeustaquio.com.br\/#organization"},"image":{"@id":"https:\/\/www.padreeustaquio.com.br\/time-de-futebol-homenageia-padre-eustaquio-no-nome-e-nas-cores\/#primaryimage"},"thumbnailUrl":"https:\/\/www.padreeustaquio.com.br\/wp-content\/uploads\/2021\/03\/PEFC.jpeg","articleSection":["Curiosidades","Not\u00edcias"],"inLanguage":"en-US","potentialAction":[{"@type":"CommentAction","name":"Comment","target":["https:\/\/www.padreeustaquio.com.br\/time-de-futebol-homenageia-padre-eustaquio-no-nome-e-nas-cores\/#respond"]}]},{"@type":"WebPage","@id":"https:\/\/www.padreeustaquio.com.br\/time-de-futebol-homenageia-padre-eustaquio-no-nome-e-nas-cores\/","url":"https:\/\/www.padreeustaquio.com.br\/time-de-futebol-homenageia-padre-eustaquio-no-nome-e-nas-cores\/","name":"Football team honors Father Eust\u00e1quio in name and colors - Father Eust\u00e1quio","isPartOf":{"@id":"https:\/\/www.padreeustaquio.com.br\/#website"},"primaryImageOfPage":{"@id":"https:\/\/www.padreeustaquio.com.br\/time-de-futebol-homenageia-padre-eustaquio-no-nome-e-nas-cores\/#primaryimage"},"image":{"@id":"https:\/\/www.padreeustaquio.com.br\/time-de-futebol-homenageia-padre-eustaquio-no-nome-e-nas-cores\/#primaryimage"},"thumbnailUrl":"https:\/\/www.padreeustaquio.com.br\/wp-content\/uploads\/2021\/03\/PEFC.jpeg","datePublished":"2021-03-06T11:04:37+00:00","breadcrumb":{"@id":"https:\/\/www.padreeustaquio.com.br\/time-de-futebol-homenageia-padre-eustaquio-no-nome-e-nas-cores\/#breadcrumb"},"inLanguage":"en-US","potentialAction":[{"@type":"ReadAction","target":["https:\/\/www.padreeustaquio.com.br\/time-de-futebol-homenageia-padre-eustaquio-no-nome-e-nas-cores\/"]}]},{"@type":"ImageObject","inLanguage":"en-US","@id":"https:\/\/www.padreeustaquio.com.br\/time-de-futebol-homenageia-padre-eustaquio-no-nome-e-nas-cores\/#primaryimage","url":"https:\/\/www.padreeustaquio.com.br\/wp-content\/uploads\/2021\/03\/PEFC.jpeg","contentUrl":"https:\/\/www.padreeustaquio.com.br\/wp-content\/uploads\/2021\/03\/PEFC.jpeg","width":750,"height":380,"caption":"Foto: Jornal do Padre Eust\u00e1quio"},{"@type":"BreadcrumbList","@id":"https:\/\/www.padreeustaquio.com.br\/time-de-futebol-homenageia-padre-eustaquio-no-nome-e-nas-cores\/#breadcrumb","itemListElement":[{"@type":"ListItem","position":1,"name":"In\u00edcio","item":"https:\/\/www.padreeustaquio.com.br\/"},{"@type":"ListItem","position":2,"name":"Time de futebol homenageia Padre Eust\u00e1quio no nome e nas cores"}]},{"@type":"WebSite","@id":"https:\/\/www.padreeustaquio.com.br\/#website","url":"https:\/\/www.padreeustaquio.com.br\/","name":"FATHER EUST\u00c1QUIO","description":"Health and Peace","publisher":{"@id":"https:\/\/www.padreeustaquio.com.br\/#organization"},"potentialAction":[{"@type":"SearchAction","target":{"@type":"EntryPoint","urlTemplate":"https:\/\/www.padreeustaquio.com.br\/?s={search_term_string}"},"query-input":{"@type":"PropertyValueSpecification","valueRequired":true,"valueName":"search_term_string"}}],"inLanguage":"en-US"},{"@type":"Organization","@id":"https:\/\/www.padreeustaquio.com.br\/#organization","name":"FATHER EUST\u00c1QUIO","url":"https:\/\/www.padreeustaquio.com.br\/","logo":{"@type":"ImageObject","inLanguage":"en-US","@id":"https:\/\/www.padreeustaquio.com.br\/#\/schema\/logo\/image\/","url":"https:\/\/www.padreeustaquio.com.br\/wp-content\/uploads\/2019\/08\/marca.png","contentUrl":"https:\/\/www.padreeustaquio.com.br\/wp-content\/uploads\/2019\/08\/marca.png","width":350,"height":400,"caption":"Padre Eust\u00e1quio"},"image":{"@id":"https:\/\/www.padreeustaquio.com.br\/#\/schema\/logo\/image\/"},"sameAs":["https:\/\/www.facebook.com\/beatopadreeustaquio\/","https:\/\/x.com\/beatopeustaquio","https:\/\/www.instagram.com\/beatopadreeustaquio\/","https:\/\/www.youtube.com\/channel\/UCRhw7vfabnajwLxb1ZXMeIw"]},{"@type":"Person","@id":"https:\/\/www.padreeustaquio.com.br\/#\/schema\/person\/a2a51db1d00f1a7af0204a0f1ddb1566","name":"@sscc","image":{"@type":"ImageObject","inLanguage":"en-US","@id":"https:\/\/secure.gravatar.com\/avatar\/68cfafa5f44617fea54071e215026e0ff06be366c3d54a8425f04fdcb86f8c5f?s=96&d=mm&r=g","url":"https:\/\/secure.gravatar.com\/avatar\/68cfafa5f44617fea54071e215026e0ff06be366c3d54a8425f04fdcb86f8c5f?s=96&d=mm&r=g","contentUrl":"https:\/\/secure.gravatar.com\/avatar\/68cfafa5f44617fea54071e215026e0ff06be366c3d54a8425f04fdcb86f8c5f?s=96&d=mm&r=g","caption":"@sscc"},"url":"https:\/\/www.padreeustaquio.com.br\/en\/author\/sscc\/"}]}},"_links":{"self":[{"href":"https:\/\/www.padreeustaquio.com.br\/en\/wp-json\/wp\/v2\/posts\/5207","targetHints":{"allow":["GET"]}}],"collection":[{"href":"https:\/\/www.padreeustaquio.com.br\/en\/wp-json\/wp\/v2\/posts"}],"about":[{"href":"https:\/\/www.padreeustaquio.com.br\/en\/wp-json\/wp\/v2\/types\/post"}],"author":[{"embeddable":true,"href":"https:\/\/www.padreeustaquio.com.br\/en\/wp-json\/wp\/v2\/users\/2"}],"replies":[{"embeddable":true,"href":"https:\/\/www.padreeustaquio.com.br\/en\/wp-json\/wp\/v2\/comments?post=5207"}],"version-history":[{"count":0,"href":"https:\/\/www.padreeustaquio.com.br\/en\/wp-json\/wp\/v2\/posts\/5207\/revisions"}],"wp:featuredmedia":[{"embeddable":true,"href":"https:\/\/www.padreeustaquio.com.br\/en\/wp-json\/wp\/v2\/media\/5208"}],"wp:attachment":[{"href":"https:\/\/www.padreeustaquio.com.br\/en\/wp-json\/wp\/v2\/media?parent=5207"}],"wp:term":[{"taxonomy":"category","embeddable":true,"href":"https:\/\/www.padreeustaquio.com.br\/en\/wp-json\/wp\/v2\/categories?post=5207"},{"taxonomy":"post_tag","embeddable":true,"href":"https:\/\/www.padreeustaquio.com.br\/en\/wp-json\/wp\/v2\/tags?post=5207"}],"curies":[{"name":"wp","href":"https:\/\/api.w.org\/{rel}","templated":true}]}}