{"id":5188,"date":"2021-03-04T14:33:36","date_gmt":"2021-03-04T17:33:36","guid":{"rendered":"https:\/\/www.padreeustaquio.com.br\/?p=5188"},"modified":"2021-03-03T20:01:58","modified_gmt":"2021-03-03T23:01:58","slug":"father-eustace-and-news-on-a-sao-paulo-website","status":"publish","type":"post","link":"https:\/\/www.padreeustaquio.com.br\/en\/father-eustace-and-news-on-a-sao-paulo-website\/","title":{"rendered":"Father Eust\u00e1quio is featured in a news article on a S\u00e3o Paulo website."},"content":{"rendered":"<p>The Di\u00e1rio de Suzano, a news website from the city located in Greater S\u00e3o Paulo, published an article detailing the candidacy of Blessed Father Eust\u00e1quio for Sainthood at the Vatican. <\/p>\n\n\n\n<p>The publication provided information about the Blessed&#039;s situation and the next steps being taken in the Canonization process. Furthermore, the article offered some insight into the expectations of the faithful in Po\u00e1 and the surrounding region regarding the Blessed&#039;s canonization.  <\/p>\n\n\n\n<p>Father Eust\u00e1quio was the first parish priest of the Church of Our Lady of Lourdes in Po\u00e1\/SP. And, according to the diocesan bishop of Mogi das Cruzes, Dom Pedro Luiz Stringhini, the process is highly anticipated by the entire Catholic community. <em>\u201cThe recognition of his holiness and all the work that was done in our region is of great importance. Beyond the necessary recognition, it also enhances the value of our diocese.\u201d<\/em>, said the bishop.<\/p>\n\n\n\n<p>To read the full article, simply <a href=\"https:\/\/www.diariodesuzano.com.br\/regiao\/padre-eustaquio-segue-na-fila-entre-mais-de-50-candidatos-para-se\/57784\/\">click here<\/a>.<\/p>","protected":false},"excerpt":{"rendered":"<p>O Di\u00e1rio de Suzano, site de not\u00edcias da cidade que fica na grande S\u00e3o Paulo, publicou uma mat\u00e9ria, mostrando detalhes sobre a candidatura do Beato Padre Eust\u00e1quio para a Santidade junto ao Vaticano. A publica\u00e7\u00e3o trouxe informa\u00e7\u00f5es sobre a situa\u00e7\u00e3o do Bem-aventurado e os pr\u00f3ximos passos que est\u00e3o sendo tomados no processo de Canoniza\u00e7\u00e3o. Al\u00e9m disso, a mat\u00e9ria traz um pouco da expectativa dos fi\u00e9is de Po\u00e1 e regi\u00e3o, sobre a santifica\u00e7\u00e3o do Beato. Padre Eust\u00e1quio foi o primeiro p\u00e1roco da Igreja Nossa Senhora de Lourdes, em Po\u00e1\/SP. E, de acordo com o bispo diocesano de Mogi das Cruzes, Dom [&hellip;]<\/p>\n","protected":false},"author":2,"featured_media":5189,"comment_status":"open","ping_status":"open","sticky":false,"template":"","format":"standard","meta":{"_acf_changed":false,"footnotes":""},"categories":[611],"tags":[],"class_list":["post-5188","post","type-post","status-publish","format-standard","has-post-thumbnail","hentry","category-noticias"],"acf":[],"yoast_head":"<!-- This site is optimized with the Yoast SEO plugin v27.2 - https:\/\/yoast.com\/product\/yoast-seo-wordpress\/ -->\n<title>Padre Eust\u00e1quio \u00e9 not\u00edcia em site paulista - Padre Eust\u00e1quio<\/title>\n<meta name=\"robots\" content=\"index, follow, max-snippet:-1, max-image-preview:large, max-video-preview:-1\" \/>\n<link rel=\"canonical\" href=\"https:\/\/www.padreeustaquio.com.br\/en\/father-eustace-and-news-on-a-sao-paulo-website\/\" \/>\n<meta property=\"og:locale\" content=\"en_US\" \/>\n<meta property=\"og:type\" content=\"article\" \/>\n<meta property=\"og:title\" content=\"Padre Eust\u00e1quio \u00e9 not\u00edcia em site paulista - Padre Eust\u00e1quio\" \/>\n<meta property=\"og:description\" content=\"O Di\u00e1rio de Suzano, site de not\u00edcias da cidade que fica na grande S\u00e3o Paulo, publicou uma mat\u00e9ria, mostrando detalhes sobre a candidatura do Beato Padre Eust\u00e1quio para a Santidade junto ao Vaticano. A publica\u00e7\u00e3o trouxe informa\u00e7\u00f5es sobre a situa\u00e7\u00e3o do Bem-aventurado e os pr\u00f3ximos passos que est\u00e3o sendo tomados no processo de Canoniza\u00e7\u00e3o. Al\u00e9m disso, a mat\u00e9ria traz um pouco da expectativa dos fi\u00e9is de Po\u00e1 e regi\u00e3o, sobre a santifica\u00e7\u00e3o do Beato. Padre Eust\u00e1quio foi o primeiro p\u00e1roco da Igreja Nossa Senhora de Lourdes, em Po\u00e1\/SP. E, de acordo com o bispo diocesano de Mogi das Cruzes, Dom [&hellip;]\" \/>\n<meta property=\"og:url\" content=\"https:\/\/www.padreeustaquio.com.br\/en\/father-eustace-and-news-on-a-sao-paulo-website\/\" \/>\n<meta property=\"og:site_name\" content=\"Padre Eust\u00e1quio\" \/>\n<meta property=\"article:publisher\" content=\"https:\/\/www.facebook.com\/beatopadreeustaquio\/\" \/>\n<meta property=\"article:published_time\" content=\"2021-03-04T17:33:36+00:00\" \/>\n<meta property=\"og:image\" content=\"https:\/\/www.padreeustaquio.com.br\/wp-content\/uploads\/2021\/03\/Logo-Di\u00e1rio-de-Suzano.jpeg\" \/>\n\t<meta property=\"og:image:width\" content=\"365\" \/>\n\t<meta property=\"og:image:height\" content=\"138\" \/>\n\t<meta property=\"og:image:type\" content=\"image\/jpeg\" \/>\n<meta name=\"author\" content=\"@sscc\" \/>\n<meta name=\"twitter:card\" content=\"summary_large_image\" \/>\n<meta name=\"twitter:creator\" content=\"@beatopeustaquio\" \/>\n<meta name=\"twitter:site\" content=\"@beatopeustaquio\" \/>\n<meta name=\"twitter:label1\" content=\"Written by\" \/>\n\t<meta name=\"twitter:data1\" content=\"@sscc\" \/>\n\t<meta name=\"twitter:label2\" content=\"Est. reading time\" \/>\n\t<meta name=\"twitter:data2\" content=\"1 minute\" \/>\n<script type=\"application\/ld+json\" class=\"yoast-schema-graph\">{\"@context\":\"https:\/\/schema.org\",\"@graph\":[{\"@type\":\"Article\",\"@id\":\"https:\/\/www.padreeustaquio.com.br\/padre-eustaquio-e-noticia-em-site-paulista\/#article\",\"isPartOf\":{\"@id\":\"https:\/\/www.padreeustaquio.com.br\/padre-eustaquio-e-noticia-em-site-paulista\/\"},\"author\":{\"name\":\"@sscc\",\"@id\":\"https:\/\/www.padreeustaquio.com.br\/#\/schema\/person\/a2a51db1d00f1a7af0204a0f1ddb1566\"},\"headline\":\"Padre Eust\u00e1quio \u00e9 not\u00edcia em site paulista\",\"datePublished\":\"2021-03-04T17:33:36+00:00\",\"mainEntityOfPage\":{\"@id\":\"https:\/\/www.padreeustaquio.com.br\/padre-eustaquio-e-noticia-em-site-paulista\/\"},\"wordCount\":188,\"commentCount\":0,\"publisher\":{\"@id\":\"https:\/\/www.padreeustaquio.com.br\/#organization\"},\"image\":{\"@id\":\"https:\/\/www.padreeustaquio.com.br\/padre-eustaquio-e-noticia-em-site-paulista\/#primaryimage\"},\"thumbnailUrl\":\"https:\/\/www.padreeustaquio.com.br\/wp-content\/uploads\/2021\/03\/Logo-Di\u00e1rio-de-Suzano.jpeg\",\"articleSection\":[\"Not\u00edcias\"],\"inLanguage\":\"en-US\",\"potentialAction\":[{\"@type\":\"CommentAction\",\"name\":\"Comment\",\"target\":[\"https:\/\/www.padreeustaquio.com.br\/padre-eustaquio-e-noticia-em-site-paulista\/#respond\"]}]},{\"@type\":\"WebPage\",\"@id\":\"https:\/\/www.padreeustaquio.com.br\/padre-eustaquio-e-noticia-em-site-paulista\/\",\"url\":\"https:\/\/www.padreeustaquio.com.br\/padre-eustaquio-e-noticia-em-site-paulista\/\",\"name\":\"Padre Eust\u00e1quio \u00e9 not\u00edcia em site paulista - Padre Eust\u00e1quio\",\"isPartOf\":{\"@id\":\"https:\/\/www.padreeustaquio.com.br\/#website\"},\"primaryImageOfPage\":{\"@id\":\"https:\/\/www.padreeustaquio.com.br\/padre-eustaquio-e-noticia-em-site-paulista\/#primaryimage\"},\"image\":{\"@id\":\"https:\/\/www.padreeustaquio.com.br\/padre-eustaquio-e-noticia-em-site-paulista\/#primaryimage\"},\"thumbnailUrl\":\"https:\/\/www.padreeustaquio.com.br\/wp-content\/uploads\/2021\/03\/Logo-Di\u00e1rio-de-Suzano.jpeg\",\"datePublished\":\"2021-03-04T17:33:36+00:00\",\"breadcrumb\":{\"@id\":\"https:\/\/www.padreeustaquio.com.br\/padre-eustaquio-e-noticia-em-site-paulista\/#breadcrumb\"},\"inLanguage\":\"en-US\",\"potentialAction\":[{\"@type\":\"ReadAction\",\"target\":[\"https:\/\/www.padreeustaquio.com.br\/padre-eustaquio-e-noticia-em-site-paulista\/\"]}]},{\"@type\":\"ImageObject\",\"inLanguage\":\"en-US\",\"@id\":\"https:\/\/www.padreeustaquio.com.br\/padre-eustaquio-e-noticia-em-site-paulista\/#primaryimage\",\"url\":\"https:\/\/www.padreeustaquio.com.br\/wp-content\/uploads\/2021\/03\/Logo-Di\u00e1rio-de-Suzano.jpeg\",\"contentUrl\":\"https:\/\/www.padreeustaquio.com.br\/wp-content\/uploads\/2021\/03\/Logo-Di\u00e1rio-de-Suzano.jpeg\",\"width\":365,\"height\":138},{\"@type\":\"BreadcrumbList\",\"@id\":\"https:\/\/www.padreeustaquio.com.br\/padre-eustaquio-e-noticia-em-site-paulista\/#breadcrumb\",\"itemListElement\":[{\"@type\":\"ListItem\",\"position\":1,\"name\":\"In\u00edcio\",\"item\":\"https:\/\/www.padreeustaquio.com.br\/\"},{\"@type\":\"ListItem\",\"position\":2,\"name\":\"Padre Eust\u00e1quio \u00e9 not\u00edcia em site paulista\"}]},{\"@type\":\"WebSite\",\"@id\":\"https:\/\/www.padreeustaquio.com.br\/#website\",\"url\":\"https:\/\/www.padreeustaquio.com.br\/\",\"name\":\"Padre Eust\u00e1quio\",\"description\":\"Sa\u00fade e Paz\",\"publisher\":{\"@id\":\"https:\/\/www.padreeustaquio.com.br\/#organization\"},\"potentialAction\":[{\"@type\":\"SearchAction\",\"target\":{\"@type\":\"EntryPoint\",\"urlTemplate\":\"https:\/\/www.padreeustaquio.com.br\/?s={search_term_string}\"},\"query-input\":{\"@type\":\"PropertyValueSpecification\",\"valueRequired\":true,\"valueName\":\"search_term_string\"}}],\"inLanguage\":\"en-US\"},{\"@type\":\"Organization\",\"@id\":\"https:\/\/www.padreeustaquio.com.br\/#organization\",\"name\":\"Padre Eust\u00e1quio\",\"url\":\"https:\/\/www.padreeustaquio.com.br\/\",\"logo\":{\"@type\":\"ImageObject\",\"inLanguage\":\"en-US\",\"@id\":\"https:\/\/www.padreeustaquio.com.br\/#\/schema\/logo\/image\/\",\"url\":\"https:\/\/www.padreeustaquio.com.br\/wp-content\/uploads\/2019\/08\/marca.png\",\"contentUrl\":\"https:\/\/www.padreeustaquio.com.br\/wp-content\/uploads\/2019\/08\/marca.png\",\"width\":350,\"height\":400,\"caption\":\"Padre Eust\u00e1quio\"},\"image\":{\"@id\":\"https:\/\/www.padreeustaquio.com.br\/#\/schema\/logo\/image\/\"},\"sameAs\":[\"https:\/\/www.facebook.com\/beatopadreeustaquio\/\",\"https:\/\/x.com\/beatopeustaquio\",\"https:\/\/www.instagram.com\/beatopadreeustaquio\/\",\"https:\/\/www.youtube.com\/channel\/UCRhw7vfabnajwLxb1ZXMeIw\"]},{\"@type\":\"Person\",\"@id\":\"https:\/\/www.padreeustaquio.com.br\/#\/schema\/person\/a2a51db1d00f1a7af0204a0f1ddb1566\",\"name\":\"@sscc\",\"image\":{\"@type\":\"ImageObject\",\"inLanguage\":\"en-US\",\"@id\":\"https:\/\/secure.gravatar.com\/avatar\/68cfafa5f44617fea54071e215026e0ff06be366c3d54a8425f04fdcb86f8c5f?s=96&d=mm&r=g\",\"url\":\"https:\/\/secure.gravatar.com\/avatar\/68cfafa5f44617fea54071e215026e0ff06be366c3d54a8425f04fdcb86f8c5f?s=96&d=mm&r=g\",\"contentUrl\":\"https:\/\/secure.gravatar.com\/avatar\/68cfafa5f44617fea54071e215026e0ff06be366c3d54a8425f04fdcb86f8c5f?s=96&d=mm&r=g\",\"caption\":\"@sscc\"},\"url\":\"https:\/\/www.padreeustaquio.com.br\/en\/author\/sscc\/\"}]}<\/script>\n<!-- \/ Yoast SEO plugin. -->","yoast_head_json":{"title":"Father Eust\u00e1quio is featured in a news article on a S\u00e3o Paulo website - Father Eust\u00e1quio","robots":{"index":"index","follow":"follow","max-snippet":"max-snippet:-1","max-image-preview":"max-image-preview:large","max-video-preview":"max-video-preview:-1"},"canonical":"https:\/\/www.padreeustaquio.com.br\/en\/father-eustace-and-news-on-a-sao-paulo-website\/","og_locale":"en_US","og_type":"article","og_title":"Padre Eust\u00e1quio \u00e9 not\u00edcia em site paulista - Padre Eust\u00e1quio","og_description":"O Di\u00e1rio de Suzano, site de not\u00edcias da cidade que fica na grande S\u00e3o Paulo, publicou uma mat\u00e9ria, mostrando detalhes sobre a candidatura do Beato Padre Eust\u00e1quio para a Santidade junto ao Vaticano. A publica\u00e7\u00e3o trouxe informa\u00e7\u00f5es sobre a situa\u00e7\u00e3o do Bem-aventurado e os pr\u00f3ximos passos que est\u00e3o sendo tomados no processo de Canoniza\u00e7\u00e3o. Al\u00e9m disso, a mat\u00e9ria traz um pouco da expectativa dos fi\u00e9is de Po\u00e1 e regi\u00e3o, sobre a santifica\u00e7\u00e3o do Beato. Padre Eust\u00e1quio foi o primeiro p\u00e1roco da Igreja Nossa Senhora de Lourdes, em Po\u00e1\/SP. E, de acordo com o bispo diocesano de Mogi das Cruzes, Dom [&hellip;]","og_url":"https:\/\/www.padreeustaquio.com.br\/en\/father-eustace-and-news-on-a-sao-paulo-website\/","og_site_name":"Padre Eust\u00e1quio","article_publisher":"https:\/\/www.facebook.com\/beatopadreeustaquio\/","article_published_time":"2021-03-04T17:33:36+00:00","og_image":[{"width":365,"height":138,"url":"https:\/\/www.padreeustaquio.com.br\/wp-content\/uploads\/2021\/03\/Logo-Di\u00e1rio-de-Suzano.jpeg","type":"image\/jpeg"}],"author":"@sscc","twitter_card":"summary_large_image","twitter_creator":"@beatopeustaquio","twitter_site":"@beatopeustaquio","twitter_misc":{"Written by":"@sscc","Est. reading time":"1 minute"},"schema":{"@context":"https:\/\/schema.org","@graph":[{"@type":"Article","@id":"https:\/\/www.padreeustaquio.com.br\/padre-eustaquio-e-noticia-em-site-paulista\/#article","isPartOf":{"@id":"https:\/\/www.padreeustaquio.com.br\/padre-eustaquio-e-noticia-em-site-paulista\/"},"author":{"name":"@sscc","@id":"https:\/\/www.padreeustaquio.com.br\/#\/schema\/person\/a2a51db1d00f1a7af0204a0f1ddb1566"},"headline":"Padre Eust\u00e1quio \u00e9 not\u00edcia em site paulista","datePublished":"2021-03-04T17:33:36+00:00","mainEntityOfPage":{"@id":"https:\/\/www.padreeustaquio.com.br\/padre-eustaquio-e-noticia-em-site-paulista\/"},"wordCount":188,"commentCount":0,"publisher":{"@id":"https:\/\/www.padreeustaquio.com.br\/#organization"},"image":{"@id":"https:\/\/www.padreeustaquio.com.br\/padre-eustaquio-e-noticia-em-site-paulista\/#primaryimage"},"thumbnailUrl":"https:\/\/www.padreeustaquio.com.br\/wp-content\/uploads\/2021\/03\/Logo-Di\u00e1rio-de-Suzano.jpeg","articleSection":["Not\u00edcias"],"inLanguage":"en-US","potentialAction":[{"@type":"CommentAction","name":"Comment","target":["https:\/\/www.padreeustaquio.com.br\/padre-eustaquio-e-noticia-em-site-paulista\/#respond"]}]},{"@type":"WebPage","@id":"https:\/\/www.padreeustaquio.com.br\/padre-eustaquio-e-noticia-em-site-paulista\/","url":"https:\/\/www.padreeustaquio.com.br\/padre-eustaquio-e-noticia-em-site-paulista\/","name":"Father Eust\u00e1quio is featured in a news article on a S\u00e3o Paulo website - Father Eust\u00e1quio","isPartOf":{"@id":"https:\/\/www.padreeustaquio.com.br\/#website"},"primaryImageOfPage":{"@id":"https:\/\/www.padreeustaquio.com.br\/padre-eustaquio-e-noticia-em-site-paulista\/#primaryimage"},"image":{"@id":"https:\/\/www.padreeustaquio.com.br\/padre-eustaquio-e-noticia-em-site-paulista\/#primaryimage"},"thumbnailUrl":"https:\/\/www.padreeustaquio.com.br\/wp-content\/uploads\/2021\/03\/Logo-Di\u00e1rio-de-Suzano.jpeg","datePublished":"2021-03-04T17:33:36+00:00","breadcrumb":{"@id":"https:\/\/www.padreeustaquio.com.br\/padre-eustaquio-e-noticia-em-site-paulista\/#breadcrumb"},"inLanguage":"en-US","potentialAction":[{"@type":"ReadAction","target":["https:\/\/www.padreeustaquio.com.br\/padre-eustaquio-e-noticia-em-site-paulista\/"]}]},{"@type":"ImageObject","inLanguage":"en-US","@id":"https:\/\/www.padreeustaquio.com.br\/padre-eustaquio-e-noticia-em-site-paulista\/#primaryimage","url":"https:\/\/www.padreeustaquio.com.br\/wp-content\/uploads\/2021\/03\/Logo-Di\u00e1rio-de-Suzano.jpeg","contentUrl":"https:\/\/www.padreeustaquio.com.br\/wp-content\/uploads\/2021\/03\/Logo-Di\u00e1rio-de-Suzano.jpeg","width":365,"height":138},{"@type":"BreadcrumbList","@id":"https:\/\/www.padreeustaquio.com.br\/padre-eustaquio-e-noticia-em-site-paulista\/#breadcrumb","itemListElement":[{"@type":"ListItem","position":1,"name":"In\u00edcio","item":"https:\/\/www.padreeustaquio.com.br\/"},{"@type":"ListItem","position":2,"name":"Padre Eust\u00e1quio \u00e9 not\u00edcia em site paulista"}]},{"@type":"WebSite","@id":"https:\/\/www.padreeustaquio.com.br\/#website","url":"https:\/\/www.padreeustaquio.com.br\/","name":"FATHER EUST\u00c1QUIO","description":"Health and Peace","publisher":{"@id":"https:\/\/www.padreeustaquio.com.br\/#organization"},"potentialAction":[{"@type":"SearchAction","target":{"@type":"EntryPoint","urlTemplate":"https:\/\/www.padreeustaquio.com.br\/?s={search_term_string}"},"query-input":{"@type":"PropertyValueSpecification","valueRequired":true,"valueName":"search_term_string"}}],"inLanguage":"en-US"},{"@type":"Organization","@id":"https:\/\/www.padreeustaquio.com.br\/#organization","name":"FATHER EUST\u00c1QUIO","url":"https:\/\/www.padreeustaquio.com.br\/","logo":{"@type":"ImageObject","inLanguage":"en-US","@id":"https:\/\/www.padreeustaquio.com.br\/#\/schema\/logo\/image\/","url":"https:\/\/www.padreeustaquio.com.br\/wp-content\/uploads\/2019\/08\/marca.png","contentUrl":"https:\/\/www.padreeustaquio.com.br\/wp-content\/uploads\/2019\/08\/marca.png","width":350,"height":400,"caption":"Padre Eust\u00e1quio"},"image":{"@id":"https:\/\/www.padreeustaquio.com.br\/#\/schema\/logo\/image\/"},"sameAs":["https:\/\/www.facebook.com\/beatopadreeustaquio\/","https:\/\/x.com\/beatopeustaquio","https:\/\/www.instagram.com\/beatopadreeustaquio\/","https:\/\/www.youtube.com\/channel\/UCRhw7vfabnajwLxb1ZXMeIw"]},{"@type":"Person","@id":"https:\/\/www.padreeustaquio.com.br\/#\/schema\/person\/a2a51db1d00f1a7af0204a0f1ddb1566","name":"@sscc","image":{"@type":"ImageObject","inLanguage":"en-US","@id":"https:\/\/secure.gravatar.com\/avatar\/68cfafa5f44617fea54071e215026e0ff06be366c3d54a8425f04fdcb86f8c5f?s=96&d=mm&r=g","url":"https:\/\/secure.gravatar.com\/avatar\/68cfafa5f44617fea54071e215026e0ff06be366c3d54a8425f04fdcb86f8c5f?s=96&d=mm&r=g","contentUrl":"https:\/\/secure.gravatar.com\/avatar\/68cfafa5f44617fea54071e215026e0ff06be366c3d54a8425f04fdcb86f8c5f?s=96&d=mm&r=g","caption":"@sscc"},"url":"https:\/\/www.padreeustaquio.com.br\/en\/author\/sscc\/"}]}},"_links":{"self":[{"href":"https:\/\/www.padreeustaquio.com.br\/en\/wp-json\/wp\/v2\/posts\/5188","targetHints":{"allow":["GET"]}}],"collection":[{"href":"https:\/\/www.padreeustaquio.com.br\/en\/wp-json\/wp\/v2\/posts"}],"about":[{"href":"https:\/\/www.padreeustaquio.com.br\/en\/wp-json\/wp\/v2\/types\/post"}],"author":[{"embeddable":true,"href":"https:\/\/www.padreeustaquio.com.br\/en\/wp-json\/wp\/v2\/users\/2"}],"replies":[{"embeddable":true,"href":"https:\/\/www.padreeustaquio.com.br\/en\/wp-json\/wp\/v2\/comments?post=5188"}],"version-history":[{"count":0,"href":"https:\/\/www.padreeustaquio.com.br\/en\/wp-json\/wp\/v2\/posts\/5188\/revisions"}],"wp:featuredmedia":[{"embeddable":true,"href":"https:\/\/www.padreeustaquio.com.br\/en\/wp-json\/wp\/v2\/media\/5189"}],"wp:attachment":[{"href":"https:\/\/www.padreeustaquio.com.br\/en\/wp-json\/wp\/v2\/media?parent=5188"}],"wp:term":[{"taxonomy":"category","embeddable":true,"href":"https:\/\/www.padreeustaquio.com.br\/en\/wp-json\/wp\/v2\/categories?post=5188"},{"taxonomy":"post_tag","embeddable":true,"href":"https:\/\/www.padreeustaquio.com.br\/en\/wp-json\/wp\/v2\/tags?post=5188"}],"curies":[{"name":"wp","href":"https:\/\/api.w.org\/{rel}","templated":true}]}}