{"id":5179,"date":"2021-03-02T05:10:47","date_gmt":"2021-03-02T08:10:47","guid":{"rendered":"https:\/\/www.padreeustaquio.com.br\/?p=5179"},"modified":"2021-03-01T22:23:15","modified_gmt":"2021-03-02T01:23:15","slug":"the-sanctuary-of-health-and-peace-resumes-in-person-services-every-day","status":"publish","type":"post","link":"https:\/\/www.padreeustaquio.com.br\/en\/the-sanctuary-of-health-and-peace-resumes-in-person-services-every-day\/","title":{"rendered":"The Health and Peace Sanctuary resumes in-person services every day."},"content":{"rendered":"<p>The Health and Peace Sanctuary has resumed holding in-person masses every day starting this month. The celebrations had been reduced due to the social isolation necessary to contain the new Coronavirus.<\/p>\n<p>All safety measures continued to be taken to ensure the necessary care for the faithful. Weekday masses, although not requiring a ticket, will be limited to 200 people per day. In addition, temperature checks and sanitization of shoes and hands will be implemented.<\/p>\n<p>For the weekend celebrations, it is still necessary to obtain tickets through our website or at the parish office.<\/p>\n<p>Please see the schedule for in-person services:<\/p>\n<p>Monday to Friday: 7 PM<br \/>\n\u2013 Saturday: 6 PM (advance ticket collection)<br \/>\n\u2013 Sunday: 7:30 am, 10:00 am and 6:00 pm (advance ticket collection)<br \/>\n\u2013 Every 30th of the month: 3 PM<br \/>\n\u2013 First Friday \u2013 4 PM<\/p>","protected":false},"excerpt":{"rendered":"<p>O Santu\u00e1rio Sa\u00fade e Paz voltou, a partir deste m\u00eas, a ter missas presenciais todos os dias. As celebra\u00e7\u00f5es estavam reduzidas devido ao isolamento social necess\u00e1rio para conter o novo Coronav\u00edrus. Todas as medidas de seguran\u00e7a continuaram sendo tomadas para assegurar os cuidados necess\u00e1rios com os fi\u00e9is. As missas durante a semana, apesar de n\u00e3o precisar de senha, poder\u00e3o receber apenas 200 pessoas por dia. Al\u00e9m disso, haver\u00e1 a medi\u00e7\u00e3o da temperatura e a higieniza\u00e7\u00e3o dos cal\u00e7ados e das m\u00e3os. Para as celebra\u00e7\u00f5es do fim de semana, continua sendo preciso fazer a retirada de ingressos em nosso site ou na [&hellip;]<\/p>\n","protected":false},"author":2,"featured_media":5180,"comment_status":"open","ping_status":"open","sticky":false,"template":"","format":"standard","meta":{"_acf_changed":false,"footnotes":""},"categories":[611],"tags":[],"class_list":["post-5179","post","type-post","status-publish","format-standard","has-post-thumbnail","hentry","category-noticias"],"acf":[],"yoast_head":"<!-- This site is optimized with the Yoast SEO plugin v27.2 - https:\/\/yoast.com\/product\/yoast-seo-wordpress\/ -->\n<title>Santu\u00e1rio Sa\u00fade e Paz volta a ter celebra\u00e7\u00f5es presenciais todos os dias - Padre Eust\u00e1quio<\/title>\n<meta name=\"robots\" content=\"index, follow, max-snippet:-1, max-image-preview:large, max-video-preview:-1\" \/>\n<link rel=\"canonical\" href=\"https:\/\/www.padreeustaquio.com.br\/en\/the-sanctuary-of-health-and-peace-resumes-in-person-services-every-day\/\" \/>\n<meta property=\"og:locale\" content=\"en_US\" \/>\n<meta property=\"og:type\" content=\"article\" \/>\n<meta property=\"og:title\" content=\"Santu\u00e1rio Sa\u00fade e Paz volta a ter celebra\u00e7\u00f5es presenciais todos os dias - Padre Eust\u00e1quio\" \/>\n<meta property=\"og:description\" content=\"O Santu\u00e1rio Sa\u00fade e Paz voltou, a partir deste m\u00eas, a ter missas presenciais todos os dias. As celebra\u00e7\u00f5es estavam reduzidas devido ao isolamento social necess\u00e1rio para conter o novo Coronav\u00edrus. Todas as medidas de seguran\u00e7a continuaram sendo tomadas para assegurar os cuidados necess\u00e1rios com os fi\u00e9is. As missas durante a semana, apesar de n\u00e3o precisar de senha, poder\u00e3o receber apenas 200 pessoas por dia. Al\u00e9m disso, haver\u00e1 a medi\u00e7\u00e3o da temperatura e a higieniza\u00e7\u00e3o dos cal\u00e7ados e das m\u00e3os. Para as celebra\u00e7\u00f5es do fim de semana, continua sendo preciso fazer a retirada de ingressos em nosso site ou na [&hellip;]\" \/>\n<meta property=\"og:url\" content=\"https:\/\/www.padreeustaquio.com.br\/en\/the-sanctuary-of-health-and-peace-resumes-in-person-services-every-day\/\" \/>\n<meta property=\"og:site_name\" content=\"Padre Eust\u00e1quio\" \/>\n<meta property=\"article:publisher\" content=\"https:\/\/www.facebook.com\/beatopadreeustaquio\/\" \/>\n<meta property=\"article:published_time\" content=\"2021-03-02T08:10:47+00:00\" \/>\n<meta property=\"og:image\" content=\"https:\/\/www.padreeustaquio.com.br\/wp-content\/uploads\/2021\/03\/Novos-hor\u00e1rios-missa.jpg\" \/>\n\t<meta property=\"og:image:width\" content=\"748\" \/>\n\t<meta property=\"og:image:height\" content=\"394\" \/>\n\t<meta property=\"og:image:type\" content=\"image\/jpeg\" \/>\n<meta name=\"author\" content=\"@sscc\" \/>\n<meta name=\"twitter:card\" content=\"summary_large_image\" \/>\n<meta name=\"twitter:creator\" content=\"@beatopeustaquio\" \/>\n<meta name=\"twitter:site\" content=\"@beatopeustaquio\" \/>\n<meta name=\"twitter:label1\" content=\"Written by\" \/>\n\t<meta name=\"twitter:data1\" content=\"@sscc\" \/>\n\t<meta name=\"twitter:label2\" content=\"Est. reading time\" \/>\n\t<meta name=\"twitter:data2\" content=\"1 minute\" \/>\n<script type=\"application\/ld+json\" class=\"yoast-schema-graph\">{\"@context\":\"https:\/\/schema.org\",\"@graph\":[{\"@type\":\"Article\",\"@id\":\"https:\/\/www.padreeustaquio.com.br\/santuario-saude-e-paz-volta-a-ter-celebracoes-presenciais-todos-os-dias\/#article\",\"isPartOf\":{\"@id\":\"https:\/\/www.padreeustaquio.com.br\/santuario-saude-e-paz-volta-a-ter-celebracoes-presenciais-todos-os-dias\/\"},\"author\":{\"name\":\"@sscc\",\"@id\":\"https:\/\/www.padreeustaquio.com.br\/#\/schema\/person\/a2a51db1d00f1a7af0204a0f1ddb1566\"},\"headline\":\"Santu\u00e1rio Sa\u00fade e Paz volta a ter celebra\u00e7\u00f5es presenciais todos os dias\",\"datePublished\":\"2021-03-02T08:10:47+00:00\",\"mainEntityOfPage\":{\"@id\":\"https:\/\/www.padreeustaquio.com.br\/santuario-saude-e-paz-volta-a-ter-celebracoes-presenciais-todos-os-dias\/\"},\"wordCount\":167,\"commentCount\":0,\"publisher\":{\"@id\":\"https:\/\/www.padreeustaquio.com.br\/#organization\"},\"image\":{\"@id\":\"https:\/\/www.padreeustaquio.com.br\/santuario-saude-e-paz-volta-a-ter-celebracoes-presenciais-todos-os-dias\/#primaryimage\"},\"thumbnailUrl\":\"https:\/\/www.padreeustaquio.com.br\/wp-content\/uploads\/2021\/03\/Novos-hor\u00e1rios-missa.jpg\",\"articleSection\":[\"Not\u00edcias\"],\"inLanguage\":\"en-US\",\"potentialAction\":[{\"@type\":\"CommentAction\",\"name\":\"Comment\",\"target\":[\"https:\/\/www.padreeustaquio.com.br\/santuario-saude-e-paz-volta-a-ter-celebracoes-presenciais-todos-os-dias\/#respond\"]}]},{\"@type\":\"WebPage\",\"@id\":\"https:\/\/www.padreeustaquio.com.br\/santuario-saude-e-paz-volta-a-ter-celebracoes-presenciais-todos-os-dias\/\",\"url\":\"https:\/\/www.padreeustaquio.com.br\/santuario-saude-e-paz-volta-a-ter-celebracoes-presenciais-todos-os-dias\/\",\"name\":\"Santu\u00e1rio Sa\u00fade e Paz volta a ter celebra\u00e7\u00f5es presenciais todos os dias - Padre Eust\u00e1quio\",\"isPartOf\":{\"@id\":\"https:\/\/www.padreeustaquio.com.br\/#website\"},\"primaryImageOfPage\":{\"@id\":\"https:\/\/www.padreeustaquio.com.br\/santuario-saude-e-paz-volta-a-ter-celebracoes-presenciais-todos-os-dias\/#primaryimage\"},\"image\":{\"@id\":\"https:\/\/www.padreeustaquio.com.br\/santuario-saude-e-paz-volta-a-ter-celebracoes-presenciais-todos-os-dias\/#primaryimage\"},\"thumbnailUrl\":\"https:\/\/www.padreeustaquio.com.br\/wp-content\/uploads\/2021\/03\/Novos-hor\u00e1rios-missa.jpg\",\"datePublished\":\"2021-03-02T08:10:47+00:00\",\"breadcrumb\":{\"@id\":\"https:\/\/www.padreeustaquio.com.br\/santuario-saude-e-paz-volta-a-ter-celebracoes-presenciais-todos-os-dias\/#breadcrumb\"},\"inLanguage\":\"en-US\",\"potentialAction\":[{\"@type\":\"ReadAction\",\"target\":[\"https:\/\/www.padreeustaquio.com.br\/santuario-saude-e-paz-volta-a-ter-celebracoes-presenciais-todos-os-dias\/\"]}]},{\"@type\":\"ImageObject\",\"inLanguage\":\"en-US\",\"@id\":\"https:\/\/www.padreeustaquio.com.br\/santuario-saude-e-paz-volta-a-ter-celebracoes-presenciais-todos-os-dias\/#primaryimage\",\"url\":\"https:\/\/www.padreeustaquio.com.br\/wp-content\/uploads\/2021\/03\/Novos-hor\u00e1rios-missa.jpg\",\"contentUrl\":\"https:\/\/www.padreeustaquio.com.br\/wp-content\/uploads\/2021\/03\/Novos-hor\u00e1rios-missa.jpg\",\"width\":748,\"height\":394},{\"@type\":\"BreadcrumbList\",\"@id\":\"https:\/\/www.padreeustaquio.com.br\/santuario-saude-e-paz-volta-a-ter-celebracoes-presenciais-todos-os-dias\/#breadcrumb\",\"itemListElement\":[{\"@type\":\"ListItem\",\"position\":1,\"name\":\"In\u00edcio\",\"item\":\"https:\/\/www.padreeustaquio.com.br\/\"},{\"@type\":\"ListItem\",\"position\":2,\"name\":\"Santu\u00e1rio Sa\u00fade e Paz volta a ter celebra\u00e7\u00f5es presenciais todos os dias\"}]},{\"@type\":\"WebSite\",\"@id\":\"https:\/\/www.padreeustaquio.com.br\/#website\",\"url\":\"https:\/\/www.padreeustaquio.com.br\/\",\"name\":\"Padre Eust\u00e1quio\",\"description\":\"Sa\u00fade e Paz\",\"publisher\":{\"@id\":\"https:\/\/www.padreeustaquio.com.br\/#organization\"},\"potentialAction\":[{\"@type\":\"SearchAction\",\"target\":{\"@type\":\"EntryPoint\",\"urlTemplate\":\"https:\/\/www.padreeustaquio.com.br\/?s={search_term_string}\"},\"query-input\":{\"@type\":\"PropertyValueSpecification\",\"valueRequired\":true,\"valueName\":\"search_term_string\"}}],\"inLanguage\":\"en-US\"},{\"@type\":\"Organization\",\"@id\":\"https:\/\/www.padreeustaquio.com.br\/#organization\",\"name\":\"Padre Eust\u00e1quio\",\"url\":\"https:\/\/www.padreeustaquio.com.br\/\",\"logo\":{\"@type\":\"ImageObject\",\"inLanguage\":\"en-US\",\"@id\":\"https:\/\/www.padreeustaquio.com.br\/#\/schema\/logo\/image\/\",\"url\":\"https:\/\/www.padreeustaquio.com.br\/wp-content\/uploads\/2019\/08\/marca.png\",\"contentUrl\":\"https:\/\/www.padreeustaquio.com.br\/wp-content\/uploads\/2019\/08\/marca.png\",\"width\":350,\"height\":400,\"caption\":\"Padre Eust\u00e1quio\"},\"image\":{\"@id\":\"https:\/\/www.padreeustaquio.com.br\/#\/schema\/logo\/image\/\"},\"sameAs\":[\"https:\/\/www.facebook.com\/beatopadreeustaquio\/\",\"https:\/\/x.com\/beatopeustaquio\",\"https:\/\/www.instagram.com\/beatopadreeustaquio\/\",\"https:\/\/www.youtube.com\/channel\/UCRhw7vfabnajwLxb1ZXMeIw\"]},{\"@type\":\"Person\",\"@id\":\"https:\/\/www.padreeustaquio.com.br\/#\/schema\/person\/a2a51db1d00f1a7af0204a0f1ddb1566\",\"name\":\"@sscc\",\"image\":{\"@type\":\"ImageObject\",\"inLanguage\":\"en-US\",\"@id\":\"https:\/\/secure.gravatar.com\/avatar\/68cfafa5f44617fea54071e215026e0ff06be366c3d54a8425f04fdcb86f8c5f?s=96&d=mm&r=g\",\"url\":\"https:\/\/secure.gravatar.com\/avatar\/68cfafa5f44617fea54071e215026e0ff06be366c3d54a8425f04fdcb86f8c5f?s=96&d=mm&r=g\",\"contentUrl\":\"https:\/\/secure.gravatar.com\/avatar\/68cfafa5f44617fea54071e215026e0ff06be366c3d54a8425f04fdcb86f8c5f?s=96&d=mm&r=g\",\"caption\":\"@sscc\"},\"url\":\"https:\/\/www.padreeustaquio.com.br\/en\/author\/sscc\/\"}]}<\/script>\n<!-- \/ Yoast SEO plugin. -->","yoast_head_json":{"title":"The Health and Peace Sanctuary resumes in-person services every day - Father Eust\u00e1quio","robots":{"index":"index","follow":"follow","max-snippet":"max-snippet:-1","max-image-preview":"max-image-preview:large","max-video-preview":"max-video-preview:-1"},"canonical":"https:\/\/www.padreeustaquio.com.br\/en\/the-sanctuary-of-health-and-peace-resumes-in-person-services-every-day\/","og_locale":"en_US","og_type":"article","og_title":"Santu\u00e1rio Sa\u00fade e Paz volta a ter celebra\u00e7\u00f5es presenciais todos os dias - Padre Eust\u00e1quio","og_description":"O Santu\u00e1rio Sa\u00fade e Paz voltou, a partir deste m\u00eas, a ter missas presenciais todos os dias. As celebra\u00e7\u00f5es estavam reduzidas devido ao isolamento social necess\u00e1rio para conter o novo Coronav\u00edrus. Todas as medidas de seguran\u00e7a continuaram sendo tomadas para assegurar os cuidados necess\u00e1rios com os fi\u00e9is. As missas durante a semana, apesar de n\u00e3o precisar de senha, poder\u00e3o receber apenas 200 pessoas por dia. Al\u00e9m disso, haver\u00e1 a medi\u00e7\u00e3o da temperatura e a higieniza\u00e7\u00e3o dos cal\u00e7ados e das m\u00e3os. Para as celebra\u00e7\u00f5es do fim de semana, continua sendo preciso fazer a retirada de ingressos em nosso site ou na [&hellip;]","og_url":"https:\/\/www.padreeustaquio.com.br\/en\/the-sanctuary-of-health-and-peace-resumes-in-person-services-every-day\/","og_site_name":"Padre Eust\u00e1quio","article_publisher":"https:\/\/www.facebook.com\/beatopadreeustaquio\/","article_published_time":"2021-03-02T08:10:47+00:00","og_image":[{"width":748,"height":394,"url":"https:\/\/www.padreeustaquio.com.br\/wp-content\/uploads\/2021\/03\/Novos-hor\u00e1rios-missa.jpg","type":"image\/jpeg"}],"author":"@sscc","twitter_card":"summary_large_image","twitter_creator":"@beatopeustaquio","twitter_site":"@beatopeustaquio","twitter_misc":{"Written by":"@sscc","Est. reading time":"1 minute"},"schema":{"@context":"https:\/\/schema.org","@graph":[{"@type":"Article","@id":"https:\/\/www.padreeustaquio.com.br\/santuario-saude-e-paz-volta-a-ter-celebracoes-presenciais-todos-os-dias\/#article","isPartOf":{"@id":"https:\/\/www.padreeustaquio.com.br\/santuario-saude-e-paz-volta-a-ter-celebracoes-presenciais-todos-os-dias\/"},"author":{"name":"@sscc","@id":"https:\/\/www.padreeustaquio.com.br\/#\/schema\/person\/a2a51db1d00f1a7af0204a0f1ddb1566"},"headline":"Santu\u00e1rio Sa\u00fade e Paz volta a ter celebra\u00e7\u00f5es presenciais todos os dias","datePublished":"2021-03-02T08:10:47+00:00","mainEntityOfPage":{"@id":"https:\/\/www.padreeustaquio.com.br\/santuario-saude-e-paz-volta-a-ter-celebracoes-presenciais-todos-os-dias\/"},"wordCount":167,"commentCount":0,"publisher":{"@id":"https:\/\/www.padreeustaquio.com.br\/#organization"},"image":{"@id":"https:\/\/www.padreeustaquio.com.br\/santuario-saude-e-paz-volta-a-ter-celebracoes-presenciais-todos-os-dias\/#primaryimage"},"thumbnailUrl":"https:\/\/www.padreeustaquio.com.br\/wp-content\/uploads\/2021\/03\/Novos-hor\u00e1rios-missa.jpg","articleSection":["Not\u00edcias"],"inLanguage":"en-US","potentialAction":[{"@type":"CommentAction","name":"Comment","target":["https:\/\/www.padreeustaquio.com.br\/santuario-saude-e-paz-volta-a-ter-celebracoes-presenciais-todos-os-dias\/#respond"]}]},{"@type":"WebPage","@id":"https:\/\/www.padreeustaquio.com.br\/santuario-saude-e-paz-volta-a-ter-celebracoes-presenciais-todos-os-dias\/","url":"https:\/\/www.padreeustaquio.com.br\/santuario-saude-e-paz-volta-a-ter-celebracoes-presenciais-todos-os-dias\/","name":"The Health and Peace Sanctuary resumes in-person services every day - Father Eust\u00e1quio","isPartOf":{"@id":"https:\/\/www.padreeustaquio.com.br\/#website"},"primaryImageOfPage":{"@id":"https:\/\/www.padreeustaquio.com.br\/santuario-saude-e-paz-volta-a-ter-celebracoes-presenciais-todos-os-dias\/#primaryimage"},"image":{"@id":"https:\/\/www.padreeustaquio.com.br\/santuario-saude-e-paz-volta-a-ter-celebracoes-presenciais-todos-os-dias\/#primaryimage"},"thumbnailUrl":"https:\/\/www.padreeustaquio.com.br\/wp-content\/uploads\/2021\/03\/Novos-hor\u00e1rios-missa.jpg","datePublished":"2021-03-02T08:10:47+00:00","breadcrumb":{"@id":"https:\/\/www.padreeustaquio.com.br\/santuario-saude-e-paz-volta-a-ter-celebracoes-presenciais-todos-os-dias\/#breadcrumb"},"inLanguage":"en-US","potentialAction":[{"@type":"ReadAction","target":["https:\/\/www.padreeustaquio.com.br\/santuario-saude-e-paz-volta-a-ter-celebracoes-presenciais-todos-os-dias\/"]}]},{"@type":"ImageObject","inLanguage":"en-US","@id":"https:\/\/www.padreeustaquio.com.br\/santuario-saude-e-paz-volta-a-ter-celebracoes-presenciais-todos-os-dias\/#primaryimage","url":"https:\/\/www.padreeustaquio.com.br\/wp-content\/uploads\/2021\/03\/Novos-hor\u00e1rios-missa.jpg","contentUrl":"https:\/\/www.padreeustaquio.com.br\/wp-content\/uploads\/2021\/03\/Novos-hor\u00e1rios-missa.jpg","width":748,"height":394},{"@type":"BreadcrumbList","@id":"https:\/\/www.padreeustaquio.com.br\/santuario-saude-e-paz-volta-a-ter-celebracoes-presenciais-todos-os-dias\/#breadcrumb","itemListElement":[{"@type":"ListItem","position":1,"name":"In\u00edcio","item":"https:\/\/www.padreeustaquio.com.br\/"},{"@type":"ListItem","position":2,"name":"Santu\u00e1rio Sa\u00fade e Paz volta a ter celebra\u00e7\u00f5es presenciais todos os dias"}]},{"@type":"WebSite","@id":"https:\/\/www.padreeustaquio.com.br\/#website","url":"https:\/\/www.padreeustaquio.com.br\/","name":"FATHER EUST\u00c1QUIO","description":"Health and Peace","publisher":{"@id":"https:\/\/www.padreeustaquio.com.br\/#organization"},"potentialAction":[{"@type":"SearchAction","target":{"@type":"EntryPoint","urlTemplate":"https:\/\/www.padreeustaquio.com.br\/?s={search_term_string}"},"query-input":{"@type":"PropertyValueSpecification","valueRequired":true,"valueName":"search_term_string"}}],"inLanguage":"en-US"},{"@type":"Organization","@id":"https:\/\/www.padreeustaquio.com.br\/#organization","name":"FATHER EUST\u00c1QUIO","url":"https:\/\/www.padreeustaquio.com.br\/","logo":{"@type":"ImageObject","inLanguage":"en-US","@id":"https:\/\/www.padreeustaquio.com.br\/#\/schema\/logo\/image\/","url":"https:\/\/www.padreeustaquio.com.br\/wp-content\/uploads\/2019\/08\/marca.png","contentUrl":"https:\/\/www.padreeustaquio.com.br\/wp-content\/uploads\/2019\/08\/marca.png","width":350,"height":400,"caption":"Padre Eust\u00e1quio"},"image":{"@id":"https:\/\/www.padreeustaquio.com.br\/#\/schema\/logo\/image\/"},"sameAs":["https:\/\/www.facebook.com\/beatopadreeustaquio\/","https:\/\/x.com\/beatopeustaquio","https:\/\/www.instagram.com\/beatopadreeustaquio\/","https:\/\/www.youtube.com\/channel\/UCRhw7vfabnajwLxb1ZXMeIw"]},{"@type":"Person","@id":"https:\/\/www.padreeustaquio.com.br\/#\/schema\/person\/a2a51db1d00f1a7af0204a0f1ddb1566","name":"@sscc","image":{"@type":"ImageObject","inLanguage":"en-US","@id":"https:\/\/secure.gravatar.com\/avatar\/68cfafa5f44617fea54071e215026e0ff06be366c3d54a8425f04fdcb86f8c5f?s=96&d=mm&r=g","url":"https:\/\/secure.gravatar.com\/avatar\/68cfafa5f44617fea54071e215026e0ff06be366c3d54a8425f04fdcb86f8c5f?s=96&d=mm&r=g","contentUrl":"https:\/\/secure.gravatar.com\/avatar\/68cfafa5f44617fea54071e215026e0ff06be366c3d54a8425f04fdcb86f8c5f?s=96&d=mm&r=g","caption":"@sscc"},"url":"https:\/\/www.padreeustaquio.com.br\/en\/author\/sscc\/"}]}},"_links":{"self":[{"href":"https:\/\/www.padreeustaquio.com.br\/en\/wp-json\/wp\/v2\/posts\/5179","targetHints":{"allow":["GET"]}}],"collection":[{"href":"https:\/\/www.padreeustaquio.com.br\/en\/wp-json\/wp\/v2\/posts"}],"about":[{"href":"https:\/\/www.padreeustaquio.com.br\/en\/wp-json\/wp\/v2\/types\/post"}],"author":[{"embeddable":true,"href":"https:\/\/www.padreeustaquio.com.br\/en\/wp-json\/wp\/v2\/users\/2"}],"replies":[{"embeddable":true,"href":"https:\/\/www.padreeustaquio.com.br\/en\/wp-json\/wp\/v2\/comments?post=5179"}],"version-history":[{"count":0,"href":"https:\/\/www.padreeustaquio.com.br\/en\/wp-json\/wp\/v2\/posts\/5179\/revisions"}],"wp:featuredmedia":[{"embeddable":true,"href":"https:\/\/www.padreeustaquio.com.br\/en\/wp-json\/wp\/v2\/media\/5180"}],"wp:attachment":[{"href":"https:\/\/www.padreeustaquio.com.br\/en\/wp-json\/wp\/v2\/media?parent=5179"}],"wp:term":[{"taxonomy":"category","embeddable":true,"href":"https:\/\/www.padreeustaquio.com.br\/en\/wp-json\/wp\/v2\/categories?post=5179"},{"taxonomy":"post_tag","embeddable":true,"href":"https:\/\/www.padreeustaquio.com.br\/en\/wp-json\/wp\/v2\/tags?post=5179"}],"curies":[{"name":"wp","href":"https:\/\/api.w.org\/{rel}","templated":true}]}}