{"id":5168,"date":"2021-03-05T09:15:25","date_gmt":"2021-03-05T12:15:25","guid":{"rendered":"https:\/\/www.padreeustaquio.com.br\/?p=5168"},"modified":"2021-03-03T20:04:30","modified_gmt":"2021-03-03T23:04:30","slug":"viva-sacra-with-meditations-by-father-eustace","status":"publish","type":"post","link":"https:\/\/www.padreeustaquio.com.br\/en\/viva-sacra-with-meditations-by-father-eustace\/","title":{"rendered":"Are you familiar with the Stations of the Cross with meditations by Blessed Father Eustace?"},"content":{"rendered":"<p>One of the most common forms of devotion during Lent is meditation on the Stations of the Cross, or the... <em>\u201c&quot;Via Crucis&quot;\u201d<\/em>. It is based on the journey taken by Jesus, carrying the Holy Cross to Calvary.<\/p>\n<p>For those devoted to Blessed Father Eustace, a Stations of the Cross has been developed with prayers and meditations of the Blessed. It&#039;s a way to experience the spirituality of this liturgical period, reliving the Passion of Christ in 15 stations, beginning with the condemnation and ending with the Resurrection of Jesus. All of this is based on texts extracted from Father Eustace&#039;s writings and homilies.<\/p>\n<p>The booklet was created by the Secretariat for the Cause of Canonization and is being used at the Health and Peace Sanctuary for the Stations of the Cross meditation at 6 PM every Friday during Lent.<\/p>\n<p>If you wish, you can take the Stations of the Cross with meditations by Blessed Father Eustace home and experience this moment of prayer with your family. The booklet can be purchased at the Father Eustace Store, attached to the Sanctuary. The telephone number is (31) 3567-0314.<\/p>","protected":false},"excerpt":{"rendered":"<p>Uma das formas de devo\u00e7\u00e3o muito comum durante o per\u00edodo da Quaresma \u00e9 a medita\u00e7\u00e3o da Via Sacra, ou da &#8220;Via Crucis&#8221;. Ela \u00e9 baseada no trajeto percorrido por Jesus, carregando a Santa Cruz at\u00e9 o Calv\u00e1rio. Pra quem \u00e9 devoto do Beato Padre Eust\u00e1quio, uma Via Sacra foi desenvolvida com ora\u00e7\u00f5es e medita\u00e7\u00f5es do Bem-aventurado. Uma forma de viver a espiritualidade deste per\u00edodo lit\u00fargico, revivendo a Paix\u00e3o de Cristo em 15 esta\u00e7\u00f5es, come\u00e7ando com a condena\u00e7\u00e3o e indo at\u00e9 a Ressurrei\u00e7\u00e3o de Jesus. Tudo, a partir de textos extra\u00eddos de escritos e homilias de Padre Eust\u00e1quio. O livreto foi [&hellip;]<\/p>\n","protected":false},"author":2,"featured_media":5169,"comment_status":"open","ping_status":"open","sticky":false,"template":"","format":"standard","meta":{"_acf_changed":false,"footnotes":""},"categories":[611],"tags":[],"class_list":["post-5168","post","type-post","status-publish","format-standard","has-post-thumbnail","hentry","category-noticias"],"acf":[],"yoast_head":"<!-- This site is optimized with the Yoast SEO plugin v27.2 - https:\/\/yoast.com\/product\/yoast-seo-wordpress\/ -->\n<title>Voc\u00ea conhece a Via Sacra com medita\u00e7\u00f5es do Bem-Aventurado Padre Eust\u00e1quio? - Padre Eust\u00e1quio<\/title>\n<meta name=\"robots\" content=\"index, follow, max-snippet:-1, max-image-preview:large, max-video-preview:-1\" \/>\n<link rel=\"canonical\" href=\"https:\/\/www.padreeustaquio.com.br\/en\/viva-sacra-with-meditations-by-father-eustace\/\" \/>\n<meta property=\"og:locale\" content=\"en_US\" \/>\n<meta property=\"og:type\" content=\"article\" \/>\n<meta property=\"og:title\" content=\"Voc\u00ea conhece a Via Sacra com medita\u00e7\u00f5es do Bem-Aventurado Padre Eust\u00e1quio? - Padre Eust\u00e1quio\" \/>\n<meta property=\"og:description\" content=\"Uma das formas de devo\u00e7\u00e3o muito comum durante o per\u00edodo da Quaresma \u00e9 a medita\u00e7\u00e3o da Via Sacra, ou da &#8220;Via Crucis&#8221;. Ela \u00e9 baseada no trajeto percorrido por Jesus, carregando a Santa Cruz at\u00e9 o Calv\u00e1rio. Pra quem \u00e9 devoto do Beato Padre Eust\u00e1quio, uma Via Sacra foi desenvolvida com ora\u00e7\u00f5es e medita\u00e7\u00f5es do Bem-aventurado. Uma forma de viver a espiritualidade deste per\u00edodo lit\u00fargico, revivendo a Paix\u00e3o de Cristo em 15 esta\u00e7\u00f5es, come\u00e7ando com a condena\u00e7\u00e3o e indo at\u00e9 a Ressurrei\u00e7\u00e3o de Jesus. Tudo, a partir de textos extra\u00eddos de escritos e homilias de Padre Eust\u00e1quio. O livreto foi [&hellip;]\" \/>\n<meta property=\"og:url\" content=\"https:\/\/www.padreeustaquio.com.br\/en\/viva-sacra-with-meditations-by-father-eustace\/\" \/>\n<meta property=\"og:site_name\" content=\"Padre Eust\u00e1quio\" \/>\n<meta property=\"article:publisher\" content=\"https:\/\/www.facebook.com\/beatopadreeustaquio\/\" \/>\n<meta property=\"article:published_time\" content=\"2021-03-05T12:15:25+00:00\" \/>\n<meta property=\"og:image\" content=\"https:\/\/www.padreeustaquio.com.br\/wp-content\/uploads\/2021\/02\/Via-sacra-com-padre-eustaquio.jpeg\" \/>\n\t<meta property=\"og:image:width\" content=\"1032\" \/>\n\t<meta property=\"og:image:height\" content=\"774\" \/>\n\t<meta property=\"og:image:type\" content=\"image\/jpeg\" \/>\n<meta name=\"author\" content=\"@sscc\" \/>\n<meta name=\"twitter:card\" content=\"summary_large_image\" \/>\n<meta name=\"twitter:creator\" content=\"@beatopeustaquio\" \/>\n<meta name=\"twitter:site\" content=\"@beatopeustaquio\" \/>\n<meta name=\"twitter:label1\" content=\"Written by\" \/>\n\t<meta name=\"twitter:data1\" content=\"@sscc\" \/>\n\t<meta name=\"twitter:label2\" content=\"Est. reading time\" \/>\n\t<meta name=\"twitter:data2\" content=\"1 minute\" \/>\n<script type=\"application\/ld+json\" class=\"yoast-schema-graph\">{\"@context\":\"https:\/\/schema.org\",\"@graph\":[{\"@type\":\"Article\",\"@id\":\"https:\/\/www.padreeustaquio.com.br\/viva-sacra-com-meditacoes-padreeustaquio\/#article\",\"isPartOf\":{\"@id\":\"https:\/\/www.padreeustaquio.com.br\/viva-sacra-com-meditacoes-padreeustaquio\/\"},\"author\":{\"name\":\"@sscc\",\"@id\":\"https:\/\/www.padreeustaquio.com.br\/#\/schema\/person\/a2a51db1d00f1a7af0204a0f1ddb1566\"},\"headline\":\"Voc\u00ea conhece a Via Sacra com medita\u00e7\u00f5es do Bem-Aventurado Padre Eust\u00e1quio?\",\"datePublished\":\"2021-03-05T12:15:25+00:00\",\"mainEntityOfPage\":{\"@id\":\"https:\/\/www.padreeustaquio.com.br\/viva-sacra-com-meditacoes-padreeustaquio\/\"},\"wordCount\":207,\"commentCount\":0,\"publisher\":{\"@id\":\"https:\/\/www.padreeustaquio.com.br\/#organization\"},\"image\":{\"@id\":\"https:\/\/www.padreeustaquio.com.br\/viva-sacra-com-meditacoes-padreeustaquio\/#primaryimage\"},\"thumbnailUrl\":\"https:\/\/www.padreeustaquio.com.br\/wp-content\/uploads\/2021\/02\/Via-sacra-com-padre-eustaquio.jpeg\",\"articleSection\":[\"Not\u00edcias\"],\"inLanguage\":\"en-US\",\"potentialAction\":[{\"@type\":\"CommentAction\",\"name\":\"Comment\",\"target\":[\"https:\/\/www.padreeustaquio.com.br\/viva-sacra-com-meditacoes-padreeustaquio\/#respond\"]}]},{\"@type\":\"WebPage\",\"@id\":\"https:\/\/www.padreeustaquio.com.br\/viva-sacra-com-meditacoes-padreeustaquio\/\",\"url\":\"https:\/\/www.padreeustaquio.com.br\/viva-sacra-com-meditacoes-padreeustaquio\/\",\"name\":\"Voc\u00ea conhece a Via Sacra com medita\u00e7\u00f5es do Bem-Aventurado Padre Eust\u00e1quio? - Padre Eust\u00e1quio\",\"isPartOf\":{\"@id\":\"https:\/\/www.padreeustaquio.com.br\/#website\"},\"primaryImageOfPage\":{\"@id\":\"https:\/\/www.padreeustaquio.com.br\/viva-sacra-com-meditacoes-padreeustaquio\/#primaryimage\"},\"image\":{\"@id\":\"https:\/\/www.padreeustaquio.com.br\/viva-sacra-com-meditacoes-padreeustaquio\/#primaryimage\"},\"thumbnailUrl\":\"https:\/\/www.padreeustaquio.com.br\/wp-content\/uploads\/2021\/02\/Via-sacra-com-padre-eustaquio.jpeg\",\"datePublished\":\"2021-03-05T12:15:25+00:00\",\"breadcrumb\":{\"@id\":\"https:\/\/www.padreeustaquio.com.br\/viva-sacra-com-meditacoes-padreeustaquio\/#breadcrumb\"},\"inLanguage\":\"en-US\",\"potentialAction\":[{\"@type\":\"ReadAction\",\"target\":[\"https:\/\/www.padreeustaquio.com.br\/viva-sacra-com-meditacoes-padreeustaquio\/\"]}]},{\"@type\":\"ImageObject\",\"inLanguage\":\"en-US\",\"@id\":\"https:\/\/www.padreeustaquio.com.br\/viva-sacra-com-meditacoes-padreeustaquio\/#primaryimage\",\"url\":\"https:\/\/www.padreeustaquio.com.br\/wp-content\/uploads\/2021\/02\/Via-sacra-com-padre-eustaquio.jpeg\",\"contentUrl\":\"https:\/\/www.padreeustaquio.com.br\/wp-content\/uploads\/2021\/02\/Via-sacra-com-padre-eustaquio.jpeg\",\"width\":1032,\"height\":774},{\"@type\":\"BreadcrumbList\",\"@id\":\"https:\/\/www.padreeustaquio.com.br\/viva-sacra-com-meditacoes-padreeustaquio\/#breadcrumb\",\"itemListElement\":[{\"@type\":\"ListItem\",\"position\":1,\"name\":\"In\u00edcio\",\"item\":\"https:\/\/www.padreeustaquio.com.br\/\"},{\"@type\":\"ListItem\",\"position\":2,\"name\":\"Voc\u00ea conhece a Via Sacra com medita\u00e7\u00f5es do Bem-Aventurado Padre Eust\u00e1quio?\"}]},{\"@type\":\"WebSite\",\"@id\":\"https:\/\/www.padreeustaquio.com.br\/#website\",\"url\":\"https:\/\/www.padreeustaquio.com.br\/\",\"name\":\"Padre Eust\u00e1quio\",\"description\":\"Sa\u00fade e Paz\",\"publisher\":{\"@id\":\"https:\/\/www.padreeustaquio.com.br\/#organization\"},\"potentialAction\":[{\"@type\":\"SearchAction\",\"target\":{\"@type\":\"EntryPoint\",\"urlTemplate\":\"https:\/\/www.padreeustaquio.com.br\/?s={search_term_string}\"},\"query-input\":{\"@type\":\"PropertyValueSpecification\",\"valueRequired\":true,\"valueName\":\"search_term_string\"}}],\"inLanguage\":\"en-US\"},{\"@type\":\"Organization\",\"@id\":\"https:\/\/www.padreeustaquio.com.br\/#organization\",\"name\":\"Padre Eust\u00e1quio\",\"url\":\"https:\/\/www.padreeustaquio.com.br\/\",\"logo\":{\"@type\":\"ImageObject\",\"inLanguage\":\"en-US\",\"@id\":\"https:\/\/www.padreeustaquio.com.br\/#\/schema\/logo\/image\/\",\"url\":\"https:\/\/www.padreeustaquio.com.br\/wp-content\/uploads\/2019\/08\/marca.png\",\"contentUrl\":\"https:\/\/www.padreeustaquio.com.br\/wp-content\/uploads\/2019\/08\/marca.png\",\"width\":350,\"height\":400,\"caption\":\"Padre Eust\u00e1quio\"},\"image\":{\"@id\":\"https:\/\/www.padreeustaquio.com.br\/#\/schema\/logo\/image\/\"},\"sameAs\":[\"https:\/\/www.facebook.com\/beatopadreeustaquio\/\",\"https:\/\/x.com\/beatopeustaquio\",\"https:\/\/www.instagram.com\/beatopadreeustaquio\/\",\"https:\/\/www.youtube.com\/channel\/UCRhw7vfabnajwLxb1ZXMeIw\"]},{\"@type\":\"Person\",\"@id\":\"https:\/\/www.padreeustaquio.com.br\/#\/schema\/person\/a2a51db1d00f1a7af0204a0f1ddb1566\",\"name\":\"@sscc\",\"image\":{\"@type\":\"ImageObject\",\"inLanguage\":\"en-US\",\"@id\":\"https:\/\/secure.gravatar.com\/avatar\/68cfafa5f44617fea54071e215026e0ff06be366c3d54a8425f04fdcb86f8c5f?s=96&d=mm&r=g\",\"url\":\"https:\/\/secure.gravatar.com\/avatar\/68cfafa5f44617fea54071e215026e0ff06be366c3d54a8425f04fdcb86f8c5f?s=96&d=mm&r=g\",\"contentUrl\":\"https:\/\/secure.gravatar.com\/avatar\/68cfafa5f44617fea54071e215026e0ff06be366c3d54a8425f04fdcb86f8c5f?s=96&d=mm&r=g\",\"caption\":\"@sscc\"},\"url\":\"https:\/\/www.padreeustaquio.com.br\/en\/author\/sscc\/\"}]}<\/script>\n<!-- \/ Yoast SEO plugin. -->","yoast_head_json":{"title":"Are you familiar with the Stations of the Cross with meditations by Blessed Father Eustace? - Father Eustace","robots":{"index":"index","follow":"follow","max-snippet":"max-snippet:-1","max-image-preview":"max-image-preview:large","max-video-preview":"max-video-preview:-1"},"canonical":"https:\/\/www.padreeustaquio.com.br\/en\/viva-sacra-with-meditations-by-father-eustace\/","og_locale":"en_US","og_type":"article","og_title":"Voc\u00ea conhece a Via Sacra com medita\u00e7\u00f5es do Bem-Aventurado Padre Eust\u00e1quio? - Padre Eust\u00e1quio","og_description":"Uma das formas de devo\u00e7\u00e3o muito comum durante o per\u00edodo da Quaresma \u00e9 a medita\u00e7\u00e3o da Via Sacra, ou da &#8220;Via Crucis&#8221;. Ela \u00e9 baseada no trajeto percorrido por Jesus, carregando a Santa Cruz at\u00e9 o Calv\u00e1rio. Pra quem \u00e9 devoto do Beato Padre Eust\u00e1quio, uma Via Sacra foi desenvolvida com ora\u00e7\u00f5es e medita\u00e7\u00f5es do Bem-aventurado. Uma forma de viver a espiritualidade deste per\u00edodo lit\u00fargico, revivendo a Paix\u00e3o de Cristo em 15 esta\u00e7\u00f5es, come\u00e7ando com a condena\u00e7\u00e3o e indo at\u00e9 a Ressurrei\u00e7\u00e3o de Jesus. Tudo, a partir de textos extra\u00eddos de escritos e homilias de Padre Eust\u00e1quio. O livreto foi [&hellip;]","og_url":"https:\/\/www.padreeustaquio.com.br\/en\/viva-sacra-with-meditations-by-father-eustace\/","og_site_name":"Padre Eust\u00e1quio","article_publisher":"https:\/\/www.facebook.com\/beatopadreeustaquio\/","article_published_time":"2021-03-05T12:15:25+00:00","og_image":[{"width":1032,"height":774,"url":"https:\/\/www.padreeustaquio.com.br\/wp-content\/uploads\/2021\/02\/Via-sacra-com-padre-eustaquio.jpeg","type":"image\/jpeg"}],"author":"@sscc","twitter_card":"summary_large_image","twitter_creator":"@beatopeustaquio","twitter_site":"@beatopeustaquio","twitter_misc":{"Written by":"@sscc","Est. reading time":"1 minute"},"schema":{"@context":"https:\/\/schema.org","@graph":[{"@type":"Article","@id":"https:\/\/www.padreeustaquio.com.br\/viva-sacra-com-meditacoes-padreeustaquio\/#article","isPartOf":{"@id":"https:\/\/www.padreeustaquio.com.br\/viva-sacra-com-meditacoes-padreeustaquio\/"},"author":{"name":"@sscc","@id":"https:\/\/www.padreeustaquio.com.br\/#\/schema\/person\/a2a51db1d00f1a7af0204a0f1ddb1566"},"headline":"Voc\u00ea conhece a Via Sacra com medita\u00e7\u00f5es do Bem-Aventurado Padre Eust\u00e1quio?","datePublished":"2021-03-05T12:15:25+00:00","mainEntityOfPage":{"@id":"https:\/\/www.padreeustaquio.com.br\/viva-sacra-com-meditacoes-padreeustaquio\/"},"wordCount":207,"commentCount":0,"publisher":{"@id":"https:\/\/www.padreeustaquio.com.br\/#organization"},"image":{"@id":"https:\/\/www.padreeustaquio.com.br\/viva-sacra-com-meditacoes-padreeustaquio\/#primaryimage"},"thumbnailUrl":"https:\/\/www.padreeustaquio.com.br\/wp-content\/uploads\/2021\/02\/Via-sacra-com-padre-eustaquio.jpeg","articleSection":["Not\u00edcias"],"inLanguage":"en-US","potentialAction":[{"@type":"CommentAction","name":"Comment","target":["https:\/\/www.padreeustaquio.com.br\/viva-sacra-com-meditacoes-padreeustaquio\/#respond"]}]},{"@type":"WebPage","@id":"https:\/\/www.padreeustaquio.com.br\/viva-sacra-com-meditacoes-padreeustaquio\/","url":"https:\/\/www.padreeustaquio.com.br\/viva-sacra-com-meditacoes-padreeustaquio\/","name":"Are you familiar with the Stations of the Cross with meditations by Blessed Father Eustace? - Father Eustace","isPartOf":{"@id":"https:\/\/www.padreeustaquio.com.br\/#website"},"primaryImageOfPage":{"@id":"https:\/\/www.padreeustaquio.com.br\/viva-sacra-com-meditacoes-padreeustaquio\/#primaryimage"},"image":{"@id":"https:\/\/www.padreeustaquio.com.br\/viva-sacra-com-meditacoes-padreeustaquio\/#primaryimage"},"thumbnailUrl":"https:\/\/www.padreeustaquio.com.br\/wp-content\/uploads\/2021\/02\/Via-sacra-com-padre-eustaquio.jpeg","datePublished":"2021-03-05T12:15:25+00:00","breadcrumb":{"@id":"https:\/\/www.padreeustaquio.com.br\/viva-sacra-com-meditacoes-padreeustaquio\/#breadcrumb"},"inLanguage":"en-US","potentialAction":[{"@type":"ReadAction","target":["https:\/\/www.padreeustaquio.com.br\/viva-sacra-com-meditacoes-padreeustaquio\/"]}]},{"@type":"ImageObject","inLanguage":"en-US","@id":"https:\/\/www.padreeustaquio.com.br\/viva-sacra-com-meditacoes-padreeustaquio\/#primaryimage","url":"https:\/\/www.padreeustaquio.com.br\/wp-content\/uploads\/2021\/02\/Via-sacra-com-padre-eustaquio.jpeg","contentUrl":"https:\/\/www.padreeustaquio.com.br\/wp-content\/uploads\/2021\/02\/Via-sacra-com-padre-eustaquio.jpeg","width":1032,"height":774},{"@type":"BreadcrumbList","@id":"https:\/\/www.padreeustaquio.com.br\/viva-sacra-com-meditacoes-padreeustaquio\/#breadcrumb","itemListElement":[{"@type":"ListItem","position":1,"name":"In\u00edcio","item":"https:\/\/www.padreeustaquio.com.br\/"},{"@type":"ListItem","position":2,"name":"Voc\u00ea conhece a Via Sacra com medita\u00e7\u00f5es do Bem-Aventurado Padre Eust\u00e1quio?"}]},{"@type":"WebSite","@id":"https:\/\/www.padreeustaquio.com.br\/#website","url":"https:\/\/www.padreeustaquio.com.br\/","name":"FATHER EUST\u00c1QUIO","description":"Health and Peace","publisher":{"@id":"https:\/\/www.padreeustaquio.com.br\/#organization"},"potentialAction":[{"@type":"SearchAction","target":{"@type":"EntryPoint","urlTemplate":"https:\/\/www.padreeustaquio.com.br\/?s={search_term_string}"},"query-input":{"@type":"PropertyValueSpecification","valueRequired":true,"valueName":"search_term_string"}}],"inLanguage":"en-US"},{"@type":"Organization","@id":"https:\/\/www.padreeustaquio.com.br\/#organization","name":"FATHER EUST\u00c1QUIO","url":"https:\/\/www.padreeustaquio.com.br\/","logo":{"@type":"ImageObject","inLanguage":"en-US","@id":"https:\/\/www.padreeustaquio.com.br\/#\/schema\/logo\/image\/","url":"https:\/\/www.padreeustaquio.com.br\/wp-content\/uploads\/2019\/08\/marca.png","contentUrl":"https:\/\/www.padreeustaquio.com.br\/wp-content\/uploads\/2019\/08\/marca.png","width":350,"height":400,"caption":"Padre Eust\u00e1quio"},"image":{"@id":"https:\/\/www.padreeustaquio.com.br\/#\/schema\/logo\/image\/"},"sameAs":["https:\/\/www.facebook.com\/beatopadreeustaquio\/","https:\/\/x.com\/beatopeustaquio","https:\/\/www.instagram.com\/beatopadreeustaquio\/","https:\/\/www.youtube.com\/channel\/UCRhw7vfabnajwLxb1ZXMeIw"]},{"@type":"Person","@id":"https:\/\/www.padreeustaquio.com.br\/#\/schema\/person\/a2a51db1d00f1a7af0204a0f1ddb1566","name":"@sscc","image":{"@type":"ImageObject","inLanguage":"en-US","@id":"https:\/\/secure.gravatar.com\/avatar\/68cfafa5f44617fea54071e215026e0ff06be366c3d54a8425f04fdcb86f8c5f?s=96&d=mm&r=g","url":"https:\/\/secure.gravatar.com\/avatar\/68cfafa5f44617fea54071e215026e0ff06be366c3d54a8425f04fdcb86f8c5f?s=96&d=mm&r=g","contentUrl":"https:\/\/secure.gravatar.com\/avatar\/68cfafa5f44617fea54071e215026e0ff06be366c3d54a8425f04fdcb86f8c5f?s=96&d=mm&r=g","caption":"@sscc"},"url":"https:\/\/www.padreeustaquio.com.br\/en\/author\/sscc\/"}]}},"_links":{"self":[{"href":"https:\/\/www.padreeustaquio.com.br\/en\/wp-json\/wp\/v2\/posts\/5168","targetHints":{"allow":["GET"]}}],"collection":[{"href":"https:\/\/www.padreeustaquio.com.br\/en\/wp-json\/wp\/v2\/posts"}],"about":[{"href":"https:\/\/www.padreeustaquio.com.br\/en\/wp-json\/wp\/v2\/types\/post"}],"author":[{"embeddable":true,"href":"https:\/\/www.padreeustaquio.com.br\/en\/wp-json\/wp\/v2\/users\/2"}],"replies":[{"embeddable":true,"href":"https:\/\/www.padreeustaquio.com.br\/en\/wp-json\/wp\/v2\/comments?post=5168"}],"version-history":[{"count":0,"href":"https:\/\/www.padreeustaquio.com.br\/en\/wp-json\/wp\/v2\/posts\/5168\/revisions"}],"wp:featuredmedia":[{"embeddable":true,"href":"https:\/\/www.padreeustaquio.com.br\/en\/wp-json\/wp\/v2\/media\/5169"}],"wp:attachment":[{"href":"https:\/\/www.padreeustaquio.com.br\/en\/wp-json\/wp\/v2\/media?parent=5168"}],"wp:term":[{"taxonomy":"category","embeddable":true,"href":"https:\/\/www.padreeustaquio.com.br\/en\/wp-json\/wp\/v2\/categories?post=5168"},{"taxonomy":"post_tag","embeddable":true,"href":"https:\/\/www.padreeustaquio.com.br\/en\/wp-json\/wp\/v2\/tags?post=5168"}],"curies":[{"name":"wp","href":"https:\/\/api.w.org\/{rel}","templated":true}]}}