{"id":5165,"date":"2021-03-01T08:03:27","date_gmt":"2021-03-01T11:03:27","guid":{"rendered":"https:\/\/www.padreeustaquio.com.br\/?p=5165"},"modified":"2021-02-26T20:14:50","modified_gmt":"2021-02-26T23:14:50","slug":"damiao-of-molokai-the-saint-who-inspired-father-eustace","status":"publish","type":"post","link":"https:\/\/www.padreeustaquio.com.br\/en\/damiao-of-molokai-the-saint-who-inspired-father-eustace\/","title":{"rendered":"Damien of Molokai, the Saint who inspired Father Eustace"},"content":{"rendered":"<p>Father Eustace van Lieshout was born in Aarle Rixtel, and it was while living there that he learned the story of Damien of Molokai, who lived in the Brabant region, located between the south of the Netherlands and the north of Belgium.<\/p>\n<p>The blessed man learned of Damien&#039;s story in his childhood, but it was in his youth, while reading about the Saint&#039;s life, that Father Eustace became captivated by Damien of Molokai. It was then that the desire to become a missionary, just as the &quot;apostle of the lepers&quot; had become, arose in his heart.<\/p>\n<p>In 1915, the young Eust\u00e1quio professed vows of poverty, chastity, and obedience, becoming a religious of the Sacred Hearts, just like Saint Damien of Molokai.<\/p>\n<p><strong>Who was Saint Damien of Molokai?<\/strong><\/p>\n<p>Father Damien, or Damien of Molokai, was a missionary of the Congregation of the Sacred Hearts in Belgium in 1840.<\/p>\n<p>He dedicated his missionary life to caring for lepers on Molokai, an island in Hawaii, where he died of the disease in 1889.<\/p>\n<p>Damien was the first missionary to set foot on the &quot;Cursed Island,&quot; accepting the mission of caring for the sick when no one else wanted to follow that calling. He treated the lepers with dignity, showing no fear of the future that awaited him.<\/p>\n<p>The priest was beatified in 1995 and canonized in 2009. He was considered the greatest Belgian of all time and became the patron saint of Hawaii.<\/p>","protected":false},"excerpt":{"rendered":"<p>Padre Eust\u00e1quio van Lieshout nasceu em Aarle Rixtel, e foi morando l\u00e1 que conheceu a hist\u00f3ria de Dami\u00e3o de Molokai, que viveu na regi\u00e3o da Brab\u00e2ncia, que fica entre o sul da Holanda e o norte da B\u00e9lgica. O beato conheceu a hist\u00f3ria de Dami\u00e3o ainda na inf\u00e2ncia, mas foi na juventude, ao ler sobre a vida do Santo, que Padre Eust\u00e1quio encantou-se com Dami\u00e3o de Molokai. Foi quando suscitou no seu cora\u00e7\u00e3o a vontade de se tornar um mission\u00e1rio assim como o \u201cap\u00f3stolo dos hansenianos\u201d havia se tornado. Em 1915 o jovem Eust\u00e1quio professou os votos de pobreza, castidade [&hellip;]<\/p>\n","protected":false},"author":2,"featured_media":5166,"comment_status":"open","ping_status":"open","sticky":false,"template":"","format":"standard","meta":{"_acf_changed":false,"footnotes":""},"categories":[611],"tags":[],"class_list":["post-5165","post","type-post","status-publish","format-standard","has-post-thumbnail","hentry","category-noticias"],"acf":[],"yoast_head":"<!-- This site is optimized with the Yoast SEO plugin v27.2 - https:\/\/yoast.com\/product\/yoast-seo-wordpress\/ -->\n<title>Dami\u00e3o de Molokai, o Santo que inspirou Padre Eust\u00e1quio - Padre Eust\u00e1quio<\/title>\n<meta name=\"robots\" content=\"index, follow, max-snippet:-1, max-image-preview:large, max-video-preview:-1\" \/>\n<link rel=\"canonical\" href=\"https:\/\/www.padreeustaquio.com.br\/en\/damiao-of-molokai-the-saint-who-inspired-father-eustace\/\" \/>\n<meta property=\"og:locale\" content=\"en_US\" \/>\n<meta property=\"og:type\" content=\"article\" \/>\n<meta property=\"og:title\" content=\"Dami\u00e3o de Molokai, o Santo que inspirou Padre Eust\u00e1quio - Padre Eust\u00e1quio\" \/>\n<meta property=\"og:description\" content=\"Padre Eust\u00e1quio van Lieshout nasceu em Aarle Rixtel, e foi morando l\u00e1 que conheceu a hist\u00f3ria de Dami\u00e3o de Molokai, que viveu na regi\u00e3o da Brab\u00e2ncia, que fica entre o sul da Holanda e o norte da B\u00e9lgica. O beato conheceu a hist\u00f3ria de Dami\u00e3o ainda na inf\u00e2ncia, mas foi na juventude, ao ler sobre a vida do Santo, que Padre Eust\u00e1quio encantou-se com Dami\u00e3o de Molokai. Foi quando suscitou no seu cora\u00e7\u00e3o a vontade de se tornar um mission\u00e1rio assim como o \u201cap\u00f3stolo dos hansenianos\u201d havia se tornado. Em 1915 o jovem Eust\u00e1quio professou os votos de pobreza, castidade [&hellip;]\" \/>\n<meta property=\"og:url\" content=\"https:\/\/www.padreeustaquio.com.br\/en\/damiao-of-molokai-the-saint-who-inspired-father-eustace\/\" \/>\n<meta property=\"og:site_name\" content=\"Padre Eust\u00e1quio\" \/>\n<meta property=\"article:publisher\" content=\"https:\/\/www.facebook.com\/beatopadreeustaquio\/\" \/>\n<meta property=\"article:published_time\" content=\"2021-03-01T11:03:27+00:00\" \/>\n<meta property=\"og:image\" content=\"https:\/\/www.padreeustaquio.com.br\/wp-content\/uploads\/2021\/02\/WhatsApp-Image-2021-02-25-at-17.06.18.jpeg\" \/>\n\t<meta property=\"og:image:width\" content=\"1280\" \/>\n\t<meta property=\"og:image:height\" content=\"720\" \/>\n\t<meta property=\"og:image:type\" content=\"image\/jpeg\" \/>\n<meta name=\"author\" content=\"@sscc\" \/>\n<meta name=\"twitter:card\" content=\"summary_large_image\" \/>\n<meta name=\"twitter:creator\" content=\"@beatopeustaquio\" \/>\n<meta name=\"twitter:site\" content=\"@beatopeustaquio\" \/>\n<meta name=\"twitter:label1\" content=\"Written by\" \/>\n\t<meta name=\"twitter:data1\" content=\"@sscc\" \/>\n\t<meta name=\"twitter:label2\" content=\"Est. reading time\" \/>\n\t<meta name=\"twitter:data2\" content=\"1 minute\" \/>\n<script type=\"application\/ld+json\" class=\"yoast-schema-graph\">{\"@context\":\"https:\/\/schema.org\",\"@graph\":[{\"@type\":\"Article\",\"@id\":\"https:\/\/www.padreeustaquio.com.br\/damiao-de-molokai-o-santo-que-inspirou-padre-eustaquio\/#article\",\"isPartOf\":{\"@id\":\"https:\/\/www.padreeustaquio.com.br\/damiao-de-molokai-o-santo-que-inspirou-padre-eustaquio\/\"},\"author\":{\"name\":\"@sscc\",\"@id\":\"https:\/\/www.padreeustaquio.com.br\/#\/schema\/person\/a2a51db1d00f1a7af0204a0f1ddb1566\"},\"headline\":\"Dami\u00e3o de Molokai, o Santo que inspirou Padre Eust\u00e1quio\",\"datePublished\":\"2021-03-01T11:03:27+00:00\",\"mainEntityOfPage\":{\"@id\":\"https:\/\/www.padreeustaquio.com.br\/damiao-de-molokai-o-santo-que-inspirou-padre-eustaquio\/\"},\"wordCount\":263,\"commentCount\":0,\"publisher\":{\"@id\":\"https:\/\/www.padreeustaquio.com.br\/#organization\"},\"image\":{\"@id\":\"https:\/\/www.padreeustaquio.com.br\/damiao-de-molokai-o-santo-que-inspirou-padre-eustaquio\/#primaryimage\"},\"thumbnailUrl\":\"https:\/\/www.padreeustaquio.com.br\/wp-content\/uploads\/2021\/02\/WhatsApp-Image-2021-02-25-at-17.06.18.jpeg\",\"articleSection\":[\"Not\u00edcias\"],\"inLanguage\":\"en-US\",\"potentialAction\":[{\"@type\":\"CommentAction\",\"name\":\"Comment\",\"target\":[\"https:\/\/www.padreeustaquio.com.br\/damiao-de-molokai-o-santo-que-inspirou-padre-eustaquio\/#respond\"]}]},{\"@type\":\"WebPage\",\"@id\":\"https:\/\/www.padreeustaquio.com.br\/damiao-de-molokai-o-santo-que-inspirou-padre-eustaquio\/\",\"url\":\"https:\/\/www.padreeustaquio.com.br\/damiao-de-molokai-o-santo-que-inspirou-padre-eustaquio\/\",\"name\":\"Dami\u00e3o de Molokai, o Santo que inspirou Padre Eust\u00e1quio - Padre Eust\u00e1quio\",\"isPartOf\":{\"@id\":\"https:\/\/www.padreeustaquio.com.br\/#website\"},\"primaryImageOfPage\":{\"@id\":\"https:\/\/www.padreeustaquio.com.br\/damiao-de-molokai-o-santo-que-inspirou-padre-eustaquio\/#primaryimage\"},\"image\":{\"@id\":\"https:\/\/www.padreeustaquio.com.br\/damiao-de-molokai-o-santo-que-inspirou-padre-eustaquio\/#primaryimage\"},\"thumbnailUrl\":\"https:\/\/www.padreeustaquio.com.br\/wp-content\/uploads\/2021\/02\/WhatsApp-Image-2021-02-25-at-17.06.18.jpeg\",\"datePublished\":\"2021-03-01T11:03:27+00:00\",\"breadcrumb\":{\"@id\":\"https:\/\/www.padreeustaquio.com.br\/damiao-de-molokai-o-santo-que-inspirou-padre-eustaquio\/#breadcrumb\"},\"inLanguage\":\"en-US\",\"potentialAction\":[{\"@type\":\"ReadAction\",\"target\":[\"https:\/\/www.padreeustaquio.com.br\/damiao-de-molokai-o-santo-que-inspirou-padre-eustaquio\/\"]}]},{\"@type\":\"ImageObject\",\"inLanguage\":\"en-US\",\"@id\":\"https:\/\/www.padreeustaquio.com.br\/damiao-de-molokai-o-santo-que-inspirou-padre-eustaquio\/#primaryimage\",\"url\":\"https:\/\/www.padreeustaquio.com.br\/wp-content\/uploads\/2021\/02\/WhatsApp-Image-2021-02-25-at-17.06.18.jpeg\",\"contentUrl\":\"https:\/\/www.padreeustaquio.com.br\/wp-content\/uploads\/2021\/02\/WhatsApp-Image-2021-02-25-at-17.06.18.jpeg\",\"width\":1280,\"height\":720},{\"@type\":\"BreadcrumbList\",\"@id\":\"https:\/\/www.padreeustaquio.com.br\/damiao-de-molokai-o-santo-que-inspirou-padre-eustaquio\/#breadcrumb\",\"itemListElement\":[{\"@type\":\"ListItem\",\"position\":1,\"name\":\"In\u00edcio\",\"item\":\"https:\/\/www.padreeustaquio.com.br\/\"},{\"@type\":\"ListItem\",\"position\":2,\"name\":\"Dami\u00e3o de Molokai, o Santo que inspirou Padre Eust\u00e1quio\"}]},{\"@type\":\"WebSite\",\"@id\":\"https:\/\/www.padreeustaquio.com.br\/#website\",\"url\":\"https:\/\/www.padreeustaquio.com.br\/\",\"name\":\"Padre Eust\u00e1quio\",\"description\":\"Sa\u00fade e Paz\",\"publisher\":{\"@id\":\"https:\/\/www.padreeustaquio.com.br\/#organization\"},\"potentialAction\":[{\"@type\":\"SearchAction\",\"target\":{\"@type\":\"EntryPoint\",\"urlTemplate\":\"https:\/\/www.padreeustaquio.com.br\/?s={search_term_string}\"},\"query-input\":{\"@type\":\"PropertyValueSpecification\",\"valueRequired\":true,\"valueName\":\"search_term_string\"}}],\"inLanguage\":\"en-US\"},{\"@type\":\"Organization\",\"@id\":\"https:\/\/www.padreeustaquio.com.br\/#organization\",\"name\":\"Padre Eust\u00e1quio\",\"url\":\"https:\/\/www.padreeustaquio.com.br\/\",\"logo\":{\"@type\":\"ImageObject\",\"inLanguage\":\"en-US\",\"@id\":\"https:\/\/www.padreeustaquio.com.br\/#\/schema\/logo\/image\/\",\"url\":\"https:\/\/www.padreeustaquio.com.br\/wp-content\/uploads\/2019\/08\/marca.png\",\"contentUrl\":\"https:\/\/www.padreeustaquio.com.br\/wp-content\/uploads\/2019\/08\/marca.png\",\"width\":350,\"height\":400,\"caption\":\"Padre Eust\u00e1quio\"},\"image\":{\"@id\":\"https:\/\/www.padreeustaquio.com.br\/#\/schema\/logo\/image\/\"},\"sameAs\":[\"https:\/\/www.facebook.com\/beatopadreeustaquio\/\",\"https:\/\/x.com\/beatopeustaquio\",\"https:\/\/www.instagram.com\/beatopadreeustaquio\/\",\"https:\/\/www.youtube.com\/channel\/UCRhw7vfabnajwLxb1ZXMeIw\"]},{\"@type\":\"Person\",\"@id\":\"https:\/\/www.padreeustaquio.com.br\/#\/schema\/person\/a2a51db1d00f1a7af0204a0f1ddb1566\",\"name\":\"@sscc\",\"image\":{\"@type\":\"ImageObject\",\"inLanguage\":\"en-US\",\"@id\":\"https:\/\/secure.gravatar.com\/avatar\/68cfafa5f44617fea54071e215026e0ff06be366c3d54a8425f04fdcb86f8c5f?s=96&d=mm&r=g\",\"url\":\"https:\/\/secure.gravatar.com\/avatar\/68cfafa5f44617fea54071e215026e0ff06be366c3d54a8425f04fdcb86f8c5f?s=96&d=mm&r=g\",\"contentUrl\":\"https:\/\/secure.gravatar.com\/avatar\/68cfafa5f44617fea54071e215026e0ff06be366c3d54a8425f04fdcb86f8c5f?s=96&d=mm&r=g\",\"caption\":\"@sscc\"},\"url\":\"https:\/\/www.padreeustaquio.com.br\/en\/author\/sscc\/\"}]}<\/script>\n<!-- \/ Yoast SEO plugin. -->","yoast_head_json":{"title":"Damien of Molokai, the Saint who inspired Father Eustace - Father Eustace","robots":{"index":"index","follow":"follow","max-snippet":"max-snippet:-1","max-image-preview":"max-image-preview:large","max-video-preview":"max-video-preview:-1"},"canonical":"https:\/\/www.padreeustaquio.com.br\/en\/damiao-of-molokai-the-saint-who-inspired-father-eustace\/","og_locale":"en_US","og_type":"article","og_title":"Dami\u00e3o de Molokai, o Santo que inspirou Padre Eust\u00e1quio - Padre Eust\u00e1quio","og_description":"Padre Eust\u00e1quio van Lieshout nasceu em Aarle Rixtel, e foi morando l\u00e1 que conheceu a hist\u00f3ria de Dami\u00e3o de Molokai, que viveu na regi\u00e3o da Brab\u00e2ncia, que fica entre o sul da Holanda e o norte da B\u00e9lgica. O beato conheceu a hist\u00f3ria de Dami\u00e3o ainda na inf\u00e2ncia, mas foi na juventude, ao ler sobre a vida do Santo, que Padre Eust\u00e1quio encantou-se com Dami\u00e3o de Molokai. Foi quando suscitou no seu cora\u00e7\u00e3o a vontade de se tornar um mission\u00e1rio assim como o \u201cap\u00f3stolo dos hansenianos\u201d havia se tornado. Em 1915 o jovem Eust\u00e1quio professou os votos de pobreza, castidade [&hellip;]","og_url":"https:\/\/www.padreeustaquio.com.br\/en\/damiao-of-molokai-the-saint-who-inspired-father-eustace\/","og_site_name":"Padre Eust\u00e1quio","article_publisher":"https:\/\/www.facebook.com\/beatopadreeustaquio\/","article_published_time":"2021-03-01T11:03:27+00:00","og_image":[{"width":1280,"height":720,"url":"https:\/\/www.padreeustaquio.com.br\/wp-content\/uploads\/2021\/02\/WhatsApp-Image-2021-02-25-at-17.06.18.jpeg","type":"image\/jpeg"}],"author":"@sscc","twitter_card":"summary_large_image","twitter_creator":"@beatopeustaquio","twitter_site":"@beatopeustaquio","twitter_misc":{"Written by":"@sscc","Est. reading time":"1 minute"},"schema":{"@context":"https:\/\/schema.org","@graph":[{"@type":"Article","@id":"https:\/\/www.padreeustaquio.com.br\/damiao-de-molokai-o-santo-que-inspirou-padre-eustaquio\/#article","isPartOf":{"@id":"https:\/\/www.padreeustaquio.com.br\/damiao-de-molokai-o-santo-que-inspirou-padre-eustaquio\/"},"author":{"name":"@sscc","@id":"https:\/\/www.padreeustaquio.com.br\/#\/schema\/person\/a2a51db1d00f1a7af0204a0f1ddb1566"},"headline":"Dami\u00e3o de Molokai, o Santo que inspirou Padre Eust\u00e1quio","datePublished":"2021-03-01T11:03:27+00:00","mainEntityOfPage":{"@id":"https:\/\/www.padreeustaquio.com.br\/damiao-de-molokai-o-santo-que-inspirou-padre-eustaquio\/"},"wordCount":263,"commentCount":0,"publisher":{"@id":"https:\/\/www.padreeustaquio.com.br\/#organization"},"image":{"@id":"https:\/\/www.padreeustaquio.com.br\/damiao-de-molokai-o-santo-que-inspirou-padre-eustaquio\/#primaryimage"},"thumbnailUrl":"https:\/\/www.padreeustaquio.com.br\/wp-content\/uploads\/2021\/02\/WhatsApp-Image-2021-02-25-at-17.06.18.jpeg","articleSection":["Not\u00edcias"],"inLanguage":"en-US","potentialAction":[{"@type":"CommentAction","name":"Comment","target":["https:\/\/www.padreeustaquio.com.br\/damiao-de-molokai-o-santo-que-inspirou-padre-eustaquio\/#respond"]}]},{"@type":"WebPage","@id":"https:\/\/www.padreeustaquio.com.br\/damiao-de-molokai-o-santo-que-inspirou-padre-eustaquio\/","url":"https:\/\/www.padreeustaquio.com.br\/damiao-de-molokai-o-santo-que-inspirou-padre-eustaquio\/","name":"Damien of Molokai, the Saint who inspired Father Eustace - Father Eustace","isPartOf":{"@id":"https:\/\/www.padreeustaquio.com.br\/#website"},"primaryImageOfPage":{"@id":"https:\/\/www.padreeustaquio.com.br\/damiao-de-molokai-o-santo-que-inspirou-padre-eustaquio\/#primaryimage"},"image":{"@id":"https:\/\/www.padreeustaquio.com.br\/damiao-de-molokai-o-santo-que-inspirou-padre-eustaquio\/#primaryimage"},"thumbnailUrl":"https:\/\/www.padreeustaquio.com.br\/wp-content\/uploads\/2021\/02\/WhatsApp-Image-2021-02-25-at-17.06.18.jpeg","datePublished":"2021-03-01T11:03:27+00:00","breadcrumb":{"@id":"https:\/\/www.padreeustaquio.com.br\/damiao-de-molokai-o-santo-que-inspirou-padre-eustaquio\/#breadcrumb"},"inLanguage":"en-US","potentialAction":[{"@type":"ReadAction","target":["https:\/\/www.padreeustaquio.com.br\/damiao-de-molokai-o-santo-que-inspirou-padre-eustaquio\/"]}]},{"@type":"ImageObject","inLanguage":"en-US","@id":"https:\/\/www.padreeustaquio.com.br\/damiao-de-molokai-o-santo-que-inspirou-padre-eustaquio\/#primaryimage","url":"https:\/\/www.padreeustaquio.com.br\/wp-content\/uploads\/2021\/02\/WhatsApp-Image-2021-02-25-at-17.06.18.jpeg","contentUrl":"https:\/\/www.padreeustaquio.com.br\/wp-content\/uploads\/2021\/02\/WhatsApp-Image-2021-02-25-at-17.06.18.jpeg","width":1280,"height":720},{"@type":"BreadcrumbList","@id":"https:\/\/www.padreeustaquio.com.br\/damiao-de-molokai-o-santo-que-inspirou-padre-eustaquio\/#breadcrumb","itemListElement":[{"@type":"ListItem","position":1,"name":"In\u00edcio","item":"https:\/\/www.padreeustaquio.com.br\/"},{"@type":"ListItem","position":2,"name":"Dami\u00e3o de Molokai, o Santo que inspirou Padre Eust\u00e1quio"}]},{"@type":"WebSite","@id":"https:\/\/www.padreeustaquio.com.br\/#website","url":"https:\/\/www.padreeustaquio.com.br\/","name":"FATHER EUST\u00c1QUIO","description":"Health and Peace","publisher":{"@id":"https:\/\/www.padreeustaquio.com.br\/#organization"},"potentialAction":[{"@type":"SearchAction","target":{"@type":"EntryPoint","urlTemplate":"https:\/\/www.padreeustaquio.com.br\/?s={search_term_string}"},"query-input":{"@type":"PropertyValueSpecification","valueRequired":true,"valueName":"search_term_string"}}],"inLanguage":"en-US"},{"@type":"Organization","@id":"https:\/\/www.padreeustaquio.com.br\/#organization","name":"FATHER EUST\u00c1QUIO","url":"https:\/\/www.padreeustaquio.com.br\/","logo":{"@type":"ImageObject","inLanguage":"en-US","@id":"https:\/\/www.padreeustaquio.com.br\/#\/schema\/logo\/image\/","url":"https:\/\/www.padreeustaquio.com.br\/wp-content\/uploads\/2019\/08\/marca.png","contentUrl":"https:\/\/www.padreeustaquio.com.br\/wp-content\/uploads\/2019\/08\/marca.png","width":350,"height":400,"caption":"Padre Eust\u00e1quio"},"image":{"@id":"https:\/\/www.padreeustaquio.com.br\/#\/schema\/logo\/image\/"},"sameAs":["https:\/\/www.facebook.com\/beatopadreeustaquio\/","https:\/\/x.com\/beatopeustaquio","https:\/\/www.instagram.com\/beatopadreeustaquio\/","https:\/\/www.youtube.com\/channel\/UCRhw7vfabnajwLxb1ZXMeIw"]},{"@type":"Person","@id":"https:\/\/www.padreeustaquio.com.br\/#\/schema\/person\/a2a51db1d00f1a7af0204a0f1ddb1566","name":"@sscc","image":{"@type":"ImageObject","inLanguage":"en-US","@id":"https:\/\/secure.gravatar.com\/avatar\/68cfafa5f44617fea54071e215026e0ff06be366c3d54a8425f04fdcb86f8c5f?s=96&d=mm&r=g","url":"https:\/\/secure.gravatar.com\/avatar\/68cfafa5f44617fea54071e215026e0ff06be366c3d54a8425f04fdcb86f8c5f?s=96&d=mm&r=g","contentUrl":"https:\/\/secure.gravatar.com\/avatar\/68cfafa5f44617fea54071e215026e0ff06be366c3d54a8425f04fdcb86f8c5f?s=96&d=mm&r=g","caption":"@sscc"},"url":"https:\/\/www.padreeustaquio.com.br\/en\/author\/sscc\/"}]}},"_links":{"self":[{"href":"https:\/\/www.padreeustaquio.com.br\/en\/wp-json\/wp\/v2\/posts\/5165","targetHints":{"allow":["GET"]}}],"collection":[{"href":"https:\/\/www.padreeustaquio.com.br\/en\/wp-json\/wp\/v2\/posts"}],"about":[{"href":"https:\/\/www.padreeustaquio.com.br\/en\/wp-json\/wp\/v2\/types\/post"}],"author":[{"embeddable":true,"href":"https:\/\/www.padreeustaquio.com.br\/en\/wp-json\/wp\/v2\/users\/2"}],"replies":[{"embeddable":true,"href":"https:\/\/www.padreeustaquio.com.br\/en\/wp-json\/wp\/v2\/comments?post=5165"}],"version-history":[{"count":0,"href":"https:\/\/www.padreeustaquio.com.br\/en\/wp-json\/wp\/v2\/posts\/5165\/revisions"}],"wp:featuredmedia":[{"embeddable":true,"href":"https:\/\/www.padreeustaquio.com.br\/en\/wp-json\/wp\/v2\/media\/5166"}],"wp:attachment":[{"href":"https:\/\/www.padreeustaquio.com.br\/en\/wp-json\/wp\/v2\/media?parent=5165"}],"wp:term":[{"taxonomy":"category","embeddable":true,"href":"https:\/\/www.padreeustaquio.com.br\/en\/wp-json\/wp\/v2\/categories?post=5165"},{"taxonomy":"post_tag","embeddable":true,"href":"https:\/\/www.padreeustaquio.com.br\/en\/wp-json\/wp\/v2\/tags?post=5165"}],"curies":[{"name":"wp","href":"https:\/\/api.w.org\/{rel}","templated":true}]}}