{"id":5161,"date":"2021-02-28T07:22:04","date_gmt":"2021-02-28T10:22:04","guid":{"rendered":"https:\/\/www.padreeustaquio.com.br\/?p=5161"},"modified":"2021-02-28T09:12:21","modified_gmt":"2021-02-28T12:12:21","slug":"family-makes-pilgrimage-seeking-father-eustaquios-blessing","status":"publish","type":"post","link":"https:\/\/www.padreeustaquio.com.br\/en\/family-makes-pilgrimage-seeking-father-eustaquios-blessing\/","title":{"rendered":"Family makes pilgrimage seeking blessing from Father Eust\u00e1quio"},"content":{"rendered":"<p>A Brazilian family from Patroc\u00ednio, Minas Gerais, living in the Netherlands, undertook a pilgrimage in search of a cure for their parents, who live in Brazil and are suffering from the new Coronavirus.<\/p>\n<p>The faithful visited the Church of St. Michael, where Father Eustace was baptized, in Aarle Rixtel, also in the Netherlands. Today, it is the Father Eustace parish.<\/p>\n<p>The Blessed One became known as the messenger of Health and Peace, with numerous accounts from people throughout his travels describing blessings received through prayers offered to him.<\/p>","protected":false},"excerpt":{"rendered":"<p>A Brazilian family from Patroc\u00ednio-MG, living in the Netherlands, made a pilgrimage seeking healing for their parents, who live in Brazil and are suffering from the new Coronavirus. The faithful visited the Church of Saint Michael, where Father Eust\u00e1quio was baptized, in Aarle Rixtel, also in the Netherlands. Today, it is the Father Eust\u00e1quio parish. The Blessed Father became known as the messenger of Health and Peace, with many people reporting blessings through prayers offered to him in all the places he visited.<\/p>","protected":false},"author":2,"featured_media":5172,"comment_status":"open","ping_status":"open","sticky":false,"template":"","format":"standard","meta":{"_acf_changed":false,"footnotes":""},"categories":[611],"tags":[],"class_list":["post-5161","post","type-post","status-publish","format-standard","has-post-thumbnail","hentry","category-noticias"],"acf":[],"yoast_head":"<!-- This site is optimized with the Yoast SEO plugin v27.2 - https:\/\/yoast.com\/product\/yoast-seo-wordpress\/ -->\n<title>Fam\u00edlia faz peregrina\u00e7\u00e3o em busca de ben\u00e7\u00e3o do Padre Eust\u00e1quio - Padre Eust\u00e1quio<\/title>\n<meta name=\"robots\" content=\"index, follow, max-snippet:-1, max-image-preview:large, max-video-preview:-1\" \/>\n<link rel=\"canonical\" href=\"https:\/\/www.padreeustaquio.com.br\/en\/family-makes-pilgrimage-seeking-father-eustaquios-blessing\/\" \/>\n<meta property=\"og:locale\" content=\"en_US\" \/>\n<meta property=\"og:type\" content=\"article\" \/>\n<meta property=\"og:title\" content=\"Fam\u00edlia faz peregrina\u00e7\u00e3o em busca de ben\u00e7\u00e3o do Padre Eust\u00e1quio - Padre Eust\u00e1quio\" \/>\n<meta property=\"og:description\" content=\"Uma fam\u00edlia brasileira, de Patroc\u00ednio-MG, que vive na Holanda, fez uma peregrina\u00e7\u00e3o em busca da cura dos pais, que moram no Brasil e est\u00e3o sofrendo com o novo Coronav\u00edrus. Os fi\u00e9is visitaram a Igreja de S\u00e3o Miguel, onde Padre Eust\u00e1quio foi batizado, em Aarle Rixtel, tamb\u00e9m na Holanda. Hoje, par\u00f3quia Padre Eust\u00e1quio. O Bem-aventurado ficou conhecido por ser o mensageiro da Sa\u00fade e da Paz tendo relatos de v\u00e1rias pessoas, por todos os locais que j\u00e1 passou, de b\u00ean\u00e7\u00e3os atrav\u00e9s de ora\u00e7\u00f5es feitas a ele.\" \/>\n<meta property=\"og:url\" content=\"https:\/\/www.padreeustaquio.com.br\/en\/family-makes-pilgrimage-seeking-father-eustaquios-blessing\/\" \/>\n<meta property=\"og:site_name\" content=\"Padre Eust\u00e1quio\" \/>\n<meta property=\"article:publisher\" content=\"https:\/\/www.facebook.com\/beatopadreeustaquio\/\" \/>\n<meta property=\"article:published_time\" content=\"2021-02-28T10:22:04+00:00\" \/>\n<meta property=\"article:modified_time\" content=\"2021-02-28T12:12:21+00:00\" \/>\n<meta property=\"og:image\" content=\"https:\/\/www.padreeustaquio.com.br\/wp-content\/uploads\/2021\/02\/Visita-Familia-Holanda.jpg\" \/>\n\t<meta property=\"og:image:width\" content=\"748\" \/>\n\t<meta property=\"og:image:height\" content=\"394\" \/>\n\t<meta property=\"og:image:type\" content=\"image\/jpeg\" \/>\n<meta name=\"author\" content=\"@sscc\" \/>\n<meta name=\"twitter:card\" content=\"summary_large_image\" \/>\n<meta name=\"twitter:creator\" content=\"@beatopeustaquio\" \/>\n<meta name=\"twitter:site\" content=\"@beatopeustaquio\" \/>\n<meta name=\"twitter:label1\" content=\"Written by\" \/>\n\t<meta name=\"twitter:data1\" content=\"@sscc\" \/>\n\t<meta name=\"twitter:label2\" content=\"Est. reading time\" \/>\n\t<meta name=\"twitter:data2\" content=\"1 minute\" \/>\n<script type=\"application\/ld+json\" class=\"yoast-schema-graph\">{\"@context\":\"https:\/\/schema.org\",\"@graph\":[{\"@type\":\"Article\",\"@id\":\"https:\/\/www.padreeustaquio.com.br\/familia-faz-peregrinacao-em-busca-de-bencao-do-padre-eustaquio\/#article\",\"isPartOf\":{\"@id\":\"https:\/\/www.padreeustaquio.com.br\/familia-faz-peregrinacao-em-busca-de-bencao-do-padre-eustaquio\/\"},\"author\":{\"name\":\"@sscc\",\"@id\":\"https:\/\/www.padreeustaquio.com.br\/#\/schema\/person\/a2a51db1d00f1a7af0204a0f1ddb1566\"},\"headline\":\"Fam\u00edlia faz peregrina\u00e7\u00e3o em busca de ben\u00e7\u00e3o do Padre Eust\u00e1quio\",\"datePublished\":\"2021-02-28T10:22:04+00:00\",\"dateModified\":\"2021-02-28T12:12:21+00:00\",\"mainEntityOfPage\":{\"@id\":\"https:\/\/www.padreeustaquio.com.br\/familia-faz-peregrinacao-em-busca-de-bencao-do-padre-eustaquio\/\"},\"wordCount\":116,\"commentCount\":0,\"publisher\":{\"@id\":\"https:\/\/www.padreeustaquio.com.br\/#organization\"},\"image\":{\"@id\":\"https:\/\/www.padreeustaquio.com.br\/familia-faz-peregrinacao-em-busca-de-bencao-do-padre-eustaquio\/#primaryimage\"},\"thumbnailUrl\":\"https:\/\/www.padreeustaquio.com.br\/wp-content\/uploads\/2021\/02\/Visita-Familia-Holanda.jpg\",\"articleSection\":[\"Not\u00edcias\"],\"inLanguage\":\"en-US\",\"potentialAction\":[{\"@type\":\"CommentAction\",\"name\":\"Comment\",\"target\":[\"https:\/\/www.padreeustaquio.com.br\/familia-faz-peregrinacao-em-busca-de-bencao-do-padre-eustaquio\/#respond\"]}]},{\"@type\":\"WebPage\",\"@id\":\"https:\/\/www.padreeustaquio.com.br\/familia-faz-peregrinacao-em-busca-de-bencao-do-padre-eustaquio\/\",\"url\":\"https:\/\/www.padreeustaquio.com.br\/familia-faz-peregrinacao-em-busca-de-bencao-do-padre-eustaquio\/\",\"name\":\"Fam\u00edlia faz peregrina\u00e7\u00e3o em busca de ben\u00e7\u00e3o do Padre Eust\u00e1quio - Padre Eust\u00e1quio\",\"isPartOf\":{\"@id\":\"https:\/\/www.padreeustaquio.com.br\/#website\"},\"primaryImageOfPage\":{\"@id\":\"https:\/\/www.padreeustaquio.com.br\/familia-faz-peregrinacao-em-busca-de-bencao-do-padre-eustaquio\/#primaryimage\"},\"image\":{\"@id\":\"https:\/\/www.padreeustaquio.com.br\/familia-faz-peregrinacao-em-busca-de-bencao-do-padre-eustaquio\/#primaryimage\"},\"thumbnailUrl\":\"https:\/\/www.padreeustaquio.com.br\/wp-content\/uploads\/2021\/02\/Visita-Familia-Holanda.jpg\",\"datePublished\":\"2021-02-28T10:22:04+00:00\",\"dateModified\":\"2021-02-28T12:12:21+00:00\",\"breadcrumb\":{\"@id\":\"https:\/\/www.padreeustaquio.com.br\/familia-faz-peregrinacao-em-busca-de-bencao-do-padre-eustaquio\/#breadcrumb\"},\"inLanguage\":\"en-US\",\"potentialAction\":[{\"@type\":\"ReadAction\",\"target\":[\"https:\/\/www.padreeustaquio.com.br\/familia-faz-peregrinacao-em-busca-de-bencao-do-padre-eustaquio\/\"]}]},{\"@type\":\"ImageObject\",\"inLanguage\":\"en-US\",\"@id\":\"https:\/\/www.padreeustaquio.com.br\/familia-faz-peregrinacao-em-busca-de-bencao-do-padre-eustaquio\/#primaryimage\",\"url\":\"https:\/\/www.padreeustaquio.com.br\/wp-content\/uploads\/2021\/02\/Visita-Familia-Holanda.jpg\",\"contentUrl\":\"https:\/\/www.padreeustaquio.com.br\/wp-content\/uploads\/2021\/02\/Visita-Familia-Holanda.jpg\",\"width\":748,\"height\":394},{\"@type\":\"BreadcrumbList\",\"@id\":\"https:\/\/www.padreeustaquio.com.br\/familia-faz-peregrinacao-em-busca-de-bencao-do-padre-eustaquio\/#breadcrumb\",\"itemListElement\":[{\"@type\":\"ListItem\",\"position\":1,\"name\":\"In\u00edcio\",\"item\":\"https:\/\/www.padreeustaquio.com.br\/\"},{\"@type\":\"ListItem\",\"position\":2,\"name\":\"Fam\u00edlia faz peregrina\u00e7\u00e3o em busca de ben\u00e7\u00e3o do Padre Eust\u00e1quio\"}]},{\"@type\":\"WebSite\",\"@id\":\"https:\/\/www.padreeustaquio.com.br\/#website\",\"url\":\"https:\/\/www.padreeustaquio.com.br\/\",\"name\":\"Padre Eust\u00e1quio\",\"description\":\"Sa\u00fade e Paz\",\"publisher\":{\"@id\":\"https:\/\/www.padreeustaquio.com.br\/#organization\"},\"potentialAction\":[{\"@type\":\"SearchAction\",\"target\":{\"@type\":\"EntryPoint\",\"urlTemplate\":\"https:\/\/www.padreeustaquio.com.br\/?s={search_term_string}\"},\"query-input\":{\"@type\":\"PropertyValueSpecification\",\"valueRequired\":true,\"valueName\":\"search_term_string\"}}],\"inLanguage\":\"en-US\"},{\"@type\":\"Organization\",\"@id\":\"https:\/\/www.padreeustaquio.com.br\/#organization\",\"name\":\"Padre Eust\u00e1quio\",\"url\":\"https:\/\/www.padreeustaquio.com.br\/\",\"logo\":{\"@type\":\"ImageObject\",\"inLanguage\":\"en-US\",\"@id\":\"https:\/\/www.padreeustaquio.com.br\/#\/schema\/logo\/image\/\",\"url\":\"https:\/\/www.padreeustaquio.com.br\/wp-content\/uploads\/2019\/08\/marca.png\",\"contentUrl\":\"https:\/\/www.padreeustaquio.com.br\/wp-content\/uploads\/2019\/08\/marca.png\",\"width\":350,\"height\":400,\"caption\":\"Padre Eust\u00e1quio\"},\"image\":{\"@id\":\"https:\/\/www.padreeustaquio.com.br\/#\/schema\/logo\/image\/\"},\"sameAs\":[\"https:\/\/www.facebook.com\/beatopadreeustaquio\/\",\"https:\/\/x.com\/beatopeustaquio\",\"https:\/\/www.instagram.com\/beatopadreeustaquio\/\",\"https:\/\/www.youtube.com\/channel\/UCRhw7vfabnajwLxb1ZXMeIw\"]},{\"@type\":\"Person\",\"@id\":\"https:\/\/www.padreeustaquio.com.br\/#\/schema\/person\/a2a51db1d00f1a7af0204a0f1ddb1566\",\"name\":\"@sscc\",\"image\":{\"@type\":\"ImageObject\",\"inLanguage\":\"en-US\",\"@id\":\"https:\/\/secure.gravatar.com\/avatar\/68cfafa5f44617fea54071e215026e0ff06be366c3d54a8425f04fdcb86f8c5f?s=96&d=mm&r=g\",\"url\":\"https:\/\/secure.gravatar.com\/avatar\/68cfafa5f44617fea54071e215026e0ff06be366c3d54a8425f04fdcb86f8c5f?s=96&d=mm&r=g\",\"contentUrl\":\"https:\/\/secure.gravatar.com\/avatar\/68cfafa5f44617fea54071e215026e0ff06be366c3d54a8425f04fdcb86f8c5f?s=96&d=mm&r=g\",\"caption\":\"@sscc\"},\"url\":\"https:\/\/www.padreeustaquio.com.br\/en\/author\/sscc\/\"}]}<\/script>\n<!-- \/ Yoast SEO plugin. -->","yoast_head_json":{"title":"Family makes pilgrimage seeking blessing from Father Eust\u00e1quio - Father Eust\u00e1quio","robots":{"index":"index","follow":"follow","max-snippet":"max-snippet:-1","max-image-preview":"max-image-preview:large","max-video-preview":"max-video-preview:-1"},"canonical":"https:\/\/www.padreeustaquio.com.br\/en\/family-makes-pilgrimage-seeking-father-eustaquios-blessing\/","og_locale":"en_US","og_type":"article","og_title":"Fam\u00edlia faz peregrina\u00e7\u00e3o em busca de ben\u00e7\u00e3o do Padre Eust\u00e1quio - Padre Eust\u00e1quio","og_description":"Uma fam\u00edlia brasileira, de Patroc\u00ednio-MG, que vive na Holanda, fez uma peregrina\u00e7\u00e3o em busca da cura dos pais, que moram no Brasil e est\u00e3o sofrendo com o novo Coronav\u00edrus. Os fi\u00e9is visitaram a Igreja de S\u00e3o Miguel, onde Padre Eust\u00e1quio foi batizado, em Aarle Rixtel, tamb\u00e9m na Holanda. Hoje, par\u00f3quia Padre Eust\u00e1quio. O Bem-aventurado ficou conhecido por ser o mensageiro da Sa\u00fade e da Paz tendo relatos de v\u00e1rias pessoas, por todos os locais que j\u00e1 passou, de b\u00ean\u00e7\u00e3os atrav\u00e9s de ora\u00e7\u00f5es feitas a ele.","og_url":"https:\/\/www.padreeustaquio.com.br\/en\/family-makes-pilgrimage-seeking-father-eustaquios-blessing\/","og_site_name":"Padre Eust\u00e1quio","article_publisher":"https:\/\/www.facebook.com\/beatopadreeustaquio\/","article_published_time":"2021-02-28T10:22:04+00:00","article_modified_time":"2021-02-28T12:12:21+00:00","og_image":[{"width":748,"height":394,"url":"https:\/\/www.padreeustaquio.com.br\/wp-content\/uploads\/2021\/02\/Visita-Familia-Holanda.jpg","type":"image\/jpeg"}],"author":"@sscc","twitter_card":"summary_large_image","twitter_creator":"@beatopeustaquio","twitter_site":"@beatopeustaquio","twitter_misc":{"Written by":"@sscc","Est. reading time":"1 minute"},"schema":{"@context":"https:\/\/schema.org","@graph":[{"@type":"Article","@id":"https:\/\/www.padreeustaquio.com.br\/familia-faz-peregrinacao-em-busca-de-bencao-do-padre-eustaquio\/#article","isPartOf":{"@id":"https:\/\/www.padreeustaquio.com.br\/familia-faz-peregrinacao-em-busca-de-bencao-do-padre-eustaquio\/"},"author":{"name":"@sscc","@id":"https:\/\/www.padreeustaquio.com.br\/#\/schema\/person\/a2a51db1d00f1a7af0204a0f1ddb1566"},"headline":"Fam\u00edlia faz peregrina\u00e7\u00e3o em busca de ben\u00e7\u00e3o do Padre Eust\u00e1quio","datePublished":"2021-02-28T10:22:04+00:00","dateModified":"2021-02-28T12:12:21+00:00","mainEntityOfPage":{"@id":"https:\/\/www.padreeustaquio.com.br\/familia-faz-peregrinacao-em-busca-de-bencao-do-padre-eustaquio\/"},"wordCount":116,"commentCount":0,"publisher":{"@id":"https:\/\/www.padreeustaquio.com.br\/#organization"},"image":{"@id":"https:\/\/www.padreeustaquio.com.br\/familia-faz-peregrinacao-em-busca-de-bencao-do-padre-eustaquio\/#primaryimage"},"thumbnailUrl":"https:\/\/www.padreeustaquio.com.br\/wp-content\/uploads\/2021\/02\/Visita-Familia-Holanda.jpg","articleSection":["Not\u00edcias"],"inLanguage":"en-US","potentialAction":[{"@type":"CommentAction","name":"Comment","target":["https:\/\/www.padreeustaquio.com.br\/familia-faz-peregrinacao-em-busca-de-bencao-do-padre-eustaquio\/#respond"]}]},{"@type":"WebPage","@id":"https:\/\/www.padreeustaquio.com.br\/familia-faz-peregrinacao-em-busca-de-bencao-do-padre-eustaquio\/","url":"https:\/\/www.padreeustaquio.com.br\/familia-faz-peregrinacao-em-busca-de-bencao-do-padre-eustaquio\/","name":"Family makes pilgrimage seeking blessing from Father Eust\u00e1quio - Father Eust\u00e1quio","isPartOf":{"@id":"https:\/\/www.padreeustaquio.com.br\/#website"},"primaryImageOfPage":{"@id":"https:\/\/www.padreeustaquio.com.br\/familia-faz-peregrinacao-em-busca-de-bencao-do-padre-eustaquio\/#primaryimage"},"image":{"@id":"https:\/\/www.padreeustaquio.com.br\/familia-faz-peregrinacao-em-busca-de-bencao-do-padre-eustaquio\/#primaryimage"},"thumbnailUrl":"https:\/\/www.padreeustaquio.com.br\/wp-content\/uploads\/2021\/02\/Visita-Familia-Holanda.jpg","datePublished":"2021-02-28T10:22:04+00:00","dateModified":"2021-02-28T12:12:21+00:00","breadcrumb":{"@id":"https:\/\/www.padreeustaquio.com.br\/familia-faz-peregrinacao-em-busca-de-bencao-do-padre-eustaquio\/#breadcrumb"},"inLanguage":"en-US","potentialAction":[{"@type":"ReadAction","target":["https:\/\/www.padreeustaquio.com.br\/familia-faz-peregrinacao-em-busca-de-bencao-do-padre-eustaquio\/"]}]},{"@type":"ImageObject","inLanguage":"en-US","@id":"https:\/\/www.padreeustaquio.com.br\/familia-faz-peregrinacao-em-busca-de-bencao-do-padre-eustaquio\/#primaryimage","url":"https:\/\/www.padreeustaquio.com.br\/wp-content\/uploads\/2021\/02\/Visita-Familia-Holanda.jpg","contentUrl":"https:\/\/www.padreeustaquio.com.br\/wp-content\/uploads\/2021\/02\/Visita-Familia-Holanda.jpg","width":748,"height":394},{"@type":"BreadcrumbList","@id":"https:\/\/www.padreeustaquio.com.br\/familia-faz-peregrinacao-em-busca-de-bencao-do-padre-eustaquio\/#breadcrumb","itemListElement":[{"@type":"ListItem","position":1,"name":"In\u00edcio","item":"https:\/\/www.padreeustaquio.com.br\/"},{"@type":"ListItem","position":2,"name":"Fam\u00edlia faz peregrina\u00e7\u00e3o em busca de ben\u00e7\u00e3o do Padre Eust\u00e1quio"}]},{"@type":"WebSite","@id":"https:\/\/www.padreeustaquio.com.br\/#website","url":"https:\/\/www.padreeustaquio.com.br\/","name":"FATHER EUST\u00c1QUIO","description":"Health and Peace","publisher":{"@id":"https:\/\/www.padreeustaquio.com.br\/#organization"},"potentialAction":[{"@type":"SearchAction","target":{"@type":"EntryPoint","urlTemplate":"https:\/\/www.padreeustaquio.com.br\/?s={search_term_string}"},"query-input":{"@type":"PropertyValueSpecification","valueRequired":true,"valueName":"search_term_string"}}],"inLanguage":"en-US"},{"@type":"Organization","@id":"https:\/\/www.padreeustaquio.com.br\/#organization","name":"FATHER EUST\u00c1QUIO","url":"https:\/\/www.padreeustaquio.com.br\/","logo":{"@type":"ImageObject","inLanguage":"en-US","@id":"https:\/\/www.padreeustaquio.com.br\/#\/schema\/logo\/image\/","url":"https:\/\/www.padreeustaquio.com.br\/wp-content\/uploads\/2019\/08\/marca.png","contentUrl":"https:\/\/www.padreeustaquio.com.br\/wp-content\/uploads\/2019\/08\/marca.png","width":350,"height":400,"caption":"Padre Eust\u00e1quio"},"image":{"@id":"https:\/\/www.padreeustaquio.com.br\/#\/schema\/logo\/image\/"},"sameAs":["https:\/\/www.facebook.com\/beatopadreeustaquio\/","https:\/\/x.com\/beatopeustaquio","https:\/\/www.instagram.com\/beatopadreeustaquio\/","https:\/\/www.youtube.com\/channel\/UCRhw7vfabnajwLxb1ZXMeIw"]},{"@type":"Person","@id":"https:\/\/www.padreeustaquio.com.br\/#\/schema\/person\/a2a51db1d00f1a7af0204a0f1ddb1566","name":"@sscc","image":{"@type":"ImageObject","inLanguage":"en-US","@id":"https:\/\/secure.gravatar.com\/avatar\/68cfafa5f44617fea54071e215026e0ff06be366c3d54a8425f04fdcb86f8c5f?s=96&d=mm&r=g","url":"https:\/\/secure.gravatar.com\/avatar\/68cfafa5f44617fea54071e215026e0ff06be366c3d54a8425f04fdcb86f8c5f?s=96&d=mm&r=g","contentUrl":"https:\/\/secure.gravatar.com\/avatar\/68cfafa5f44617fea54071e215026e0ff06be366c3d54a8425f04fdcb86f8c5f?s=96&d=mm&r=g","caption":"@sscc"},"url":"https:\/\/www.padreeustaquio.com.br\/en\/author\/sscc\/"}]}},"_links":{"self":[{"href":"https:\/\/www.padreeustaquio.com.br\/en\/wp-json\/wp\/v2\/posts\/5161","targetHints":{"allow":["GET"]}}],"collection":[{"href":"https:\/\/www.padreeustaquio.com.br\/en\/wp-json\/wp\/v2\/posts"}],"about":[{"href":"https:\/\/www.padreeustaquio.com.br\/en\/wp-json\/wp\/v2\/types\/post"}],"author":[{"embeddable":true,"href":"https:\/\/www.padreeustaquio.com.br\/en\/wp-json\/wp\/v2\/users\/2"}],"replies":[{"embeddable":true,"href":"https:\/\/www.padreeustaquio.com.br\/en\/wp-json\/wp\/v2\/comments?post=5161"}],"version-history":[{"count":0,"href":"https:\/\/www.padreeustaquio.com.br\/en\/wp-json\/wp\/v2\/posts\/5161\/revisions"}],"wp:featuredmedia":[{"embeddable":true,"href":"https:\/\/www.padreeustaquio.com.br\/en\/wp-json\/wp\/v2\/media\/5172"}],"wp:attachment":[{"href":"https:\/\/www.padreeustaquio.com.br\/en\/wp-json\/wp\/v2\/media?parent=5161"}],"wp:term":[{"taxonomy":"category","embeddable":true,"href":"https:\/\/www.padreeustaquio.com.br\/en\/wp-json\/wp\/v2\/categories?post=5161"},{"taxonomy":"post_tag","embeddable":true,"href":"https:\/\/www.padreeustaquio.com.br\/en\/wp-json\/wp\/v2\/tags?post=5161"}],"curies":[{"name":"wp","href":"https:\/\/api.w.org\/{rel}","templated":true}]}}