{"id":5153,"date":"2021-02-27T07:54:43","date_gmt":"2021-02-27T10:54:43","guid":{"rendered":"https:\/\/www.padreeustaquio.com.br\/?p=5153"},"modified":"2021-02-24T19:06:09","modified_gmt":"2021-02-24T22:06:09","slug":"andrzej-lukawski-sscc-the-postulator-of-the-cause-for-canonization-of-father-eustaquio","status":"publish","type":"post","link":"https:\/\/www.padreeustaquio.com.br\/en\/andrzej-lukawski-sscc-the-postulator-of-the-cause-for-canonization-of-father-eustaquio\/","title":{"rendered":"Andrzej Lukawski, SSCC \u2013 The postulator of the Cause for Canonization of Father Eust\u00e1quio"},"content":{"rendered":"<p>Father Andrzej Lukawski is a religious of the Congregation of the Sacred Hearts, Postulator General of the Congregation and Procurator General of the institution. He was born in Poland and was appointed in 2019 to assume the position previously held by David Reid, SS.CC.<\/p>\n<p>The postulator is responsible for investigating the profile of the candidate for sainthood. He evaluates documents, accounts from the faithful, and alleged miracles. In the case of Blessed Father Eustace, only the confirmation of one more miracle is awaited, since one has already been recognized by the Vatican.<\/p>\n<p>Father Andrzej works at the house of the Congregation of the Sacred Hearts in Rome and, in cases of beatification or canonization processes, he works with the Congregation for the Causes of Saints of the Holy See.<\/p>","protected":false},"excerpt":{"rendered":"<p>Padre Andrzej Lukawski \u00e9 religioso da Congrega\u00e7\u00e3o dos Sagrados Cora\u00e7\u00f5es, Postulador Geral da Congrega\u00e7\u00e3o e Procurador Geral da institui\u00e7\u00e3o. Ele nasceu na Pol\u00f4nia e foi nomeado em 2019 para assumir o cargo que antes pertencia a David Reid, SS.CC. O postulador \u00e9 respons\u00e1vel por investigar o perfil do candidato \u00e0 santidade. Ele avalia documentos, relatos de fi\u00e9is e supostos milagres. No caso do Beato Padre Eust\u00e1quio, aguarda-se apenas a confirma\u00e7\u00e3o de mais um milagre, j\u00e1 que um foi reconhecido pelo Vaticano. Padre Andrzej trabalha na casa da Congrega\u00e7\u00e3o dos Sagrados Cora\u00e7\u00f5es em Roma e, nos casos de processos de beatifica\u00e7\u00e3o [&hellip;]<\/p>\n","protected":false},"author":2,"featured_media":5154,"comment_status":"open","ping_status":"open","sticky":false,"template":"","format":"standard","meta":{"_acf_changed":false,"footnotes":""},"categories":[614,611],"tags":[],"class_list":["post-5153","post","type-post","status-publish","format-standard","has-post-thumbnail","hentry","category-curiosidades","category-noticias"],"acf":[],"yoast_head":"<!-- This site is optimized with the Yoast SEO plugin v27.2 - https:\/\/yoast.com\/product\/yoast-seo-wordpress\/ -->\n<title>Andrzej Lukawski, SSCC - O postulador da Causa de Canoniza\u00e7\u00e3o de Padre Eust\u00e1quio - Padre Eust\u00e1quio<\/title>\n<meta name=\"robots\" content=\"index, follow, max-snippet:-1, max-image-preview:large, max-video-preview:-1\" \/>\n<link rel=\"canonical\" href=\"https:\/\/www.padreeustaquio.com.br\/en\/andrzej-lukawski-sscc-the-postulator-of-the-cause-for-canonization-of-father-eustaquio\/\" \/>\n<meta property=\"og:locale\" content=\"en_US\" \/>\n<meta property=\"og:type\" content=\"article\" \/>\n<meta property=\"og:title\" content=\"Andrzej Lukawski, SSCC - O postulador da Causa de Canoniza\u00e7\u00e3o de Padre Eust\u00e1quio - Padre Eust\u00e1quio\" \/>\n<meta property=\"og:description\" content=\"Padre Andrzej Lukawski \u00e9 religioso da Congrega\u00e7\u00e3o dos Sagrados Cora\u00e7\u00f5es, Postulador Geral da Congrega\u00e7\u00e3o e Procurador Geral da institui\u00e7\u00e3o. Ele nasceu na Pol\u00f4nia e foi nomeado em 2019 para assumir o cargo que antes pertencia a David Reid, SS.CC. O postulador \u00e9 respons\u00e1vel por investigar o perfil do candidato \u00e0 santidade. Ele avalia documentos, relatos de fi\u00e9is e supostos milagres. No caso do Beato Padre Eust\u00e1quio, aguarda-se apenas a confirma\u00e7\u00e3o de mais um milagre, j\u00e1 que um foi reconhecido pelo Vaticano. Padre Andrzej trabalha na casa da Congrega\u00e7\u00e3o dos Sagrados Cora\u00e7\u00f5es em Roma e, nos casos de processos de beatifica\u00e7\u00e3o [&hellip;]\" \/>\n<meta property=\"og:url\" content=\"https:\/\/www.padreeustaquio.com.br\/en\/andrzej-lukawski-sscc-the-postulator-of-the-cause-for-canonization-of-father-eustaquio\/\" \/>\n<meta property=\"og:site_name\" content=\"Padre Eust\u00e1quio\" \/>\n<meta property=\"article:publisher\" content=\"https:\/\/www.facebook.com\/beatopadreeustaquio\/\" \/>\n<meta property=\"article:published_time\" content=\"2021-02-27T10:54:43+00:00\" \/>\n<meta property=\"og:image\" content=\"https:\/\/www.padreeustaquio.com.br\/wp-content\/uploads\/2021\/02\/Andrzej-Lukawski.jpg\" \/>\n\t<meta property=\"og:image:width\" content=\"275\" \/>\n\t<meta property=\"og:image:height\" content=\"183\" \/>\n\t<meta property=\"og:image:type\" content=\"image\/jpeg\" \/>\n<meta name=\"author\" content=\"@sscc\" \/>\n<meta name=\"twitter:card\" content=\"summary_large_image\" \/>\n<meta name=\"twitter:creator\" content=\"@beatopeustaquio\" \/>\n<meta name=\"twitter:site\" content=\"@beatopeustaquio\" \/>\n<meta name=\"twitter:label1\" content=\"Written by\" \/>\n\t<meta name=\"twitter:data1\" content=\"@sscc\" \/>\n\t<meta name=\"twitter:label2\" content=\"Est. reading time\" \/>\n\t<meta name=\"twitter:data2\" content=\"1 minute\" \/>\n<script type=\"application\/ld+json\" class=\"yoast-schema-graph\">{\"@context\":\"https:\/\/schema.org\",\"@graph\":[{\"@type\":\"Article\",\"@id\":\"https:\/\/www.padreeustaquio.com.br\/andrzej-lukawski-sscc-o-postulador-da-causa-de-canonizacao-de-padre-eustaquio\/#article\",\"isPartOf\":{\"@id\":\"https:\/\/www.padreeustaquio.com.br\/andrzej-lukawski-sscc-o-postulador-da-causa-de-canonizacao-de-padre-eustaquio\/\"},\"author\":{\"name\":\"@sscc\",\"@id\":\"https:\/\/www.padreeustaquio.com.br\/#\/schema\/person\/a2a51db1d00f1a7af0204a0f1ddb1566\"},\"headline\":\"Andrzej Lukawski, SSCC &#8211; O postulador da Causa de Canoniza\u00e7\u00e3o de Padre Eust\u00e1quio\",\"datePublished\":\"2021-02-27T10:54:43+00:00\",\"mainEntityOfPage\":{\"@id\":\"https:\/\/www.padreeustaquio.com.br\/andrzej-lukawski-sscc-o-postulador-da-causa-de-canonizacao-de-padre-eustaquio\/\"},\"wordCount\":140,\"commentCount\":0,\"publisher\":{\"@id\":\"https:\/\/www.padreeustaquio.com.br\/#organization\"},\"image\":{\"@id\":\"https:\/\/www.padreeustaquio.com.br\/andrzej-lukawski-sscc-o-postulador-da-causa-de-canonizacao-de-padre-eustaquio\/#primaryimage\"},\"thumbnailUrl\":\"https:\/\/www.padreeustaquio.com.br\/wp-content\/uploads\/2021\/02\/Andrzej-Lukawski.jpg\",\"articleSection\":[\"Curiosidades\",\"Not\u00edcias\"],\"inLanguage\":\"en-US\",\"potentialAction\":[{\"@type\":\"CommentAction\",\"name\":\"Comment\",\"target\":[\"https:\/\/www.padreeustaquio.com.br\/andrzej-lukawski-sscc-o-postulador-da-causa-de-canonizacao-de-padre-eustaquio\/#respond\"]}]},{\"@type\":\"WebPage\",\"@id\":\"https:\/\/www.padreeustaquio.com.br\/andrzej-lukawski-sscc-o-postulador-da-causa-de-canonizacao-de-padre-eustaquio\/\",\"url\":\"https:\/\/www.padreeustaquio.com.br\/andrzej-lukawski-sscc-o-postulador-da-causa-de-canonizacao-de-padre-eustaquio\/\",\"name\":\"Andrzej Lukawski, SSCC - O postulador da Causa de Canoniza\u00e7\u00e3o de Padre Eust\u00e1quio - Padre Eust\u00e1quio\",\"isPartOf\":{\"@id\":\"https:\/\/www.padreeustaquio.com.br\/#website\"},\"primaryImageOfPage\":{\"@id\":\"https:\/\/www.padreeustaquio.com.br\/andrzej-lukawski-sscc-o-postulador-da-causa-de-canonizacao-de-padre-eustaquio\/#primaryimage\"},\"image\":{\"@id\":\"https:\/\/www.padreeustaquio.com.br\/andrzej-lukawski-sscc-o-postulador-da-causa-de-canonizacao-de-padre-eustaquio\/#primaryimage\"},\"thumbnailUrl\":\"https:\/\/www.padreeustaquio.com.br\/wp-content\/uploads\/2021\/02\/Andrzej-Lukawski.jpg\",\"datePublished\":\"2021-02-27T10:54:43+00:00\",\"breadcrumb\":{\"@id\":\"https:\/\/www.padreeustaquio.com.br\/andrzej-lukawski-sscc-o-postulador-da-causa-de-canonizacao-de-padre-eustaquio\/#breadcrumb\"},\"inLanguage\":\"en-US\",\"potentialAction\":[{\"@type\":\"ReadAction\",\"target\":[\"https:\/\/www.padreeustaquio.com.br\/andrzej-lukawski-sscc-o-postulador-da-causa-de-canonizacao-de-padre-eustaquio\/\"]}]},{\"@type\":\"ImageObject\",\"inLanguage\":\"en-US\",\"@id\":\"https:\/\/www.padreeustaquio.com.br\/andrzej-lukawski-sscc-o-postulador-da-causa-de-canonizacao-de-padre-eustaquio\/#primaryimage\",\"url\":\"https:\/\/www.padreeustaquio.com.br\/wp-content\/uploads\/2021\/02\/Andrzej-Lukawski.jpg\",\"contentUrl\":\"https:\/\/www.padreeustaquio.com.br\/wp-content\/uploads\/2021\/02\/Andrzej-Lukawski.jpg\",\"width\":275,\"height\":183,\"caption\":\"Padre Andrzej durante o encontro com o Papa Francisco\"},{\"@type\":\"BreadcrumbList\",\"@id\":\"https:\/\/www.padreeustaquio.com.br\/andrzej-lukawski-sscc-o-postulador-da-causa-de-canonizacao-de-padre-eustaquio\/#breadcrumb\",\"itemListElement\":[{\"@type\":\"ListItem\",\"position\":1,\"name\":\"In\u00edcio\",\"item\":\"https:\/\/www.padreeustaquio.com.br\/\"},{\"@type\":\"ListItem\",\"position\":2,\"name\":\"Andrzej Lukawski, SSCC &#8211; O postulador da Causa de Canoniza\u00e7\u00e3o de Padre Eust\u00e1quio\"}]},{\"@type\":\"WebSite\",\"@id\":\"https:\/\/www.padreeustaquio.com.br\/#website\",\"url\":\"https:\/\/www.padreeustaquio.com.br\/\",\"name\":\"Padre Eust\u00e1quio\",\"description\":\"Sa\u00fade e Paz\",\"publisher\":{\"@id\":\"https:\/\/www.padreeustaquio.com.br\/#organization\"},\"potentialAction\":[{\"@type\":\"SearchAction\",\"target\":{\"@type\":\"EntryPoint\",\"urlTemplate\":\"https:\/\/www.padreeustaquio.com.br\/?s={search_term_string}\"},\"query-input\":{\"@type\":\"PropertyValueSpecification\",\"valueRequired\":true,\"valueName\":\"search_term_string\"}}],\"inLanguage\":\"en-US\"},{\"@type\":\"Organization\",\"@id\":\"https:\/\/www.padreeustaquio.com.br\/#organization\",\"name\":\"Padre Eust\u00e1quio\",\"url\":\"https:\/\/www.padreeustaquio.com.br\/\",\"logo\":{\"@type\":\"ImageObject\",\"inLanguage\":\"en-US\",\"@id\":\"https:\/\/www.padreeustaquio.com.br\/#\/schema\/logo\/image\/\",\"url\":\"https:\/\/www.padreeustaquio.com.br\/wp-content\/uploads\/2019\/08\/marca.png\",\"contentUrl\":\"https:\/\/www.padreeustaquio.com.br\/wp-content\/uploads\/2019\/08\/marca.png\",\"width\":350,\"height\":400,\"caption\":\"Padre Eust\u00e1quio\"},\"image\":{\"@id\":\"https:\/\/www.padreeustaquio.com.br\/#\/schema\/logo\/image\/\"},\"sameAs\":[\"https:\/\/www.facebook.com\/beatopadreeustaquio\/\",\"https:\/\/x.com\/beatopeustaquio\",\"https:\/\/www.instagram.com\/beatopadreeustaquio\/\",\"https:\/\/www.youtube.com\/channel\/UCRhw7vfabnajwLxb1ZXMeIw\"]},{\"@type\":\"Person\",\"@id\":\"https:\/\/www.padreeustaquio.com.br\/#\/schema\/person\/a2a51db1d00f1a7af0204a0f1ddb1566\",\"name\":\"@sscc\",\"image\":{\"@type\":\"ImageObject\",\"inLanguage\":\"en-US\",\"@id\":\"https:\/\/secure.gravatar.com\/avatar\/68cfafa5f44617fea54071e215026e0ff06be366c3d54a8425f04fdcb86f8c5f?s=96&d=mm&r=g\",\"url\":\"https:\/\/secure.gravatar.com\/avatar\/68cfafa5f44617fea54071e215026e0ff06be366c3d54a8425f04fdcb86f8c5f?s=96&d=mm&r=g\",\"contentUrl\":\"https:\/\/secure.gravatar.com\/avatar\/68cfafa5f44617fea54071e215026e0ff06be366c3d54a8425f04fdcb86f8c5f?s=96&d=mm&r=g\",\"caption\":\"@sscc\"},\"url\":\"https:\/\/www.padreeustaquio.com.br\/en\/author\/sscc\/\"}]}<\/script>\n<!-- \/ Yoast SEO plugin. -->","yoast_head_json":{"title":"Andrzej Lukawski, SSCC - The postulator of the Cause for Canonization of Father Eust\u00e1quio - Father Eust\u00e1quio","robots":{"index":"index","follow":"follow","max-snippet":"max-snippet:-1","max-image-preview":"max-image-preview:large","max-video-preview":"max-video-preview:-1"},"canonical":"https:\/\/www.padreeustaquio.com.br\/en\/andrzej-lukawski-sscc-the-postulator-of-the-cause-for-canonization-of-father-eustaquio\/","og_locale":"en_US","og_type":"article","og_title":"Andrzej Lukawski, SSCC - O postulador da Causa de Canoniza\u00e7\u00e3o de Padre Eust\u00e1quio - Padre Eust\u00e1quio","og_description":"Padre Andrzej Lukawski \u00e9 religioso da Congrega\u00e7\u00e3o dos Sagrados Cora\u00e7\u00f5es, Postulador Geral da Congrega\u00e7\u00e3o e Procurador Geral da institui\u00e7\u00e3o. Ele nasceu na Pol\u00f4nia e foi nomeado em 2019 para assumir o cargo que antes pertencia a David Reid, SS.CC. O postulador \u00e9 respons\u00e1vel por investigar o perfil do candidato \u00e0 santidade. Ele avalia documentos, relatos de fi\u00e9is e supostos milagres. No caso do Beato Padre Eust\u00e1quio, aguarda-se apenas a confirma\u00e7\u00e3o de mais um milagre, j\u00e1 que um foi reconhecido pelo Vaticano. Padre Andrzej trabalha na casa da Congrega\u00e7\u00e3o dos Sagrados Cora\u00e7\u00f5es em Roma e, nos casos de processos de beatifica\u00e7\u00e3o [&hellip;]","og_url":"https:\/\/www.padreeustaquio.com.br\/en\/andrzej-lukawski-sscc-the-postulator-of-the-cause-for-canonization-of-father-eustaquio\/","og_site_name":"Padre Eust\u00e1quio","article_publisher":"https:\/\/www.facebook.com\/beatopadreeustaquio\/","article_published_time":"2021-02-27T10:54:43+00:00","og_image":[{"width":275,"height":183,"url":"https:\/\/www.padreeustaquio.com.br\/wp-content\/uploads\/2021\/02\/Andrzej-Lukawski.jpg","type":"image\/jpeg"}],"author":"@sscc","twitter_card":"summary_large_image","twitter_creator":"@beatopeustaquio","twitter_site":"@beatopeustaquio","twitter_misc":{"Written by":"@sscc","Est. reading time":"1 minute"},"schema":{"@context":"https:\/\/schema.org","@graph":[{"@type":"Article","@id":"https:\/\/www.padreeustaquio.com.br\/andrzej-lukawski-sscc-o-postulador-da-causa-de-canonizacao-de-padre-eustaquio\/#article","isPartOf":{"@id":"https:\/\/www.padreeustaquio.com.br\/andrzej-lukawski-sscc-o-postulador-da-causa-de-canonizacao-de-padre-eustaquio\/"},"author":{"name":"@sscc","@id":"https:\/\/www.padreeustaquio.com.br\/#\/schema\/person\/a2a51db1d00f1a7af0204a0f1ddb1566"},"headline":"Andrzej Lukawski, SSCC &#8211; O postulador da Causa de Canoniza\u00e7\u00e3o de Padre Eust\u00e1quio","datePublished":"2021-02-27T10:54:43+00:00","mainEntityOfPage":{"@id":"https:\/\/www.padreeustaquio.com.br\/andrzej-lukawski-sscc-o-postulador-da-causa-de-canonizacao-de-padre-eustaquio\/"},"wordCount":140,"commentCount":0,"publisher":{"@id":"https:\/\/www.padreeustaquio.com.br\/#organization"},"image":{"@id":"https:\/\/www.padreeustaquio.com.br\/andrzej-lukawski-sscc-o-postulador-da-causa-de-canonizacao-de-padre-eustaquio\/#primaryimage"},"thumbnailUrl":"https:\/\/www.padreeustaquio.com.br\/wp-content\/uploads\/2021\/02\/Andrzej-Lukawski.jpg","articleSection":["Curiosidades","Not\u00edcias"],"inLanguage":"en-US","potentialAction":[{"@type":"CommentAction","name":"Comment","target":["https:\/\/www.padreeustaquio.com.br\/andrzej-lukawski-sscc-o-postulador-da-causa-de-canonizacao-de-padre-eustaquio\/#respond"]}]},{"@type":"WebPage","@id":"https:\/\/www.padreeustaquio.com.br\/andrzej-lukawski-sscc-o-postulador-da-causa-de-canonizacao-de-padre-eustaquio\/","url":"https:\/\/www.padreeustaquio.com.br\/andrzej-lukawski-sscc-o-postulador-da-causa-de-canonizacao-de-padre-eustaquio\/","name":"Andrzej Lukawski, SSCC - The postulator of the Cause for Canonization of Father Eust\u00e1quio - Father Eust\u00e1quio","isPartOf":{"@id":"https:\/\/www.padreeustaquio.com.br\/#website"},"primaryImageOfPage":{"@id":"https:\/\/www.padreeustaquio.com.br\/andrzej-lukawski-sscc-o-postulador-da-causa-de-canonizacao-de-padre-eustaquio\/#primaryimage"},"image":{"@id":"https:\/\/www.padreeustaquio.com.br\/andrzej-lukawski-sscc-o-postulador-da-causa-de-canonizacao-de-padre-eustaquio\/#primaryimage"},"thumbnailUrl":"https:\/\/www.padreeustaquio.com.br\/wp-content\/uploads\/2021\/02\/Andrzej-Lukawski.jpg","datePublished":"2021-02-27T10:54:43+00:00","breadcrumb":{"@id":"https:\/\/www.padreeustaquio.com.br\/andrzej-lukawski-sscc-o-postulador-da-causa-de-canonizacao-de-padre-eustaquio\/#breadcrumb"},"inLanguage":"en-US","potentialAction":[{"@type":"ReadAction","target":["https:\/\/www.padreeustaquio.com.br\/andrzej-lukawski-sscc-o-postulador-da-causa-de-canonizacao-de-padre-eustaquio\/"]}]},{"@type":"ImageObject","inLanguage":"en-US","@id":"https:\/\/www.padreeustaquio.com.br\/andrzej-lukawski-sscc-o-postulador-da-causa-de-canonizacao-de-padre-eustaquio\/#primaryimage","url":"https:\/\/www.padreeustaquio.com.br\/wp-content\/uploads\/2021\/02\/Andrzej-Lukawski.jpg","contentUrl":"https:\/\/www.padreeustaquio.com.br\/wp-content\/uploads\/2021\/02\/Andrzej-Lukawski.jpg","width":275,"height":183,"caption":"Padre Andrzej durante o encontro com o Papa Francisco"},{"@type":"BreadcrumbList","@id":"https:\/\/www.padreeustaquio.com.br\/andrzej-lukawski-sscc-o-postulador-da-causa-de-canonizacao-de-padre-eustaquio\/#breadcrumb","itemListElement":[{"@type":"ListItem","position":1,"name":"In\u00edcio","item":"https:\/\/www.padreeustaquio.com.br\/"},{"@type":"ListItem","position":2,"name":"Andrzej Lukawski, SSCC &#8211; O postulador da Causa de Canoniza\u00e7\u00e3o de Padre Eust\u00e1quio"}]},{"@type":"WebSite","@id":"https:\/\/www.padreeustaquio.com.br\/#website","url":"https:\/\/www.padreeustaquio.com.br\/","name":"FATHER EUST\u00c1QUIO","description":"Health and Peace","publisher":{"@id":"https:\/\/www.padreeustaquio.com.br\/#organization"},"potentialAction":[{"@type":"SearchAction","target":{"@type":"EntryPoint","urlTemplate":"https:\/\/www.padreeustaquio.com.br\/?s={search_term_string}"},"query-input":{"@type":"PropertyValueSpecification","valueRequired":true,"valueName":"search_term_string"}}],"inLanguage":"en-US"},{"@type":"Organization","@id":"https:\/\/www.padreeustaquio.com.br\/#organization","name":"FATHER EUST\u00c1QUIO","url":"https:\/\/www.padreeustaquio.com.br\/","logo":{"@type":"ImageObject","inLanguage":"en-US","@id":"https:\/\/www.padreeustaquio.com.br\/#\/schema\/logo\/image\/","url":"https:\/\/www.padreeustaquio.com.br\/wp-content\/uploads\/2019\/08\/marca.png","contentUrl":"https:\/\/www.padreeustaquio.com.br\/wp-content\/uploads\/2019\/08\/marca.png","width":350,"height":400,"caption":"Padre Eust\u00e1quio"},"image":{"@id":"https:\/\/www.padreeustaquio.com.br\/#\/schema\/logo\/image\/"},"sameAs":["https:\/\/www.facebook.com\/beatopadreeustaquio\/","https:\/\/x.com\/beatopeustaquio","https:\/\/www.instagram.com\/beatopadreeustaquio\/","https:\/\/www.youtube.com\/channel\/UCRhw7vfabnajwLxb1ZXMeIw"]},{"@type":"Person","@id":"https:\/\/www.padreeustaquio.com.br\/#\/schema\/person\/a2a51db1d00f1a7af0204a0f1ddb1566","name":"@sscc","image":{"@type":"ImageObject","inLanguage":"en-US","@id":"https:\/\/secure.gravatar.com\/avatar\/68cfafa5f44617fea54071e215026e0ff06be366c3d54a8425f04fdcb86f8c5f?s=96&d=mm&r=g","url":"https:\/\/secure.gravatar.com\/avatar\/68cfafa5f44617fea54071e215026e0ff06be366c3d54a8425f04fdcb86f8c5f?s=96&d=mm&r=g","contentUrl":"https:\/\/secure.gravatar.com\/avatar\/68cfafa5f44617fea54071e215026e0ff06be366c3d54a8425f04fdcb86f8c5f?s=96&d=mm&r=g","caption":"@sscc"},"url":"https:\/\/www.padreeustaquio.com.br\/en\/author\/sscc\/"}]}},"_links":{"self":[{"href":"https:\/\/www.padreeustaquio.com.br\/en\/wp-json\/wp\/v2\/posts\/5153","targetHints":{"allow":["GET"]}}],"collection":[{"href":"https:\/\/www.padreeustaquio.com.br\/en\/wp-json\/wp\/v2\/posts"}],"about":[{"href":"https:\/\/www.padreeustaquio.com.br\/en\/wp-json\/wp\/v2\/types\/post"}],"author":[{"embeddable":true,"href":"https:\/\/www.padreeustaquio.com.br\/en\/wp-json\/wp\/v2\/users\/2"}],"replies":[{"embeddable":true,"href":"https:\/\/www.padreeustaquio.com.br\/en\/wp-json\/wp\/v2\/comments?post=5153"}],"version-history":[{"count":0,"href":"https:\/\/www.padreeustaquio.com.br\/en\/wp-json\/wp\/v2\/posts\/5153\/revisions"}],"wp:featuredmedia":[{"embeddable":true,"href":"https:\/\/www.padreeustaquio.com.br\/en\/wp-json\/wp\/v2\/media\/5154"}],"wp:attachment":[{"href":"https:\/\/www.padreeustaquio.com.br\/en\/wp-json\/wp\/v2\/media?parent=5153"}],"wp:term":[{"taxonomy":"category","embeddable":true,"href":"https:\/\/www.padreeustaquio.com.br\/en\/wp-json\/wp\/v2\/categories?post=5153"},{"taxonomy":"post_tag","embeddable":true,"href":"https:\/\/www.padreeustaquio.com.br\/en\/wp-json\/wp\/v2\/tags?post=5153"}],"curies":[{"name":"wp","href":"https:\/\/api.w.org\/{rel}","templated":true}]}}