{"id":5149,"date":"2021-02-25T07:57:36","date_gmt":"2021-02-25T10:57:36","guid":{"rendered":"https:\/\/www.padreeustaquio.com.br\/?p=5149"},"modified":"2021-02-23T20:16:29","modified_gmt":"2021-02-23T23:16:29","slug":"conservation-work-on-father-eustaquios-objects-is-featured-on-tv-horizonte","status":"publish","type":"post","link":"https:\/\/www.padreeustaquio.com.br\/en\/conservation-work-on-father-eustaquios-objects-is-featured-on-tv-horizonte\/","title":{"rendered":"Conservation work on Padre Eust\u00e1quio&#039;s objects is highlighted on TV Horizonte."},"content":{"rendered":"<p>The cleaning and cataloging of objects and clothing that belonged to Blessed Father Eust\u00e1quio caught the attention of TV Horizonte&#039;s news team. This week, the Horizonte Not\u00edcia news program, broadcast daily by the station, presented the work carried out at the Sanctuary by researchers from UFMG (Federal University of Minas Gerais).<\/p>\n<p>The report, led by journalist Gabrielle Assis, detailed the conservation process of the belongings of Father Eust\u00e1quio, which are under the responsibility of the Vice-Postulation in Brazil. During the report, restorers Cybele and Marcelino spoke about the work carried out through the Aldir Blanc Law.<\/p>\n<p>With images from cinematographer Wallace Jardim, the material also showed excerpts from an interview with the vice-postulator, Fr. Vin\u00edcius Maciel, SSCC, who explained the importance of the service and the objects, which are also considered relics since they belonged to a Blessed. Father Vin\u00edcius also mentioned that the objects will form part of the collection of the future Father Eust\u00e1quio Museum, which should be installed in the building next to the church. The project already exists and is awaiting donations to begin its execution.<\/p>\n<p>If you didn&#039;t see the report shown on TV Horizonte, <a href=\"https:\/\/www.youtube.com\/watch?v=1WsTb47eCFw\">Click here<\/a> and check out the material on display. And if you want to know a little more about the project developed by the researchers at the Sanctuary of Health and Peace,<em> <a href=\"https:\/\/www.padreeustaquio.com.br\/en\/father-eustaquios-belongings-are-cleaned-and-documented-in-belo-horizonte\/\">Check out this special feature published here on our website.<\/a><\/em>, on February 10th.<\/p>","protected":false},"excerpt":{"rendered":"<p>A higieniza\u00e7\u00e3o e cataloga\u00e7\u00e3o dos objetos e roupas que pertenceram ao Beato Padre Eust\u00e1quio chamou a aten\u00e7\u00e3o do jornalismo da TV Horizonte. Esta semana, o jornal Horizonte Not\u00edcia, exibido diariamente pela emissora, apresentou o trabalho realizado no Santu\u00e1rio por pesquisadores da UFMG. A reportagem comandada pela jornalista Gabrielle Assis, contou um pouco do processo de conserva\u00e7\u00e3o dos bens que pertenceram a Padre Eust\u00e1quio e est\u00e3o sob a responsabilidade da Vice-postula\u00e7\u00e3o no Brasil. Durante a mat\u00e9ria, os restauradores Cybele e Marcelino falaram sobre o trabalho desenvolvido por meio da Lei Aldir Blanc. Com imagens do cinegrafista Wallace Jardim, o material ainda [&hellip;]<\/p>\n","protected":false},"author":2,"featured_media":5150,"comment_status":"open","ping_status":"open","sticky":false,"template":"","format":"standard","meta":{"_acf_changed":false,"footnotes":""},"categories":[611],"tags":[],"class_list":["post-5149","post","type-post","status-publish","format-standard","has-post-thumbnail","hentry","category-noticias"],"acf":[],"yoast_head":"<!-- This site is optimized with the Yoast SEO plugin v27.2 - https:\/\/yoast.com\/product\/yoast-seo-wordpress\/ -->\n<title>Trabalho de conserva\u00e7\u00e3o dos objetos de Padre Eust\u00e1quio \u00e9 destaque na TV Horizonte - Padre Eust\u00e1quio<\/title>\n<meta name=\"robots\" content=\"index, follow, max-snippet:-1, max-image-preview:large, max-video-preview:-1\" \/>\n<link rel=\"canonical\" href=\"https:\/\/www.padreeustaquio.com.br\/en\/conservation-work-on-father-eustaquios-objects-is-featured-on-tv-horizonte\/\" \/>\n<meta property=\"og:locale\" content=\"en_US\" \/>\n<meta property=\"og:type\" content=\"article\" \/>\n<meta property=\"og:title\" content=\"Trabalho de conserva\u00e7\u00e3o dos objetos de Padre Eust\u00e1quio \u00e9 destaque na TV Horizonte - Padre Eust\u00e1quio\" \/>\n<meta property=\"og:description\" content=\"A higieniza\u00e7\u00e3o e cataloga\u00e7\u00e3o dos objetos e roupas que pertenceram ao Beato Padre Eust\u00e1quio chamou a aten\u00e7\u00e3o do jornalismo da TV Horizonte. Esta semana, o jornal Horizonte Not\u00edcia, exibido diariamente pela emissora, apresentou o trabalho realizado no Santu\u00e1rio por pesquisadores da UFMG. A reportagem comandada pela jornalista Gabrielle Assis, contou um pouco do processo de conserva\u00e7\u00e3o dos bens que pertenceram a Padre Eust\u00e1quio e est\u00e3o sob a responsabilidade da Vice-postula\u00e7\u00e3o no Brasil. Durante a mat\u00e9ria, os restauradores Cybele e Marcelino falaram sobre o trabalho desenvolvido por meio da Lei Aldir Blanc. Com imagens do cinegrafista Wallace Jardim, o material ainda [&hellip;]\" \/>\n<meta property=\"og:url\" content=\"https:\/\/www.padreeustaquio.com.br\/en\/conservation-work-on-father-eustaquios-objects-is-featured-on-tv-horizonte\/\" \/>\n<meta property=\"og:site_name\" content=\"Padre Eust\u00e1quio\" \/>\n<meta property=\"article:publisher\" content=\"https:\/\/www.facebook.com\/beatopadreeustaquio\/\" \/>\n<meta property=\"article:published_time\" content=\"2021-02-25T10:57:36+00:00\" \/>\n<meta property=\"og:image\" content=\"https:\/\/www.padreeustaquio.com.br\/wp-content\/uploads\/2021\/02\/TV-Horizonte-no-PE.jpg\" \/>\n\t<meta property=\"og:image:width\" content=\"1280\" \/>\n\t<meta property=\"og:image:height\" content=\"714\" \/>\n\t<meta property=\"og:image:type\" content=\"image\/jpeg\" \/>\n<meta name=\"author\" content=\"@sscc\" \/>\n<meta name=\"twitter:card\" content=\"summary_large_image\" \/>\n<meta name=\"twitter:creator\" content=\"@beatopeustaquio\" \/>\n<meta name=\"twitter:site\" content=\"@beatopeustaquio\" \/>\n<meta name=\"twitter:label1\" content=\"Written by\" \/>\n\t<meta name=\"twitter:data1\" content=\"@sscc\" \/>\n\t<meta name=\"twitter:label2\" content=\"Est. reading time\" \/>\n\t<meta name=\"twitter:data2\" content=\"1 minute\" \/>\n<script type=\"application\/ld+json\" class=\"yoast-schema-graph\">{\"@context\":\"https:\/\/schema.org\",\"@graph\":[{\"@type\":\"Article\",\"@id\":\"https:\/\/www.padreeustaquio.com.br\/trabalho-de-conservacao-dos-objetos-de-padre-eustaquio-e-destaque-na-tv-horizonte\/#article\",\"isPartOf\":{\"@id\":\"https:\/\/www.padreeustaquio.com.br\/trabalho-de-conservacao-dos-objetos-de-padre-eustaquio-e-destaque-na-tv-horizonte\/\"},\"author\":{\"name\":\"@sscc\",\"@id\":\"https:\/\/www.padreeustaquio.com.br\/#\/schema\/person\/a2a51db1d00f1a7af0204a0f1ddb1566\"},\"headline\":\"Trabalho de conserva\u00e7\u00e3o dos objetos de Padre Eust\u00e1quio \u00e9 destaque na TV Horizonte\",\"datePublished\":\"2021-02-25T10:57:36+00:00\",\"mainEntityOfPage\":{\"@id\":\"https:\/\/www.padreeustaquio.com.br\/trabalho-de-conservacao-dos-objetos-de-padre-eustaquio-e-destaque-na-tv-horizonte\/\"},\"wordCount\":261,\"commentCount\":0,\"publisher\":{\"@id\":\"https:\/\/www.padreeustaquio.com.br\/#organization\"},\"image\":{\"@id\":\"https:\/\/www.padreeustaquio.com.br\/trabalho-de-conservacao-dos-objetos-de-padre-eustaquio-e-destaque-na-tv-horizonte\/#primaryimage\"},\"thumbnailUrl\":\"https:\/\/www.padreeustaquio.com.br\/wp-content\/uploads\/2021\/02\/TV-Horizonte-no-PE.jpg\",\"articleSection\":[\"Not\u00edcias\"],\"inLanguage\":\"en-US\",\"potentialAction\":[{\"@type\":\"CommentAction\",\"name\":\"Comment\",\"target\":[\"https:\/\/www.padreeustaquio.com.br\/trabalho-de-conservacao-dos-objetos-de-padre-eustaquio-e-destaque-na-tv-horizonte\/#respond\"]}]},{\"@type\":\"WebPage\",\"@id\":\"https:\/\/www.padreeustaquio.com.br\/trabalho-de-conservacao-dos-objetos-de-padre-eustaquio-e-destaque-na-tv-horizonte\/\",\"url\":\"https:\/\/www.padreeustaquio.com.br\/trabalho-de-conservacao-dos-objetos-de-padre-eustaquio-e-destaque-na-tv-horizonte\/\",\"name\":\"Trabalho de conserva\u00e7\u00e3o dos objetos de Padre Eust\u00e1quio \u00e9 destaque na TV Horizonte - Padre Eust\u00e1quio\",\"isPartOf\":{\"@id\":\"https:\/\/www.padreeustaquio.com.br\/#website\"},\"primaryImageOfPage\":{\"@id\":\"https:\/\/www.padreeustaquio.com.br\/trabalho-de-conservacao-dos-objetos-de-padre-eustaquio-e-destaque-na-tv-horizonte\/#primaryimage\"},\"image\":{\"@id\":\"https:\/\/www.padreeustaquio.com.br\/trabalho-de-conservacao-dos-objetos-de-padre-eustaquio-e-destaque-na-tv-horizonte\/#primaryimage\"},\"thumbnailUrl\":\"https:\/\/www.padreeustaquio.com.br\/wp-content\/uploads\/2021\/02\/TV-Horizonte-no-PE.jpg\",\"datePublished\":\"2021-02-25T10:57:36+00:00\",\"breadcrumb\":{\"@id\":\"https:\/\/www.padreeustaquio.com.br\/trabalho-de-conservacao-dos-objetos-de-padre-eustaquio-e-destaque-na-tv-horizonte\/#breadcrumb\"},\"inLanguage\":\"en-US\",\"potentialAction\":[{\"@type\":\"ReadAction\",\"target\":[\"https:\/\/www.padreeustaquio.com.br\/trabalho-de-conservacao-dos-objetos-de-padre-eustaquio-e-destaque-na-tv-horizonte\/\"]}]},{\"@type\":\"ImageObject\",\"inLanguage\":\"en-US\",\"@id\":\"https:\/\/www.padreeustaquio.com.br\/trabalho-de-conservacao-dos-objetos-de-padre-eustaquio-e-destaque-na-tv-horizonte\/#primaryimage\",\"url\":\"https:\/\/www.padreeustaquio.com.br\/wp-content\/uploads\/2021\/02\/TV-Horizonte-no-PE.jpg\",\"contentUrl\":\"https:\/\/www.padreeustaquio.com.br\/wp-content\/uploads\/2021\/02\/TV-Horizonte-no-PE.jpg\",\"width\":1280,\"height\":714,\"caption\":\"Reprodu\u00e7\u00e3o: TV Horizonte\"},{\"@type\":\"BreadcrumbList\",\"@id\":\"https:\/\/www.padreeustaquio.com.br\/trabalho-de-conservacao-dos-objetos-de-padre-eustaquio-e-destaque-na-tv-horizonte\/#breadcrumb\",\"itemListElement\":[{\"@type\":\"ListItem\",\"position\":1,\"name\":\"In\u00edcio\",\"item\":\"https:\/\/www.padreeustaquio.com.br\/\"},{\"@type\":\"ListItem\",\"position\":2,\"name\":\"Trabalho de conserva\u00e7\u00e3o dos objetos de Padre Eust\u00e1quio \u00e9 destaque na TV Horizonte\"}]},{\"@type\":\"WebSite\",\"@id\":\"https:\/\/www.padreeustaquio.com.br\/#website\",\"url\":\"https:\/\/www.padreeustaquio.com.br\/\",\"name\":\"Padre Eust\u00e1quio\",\"description\":\"Sa\u00fade e Paz\",\"publisher\":{\"@id\":\"https:\/\/www.padreeustaquio.com.br\/#organization\"},\"potentialAction\":[{\"@type\":\"SearchAction\",\"target\":{\"@type\":\"EntryPoint\",\"urlTemplate\":\"https:\/\/www.padreeustaquio.com.br\/?s={search_term_string}\"},\"query-input\":{\"@type\":\"PropertyValueSpecification\",\"valueRequired\":true,\"valueName\":\"search_term_string\"}}],\"inLanguage\":\"en-US\"},{\"@type\":\"Organization\",\"@id\":\"https:\/\/www.padreeustaquio.com.br\/#organization\",\"name\":\"Padre Eust\u00e1quio\",\"url\":\"https:\/\/www.padreeustaquio.com.br\/\",\"logo\":{\"@type\":\"ImageObject\",\"inLanguage\":\"en-US\",\"@id\":\"https:\/\/www.padreeustaquio.com.br\/#\/schema\/logo\/image\/\",\"url\":\"https:\/\/www.padreeustaquio.com.br\/wp-content\/uploads\/2019\/08\/marca.png\",\"contentUrl\":\"https:\/\/www.padreeustaquio.com.br\/wp-content\/uploads\/2019\/08\/marca.png\",\"width\":350,\"height\":400,\"caption\":\"Padre Eust\u00e1quio\"},\"image\":{\"@id\":\"https:\/\/www.padreeustaquio.com.br\/#\/schema\/logo\/image\/\"},\"sameAs\":[\"https:\/\/www.facebook.com\/beatopadreeustaquio\/\",\"https:\/\/x.com\/beatopeustaquio\",\"https:\/\/www.instagram.com\/beatopadreeustaquio\/\",\"https:\/\/www.youtube.com\/channel\/UCRhw7vfabnajwLxb1ZXMeIw\"]},{\"@type\":\"Person\",\"@id\":\"https:\/\/www.padreeustaquio.com.br\/#\/schema\/person\/a2a51db1d00f1a7af0204a0f1ddb1566\",\"name\":\"@sscc\",\"image\":{\"@type\":\"ImageObject\",\"inLanguage\":\"en-US\",\"@id\":\"https:\/\/secure.gravatar.com\/avatar\/68cfafa5f44617fea54071e215026e0ff06be366c3d54a8425f04fdcb86f8c5f?s=96&d=mm&r=g\",\"url\":\"https:\/\/secure.gravatar.com\/avatar\/68cfafa5f44617fea54071e215026e0ff06be366c3d54a8425f04fdcb86f8c5f?s=96&d=mm&r=g\",\"contentUrl\":\"https:\/\/secure.gravatar.com\/avatar\/68cfafa5f44617fea54071e215026e0ff06be366c3d54a8425f04fdcb86f8c5f?s=96&d=mm&r=g\",\"caption\":\"@sscc\"},\"url\":\"https:\/\/www.padreeustaquio.com.br\/en\/author\/sscc\/\"}]}<\/script>\n<!-- \/ Yoast SEO plugin. -->","yoast_head_json":{"title":"Conservation work on Padre Eust\u00e1quio&#039;s objects is highlighted on TV Horizonte - Padre Eust\u00e1quio","robots":{"index":"index","follow":"follow","max-snippet":"max-snippet:-1","max-image-preview":"max-image-preview:large","max-video-preview":"max-video-preview:-1"},"canonical":"https:\/\/www.padreeustaquio.com.br\/en\/conservation-work-on-father-eustaquios-objects-is-featured-on-tv-horizonte\/","og_locale":"en_US","og_type":"article","og_title":"Trabalho de conserva\u00e7\u00e3o dos objetos de Padre Eust\u00e1quio \u00e9 destaque na TV Horizonte - Padre Eust\u00e1quio","og_description":"A higieniza\u00e7\u00e3o e cataloga\u00e7\u00e3o dos objetos e roupas que pertenceram ao Beato Padre Eust\u00e1quio chamou a aten\u00e7\u00e3o do jornalismo da TV Horizonte. Esta semana, o jornal Horizonte Not\u00edcia, exibido diariamente pela emissora, apresentou o trabalho realizado no Santu\u00e1rio por pesquisadores da UFMG. A reportagem comandada pela jornalista Gabrielle Assis, contou um pouco do processo de conserva\u00e7\u00e3o dos bens que pertenceram a Padre Eust\u00e1quio e est\u00e3o sob a responsabilidade da Vice-postula\u00e7\u00e3o no Brasil. Durante a mat\u00e9ria, os restauradores Cybele e Marcelino falaram sobre o trabalho desenvolvido por meio da Lei Aldir Blanc. Com imagens do cinegrafista Wallace Jardim, o material ainda [&hellip;]","og_url":"https:\/\/www.padreeustaquio.com.br\/en\/conservation-work-on-father-eustaquios-objects-is-featured-on-tv-horizonte\/","og_site_name":"Padre Eust\u00e1quio","article_publisher":"https:\/\/www.facebook.com\/beatopadreeustaquio\/","article_published_time":"2021-02-25T10:57:36+00:00","og_image":[{"width":1280,"height":714,"url":"https:\/\/www.padreeustaquio.com.br\/wp-content\/uploads\/2021\/02\/TV-Horizonte-no-PE.jpg","type":"image\/jpeg"}],"author":"@sscc","twitter_card":"summary_large_image","twitter_creator":"@beatopeustaquio","twitter_site":"@beatopeustaquio","twitter_misc":{"Written by":"@sscc","Est. reading time":"1 minute"},"schema":{"@context":"https:\/\/schema.org","@graph":[{"@type":"Article","@id":"https:\/\/www.padreeustaquio.com.br\/trabalho-de-conservacao-dos-objetos-de-padre-eustaquio-e-destaque-na-tv-horizonte\/#article","isPartOf":{"@id":"https:\/\/www.padreeustaquio.com.br\/trabalho-de-conservacao-dos-objetos-de-padre-eustaquio-e-destaque-na-tv-horizonte\/"},"author":{"name":"@sscc","@id":"https:\/\/www.padreeustaquio.com.br\/#\/schema\/person\/a2a51db1d00f1a7af0204a0f1ddb1566"},"headline":"Trabalho de conserva\u00e7\u00e3o dos objetos de Padre Eust\u00e1quio \u00e9 destaque na TV Horizonte","datePublished":"2021-02-25T10:57:36+00:00","mainEntityOfPage":{"@id":"https:\/\/www.padreeustaquio.com.br\/trabalho-de-conservacao-dos-objetos-de-padre-eustaquio-e-destaque-na-tv-horizonte\/"},"wordCount":261,"commentCount":0,"publisher":{"@id":"https:\/\/www.padreeustaquio.com.br\/#organization"},"image":{"@id":"https:\/\/www.padreeustaquio.com.br\/trabalho-de-conservacao-dos-objetos-de-padre-eustaquio-e-destaque-na-tv-horizonte\/#primaryimage"},"thumbnailUrl":"https:\/\/www.padreeustaquio.com.br\/wp-content\/uploads\/2021\/02\/TV-Horizonte-no-PE.jpg","articleSection":["Not\u00edcias"],"inLanguage":"en-US","potentialAction":[{"@type":"CommentAction","name":"Comment","target":["https:\/\/www.padreeustaquio.com.br\/trabalho-de-conservacao-dos-objetos-de-padre-eustaquio-e-destaque-na-tv-horizonte\/#respond"]}]},{"@type":"WebPage","@id":"https:\/\/www.padreeustaquio.com.br\/trabalho-de-conservacao-dos-objetos-de-padre-eustaquio-e-destaque-na-tv-horizonte\/","url":"https:\/\/www.padreeustaquio.com.br\/trabalho-de-conservacao-dos-objetos-de-padre-eustaquio-e-destaque-na-tv-horizonte\/","name":"Conservation work on Padre Eust\u00e1quio&#039;s objects is highlighted on TV Horizonte - Padre Eust\u00e1quio","isPartOf":{"@id":"https:\/\/www.padreeustaquio.com.br\/#website"},"primaryImageOfPage":{"@id":"https:\/\/www.padreeustaquio.com.br\/trabalho-de-conservacao-dos-objetos-de-padre-eustaquio-e-destaque-na-tv-horizonte\/#primaryimage"},"image":{"@id":"https:\/\/www.padreeustaquio.com.br\/trabalho-de-conservacao-dos-objetos-de-padre-eustaquio-e-destaque-na-tv-horizonte\/#primaryimage"},"thumbnailUrl":"https:\/\/www.padreeustaquio.com.br\/wp-content\/uploads\/2021\/02\/TV-Horizonte-no-PE.jpg","datePublished":"2021-02-25T10:57:36+00:00","breadcrumb":{"@id":"https:\/\/www.padreeustaquio.com.br\/trabalho-de-conservacao-dos-objetos-de-padre-eustaquio-e-destaque-na-tv-horizonte\/#breadcrumb"},"inLanguage":"en-US","potentialAction":[{"@type":"ReadAction","target":["https:\/\/www.padreeustaquio.com.br\/trabalho-de-conservacao-dos-objetos-de-padre-eustaquio-e-destaque-na-tv-horizonte\/"]}]},{"@type":"ImageObject","inLanguage":"en-US","@id":"https:\/\/www.padreeustaquio.com.br\/trabalho-de-conservacao-dos-objetos-de-padre-eustaquio-e-destaque-na-tv-horizonte\/#primaryimage","url":"https:\/\/www.padreeustaquio.com.br\/wp-content\/uploads\/2021\/02\/TV-Horizonte-no-PE.jpg","contentUrl":"https:\/\/www.padreeustaquio.com.br\/wp-content\/uploads\/2021\/02\/TV-Horizonte-no-PE.jpg","width":1280,"height":714,"caption":"Reprodu\u00e7\u00e3o: TV Horizonte"},{"@type":"BreadcrumbList","@id":"https:\/\/www.padreeustaquio.com.br\/trabalho-de-conservacao-dos-objetos-de-padre-eustaquio-e-destaque-na-tv-horizonte\/#breadcrumb","itemListElement":[{"@type":"ListItem","position":1,"name":"In\u00edcio","item":"https:\/\/www.padreeustaquio.com.br\/"},{"@type":"ListItem","position":2,"name":"Trabalho de conserva\u00e7\u00e3o dos objetos de Padre Eust\u00e1quio \u00e9 destaque na TV Horizonte"}]},{"@type":"WebSite","@id":"https:\/\/www.padreeustaquio.com.br\/#website","url":"https:\/\/www.padreeustaquio.com.br\/","name":"FATHER EUST\u00c1QUIO","description":"Health and Peace","publisher":{"@id":"https:\/\/www.padreeustaquio.com.br\/#organization"},"potentialAction":[{"@type":"SearchAction","target":{"@type":"EntryPoint","urlTemplate":"https:\/\/www.padreeustaquio.com.br\/?s={search_term_string}"},"query-input":{"@type":"PropertyValueSpecification","valueRequired":true,"valueName":"search_term_string"}}],"inLanguage":"en-US"},{"@type":"Organization","@id":"https:\/\/www.padreeustaquio.com.br\/#organization","name":"FATHER EUST\u00c1QUIO","url":"https:\/\/www.padreeustaquio.com.br\/","logo":{"@type":"ImageObject","inLanguage":"en-US","@id":"https:\/\/www.padreeustaquio.com.br\/#\/schema\/logo\/image\/","url":"https:\/\/www.padreeustaquio.com.br\/wp-content\/uploads\/2019\/08\/marca.png","contentUrl":"https:\/\/www.padreeustaquio.com.br\/wp-content\/uploads\/2019\/08\/marca.png","width":350,"height":400,"caption":"Padre Eust\u00e1quio"},"image":{"@id":"https:\/\/www.padreeustaquio.com.br\/#\/schema\/logo\/image\/"},"sameAs":["https:\/\/www.facebook.com\/beatopadreeustaquio\/","https:\/\/x.com\/beatopeustaquio","https:\/\/www.instagram.com\/beatopadreeustaquio\/","https:\/\/www.youtube.com\/channel\/UCRhw7vfabnajwLxb1ZXMeIw"]},{"@type":"Person","@id":"https:\/\/www.padreeustaquio.com.br\/#\/schema\/person\/a2a51db1d00f1a7af0204a0f1ddb1566","name":"@sscc","image":{"@type":"ImageObject","inLanguage":"en-US","@id":"https:\/\/secure.gravatar.com\/avatar\/68cfafa5f44617fea54071e215026e0ff06be366c3d54a8425f04fdcb86f8c5f?s=96&d=mm&r=g","url":"https:\/\/secure.gravatar.com\/avatar\/68cfafa5f44617fea54071e215026e0ff06be366c3d54a8425f04fdcb86f8c5f?s=96&d=mm&r=g","contentUrl":"https:\/\/secure.gravatar.com\/avatar\/68cfafa5f44617fea54071e215026e0ff06be366c3d54a8425f04fdcb86f8c5f?s=96&d=mm&r=g","caption":"@sscc"},"url":"https:\/\/www.padreeustaquio.com.br\/en\/author\/sscc\/"}]}},"_links":{"self":[{"href":"https:\/\/www.padreeustaquio.com.br\/en\/wp-json\/wp\/v2\/posts\/5149","targetHints":{"allow":["GET"]}}],"collection":[{"href":"https:\/\/www.padreeustaquio.com.br\/en\/wp-json\/wp\/v2\/posts"}],"about":[{"href":"https:\/\/www.padreeustaquio.com.br\/en\/wp-json\/wp\/v2\/types\/post"}],"author":[{"embeddable":true,"href":"https:\/\/www.padreeustaquio.com.br\/en\/wp-json\/wp\/v2\/users\/2"}],"replies":[{"embeddable":true,"href":"https:\/\/www.padreeustaquio.com.br\/en\/wp-json\/wp\/v2\/comments?post=5149"}],"version-history":[{"count":0,"href":"https:\/\/www.padreeustaquio.com.br\/en\/wp-json\/wp\/v2\/posts\/5149\/revisions"}],"wp:featuredmedia":[{"embeddable":true,"href":"https:\/\/www.padreeustaquio.com.br\/en\/wp-json\/wp\/v2\/media\/5150"}],"wp:attachment":[{"href":"https:\/\/www.padreeustaquio.com.br\/en\/wp-json\/wp\/v2\/media?parent=5149"}],"wp:term":[{"taxonomy":"category","embeddable":true,"href":"https:\/\/www.padreeustaquio.com.br\/en\/wp-json\/wp\/v2\/categories?post=5149"},{"taxonomy":"post_tag","embeddable":true,"href":"https:\/\/www.padreeustaquio.com.br\/en\/wp-json\/wp\/v2\/tags?post=5149"}],"curies":[{"name":"wp","href":"https:\/\/api.w.org\/{rel}","templated":true}]}}