{"id":5144,"date":"2021-02-24T07:33:13","date_gmt":"2021-02-24T10:33:13","guid":{"rendered":"https:\/\/www.padreeustaquio.com.br\/?p=5144"},"modified":"2021-02-23T19:50:51","modified_gmt":"2021-02-23T22:50:51","slug":"vice-postulator-visits-porto-alegre-where-father-eustaquio-worked-in-greater-sao-paulo","status":"publish","type":"post","link":"https:\/\/www.padreeustaquio.com.br\/en\/vice-postulator-visits-porto-alegre-where-father-eustaquio-worked-in-greater-sao-paulo\/","title":{"rendered":"Vice-postulator visits Po\u00e1, where Father Eust\u00e1quio worked, in Greater S\u00e3o Paulo."},"content":{"rendered":"<p>The vice-postulator of the Cause of Canonization of Blessed Father Eust\u00e1quio, Fr. Vin\u00edcius Maciel, SSCC, visited the parish of Our Lady of Lourdes in Po\u00e1, S\u00e3o Paulo state, this past weekend. This parish was the site of Father Eust\u00e1quio&#039;s pastoral work between 1935 and 1941. <a href=\"https:\/\/www.padreeustaquio.com.br\/en\/life-and-history02\/\"><em>(read more about the Blessed One&#039;s life)<\/em><\/a><\/p>\n<p>During the courtesy visit, Father Vin\u00edcius visited the main church, the grotto built by the Dutch priest, and a monument erected in honor of the city&#039;s first parish priest. The vice-postulator also visited the... <a href=\"https:\/\/museupadreeustaquio.wordpress.com\/\">Father Eust\u00e1quio Museum<\/a> and witnessed firsthand the work of preserving and displaying the belongings of the religious figure.<\/p>\n<p>Everything was closely monitored by the Museum&#039;s coordinator, Delcimar Ferreira. The roof renovation of the historic mansion was also discussed during the visit.<\/p>\n<p>The two were accompanied by religious members of the Congregation, by Father Jo\u00e3o Henrique, SSCC, and by volunteers from the Museum in Po\u00e1.<\/p>\n\n\t\t<style type=\"text\/css\">\n\t\t\t#gallery-1 {\n\t\t\t\tmargin: auto;\n\t\t\t}\n\t\t\t#gallery-1 .gallery-item {\n\t\t\t\tfloat: left;\n\t\t\t\tmargin-top: 10px;\n\t\t\t\ttext-align: center;\n\t\t\t\twidth: 50%;\n\t\t\t}\n\t\t\t#gallery-1 img {\n\t\t\t\tborder: 2px solid #cfcfcf;\n\t\t\t}\n\t\t\t#gallery-1 .gallery-caption {\n\t\t\t\tmargin-left: 0;\n\t\t\t}\n\t\t\t\/* see gallery_shortcode() in wp-includes\/media.php *\/\n\t\t<\/style>\n\t\t<div id='gallery-1' class='gallery galleryid-5144 gallery-columns-2 gallery-size-thumbnail'><dl class='gallery-item'>\n\t\t\t<dt class='gallery-icon landscape'>\n\t\t\t\t<a href='https:\/\/www.padreeustaquio.com.br\/en\/vice-postulator-visits-porto-alegre-where-father-eustaquio-worked-in-greater-sao-paulo\/visita-poa-sp-1\/'><img decoding=\"async\" width=\"150\" height=\"150\" src=\"https:\/\/www.padreeustaquio.com.br\/wp-content\/uploads\/2021\/02\/Visita-Po\u00e1-SP-1-150x150.jpeg\" class=\"attachment-thumbnail size-thumbnail\" alt=\"On the left, Delcimar Ferreira and next to him, Fr. Vin\u00edcius Maciel, SSCC, in the grotto built by Father Eust\u00e1quio, from where the first records of miraculous healings were made.\" aria-describedby=\"gallery-1-5145\" srcset=\"https:\/\/www.padreeustaquio.com.br\/wp-content\/uploads\/2021\/02\/Visita-Po\u00e1-SP-1-150x150.jpeg 150w, https:\/\/www.padreeustaquio.com.br\/wp-content\/uploads\/2021\/02\/Visita-Po\u00e1-SP-1-180x180.jpeg 180w, https:\/\/www.padreeustaquio.com.br\/wp-content\/uploads\/2021\/02\/Visita-Po\u00e1-SP-1-400x400.jpeg 400w, https:\/\/www.padreeustaquio.com.br\/wp-content\/uploads\/2021\/02\/Visita-Po\u00e1-SP-1-600x600.jpeg 600w\" sizes=\"(max-width: 150px) 100vw, 150px\" \/><\/a>\n\t\t\t<\/dt>\n\t\t\t\t<dd class='wp-caption-text gallery-caption' id='gallery-1-5145'>\n\t\t\t\tOn the left, Delcimar Ferreira and next to him, Fr. Vin\u00edcius Maciel, SSCC, in the grotto built by Father Eust\u00e1quio, from where the first records of miraculous healings were made.\n\t\t\t\t<\/dd><\/dl><dl class='gallery-item'>\n\t\t\t<dt class='gallery-icon landscape'>\n\t\t\t\t<a href='https:\/\/www.padreeustaquio.com.br\/en\/vice-postulator-visits-porto-alegre-where-father-eustaquio-worked-in-greater-sao-paulo\/visita-poa-sp-2\/'><img decoding=\"async\" width=\"150\" height=\"150\" src=\"https:\/\/www.padreeustaquio.com.br\/wp-content\/uploads\/2021\/02\/Visita-Po\u00e1-SP-2-150x150.jpeg\" class=\"attachment-thumbnail size-thumbnail\" alt=\"The interior of the Padre Eust\u00e1quio Museum, which is located next to the Matriz Church.\" aria-describedby=\"gallery-1-5146\" srcset=\"https:\/\/www.padreeustaquio.com.br\/wp-content\/uploads\/2021\/02\/Visita-Po\u00e1-SP-2-150x150.jpeg 150w, https:\/\/www.padreeustaquio.com.br\/wp-content\/uploads\/2021\/02\/Visita-Po\u00e1-SP-2-180x180.jpeg 180w, https:\/\/www.padreeustaquio.com.br\/wp-content\/uploads\/2021\/02\/Visita-Po\u00e1-SP-2-400x400.jpeg 400w, https:\/\/www.padreeustaquio.com.br\/wp-content\/uploads\/2021\/02\/Visita-Po\u00e1-SP-2-600x600.jpeg 600w\" sizes=\"(max-width: 150px) 100vw, 150px\" \/><\/a>\n\t\t\t<\/dt>\n\t\t\t\t<dd class='wp-caption-text gallery-caption' id='gallery-1-5146'>\n\t\t\t\tThe interior of the Padre Eust\u00e1quio Museum, which is located next to the Matriz Church.\n\t\t\t\t<\/dd><\/dl><br style=\"clear: both\" \/>\n\t\t<\/div>","protected":false},"excerpt":{"rendered":"<p>O vice-postulador da Causa de Canoniza\u00e7\u00e3o do Bem-Aventurado Padre Eust\u00e1quio, o Pe. Vin\u00edcius Maciel, SSCC, visitou nesse final de semana a par\u00f3quia de Nossa Senhora de Lourdes, em Po\u00e1, no estado de S\u00e3o Paulo. O lugar foi sede do trabalho pastoral de Padre Eust\u00e1quio entre os anos de 1935 e 1941 (leia mais sobre a trajet\u00f3ria do Beato) Durante a visita de cortesia, Padre Vin\u00edcius visitou a Igreja Matriz, a gruta constru\u00edda pelo padre holand\u00eas e um monumento erguido em homenagem ao primeiro p\u00e1roco da cidade. O vice-postulador ainda visitou o Museu Padre Eust\u00e1quio e viu de perto o trabalho [&hellip;]<\/p>\n","protected":false},"author":2,"featured_media":5147,"comment_status":"open","ping_status":"open","sticky":false,"template":"","format":"standard","meta":{"_acf_changed":false,"footnotes":""},"categories":[611],"tags":[],"class_list":["post-5144","post","type-post","status-publish","format-standard","has-post-thumbnail","hentry","category-noticias"],"acf":[],"yoast_head":"<!-- This site is optimized with the Yoast SEO plugin v27.2 - https:\/\/yoast.com\/product\/yoast-seo-wordpress\/ -->\n<title>Vice-postulador visita Po\u00e1, onde trabalhou Padre Eust\u00e1quio, na grande S\u00e3o Paulo - Padre Eust\u00e1quio<\/title>\n<meta name=\"robots\" content=\"index, follow, max-snippet:-1, max-image-preview:large, max-video-preview:-1\" \/>\n<link rel=\"canonical\" href=\"https:\/\/www.padreeustaquio.com.br\/en\/vice-postulator-visits-porto-alegre-where-father-eustaquio-worked-in-greater-sao-paulo\/\" \/>\n<meta property=\"og:locale\" content=\"en_US\" \/>\n<meta property=\"og:type\" content=\"article\" \/>\n<meta property=\"og:title\" content=\"Vice-postulador visita Po\u00e1, onde trabalhou Padre Eust\u00e1quio, na grande S\u00e3o Paulo - Padre Eust\u00e1quio\" \/>\n<meta property=\"og:description\" content=\"O vice-postulador da Causa de Canoniza\u00e7\u00e3o do Bem-Aventurado Padre Eust\u00e1quio, o Pe. Vin\u00edcius Maciel, SSCC, visitou nesse final de semana a par\u00f3quia de Nossa Senhora de Lourdes, em Po\u00e1, no estado de S\u00e3o Paulo. O lugar foi sede do trabalho pastoral de Padre Eust\u00e1quio entre os anos de 1935 e 1941 (leia mais sobre a trajet\u00f3ria do Beato) Durante a visita de cortesia, Padre Vin\u00edcius visitou a Igreja Matriz, a gruta constru\u00edda pelo padre holand\u00eas e um monumento erguido em homenagem ao primeiro p\u00e1roco da cidade. O vice-postulador ainda visitou o Museu Padre Eust\u00e1quio e viu de perto o trabalho [&hellip;]\" \/>\n<meta property=\"og:url\" content=\"https:\/\/www.padreeustaquio.com.br\/en\/vice-postulator-visits-porto-alegre-where-father-eustaquio-worked-in-greater-sao-paulo\/\" \/>\n<meta property=\"og:site_name\" content=\"Padre Eust\u00e1quio\" \/>\n<meta property=\"article:publisher\" content=\"https:\/\/www.facebook.com\/beatopadreeustaquio\/\" \/>\n<meta property=\"article:published_time\" content=\"2021-02-24T10:33:13+00:00\" \/>\n<meta property=\"og:image\" content=\"https:\/\/www.padreeustaquio.com.br\/wp-content\/uploads\/2021\/02\/Visita-Po\u00e1-SP-3.jpeg\" \/>\n\t<meta property=\"og:image:width\" content=\"1280\" \/>\n\t<meta property=\"og:image:height\" content=\"958\" \/>\n\t<meta property=\"og:image:type\" content=\"image\/jpeg\" \/>\n<meta name=\"author\" content=\"@sscc\" \/>\n<meta name=\"twitter:card\" content=\"summary_large_image\" \/>\n<meta name=\"twitter:creator\" content=\"@beatopeustaquio\" \/>\n<meta name=\"twitter:site\" content=\"@beatopeustaquio\" \/>\n<meta name=\"twitter:label1\" content=\"Written by\" \/>\n\t<meta name=\"twitter:data1\" content=\"@sscc\" \/>\n\t<meta name=\"twitter:label2\" content=\"Est. reading time\" \/>\n\t<meta name=\"twitter:data2\" content=\"1 minute\" \/>\n<script type=\"application\/ld+json\" class=\"yoast-schema-graph\">{\"@context\":\"https:\/\/schema.org\",\"@graph\":[{\"@type\":\"Article\",\"@id\":\"https:\/\/www.padreeustaquio.com.br\/vice-postulador-visita-poa-onde-trabalhou-padre-eustaquio-na-grande-sao-paulo\/#article\",\"isPartOf\":{\"@id\":\"https:\/\/www.padreeustaquio.com.br\/vice-postulador-visita-poa-onde-trabalhou-padre-eustaquio-na-grande-sao-paulo\/\"},\"author\":{\"name\":\"@sscc\",\"@id\":\"https:\/\/www.padreeustaquio.com.br\/#\/schema\/person\/a2a51db1d00f1a7af0204a0f1ddb1566\"},\"headline\":\"Vice-postulador visita Po\u00e1, onde trabalhou Padre Eust\u00e1quio, na grande S\u00e3o Paulo\",\"datePublished\":\"2021-02-24T10:33:13+00:00\",\"mainEntityOfPage\":{\"@id\":\"https:\/\/www.padreeustaquio.com.br\/vice-postulador-visita-poa-onde-trabalhou-padre-eustaquio-na-grande-sao-paulo\/\"},\"wordCount\":188,\"commentCount\":0,\"publisher\":{\"@id\":\"https:\/\/www.padreeustaquio.com.br\/#organization\"},\"image\":{\"@id\":\"https:\/\/www.padreeustaquio.com.br\/vice-postulador-visita-poa-onde-trabalhou-padre-eustaquio-na-grande-sao-paulo\/#primaryimage\"},\"thumbnailUrl\":\"https:\/\/www.padreeustaquio.com.br\/wp-content\/uploads\/2021\/02\/Visita-Po\u00e1-SP-3.jpeg\",\"articleSection\":[\"Not\u00edcias\"],\"inLanguage\":\"en-US\",\"potentialAction\":[{\"@type\":\"CommentAction\",\"name\":\"Comment\",\"target\":[\"https:\/\/www.padreeustaquio.com.br\/vice-postulador-visita-poa-onde-trabalhou-padre-eustaquio-na-grande-sao-paulo\/#respond\"]}]},{\"@type\":\"WebPage\",\"@id\":\"https:\/\/www.padreeustaquio.com.br\/vice-postulador-visita-poa-onde-trabalhou-padre-eustaquio-na-grande-sao-paulo\/\",\"url\":\"https:\/\/www.padreeustaquio.com.br\/vice-postulador-visita-poa-onde-trabalhou-padre-eustaquio-na-grande-sao-paulo\/\",\"name\":\"Vice-postulador visita Po\u00e1, onde trabalhou Padre Eust\u00e1quio, na grande S\u00e3o Paulo - Padre Eust\u00e1quio\",\"isPartOf\":{\"@id\":\"https:\/\/www.padreeustaquio.com.br\/#website\"},\"primaryImageOfPage\":{\"@id\":\"https:\/\/www.padreeustaquio.com.br\/vice-postulador-visita-poa-onde-trabalhou-padre-eustaquio-na-grande-sao-paulo\/#primaryimage\"},\"image\":{\"@id\":\"https:\/\/www.padreeustaquio.com.br\/vice-postulador-visita-poa-onde-trabalhou-padre-eustaquio-na-grande-sao-paulo\/#primaryimage\"},\"thumbnailUrl\":\"https:\/\/www.padreeustaquio.com.br\/wp-content\/uploads\/2021\/02\/Visita-Po\u00e1-SP-3.jpeg\",\"datePublished\":\"2021-02-24T10:33:13+00:00\",\"breadcrumb\":{\"@id\":\"https:\/\/www.padreeustaquio.com.br\/vice-postulador-visita-poa-onde-trabalhou-padre-eustaquio-na-grande-sao-paulo\/#breadcrumb\"},\"inLanguage\":\"en-US\",\"potentialAction\":[{\"@type\":\"ReadAction\",\"target\":[\"https:\/\/www.padreeustaquio.com.br\/vice-postulador-visita-poa-onde-trabalhou-padre-eustaquio-na-grande-sao-paulo\/\"]}]},{\"@type\":\"ImageObject\",\"inLanguage\":\"en-US\",\"@id\":\"https:\/\/www.padreeustaquio.com.br\/vice-postulador-visita-poa-onde-trabalhou-padre-eustaquio-na-grande-sao-paulo\/#primaryimage\",\"url\":\"https:\/\/www.padreeustaquio.com.br\/wp-content\/uploads\/2021\/02\/Visita-Po\u00e1-SP-3.jpeg\",\"contentUrl\":\"https:\/\/www.padreeustaquio.com.br\/wp-content\/uploads\/2021\/02\/Visita-Po\u00e1-SP-3.jpeg\",\"width\":1280,\"height\":958},{\"@type\":\"BreadcrumbList\",\"@id\":\"https:\/\/www.padreeustaquio.com.br\/vice-postulador-visita-poa-onde-trabalhou-padre-eustaquio-na-grande-sao-paulo\/#breadcrumb\",\"itemListElement\":[{\"@type\":\"ListItem\",\"position\":1,\"name\":\"In\u00edcio\",\"item\":\"https:\/\/www.padreeustaquio.com.br\/\"},{\"@type\":\"ListItem\",\"position\":2,\"name\":\"Vice-postulador visita Po\u00e1, onde trabalhou Padre Eust\u00e1quio, na grande S\u00e3o Paulo\"}]},{\"@type\":\"WebSite\",\"@id\":\"https:\/\/www.padreeustaquio.com.br\/#website\",\"url\":\"https:\/\/www.padreeustaquio.com.br\/\",\"name\":\"Padre Eust\u00e1quio\",\"description\":\"Sa\u00fade e Paz\",\"publisher\":{\"@id\":\"https:\/\/www.padreeustaquio.com.br\/#organization\"},\"potentialAction\":[{\"@type\":\"SearchAction\",\"target\":{\"@type\":\"EntryPoint\",\"urlTemplate\":\"https:\/\/www.padreeustaquio.com.br\/?s={search_term_string}\"},\"query-input\":{\"@type\":\"PropertyValueSpecification\",\"valueRequired\":true,\"valueName\":\"search_term_string\"}}],\"inLanguage\":\"en-US\"},{\"@type\":\"Organization\",\"@id\":\"https:\/\/www.padreeustaquio.com.br\/#organization\",\"name\":\"Padre Eust\u00e1quio\",\"url\":\"https:\/\/www.padreeustaquio.com.br\/\",\"logo\":{\"@type\":\"ImageObject\",\"inLanguage\":\"en-US\",\"@id\":\"https:\/\/www.padreeustaquio.com.br\/#\/schema\/logo\/image\/\",\"url\":\"https:\/\/www.padreeustaquio.com.br\/wp-content\/uploads\/2019\/08\/marca.png\",\"contentUrl\":\"https:\/\/www.padreeustaquio.com.br\/wp-content\/uploads\/2019\/08\/marca.png\",\"width\":350,\"height\":400,\"caption\":\"Padre Eust\u00e1quio\"},\"image\":{\"@id\":\"https:\/\/www.padreeustaquio.com.br\/#\/schema\/logo\/image\/\"},\"sameAs\":[\"https:\/\/www.facebook.com\/beatopadreeustaquio\/\",\"https:\/\/x.com\/beatopeustaquio\",\"https:\/\/www.instagram.com\/beatopadreeustaquio\/\",\"https:\/\/www.youtube.com\/channel\/UCRhw7vfabnajwLxb1ZXMeIw\"]},{\"@type\":\"Person\",\"@id\":\"https:\/\/www.padreeustaquio.com.br\/#\/schema\/person\/a2a51db1d00f1a7af0204a0f1ddb1566\",\"name\":\"@sscc\",\"image\":{\"@type\":\"ImageObject\",\"inLanguage\":\"en-US\",\"@id\":\"https:\/\/secure.gravatar.com\/avatar\/68cfafa5f44617fea54071e215026e0ff06be366c3d54a8425f04fdcb86f8c5f?s=96&d=mm&r=g\",\"url\":\"https:\/\/secure.gravatar.com\/avatar\/68cfafa5f44617fea54071e215026e0ff06be366c3d54a8425f04fdcb86f8c5f?s=96&d=mm&r=g\",\"contentUrl\":\"https:\/\/secure.gravatar.com\/avatar\/68cfafa5f44617fea54071e215026e0ff06be366c3d54a8425f04fdcb86f8c5f?s=96&d=mm&r=g\",\"caption\":\"@sscc\"},\"url\":\"https:\/\/www.padreeustaquio.com.br\/en\/author\/sscc\/\"}]}<\/script>\n<!-- \/ Yoast SEO plugin. -->","yoast_head_json":{"title":"Vice-postulator visits Po\u00e1, where Father Eust\u00e1quio worked, in Greater S\u00e3o Paulo - Father Eust\u00e1quio","robots":{"index":"index","follow":"follow","max-snippet":"max-snippet:-1","max-image-preview":"max-image-preview:large","max-video-preview":"max-video-preview:-1"},"canonical":"https:\/\/www.padreeustaquio.com.br\/en\/vice-postulator-visits-porto-alegre-where-father-eustaquio-worked-in-greater-sao-paulo\/","og_locale":"en_US","og_type":"article","og_title":"Vice-postulador visita Po\u00e1, onde trabalhou Padre Eust\u00e1quio, na grande S\u00e3o Paulo - Padre Eust\u00e1quio","og_description":"O vice-postulador da Causa de Canoniza\u00e7\u00e3o do Bem-Aventurado Padre Eust\u00e1quio, o Pe. Vin\u00edcius Maciel, SSCC, visitou nesse final de semana a par\u00f3quia de Nossa Senhora de Lourdes, em Po\u00e1, no estado de S\u00e3o Paulo. O lugar foi sede do trabalho pastoral de Padre Eust\u00e1quio entre os anos de 1935 e 1941 (leia mais sobre a trajet\u00f3ria do Beato) Durante a visita de cortesia, Padre Vin\u00edcius visitou a Igreja Matriz, a gruta constru\u00edda pelo padre holand\u00eas e um monumento erguido em homenagem ao primeiro p\u00e1roco da cidade. O vice-postulador ainda visitou o Museu Padre Eust\u00e1quio e viu de perto o trabalho [&hellip;]","og_url":"https:\/\/www.padreeustaquio.com.br\/en\/vice-postulator-visits-porto-alegre-where-father-eustaquio-worked-in-greater-sao-paulo\/","og_site_name":"Padre Eust\u00e1quio","article_publisher":"https:\/\/www.facebook.com\/beatopadreeustaquio\/","article_published_time":"2021-02-24T10:33:13+00:00","og_image":[{"width":1280,"height":958,"url":"https:\/\/www.padreeustaquio.com.br\/wp-content\/uploads\/2021\/02\/Visita-Po\u00e1-SP-3.jpeg","type":"image\/jpeg"}],"author":"@sscc","twitter_card":"summary_large_image","twitter_creator":"@beatopeustaquio","twitter_site":"@beatopeustaquio","twitter_misc":{"Written by":"@sscc","Est. reading time":"1 minute"},"schema":{"@context":"https:\/\/schema.org","@graph":[{"@type":"Article","@id":"https:\/\/www.padreeustaquio.com.br\/vice-postulador-visita-poa-onde-trabalhou-padre-eustaquio-na-grande-sao-paulo\/#article","isPartOf":{"@id":"https:\/\/www.padreeustaquio.com.br\/vice-postulador-visita-poa-onde-trabalhou-padre-eustaquio-na-grande-sao-paulo\/"},"author":{"name":"@sscc","@id":"https:\/\/www.padreeustaquio.com.br\/#\/schema\/person\/a2a51db1d00f1a7af0204a0f1ddb1566"},"headline":"Vice-postulador visita Po\u00e1, onde trabalhou Padre Eust\u00e1quio, na grande S\u00e3o Paulo","datePublished":"2021-02-24T10:33:13+00:00","mainEntityOfPage":{"@id":"https:\/\/www.padreeustaquio.com.br\/vice-postulador-visita-poa-onde-trabalhou-padre-eustaquio-na-grande-sao-paulo\/"},"wordCount":188,"commentCount":0,"publisher":{"@id":"https:\/\/www.padreeustaquio.com.br\/#organization"},"image":{"@id":"https:\/\/www.padreeustaquio.com.br\/vice-postulador-visita-poa-onde-trabalhou-padre-eustaquio-na-grande-sao-paulo\/#primaryimage"},"thumbnailUrl":"https:\/\/www.padreeustaquio.com.br\/wp-content\/uploads\/2021\/02\/Visita-Po\u00e1-SP-3.jpeg","articleSection":["Not\u00edcias"],"inLanguage":"en-US","potentialAction":[{"@type":"CommentAction","name":"Comment","target":["https:\/\/www.padreeustaquio.com.br\/vice-postulador-visita-poa-onde-trabalhou-padre-eustaquio-na-grande-sao-paulo\/#respond"]}]},{"@type":"WebPage","@id":"https:\/\/www.padreeustaquio.com.br\/vice-postulador-visita-poa-onde-trabalhou-padre-eustaquio-na-grande-sao-paulo\/","url":"https:\/\/www.padreeustaquio.com.br\/vice-postulador-visita-poa-onde-trabalhou-padre-eustaquio-na-grande-sao-paulo\/","name":"Vice-postulator visits Po\u00e1, where Father Eust\u00e1quio worked, in Greater S\u00e3o Paulo - Father Eust\u00e1quio","isPartOf":{"@id":"https:\/\/www.padreeustaquio.com.br\/#website"},"primaryImageOfPage":{"@id":"https:\/\/www.padreeustaquio.com.br\/vice-postulador-visita-poa-onde-trabalhou-padre-eustaquio-na-grande-sao-paulo\/#primaryimage"},"image":{"@id":"https:\/\/www.padreeustaquio.com.br\/vice-postulador-visita-poa-onde-trabalhou-padre-eustaquio-na-grande-sao-paulo\/#primaryimage"},"thumbnailUrl":"https:\/\/www.padreeustaquio.com.br\/wp-content\/uploads\/2021\/02\/Visita-Po\u00e1-SP-3.jpeg","datePublished":"2021-02-24T10:33:13+00:00","breadcrumb":{"@id":"https:\/\/www.padreeustaquio.com.br\/vice-postulador-visita-poa-onde-trabalhou-padre-eustaquio-na-grande-sao-paulo\/#breadcrumb"},"inLanguage":"en-US","potentialAction":[{"@type":"ReadAction","target":["https:\/\/www.padreeustaquio.com.br\/vice-postulador-visita-poa-onde-trabalhou-padre-eustaquio-na-grande-sao-paulo\/"]}]},{"@type":"ImageObject","inLanguage":"en-US","@id":"https:\/\/www.padreeustaquio.com.br\/vice-postulador-visita-poa-onde-trabalhou-padre-eustaquio-na-grande-sao-paulo\/#primaryimage","url":"https:\/\/www.padreeustaquio.com.br\/wp-content\/uploads\/2021\/02\/Visita-Po\u00e1-SP-3.jpeg","contentUrl":"https:\/\/www.padreeustaquio.com.br\/wp-content\/uploads\/2021\/02\/Visita-Po\u00e1-SP-3.jpeg","width":1280,"height":958},{"@type":"BreadcrumbList","@id":"https:\/\/www.padreeustaquio.com.br\/vice-postulador-visita-poa-onde-trabalhou-padre-eustaquio-na-grande-sao-paulo\/#breadcrumb","itemListElement":[{"@type":"ListItem","position":1,"name":"In\u00edcio","item":"https:\/\/www.padreeustaquio.com.br\/"},{"@type":"ListItem","position":2,"name":"Vice-postulador visita Po\u00e1, onde trabalhou Padre Eust\u00e1quio, na grande S\u00e3o Paulo"}]},{"@type":"WebSite","@id":"https:\/\/www.padreeustaquio.com.br\/#website","url":"https:\/\/www.padreeustaquio.com.br\/","name":"FATHER EUST\u00c1QUIO","description":"Health and Peace","publisher":{"@id":"https:\/\/www.padreeustaquio.com.br\/#organization"},"potentialAction":[{"@type":"SearchAction","target":{"@type":"EntryPoint","urlTemplate":"https:\/\/www.padreeustaquio.com.br\/?s={search_term_string}"},"query-input":{"@type":"PropertyValueSpecification","valueRequired":true,"valueName":"search_term_string"}}],"inLanguage":"en-US"},{"@type":"Organization","@id":"https:\/\/www.padreeustaquio.com.br\/#organization","name":"FATHER EUST\u00c1QUIO","url":"https:\/\/www.padreeustaquio.com.br\/","logo":{"@type":"ImageObject","inLanguage":"en-US","@id":"https:\/\/www.padreeustaquio.com.br\/#\/schema\/logo\/image\/","url":"https:\/\/www.padreeustaquio.com.br\/wp-content\/uploads\/2019\/08\/marca.png","contentUrl":"https:\/\/www.padreeustaquio.com.br\/wp-content\/uploads\/2019\/08\/marca.png","width":350,"height":400,"caption":"Padre Eust\u00e1quio"},"image":{"@id":"https:\/\/www.padreeustaquio.com.br\/#\/schema\/logo\/image\/"},"sameAs":["https:\/\/www.facebook.com\/beatopadreeustaquio\/","https:\/\/x.com\/beatopeustaquio","https:\/\/www.instagram.com\/beatopadreeustaquio\/","https:\/\/www.youtube.com\/channel\/UCRhw7vfabnajwLxb1ZXMeIw"]},{"@type":"Person","@id":"https:\/\/www.padreeustaquio.com.br\/#\/schema\/person\/a2a51db1d00f1a7af0204a0f1ddb1566","name":"@sscc","image":{"@type":"ImageObject","inLanguage":"en-US","@id":"https:\/\/secure.gravatar.com\/avatar\/68cfafa5f44617fea54071e215026e0ff06be366c3d54a8425f04fdcb86f8c5f?s=96&d=mm&r=g","url":"https:\/\/secure.gravatar.com\/avatar\/68cfafa5f44617fea54071e215026e0ff06be366c3d54a8425f04fdcb86f8c5f?s=96&d=mm&r=g","contentUrl":"https:\/\/secure.gravatar.com\/avatar\/68cfafa5f44617fea54071e215026e0ff06be366c3d54a8425f04fdcb86f8c5f?s=96&d=mm&r=g","caption":"@sscc"},"url":"https:\/\/www.padreeustaquio.com.br\/en\/author\/sscc\/"}]}},"_links":{"self":[{"href":"https:\/\/www.padreeustaquio.com.br\/en\/wp-json\/wp\/v2\/posts\/5144","targetHints":{"allow":["GET"]}}],"collection":[{"href":"https:\/\/www.padreeustaquio.com.br\/en\/wp-json\/wp\/v2\/posts"}],"about":[{"href":"https:\/\/www.padreeustaquio.com.br\/en\/wp-json\/wp\/v2\/types\/post"}],"author":[{"embeddable":true,"href":"https:\/\/www.padreeustaquio.com.br\/en\/wp-json\/wp\/v2\/users\/2"}],"replies":[{"embeddable":true,"href":"https:\/\/www.padreeustaquio.com.br\/en\/wp-json\/wp\/v2\/comments?post=5144"}],"version-history":[{"count":0,"href":"https:\/\/www.padreeustaquio.com.br\/en\/wp-json\/wp\/v2\/posts\/5144\/revisions"}],"wp:featuredmedia":[{"embeddable":true,"href":"https:\/\/www.padreeustaquio.com.br\/en\/wp-json\/wp\/v2\/media\/5147"}],"wp:attachment":[{"href":"https:\/\/www.padreeustaquio.com.br\/en\/wp-json\/wp\/v2\/media?parent=5144"}],"wp:term":[{"taxonomy":"category","embeddable":true,"href":"https:\/\/www.padreeustaquio.com.br\/en\/wp-json\/wp\/v2\/categories?post=5144"},{"taxonomy":"post_tag","embeddable":true,"href":"https:\/\/www.padreeustaquio.com.br\/en\/wp-json\/wp\/v2\/tags?post=5144"}],"curies":[{"name":"wp","href":"https:\/\/api.w.org\/{rel}","templated":true}]}}