{"id":5131,"date":"2021-02-22T06:52:55","date_gmt":"2021-02-22T09:52:55","guid":{"rendered":"https:\/\/www.padreeustaquio.com.br\/?p=5131"},"modified":"2021-02-22T20:08:39","modified_gmt":"2021-02-22T23:08:39","slug":"father-eustaquios-church-will-meditate-on-the-crown-of-our-lady-of-sorrows","status":"publish","type":"post","link":"https:\/\/www.padreeustaquio.com.br\/en\/father-eustaquios-church-will-meditate-on-the-crown-of-our-lady-of-sorrows\/","title":{"rendered":"Father Eust\u00e1quio&#039;s Church will meditate on the &quot;Crown of Sorrows of Our Lady&quot;.\u201c"},"content":{"rendered":"<p>Starting next Tuesday, February 23rd, the Sanctuary of Health and Peace, Father Eust\u00e1quio&#039;s church, will begin holding the meditation of the Crown of Sorrows of Our Lady during Lent. This will take place inside the church and will always begin at 6:15 PM.<\/p>\n<p>In addition to tomorrow&#039;s meeting, the meditation on the Crown of Our Lady of Sorrows will also be held on the other Tuesdays of Lent. No tickets are required to participate; however, attendees will have their temperature checked and will be asked to sanitize their hands with hand sanitizer and their shoes by passing them over the sanitizing mat.<\/p>\n<p>After the meditation, there will be a celebration of Holy Mass.<\/p>\n<p><strong>The Crown of Our Lady of Sorrows<\/strong><\/p>\n<p>The Crown of Our Lady of Sorrows, or Crown of Sorrows, originated in Italy in 1617, at the initiative of the Order of Servants of Mary, as did the Mass of Our Lady of Sorrows, which is now celebrated throughout the Church on September 15th.<\/p>\n<p>This reflection recalls the principal sorrows that the Virgin Mary suffered in her earthly life, culminating in the passion, death, and burial of her Divine Son. It is at the foot of the Cross that the Mother of Jesus becomes the Mother of all men and of the Mystical Body of Christ: the Catholic Church.<\/p>\n<p>Christian piety often venerates in a special way the<span class=\"Apple-converted-space\">\u00a0<\/span>The seven sorrows of the Virgin Mary, especially during Lent.<\/p>\n<p>&nbsp;<\/p>\n<p><em>***with information from A12.com (https:\/\/www.a12.com\/academia\/artigos\/coroa-de-nossa-senhora-das-dores)<\/em><\/p>","protected":false},"excerpt":{"rendered":"<p>A partir da pr\u00f3xima ter\u00e7a-feira, 23\/02, o Santu\u00e1rio da Sa\u00fade e Paz, igreja do Padre Eust\u00e1quio, passa a realizar durante a quaresma, a medita\u00e7\u00e3o da Coroa das Dores de Nossa Senhora. O momento ser\u00e1 feito dentro da igreja e come\u00e7ar\u00e1 sempre \u00e0s 18h15. Al\u00e9m do encontro de amanh\u00e3, a medita\u00e7\u00e3o da Coroa de Nossa Senhora das Dores, ser\u00e1 feita tamb\u00e9m nas outras ter\u00e7as-feiras da Quaresma. Para participar n\u00e3o ser\u00e1 necess\u00e1ria a retirada de senhas, por\u00e9m, quem comparecer ter\u00e1 a temperatura medida e ser\u00e1 convidado a higienizar as m\u00e3os com \u00e1lcool gel e os cal\u00e7ados passando-os no tapete sanitizante. Ap\u00f3s a [&hellip;]<\/p>\n","protected":false},"author":2,"featured_media":5132,"comment_status":"open","ping_status":"open","sticky":false,"template":"","format":"standard","meta":{"_acf_changed":false,"footnotes":""},"categories":[611],"tags":[],"class_list":["post-5131","post","type-post","status-publish","format-standard","has-post-thumbnail","hentry","category-noticias"],"acf":[],"yoast_head":"<!-- This site is optimized with the Yoast SEO plugin v27.2 - https:\/\/yoast.com\/product\/yoast-seo-wordpress\/ -->\n<title>Igreja do Padre Eust\u00e1quio vai meditar a &quot;Coroa das Dores de Nossa Senhora&quot; - Padre Eust\u00e1quio<\/title>\n<meta name=\"robots\" content=\"index, follow, max-snippet:-1, max-image-preview:large, max-video-preview:-1\" \/>\n<link rel=\"canonical\" href=\"https:\/\/www.padreeustaquio.com.br\/en\/father-eustaquios-church-will-meditate-on-the-crown-of-our-lady-of-sorrows\/\" \/>\n<meta property=\"og:locale\" content=\"en_US\" \/>\n<meta property=\"og:type\" content=\"article\" \/>\n<meta property=\"og:title\" content=\"Igreja do Padre Eust\u00e1quio vai meditar a &quot;Coroa das Dores de Nossa Senhora&quot; - Padre Eust\u00e1quio\" \/>\n<meta property=\"og:description\" content=\"A partir da pr\u00f3xima ter\u00e7a-feira, 23\/02, o Santu\u00e1rio da Sa\u00fade e Paz, igreja do Padre Eust\u00e1quio, passa a realizar durante a quaresma, a medita\u00e7\u00e3o da Coroa das Dores de Nossa Senhora. O momento ser\u00e1 feito dentro da igreja e come\u00e7ar\u00e1 sempre \u00e0s 18h15. Al\u00e9m do encontro de amanh\u00e3, a medita\u00e7\u00e3o da Coroa de Nossa Senhora das Dores, ser\u00e1 feita tamb\u00e9m nas outras ter\u00e7as-feiras da Quaresma. Para participar n\u00e3o ser\u00e1 necess\u00e1ria a retirada de senhas, por\u00e9m, quem comparecer ter\u00e1 a temperatura medida e ser\u00e1 convidado a higienizar as m\u00e3os com \u00e1lcool gel e os cal\u00e7ados passando-os no tapete sanitizante. Ap\u00f3s a [&hellip;]\" \/>\n<meta property=\"og:url\" content=\"https:\/\/www.padreeustaquio.com.br\/en\/father-eustaquios-church-will-meditate-on-the-crown-of-our-lady-of-sorrows\/\" \/>\n<meta property=\"og:site_name\" content=\"Padre Eust\u00e1quio\" \/>\n<meta property=\"article:publisher\" content=\"https:\/\/www.facebook.com\/beatopadreeustaquio\/\" \/>\n<meta property=\"article:published_time\" content=\"2021-02-22T09:52:55+00:00\" \/>\n<meta property=\"article:modified_time\" content=\"2021-02-22T23:08:39+00:00\" \/>\n<meta property=\"og:image\" content=\"https:\/\/www.padreeustaquio.com.br\/wp-content\/uploads\/2021\/02\/Nossa-Senhora-das-Dores-e1613773436449.jpeg\" \/>\n\t<meta property=\"og:image:width\" content=\"1273\" \/>\n\t<meta property=\"og:image:height\" content=\"691\" \/>\n\t<meta property=\"og:image:type\" content=\"image\/jpeg\" \/>\n<meta name=\"author\" content=\"@sscc\" \/>\n<meta name=\"twitter:card\" content=\"summary_large_image\" \/>\n<meta name=\"twitter:creator\" content=\"@beatopeustaquio\" \/>\n<meta name=\"twitter:site\" content=\"@beatopeustaquio\" \/>\n<meta name=\"twitter:label1\" content=\"Written by\" \/>\n\t<meta name=\"twitter:data1\" content=\"@sscc\" \/>\n\t<meta name=\"twitter:label2\" content=\"Est. reading time\" \/>\n\t<meta name=\"twitter:data2\" content=\"1 minute\" \/>\n<script type=\"application\/ld+json\" class=\"yoast-schema-graph\">{\"@context\":\"https:\/\/schema.org\",\"@graph\":[{\"@type\":\"Article\",\"@id\":\"https:\/\/www.padreeustaquio.com.br\/igreja-do-padre-eustaquio-vai-meditar-a-coroa-de-nossa-senhora-das-dores\/#article\",\"isPartOf\":{\"@id\":\"https:\/\/www.padreeustaquio.com.br\/igreja-do-padre-eustaquio-vai-meditar-a-coroa-de-nossa-senhora-das-dores\/\"},\"author\":{\"name\":\"@sscc\",\"@id\":\"https:\/\/www.padreeustaquio.com.br\/#\/schema\/person\/a2a51db1d00f1a7af0204a0f1ddb1566\"},\"headline\":\"Igreja do Padre Eust\u00e1quio vai meditar a &#8220;Coroa das Dores de Nossa Senhora&#8221;\",\"datePublished\":\"2021-02-22T09:52:55+00:00\",\"dateModified\":\"2021-02-22T23:08:39+00:00\",\"mainEntityOfPage\":{\"@id\":\"https:\/\/www.padreeustaquio.com.br\/igreja-do-padre-eustaquio-vai-meditar-a-coroa-de-nossa-senhora-das-dores\/\"},\"wordCount\":277,\"commentCount\":0,\"publisher\":{\"@id\":\"https:\/\/www.padreeustaquio.com.br\/#organization\"},\"image\":{\"@id\":\"https:\/\/www.padreeustaquio.com.br\/igreja-do-padre-eustaquio-vai-meditar-a-coroa-de-nossa-senhora-das-dores\/#primaryimage\"},\"thumbnailUrl\":\"https:\/\/www.padreeustaquio.com.br\/wp-content\/uploads\/2021\/02\/Nossa-Senhora-das-Dores-e1613773436449.jpeg\",\"articleSection\":[\"Not\u00edcias\"],\"inLanguage\":\"en-US\",\"potentialAction\":[{\"@type\":\"CommentAction\",\"name\":\"Comment\",\"target\":[\"https:\/\/www.padreeustaquio.com.br\/igreja-do-padre-eustaquio-vai-meditar-a-coroa-de-nossa-senhora-das-dores\/#respond\"]}]},{\"@type\":\"WebPage\",\"@id\":\"https:\/\/www.padreeustaquio.com.br\/igreja-do-padre-eustaquio-vai-meditar-a-coroa-de-nossa-senhora-das-dores\/\",\"url\":\"https:\/\/www.padreeustaquio.com.br\/igreja-do-padre-eustaquio-vai-meditar-a-coroa-de-nossa-senhora-das-dores\/\",\"name\":\"Igreja do Padre Eust\u00e1quio vai meditar a \\\"Coroa das Dores de Nossa Senhora\\\" - Padre Eust\u00e1quio\",\"isPartOf\":{\"@id\":\"https:\/\/www.padreeustaquio.com.br\/#website\"},\"primaryImageOfPage\":{\"@id\":\"https:\/\/www.padreeustaquio.com.br\/igreja-do-padre-eustaquio-vai-meditar-a-coroa-de-nossa-senhora-das-dores\/#primaryimage\"},\"image\":{\"@id\":\"https:\/\/www.padreeustaquio.com.br\/igreja-do-padre-eustaquio-vai-meditar-a-coroa-de-nossa-senhora-das-dores\/#primaryimage\"},\"thumbnailUrl\":\"https:\/\/www.padreeustaquio.com.br\/wp-content\/uploads\/2021\/02\/Nossa-Senhora-das-Dores-e1613773436449.jpeg\",\"datePublished\":\"2021-02-22T09:52:55+00:00\",\"dateModified\":\"2021-02-22T23:08:39+00:00\",\"breadcrumb\":{\"@id\":\"https:\/\/www.padreeustaquio.com.br\/igreja-do-padre-eustaquio-vai-meditar-a-coroa-de-nossa-senhora-das-dores\/#breadcrumb\"},\"inLanguage\":\"en-US\",\"potentialAction\":[{\"@type\":\"ReadAction\",\"target\":[\"https:\/\/www.padreeustaquio.com.br\/igreja-do-padre-eustaquio-vai-meditar-a-coroa-de-nossa-senhora-das-dores\/\"]}]},{\"@type\":\"ImageObject\",\"inLanguage\":\"en-US\",\"@id\":\"https:\/\/www.padreeustaquio.com.br\/igreja-do-padre-eustaquio-vai-meditar-a-coroa-de-nossa-senhora-das-dores\/#primaryimage\",\"url\":\"https:\/\/www.padreeustaquio.com.br\/wp-content\/uploads\/2021\/02\/Nossa-Senhora-das-Dores-e1613773436449.jpeg\",\"contentUrl\":\"https:\/\/www.padreeustaquio.com.br\/wp-content\/uploads\/2021\/02\/Nossa-Senhora-das-Dores-e1613773436449.jpeg\",\"width\":1273,\"height\":691},{\"@type\":\"BreadcrumbList\",\"@id\":\"https:\/\/www.padreeustaquio.com.br\/igreja-do-padre-eustaquio-vai-meditar-a-coroa-de-nossa-senhora-das-dores\/#breadcrumb\",\"itemListElement\":[{\"@type\":\"ListItem\",\"position\":1,\"name\":\"In\u00edcio\",\"item\":\"https:\/\/www.padreeustaquio.com.br\/\"},{\"@type\":\"ListItem\",\"position\":2,\"name\":\"Igreja do Padre Eust\u00e1quio vai meditar a &#8220;Coroa das Dores de Nossa Senhora&#8221;\"}]},{\"@type\":\"WebSite\",\"@id\":\"https:\/\/www.padreeustaquio.com.br\/#website\",\"url\":\"https:\/\/www.padreeustaquio.com.br\/\",\"name\":\"Padre Eust\u00e1quio\",\"description\":\"Sa\u00fade e Paz\",\"publisher\":{\"@id\":\"https:\/\/www.padreeustaquio.com.br\/#organization\"},\"potentialAction\":[{\"@type\":\"SearchAction\",\"target\":{\"@type\":\"EntryPoint\",\"urlTemplate\":\"https:\/\/www.padreeustaquio.com.br\/?s={search_term_string}\"},\"query-input\":{\"@type\":\"PropertyValueSpecification\",\"valueRequired\":true,\"valueName\":\"search_term_string\"}}],\"inLanguage\":\"en-US\"},{\"@type\":\"Organization\",\"@id\":\"https:\/\/www.padreeustaquio.com.br\/#organization\",\"name\":\"Padre Eust\u00e1quio\",\"url\":\"https:\/\/www.padreeustaquio.com.br\/\",\"logo\":{\"@type\":\"ImageObject\",\"inLanguage\":\"en-US\",\"@id\":\"https:\/\/www.padreeustaquio.com.br\/#\/schema\/logo\/image\/\",\"url\":\"https:\/\/www.padreeustaquio.com.br\/wp-content\/uploads\/2019\/08\/marca.png\",\"contentUrl\":\"https:\/\/www.padreeustaquio.com.br\/wp-content\/uploads\/2019\/08\/marca.png\",\"width\":350,\"height\":400,\"caption\":\"Padre Eust\u00e1quio\"},\"image\":{\"@id\":\"https:\/\/www.padreeustaquio.com.br\/#\/schema\/logo\/image\/\"},\"sameAs\":[\"https:\/\/www.facebook.com\/beatopadreeustaquio\/\",\"https:\/\/x.com\/beatopeustaquio\",\"https:\/\/www.instagram.com\/beatopadreeustaquio\/\",\"https:\/\/www.youtube.com\/channel\/UCRhw7vfabnajwLxb1ZXMeIw\"]},{\"@type\":\"Person\",\"@id\":\"https:\/\/www.padreeustaquio.com.br\/#\/schema\/person\/a2a51db1d00f1a7af0204a0f1ddb1566\",\"name\":\"@sscc\",\"image\":{\"@type\":\"ImageObject\",\"inLanguage\":\"en-US\",\"@id\":\"https:\/\/secure.gravatar.com\/avatar\/68cfafa5f44617fea54071e215026e0ff06be366c3d54a8425f04fdcb86f8c5f?s=96&d=mm&r=g\",\"url\":\"https:\/\/secure.gravatar.com\/avatar\/68cfafa5f44617fea54071e215026e0ff06be366c3d54a8425f04fdcb86f8c5f?s=96&d=mm&r=g\",\"contentUrl\":\"https:\/\/secure.gravatar.com\/avatar\/68cfafa5f44617fea54071e215026e0ff06be366c3d54a8425f04fdcb86f8c5f?s=96&d=mm&r=g\",\"caption\":\"@sscc\"},\"url\":\"https:\/\/www.padreeustaquio.com.br\/en\/author\/sscc\/\"}]}<\/script>\n<!-- \/ Yoast SEO plugin. -->","yoast_head_json":{"title":"Father Eust\u00e1quio&#039;s Church will meditate on the &quot;Crown of Sorrows of Our Lady&quot; - Father Eust\u00e1quio","robots":{"index":"index","follow":"follow","max-snippet":"max-snippet:-1","max-image-preview":"max-image-preview:large","max-video-preview":"max-video-preview:-1"},"canonical":"https:\/\/www.padreeustaquio.com.br\/en\/father-eustaquios-church-will-meditate-on-the-crown-of-our-lady-of-sorrows\/","og_locale":"en_US","og_type":"article","og_title":"Igreja do Padre Eust\u00e1quio vai meditar a \"Coroa das Dores de Nossa Senhora\" - Padre Eust\u00e1quio","og_description":"A partir da pr\u00f3xima ter\u00e7a-feira, 23\/02, o Santu\u00e1rio da Sa\u00fade e Paz, igreja do Padre Eust\u00e1quio, passa a realizar durante a quaresma, a medita\u00e7\u00e3o da Coroa das Dores de Nossa Senhora. O momento ser\u00e1 feito dentro da igreja e come\u00e7ar\u00e1 sempre \u00e0s 18h15. Al\u00e9m do encontro de amanh\u00e3, a medita\u00e7\u00e3o da Coroa de Nossa Senhora das Dores, ser\u00e1 feita tamb\u00e9m nas outras ter\u00e7as-feiras da Quaresma. Para participar n\u00e3o ser\u00e1 necess\u00e1ria a retirada de senhas, por\u00e9m, quem comparecer ter\u00e1 a temperatura medida e ser\u00e1 convidado a higienizar as m\u00e3os com \u00e1lcool gel e os cal\u00e7ados passando-os no tapete sanitizante. Ap\u00f3s a [&hellip;]","og_url":"https:\/\/www.padreeustaquio.com.br\/en\/father-eustaquios-church-will-meditate-on-the-crown-of-our-lady-of-sorrows\/","og_site_name":"Padre Eust\u00e1quio","article_publisher":"https:\/\/www.facebook.com\/beatopadreeustaquio\/","article_published_time":"2021-02-22T09:52:55+00:00","article_modified_time":"2021-02-22T23:08:39+00:00","og_image":[{"width":1273,"height":691,"url":"https:\/\/www.padreeustaquio.com.br\/wp-content\/uploads\/2021\/02\/Nossa-Senhora-das-Dores-e1613773436449.jpeg","type":"image\/jpeg"}],"author":"@sscc","twitter_card":"summary_large_image","twitter_creator":"@beatopeustaquio","twitter_site":"@beatopeustaquio","twitter_misc":{"Written by":"@sscc","Est. reading time":"1 minute"},"schema":{"@context":"https:\/\/schema.org","@graph":[{"@type":"Article","@id":"https:\/\/www.padreeustaquio.com.br\/igreja-do-padre-eustaquio-vai-meditar-a-coroa-de-nossa-senhora-das-dores\/#article","isPartOf":{"@id":"https:\/\/www.padreeustaquio.com.br\/igreja-do-padre-eustaquio-vai-meditar-a-coroa-de-nossa-senhora-das-dores\/"},"author":{"name":"@sscc","@id":"https:\/\/www.padreeustaquio.com.br\/#\/schema\/person\/a2a51db1d00f1a7af0204a0f1ddb1566"},"headline":"Igreja do Padre Eust\u00e1quio vai meditar a &#8220;Coroa das Dores de Nossa Senhora&#8221;","datePublished":"2021-02-22T09:52:55+00:00","dateModified":"2021-02-22T23:08:39+00:00","mainEntityOfPage":{"@id":"https:\/\/www.padreeustaquio.com.br\/igreja-do-padre-eustaquio-vai-meditar-a-coroa-de-nossa-senhora-das-dores\/"},"wordCount":277,"commentCount":0,"publisher":{"@id":"https:\/\/www.padreeustaquio.com.br\/#organization"},"image":{"@id":"https:\/\/www.padreeustaquio.com.br\/igreja-do-padre-eustaquio-vai-meditar-a-coroa-de-nossa-senhora-das-dores\/#primaryimage"},"thumbnailUrl":"https:\/\/www.padreeustaquio.com.br\/wp-content\/uploads\/2021\/02\/Nossa-Senhora-das-Dores-e1613773436449.jpeg","articleSection":["Not\u00edcias"],"inLanguage":"en-US","potentialAction":[{"@type":"CommentAction","name":"Comment","target":["https:\/\/www.padreeustaquio.com.br\/igreja-do-padre-eustaquio-vai-meditar-a-coroa-de-nossa-senhora-das-dores\/#respond"]}]},{"@type":"WebPage","@id":"https:\/\/www.padreeustaquio.com.br\/igreja-do-padre-eustaquio-vai-meditar-a-coroa-de-nossa-senhora-das-dores\/","url":"https:\/\/www.padreeustaquio.com.br\/igreja-do-padre-eustaquio-vai-meditar-a-coroa-de-nossa-senhora-das-dores\/","name":"Father Eust\u00e1quio&#039;s Church will meditate on the &quot;Crown of Sorrows of Our Lady&quot; - Father Eust\u00e1quio","isPartOf":{"@id":"https:\/\/www.padreeustaquio.com.br\/#website"},"primaryImageOfPage":{"@id":"https:\/\/www.padreeustaquio.com.br\/igreja-do-padre-eustaquio-vai-meditar-a-coroa-de-nossa-senhora-das-dores\/#primaryimage"},"image":{"@id":"https:\/\/www.padreeustaquio.com.br\/igreja-do-padre-eustaquio-vai-meditar-a-coroa-de-nossa-senhora-das-dores\/#primaryimage"},"thumbnailUrl":"https:\/\/www.padreeustaquio.com.br\/wp-content\/uploads\/2021\/02\/Nossa-Senhora-das-Dores-e1613773436449.jpeg","datePublished":"2021-02-22T09:52:55+00:00","dateModified":"2021-02-22T23:08:39+00:00","breadcrumb":{"@id":"https:\/\/www.padreeustaquio.com.br\/igreja-do-padre-eustaquio-vai-meditar-a-coroa-de-nossa-senhora-das-dores\/#breadcrumb"},"inLanguage":"en-US","potentialAction":[{"@type":"ReadAction","target":["https:\/\/www.padreeustaquio.com.br\/igreja-do-padre-eustaquio-vai-meditar-a-coroa-de-nossa-senhora-das-dores\/"]}]},{"@type":"ImageObject","inLanguage":"en-US","@id":"https:\/\/www.padreeustaquio.com.br\/igreja-do-padre-eustaquio-vai-meditar-a-coroa-de-nossa-senhora-das-dores\/#primaryimage","url":"https:\/\/www.padreeustaquio.com.br\/wp-content\/uploads\/2021\/02\/Nossa-Senhora-das-Dores-e1613773436449.jpeg","contentUrl":"https:\/\/www.padreeustaquio.com.br\/wp-content\/uploads\/2021\/02\/Nossa-Senhora-das-Dores-e1613773436449.jpeg","width":1273,"height":691},{"@type":"BreadcrumbList","@id":"https:\/\/www.padreeustaquio.com.br\/igreja-do-padre-eustaquio-vai-meditar-a-coroa-de-nossa-senhora-das-dores\/#breadcrumb","itemListElement":[{"@type":"ListItem","position":1,"name":"In\u00edcio","item":"https:\/\/www.padreeustaquio.com.br\/"},{"@type":"ListItem","position":2,"name":"Igreja do Padre Eust\u00e1quio vai meditar a &#8220;Coroa das Dores de Nossa Senhora&#8221;"}]},{"@type":"WebSite","@id":"https:\/\/www.padreeustaquio.com.br\/#website","url":"https:\/\/www.padreeustaquio.com.br\/","name":"FATHER EUST\u00c1QUIO","description":"Health and Peace","publisher":{"@id":"https:\/\/www.padreeustaquio.com.br\/#organization"},"potentialAction":[{"@type":"SearchAction","target":{"@type":"EntryPoint","urlTemplate":"https:\/\/www.padreeustaquio.com.br\/?s={search_term_string}"},"query-input":{"@type":"PropertyValueSpecification","valueRequired":true,"valueName":"search_term_string"}}],"inLanguage":"en-US"},{"@type":"Organization","@id":"https:\/\/www.padreeustaquio.com.br\/#organization","name":"FATHER EUST\u00c1QUIO","url":"https:\/\/www.padreeustaquio.com.br\/","logo":{"@type":"ImageObject","inLanguage":"en-US","@id":"https:\/\/www.padreeustaquio.com.br\/#\/schema\/logo\/image\/","url":"https:\/\/www.padreeustaquio.com.br\/wp-content\/uploads\/2019\/08\/marca.png","contentUrl":"https:\/\/www.padreeustaquio.com.br\/wp-content\/uploads\/2019\/08\/marca.png","width":350,"height":400,"caption":"Padre Eust\u00e1quio"},"image":{"@id":"https:\/\/www.padreeustaquio.com.br\/#\/schema\/logo\/image\/"},"sameAs":["https:\/\/www.facebook.com\/beatopadreeustaquio\/","https:\/\/x.com\/beatopeustaquio","https:\/\/www.instagram.com\/beatopadreeustaquio\/","https:\/\/www.youtube.com\/channel\/UCRhw7vfabnajwLxb1ZXMeIw"]},{"@type":"Person","@id":"https:\/\/www.padreeustaquio.com.br\/#\/schema\/person\/a2a51db1d00f1a7af0204a0f1ddb1566","name":"@sscc","image":{"@type":"ImageObject","inLanguage":"en-US","@id":"https:\/\/secure.gravatar.com\/avatar\/68cfafa5f44617fea54071e215026e0ff06be366c3d54a8425f04fdcb86f8c5f?s=96&d=mm&r=g","url":"https:\/\/secure.gravatar.com\/avatar\/68cfafa5f44617fea54071e215026e0ff06be366c3d54a8425f04fdcb86f8c5f?s=96&d=mm&r=g","contentUrl":"https:\/\/secure.gravatar.com\/avatar\/68cfafa5f44617fea54071e215026e0ff06be366c3d54a8425f04fdcb86f8c5f?s=96&d=mm&r=g","caption":"@sscc"},"url":"https:\/\/www.padreeustaquio.com.br\/en\/author\/sscc\/"}]}},"_links":{"self":[{"href":"https:\/\/www.padreeustaquio.com.br\/en\/wp-json\/wp\/v2\/posts\/5131","targetHints":{"allow":["GET"]}}],"collection":[{"href":"https:\/\/www.padreeustaquio.com.br\/en\/wp-json\/wp\/v2\/posts"}],"about":[{"href":"https:\/\/www.padreeustaquio.com.br\/en\/wp-json\/wp\/v2\/types\/post"}],"author":[{"embeddable":true,"href":"https:\/\/www.padreeustaquio.com.br\/en\/wp-json\/wp\/v2\/users\/2"}],"replies":[{"embeddable":true,"href":"https:\/\/www.padreeustaquio.com.br\/en\/wp-json\/wp\/v2\/comments?post=5131"}],"version-history":[{"count":0,"href":"https:\/\/www.padreeustaquio.com.br\/en\/wp-json\/wp\/v2\/posts\/5131\/revisions"}],"wp:featuredmedia":[{"embeddable":true,"href":"https:\/\/www.padreeustaquio.com.br\/en\/wp-json\/wp\/v2\/media\/5132"}],"wp:attachment":[{"href":"https:\/\/www.padreeustaquio.com.br\/en\/wp-json\/wp\/v2\/media?parent=5131"}],"wp:term":[{"taxonomy":"category","embeddable":true,"href":"https:\/\/www.padreeustaquio.com.br\/en\/wp-json\/wp\/v2\/categories?post=5131"},{"taxonomy":"post_tag","embeddable":true,"href":"https:\/\/www.padreeustaquio.com.br\/en\/wp-json\/wp\/v2\/tags?post=5131"}],"curies":[{"name":"wp","href":"https:\/\/api.w.org\/{rel}","templated":true}]}}