{"id":5123,"date":"2021-02-20T06:18:09","date_gmt":"2021-02-20T09:18:09","guid":{"rendered":"https:\/\/www.padreeustaquio.com.br\/?p=5123"},"modified":"2021-02-19T18:32:05","modified_gmt":"2021-02-19T21:32:05","slug":"new-paintings-are-blessed-on-the-first-day-of-the-stations-of-the-cross","status":"publish","type":"post","link":"https:\/\/www.padreeustaquio.com.br\/en\/new-paintings-are-blessed-on-the-first-day-of-the-stations-of-the-cross\/","title":{"rendered":"New paintings are blessed on the first day of the Stations of the Cross."},"content":{"rendered":"<p>Yesterday, February 19th, priests, religious and lay people held the first day of the Stations of the Cross at the Sanctuary of Health and Peace. The moment of prayers and meditations centered on the Passion of Christ included the blessing of the new paintings.<\/p>\n<p>The objects were placed on the altar and blessed one by one. They were then taken to their final locations along the walls of the Padre Eust\u00e1quio Church. The new paintings were acquired before the pandemic, but due to the church&#039;s closure during Holy Week last year, it was not possible to gather the community for the reception ceremony.<\/p>\n<p>Every Friday during Lent, the Padre Eust\u00e1quio church will hold the Stations of the Cross meditation at 6 PM. Immediately following, Holy Mass will be celebrated. The entire community is invited to participate in these moments of prayer. The number of people will be controlled at the entrance; no tickets are required.<\/p>","protected":false},"excerpt":{"rendered":"<p>Ontem, dia 19\/02, padres, religiosos e leigos realizaram o primeiro dia da Via Sacra no Santu\u00e1rio da Sa\u00fade e Paz. O momento de ora\u00e7\u00f5es e medita\u00e7\u00f5es em torno da Paix\u00e3o de Cristo contou com a b\u00ean\u00e7\u00e3o dos novos quadros. Os objetos foram colocados no altar e aben\u00e7oados um a um. Em seguida eram encaminhados para os locais onde v\u00e3o permanecer ao longo das paredes da Igreja Padre Eust\u00e1quio. Os novos quadros, foram adquiridos antes da pandemia, mas por causa do fechamento da igreja durante a Semana Santa do ano passado, n\u00e3o foi poss\u00edvel reunir a comunidade para realizar o momento [&hellip;]<\/p>\n","protected":false},"author":2,"featured_media":5124,"comment_status":"open","ping_status":"open","sticky":false,"template":"","format":"standard","meta":{"_acf_changed":false,"footnotes":""},"categories":[611],"tags":[],"class_list":["post-5123","post","type-post","status-publish","format-standard","has-post-thumbnail","hentry","category-noticias"],"acf":[],"yoast_head":"<!-- This site is optimized with the Yoast SEO plugin v27.2 - https:\/\/yoast.com\/product\/yoast-seo-wordpress\/ -->\n<title>Novos quadros s\u00e3o aben\u00e7oados no primeiro dia de Via Sacra - Padre Eust\u00e1quio<\/title>\n<meta name=\"robots\" content=\"index, follow, max-snippet:-1, max-image-preview:large, max-video-preview:-1\" \/>\n<link rel=\"canonical\" href=\"https:\/\/www.padreeustaquio.com.br\/en\/new-paintings-are-blessed-on-the-first-day-of-the-stations-of-the-cross\/\" \/>\n<meta property=\"og:locale\" content=\"en_US\" \/>\n<meta property=\"og:type\" content=\"article\" \/>\n<meta property=\"og:title\" content=\"Novos quadros s\u00e3o aben\u00e7oados no primeiro dia de Via Sacra - Padre Eust\u00e1quio\" \/>\n<meta property=\"og:description\" content=\"Ontem, dia 19\/02, padres, religiosos e leigos realizaram o primeiro dia da Via Sacra no Santu\u00e1rio da Sa\u00fade e Paz. O momento de ora\u00e7\u00f5es e medita\u00e7\u00f5es em torno da Paix\u00e3o de Cristo contou com a b\u00ean\u00e7\u00e3o dos novos quadros. Os objetos foram colocados no altar e aben\u00e7oados um a um. Em seguida eram encaminhados para os locais onde v\u00e3o permanecer ao longo das paredes da Igreja Padre Eust\u00e1quio. Os novos quadros, foram adquiridos antes da pandemia, mas por causa do fechamento da igreja durante a Semana Santa do ano passado, n\u00e3o foi poss\u00edvel reunir a comunidade para realizar o momento [&hellip;]\" \/>\n<meta property=\"og:url\" content=\"https:\/\/www.padreeustaquio.com.br\/en\/new-paintings-are-blessed-on-the-first-day-of-the-stations-of-the-cross\/\" \/>\n<meta property=\"og:site_name\" content=\"Padre Eust\u00e1quio\" \/>\n<meta property=\"article:publisher\" content=\"https:\/\/www.facebook.com\/beatopadreeustaquio\/\" \/>\n<meta property=\"article:published_time\" content=\"2021-02-20T09:18:09+00:00\" \/>\n<meta property=\"og:image\" content=\"https:\/\/www.padreeustaquio.com.br\/wp-content\/uploads\/2021\/02\/Novos-Quadros-e1613770261546.jpeg\" \/>\n\t<meta property=\"og:image:width\" content=\"1276\" \/>\n\t<meta property=\"og:image:height\" content=\"809\" \/>\n\t<meta property=\"og:image:type\" content=\"image\/jpeg\" \/>\n<meta name=\"author\" content=\"@sscc\" \/>\n<meta name=\"twitter:card\" content=\"summary_large_image\" \/>\n<meta name=\"twitter:creator\" content=\"@beatopeustaquio\" \/>\n<meta name=\"twitter:site\" content=\"@beatopeustaquio\" \/>\n<meta name=\"twitter:label1\" content=\"Written by\" \/>\n\t<meta name=\"twitter:data1\" content=\"@sscc\" \/>\n\t<meta name=\"twitter:label2\" content=\"Est. reading time\" \/>\n\t<meta name=\"twitter:data2\" content=\"1 minute\" \/>\n<script type=\"application\/ld+json\" class=\"yoast-schema-graph\">{\"@context\":\"https:\/\/schema.org\",\"@graph\":[{\"@type\":\"Article\",\"@id\":\"https:\/\/www.padreeustaquio.com.br\/novos-quadros-sao-abencoados-no-primeiro-dia-de-via-sacra\/#article\",\"isPartOf\":{\"@id\":\"https:\/\/www.padreeustaquio.com.br\/novos-quadros-sao-abencoados-no-primeiro-dia-de-via-sacra\/\"},\"author\":{\"name\":\"@sscc\",\"@id\":\"https:\/\/www.padreeustaquio.com.br\/#\/schema\/person\/a2a51db1d00f1a7af0204a0f1ddb1566\"},\"headline\":\"Novos quadros s\u00e3o aben\u00e7oados no primeiro dia de Via Sacra\",\"datePublished\":\"2021-02-20T09:18:09+00:00\",\"mainEntityOfPage\":{\"@id\":\"https:\/\/www.padreeustaquio.com.br\/novos-quadros-sao-abencoados-no-primeiro-dia-de-via-sacra\/\"},\"wordCount\":187,\"commentCount\":0,\"publisher\":{\"@id\":\"https:\/\/www.padreeustaquio.com.br\/#organization\"},\"image\":{\"@id\":\"https:\/\/www.padreeustaquio.com.br\/novos-quadros-sao-abencoados-no-primeiro-dia-de-via-sacra\/#primaryimage\"},\"thumbnailUrl\":\"https:\/\/www.padreeustaquio.com.br\/wp-content\/uploads\/2021\/02\/Novos-Quadros-e1613770261546.jpeg\",\"articleSection\":[\"Not\u00edcias\"],\"inLanguage\":\"en-US\",\"potentialAction\":[{\"@type\":\"CommentAction\",\"name\":\"Comment\",\"target\":[\"https:\/\/www.padreeustaquio.com.br\/novos-quadros-sao-abencoados-no-primeiro-dia-de-via-sacra\/#respond\"]}]},{\"@type\":\"WebPage\",\"@id\":\"https:\/\/www.padreeustaquio.com.br\/novos-quadros-sao-abencoados-no-primeiro-dia-de-via-sacra\/\",\"url\":\"https:\/\/www.padreeustaquio.com.br\/novos-quadros-sao-abencoados-no-primeiro-dia-de-via-sacra\/\",\"name\":\"Novos quadros s\u00e3o aben\u00e7oados no primeiro dia de Via Sacra - Padre Eust\u00e1quio\",\"isPartOf\":{\"@id\":\"https:\/\/www.padreeustaquio.com.br\/#website\"},\"primaryImageOfPage\":{\"@id\":\"https:\/\/www.padreeustaquio.com.br\/novos-quadros-sao-abencoados-no-primeiro-dia-de-via-sacra\/#primaryimage\"},\"image\":{\"@id\":\"https:\/\/www.padreeustaquio.com.br\/novos-quadros-sao-abencoados-no-primeiro-dia-de-via-sacra\/#primaryimage\"},\"thumbnailUrl\":\"https:\/\/www.padreeustaquio.com.br\/wp-content\/uploads\/2021\/02\/Novos-Quadros-e1613770261546.jpeg\",\"datePublished\":\"2021-02-20T09:18:09+00:00\",\"breadcrumb\":{\"@id\":\"https:\/\/www.padreeustaquio.com.br\/novos-quadros-sao-abencoados-no-primeiro-dia-de-via-sacra\/#breadcrumb\"},\"inLanguage\":\"en-US\",\"potentialAction\":[{\"@type\":\"ReadAction\",\"target\":[\"https:\/\/www.padreeustaquio.com.br\/novos-quadros-sao-abencoados-no-primeiro-dia-de-via-sacra\/\"]}]},{\"@type\":\"ImageObject\",\"inLanguage\":\"en-US\",\"@id\":\"https:\/\/www.padreeustaquio.com.br\/novos-quadros-sao-abencoados-no-primeiro-dia-de-via-sacra\/#primaryimage\",\"url\":\"https:\/\/www.padreeustaquio.com.br\/wp-content\/uploads\/2021\/02\/Novos-Quadros-e1613770261546.jpeg\",\"contentUrl\":\"https:\/\/www.padreeustaquio.com.br\/wp-content\/uploads\/2021\/02\/Novos-Quadros-e1613770261546.jpeg\",\"width\":1276,\"height\":809},{\"@type\":\"BreadcrumbList\",\"@id\":\"https:\/\/www.padreeustaquio.com.br\/novos-quadros-sao-abencoados-no-primeiro-dia-de-via-sacra\/#breadcrumb\",\"itemListElement\":[{\"@type\":\"ListItem\",\"position\":1,\"name\":\"In\u00edcio\",\"item\":\"https:\/\/www.padreeustaquio.com.br\/\"},{\"@type\":\"ListItem\",\"position\":2,\"name\":\"Novos quadros s\u00e3o aben\u00e7oados no primeiro dia de Via Sacra\"}]},{\"@type\":\"WebSite\",\"@id\":\"https:\/\/www.padreeustaquio.com.br\/#website\",\"url\":\"https:\/\/www.padreeustaquio.com.br\/\",\"name\":\"Padre Eust\u00e1quio\",\"description\":\"Sa\u00fade e Paz\",\"publisher\":{\"@id\":\"https:\/\/www.padreeustaquio.com.br\/#organization\"},\"potentialAction\":[{\"@type\":\"SearchAction\",\"target\":{\"@type\":\"EntryPoint\",\"urlTemplate\":\"https:\/\/www.padreeustaquio.com.br\/?s={search_term_string}\"},\"query-input\":{\"@type\":\"PropertyValueSpecification\",\"valueRequired\":true,\"valueName\":\"search_term_string\"}}],\"inLanguage\":\"en-US\"},{\"@type\":\"Organization\",\"@id\":\"https:\/\/www.padreeustaquio.com.br\/#organization\",\"name\":\"Padre Eust\u00e1quio\",\"url\":\"https:\/\/www.padreeustaquio.com.br\/\",\"logo\":{\"@type\":\"ImageObject\",\"inLanguage\":\"en-US\",\"@id\":\"https:\/\/www.padreeustaquio.com.br\/#\/schema\/logo\/image\/\",\"url\":\"https:\/\/www.padreeustaquio.com.br\/wp-content\/uploads\/2019\/08\/marca.png\",\"contentUrl\":\"https:\/\/www.padreeustaquio.com.br\/wp-content\/uploads\/2019\/08\/marca.png\",\"width\":350,\"height\":400,\"caption\":\"Padre Eust\u00e1quio\"},\"image\":{\"@id\":\"https:\/\/www.padreeustaquio.com.br\/#\/schema\/logo\/image\/\"},\"sameAs\":[\"https:\/\/www.facebook.com\/beatopadreeustaquio\/\",\"https:\/\/x.com\/beatopeustaquio\",\"https:\/\/www.instagram.com\/beatopadreeustaquio\/\",\"https:\/\/www.youtube.com\/channel\/UCRhw7vfabnajwLxb1ZXMeIw\"]},{\"@type\":\"Person\",\"@id\":\"https:\/\/www.padreeustaquio.com.br\/#\/schema\/person\/a2a51db1d00f1a7af0204a0f1ddb1566\",\"name\":\"@sscc\",\"image\":{\"@type\":\"ImageObject\",\"inLanguage\":\"en-US\",\"@id\":\"https:\/\/secure.gravatar.com\/avatar\/68cfafa5f44617fea54071e215026e0ff06be366c3d54a8425f04fdcb86f8c5f?s=96&d=mm&r=g\",\"url\":\"https:\/\/secure.gravatar.com\/avatar\/68cfafa5f44617fea54071e215026e0ff06be366c3d54a8425f04fdcb86f8c5f?s=96&d=mm&r=g\",\"contentUrl\":\"https:\/\/secure.gravatar.com\/avatar\/68cfafa5f44617fea54071e215026e0ff06be366c3d54a8425f04fdcb86f8c5f?s=96&d=mm&r=g\",\"caption\":\"@sscc\"},\"url\":\"https:\/\/www.padreeustaquio.com.br\/en\/author\/sscc\/\"}]}<\/script>\n<!-- \/ Yoast SEO plugin. -->","yoast_head_json":{"title":"New paintings are blessed on the first day of the Stations of the Cross - Father Eust\u00e1quio","robots":{"index":"index","follow":"follow","max-snippet":"max-snippet:-1","max-image-preview":"max-image-preview:large","max-video-preview":"max-video-preview:-1"},"canonical":"https:\/\/www.padreeustaquio.com.br\/en\/new-paintings-are-blessed-on-the-first-day-of-the-stations-of-the-cross\/","og_locale":"en_US","og_type":"article","og_title":"Novos quadros s\u00e3o aben\u00e7oados no primeiro dia de Via Sacra - Padre Eust\u00e1quio","og_description":"Ontem, dia 19\/02, padres, religiosos e leigos realizaram o primeiro dia da Via Sacra no Santu\u00e1rio da Sa\u00fade e Paz. O momento de ora\u00e7\u00f5es e medita\u00e7\u00f5es em torno da Paix\u00e3o de Cristo contou com a b\u00ean\u00e7\u00e3o dos novos quadros. Os objetos foram colocados no altar e aben\u00e7oados um a um. Em seguida eram encaminhados para os locais onde v\u00e3o permanecer ao longo das paredes da Igreja Padre Eust\u00e1quio. Os novos quadros, foram adquiridos antes da pandemia, mas por causa do fechamento da igreja durante a Semana Santa do ano passado, n\u00e3o foi poss\u00edvel reunir a comunidade para realizar o momento [&hellip;]","og_url":"https:\/\/www.padreeustaquio.com.br\/en\/new-paintings-are-blessed-on-the-first-day-of-the-stations-of-the-cross\/","og_site_name":"Padre Eust\u00e1quio","article_publisher":"https:\/\/www.facebook.com\/beatopadreeustaquio\/","article_published_time":"2021-02-20T09:18:09+00:00","og_image":[{"width":1276,"height":809,"url":"https:\/\/www.padreeustaquio.com.br\/wp-content\/uploads\/2021\/02\/Novos-Quadros-e1613770261546.jpeg","type":"image\/jpeg"}],"author":"@sscc","twitter_card":"summary_large_image","twitter_creator":"@beatopeustaquio","twitter_site":"@beatopeustaquio","twitter_misc":{"Written by":"@sscc","Est. reading time":"1 minute"},"schema":{"@context":"https:\/\/schema.org","@graph":[{"@type":"Article","@id":"https:\/\/www.padreeustaquio.com.br\/novos-quadros-sao-abencoados-no-primeiro-dia-de-via-sacra\/#article","isPartOf":{"@id":"https:\/\/www.padreeustaquio.com.br\/novos-quadros-sao-abencoados-no-primeiro-dia-de-via-sacra\/"},"author":{"name":"@sscc","@id":"https:\/\/www.padreeustaquio.com.br\/#\/schema\/person\/a2a51db1d00f1a7af0204a0f1ddb1566"},"headline":"Novos quadros s\u00e3o aben\u00e7oados no primeiro dia de Via Sacra","datePublished":"2021-02-20T09:18:09+00:00","mainEntityOfPage":{"@id":"https:\/\/www.padreeustaquio.com.br\/novos-quadros-sao-abencoados-no-primeiro-dia-de-via-sacra\/"},"wordCount":187,"commentCount":0,"publisher":{"@id":"https:\/\/www.padreeustaquio.com.br\/#organization"},"image":{"@id":"https:\/\/www.padreeustaquio.com.br\/novos-quadros-sao-abencoados-no-primeiro-dia-de-via-sacra\/#primaryimage"},"thumbnailUrl":"https:\/\/www.padreeustaquio.com.br\/wp-content\/uploads\/2021\/02\/Novos-Quadros-e1613770261546.jpeg","articleSection":["Not\u00edcias"],"inLanguage":"en-US","potentialAction":[{"@type":"CommentAction","name":"Comment","target":["https:\/\/www.padreeustaquio.com.br\/novos-quadros-sao-abencoados-no-primeiro-dia-de-via-sacra\/#respond"]}]},{"@type":"WebPage","@id":"https:\/\/www.padreeustaquio.com.br\/novos-quadros-sao-abencoados-no-primeiro-dia-de-via-sacra\/","url":"https:\/\/www.padreeustaquio.com.br\/novos-quadros-sao-abencoados-no-primeiro-dia-de-via-sacra\/","name":"New paintings are blessed on the first day of the Stations of the Cross - Father Eust\u00e1quio","isPartOf":{"@id":"https:\/\/www.padreeustaquio.com.br\/#website"},"primaryImageOfPage":{"@id":"https:\/\/www.padreeustaquio.com.br\/novos-quadros-sao-abencoados-no-primeiro-dia-de-via-sacra\/#primaryimage"},"image":{"@id":"https:\/\/www.padreeustaquio.com.br\/novos-quadros-sao-abencoados-no-primeiro-dia-de-via-sacra\/#primaryimage"},"thumbnailUrl":"https:\/\/www.padreeustaquio.com.br\/wp-content\/uploads\/2021\/02\/Novos-Quadros-e1613770261546.jpeg","datePublished":"2021-02-20T09:18:09+00:00","breadcrumb":{"@id":"https:\/\/www.padreeustaquio.com.br\/novos-quadros-sao-abencoados-no-primeiro-dia-de-via-sacra\/#breadcrumb"},"inLanguage":"en-US","potentialAction":[{"@type":"ReadAction","target":["https:\/\/www.padreeustaquio.com.br\/novos-quadros-sao-abencoados-no-primeiro-dia-de-via-sacra\/"]}]},{"@type":"ImageObject","inLanguage":"en-US","@id":"https:\/\/www.padreeustaquio.com.br\/novos-quadros-sao-abencoados-no-primeiro-dia-de-via-sacra\/#primaryimage","url":"https:\/\/www.padreeustaquio.com.br\/wp-content\/uploads\/2021\/02\/Novos-Quadros-e1613770261546.jpeg","contentUrl":"https:\/\/www.padreeustaquio.com.br\/wp-content\/uploads\/2021\/02\/Novos-Quadros-e1613770261546.jpeg","width":1276,"height":809},{"@type":"BreadcrumbList","@id":"https:\/\/www.padreeustaquio.com.br\/novos-quadros-sao-abencoados-no-primeiro-dia-de-via-sacra\/#breadcrumb","itemListElement":[{"@type":"ListItem","position":1,"name":"In\u00edcio","item":"https:\/\/www.padreeustaquio.com.br\/"},{"@type":"ListItem","position":2,"name":"Novos quadros s\u00e3o aben\u00e7oados no primeiro dia de Via Sacra"}]},{"@type":"WebSite","@id":"https:\/\/www.padreeustaquio.com.br\/#website","url":"https:\/\/www.padreeustaquio.com.br\/","name":"FATHER EUST\u00c1QUIO","description":"Health and Peace","publisher":{"@id":"https:\/\/www.padreeustaquio.com.br\/#organization"},"potentialAction":[{"@type":"SearchAction","target":{"@type":"EntryPoint","urlTemplate":"https:\/\/www.padreeustaquio.com.br\/?s={search_term_string}"},"query-input":{"@type":"PropertyValueSpecification","valueRequired":true,"valueName":"search_term_string"}}],"inLanguage":"en-US"},{"@type":"Organization","@id":"https:\/\/www.padreeustaquio.com.br\/#organization","name":"FATHER EUST\u00c1QUIO","url":"https:\/\/www.padreeustaquio.com.br\/","logo":{"@type":"ImageObject","inLanguage":"en-US","@id":"https:\/\/www.padreeustaquio.com.br\/#\/schema\/logo\/image\/","url":"https:\/\/www.padreeustaquio.com.br\/wp-content\/uploads\/2019\/08\/marca.png","contentUrl":"https:\/\/www.padreeustaquio.com.br\/wp-content\/uploads\/2019\/08\/marca.png","width":350,"height":400,"caption":"Padre Eust\u00e1quio"},"image":{"@id":"https:\/\/www.padreeustaquio.com.br\/#\/schema\/logo\/image\/"},"sameAs":["https:\/\/www.facebook.com\/beatopadreeustaquio\/","https:\/\/x.com\/beatopeustaquio","https:\/\/www.instagram.com\/beatopadreeustaquio\/","https:\/\/www.youtube.com\/channel\/UCRhw7vfabnajwLxb1ZXMeIw"]},{"@type":"Person","@id":"https:\/\/www.padreeustaquio.com.br\/#\/schema\/person\/a2a51db1d00f1a7af0204a0f1ddb1566","name":"@sscc","image":{"@type":"ImageObject","inLanguage":"en-US","@id":"https:\/\/secure.gravatar.com\/avatar\/68cfafa5f44617fea54071e215026e0ff06be366c3d54a8425f04fdcb86f8c5f?s=96&d=mm&r=g","url":"https:\/\/secure.gravatar.com\/avatar\/68cfafa5f44617fea54071e215026e0ff06be366c3d54a8425f04fdcb86f8c5f?s=96&d=mm&r=g","contentUrl":"https:\/\/secure.gravatar.com\/avatar\/68cfafa5f44617fea54071e215026e0ff06be366c3d54a8425f04fdcb86f8c5f?s=96&d=mm&r=g","caption":"@sscc"},"url":"https:\/\/www.padreeustaquio.com.br\/en\/author\/sscc\/"}]}},"_links":{"self":[{"href":"https:\/\/www.padreeustaquio.com.br\/en\/wp-json\/wp\/v2\/posts\/5123","targetHints":{"allow":["GET"]}}],"collection":[{"href":"https:\/\/www.padreeustaquio.com.br\/en\/wp-json\/wp\/v2\/posts"}],"about":[{"href":"https:\/\/www.padreeustaquio.com.br\/en\/wp-json\/wp\/v2\/types\/post"}],"author":[{"embeddable":true,"href":"https:\/\/www.padreeustaquio.com.br\/en\/wp-json\/wp\/v2\/users\/2"}],"replies":[{"embeddable":true,"href":"https:\/\/www.padreeustaquio.com.br\/en\/wp-json\/wp\/v2\/comments?post=5123"}],"version-history":[{"count":0,"href":"https:\/\/www.padreeustaquio.com.br\/en\/wp-json\/wp\/v2\/posts\/5123\/revisions"}],"wp:featuredmedia":[{"embeddable":true,"href":"https:\/\/www.padreeustaquio.com.br\/en\/wp-json\/wp\/v2\/media\/5124"}],"wp:attachment":[{"href":"https:\/\/www.padreeustaquio.com.br\/en\/wp-json\/wp\/v2\/media?parent=5123"}],"wp:term":[{"taxonomy":"category","embeddable":true,"href":"https:\/\/www.padreeustaquio.com.br\/en\/wp-json\/wp\/v2\/categories?post=5123"},{"taxonomy":"post_tag","embeddable":true,"href":"https:\/\/www.padreeustaquio.com.br\/en\/wp-json\/wp\/v2\/tags?post=5123"}],"curies":[{"name":"wp","href":"https:\/\/api.w.org\/{rel}","templated":true}]}}