{"id":5085,"date":"2021-02-21T08:05:15","date_gmt":"2021-02-21T11:05:15","guid":{"rendered":"https:\/\/www.padreeustaquio.com.br\/?p=5085"},"modified":"2021-02-19T18:34:43","modified_gmt":"2021-02-19T21:34:43","slug":"the-health-and-peace-sanctuary-has-new-confession-times","status":"publish","type":"post","link":"https:\/\/www.padreeustaquio.com.br\/en\/the-health-and-peace-sanctuary-has-new-confession-times\/","title":{"rendered":"The Health and Peace Sanctuary has new confession times."},"content":{"rendered":"<p>The Health and Peace Sanctuary, Father Eust\u00e1quio&#039;s church, will now have a new schedule for confessions: every Thursday, from 6:30 PM to 8:00 PM.<\/p>\n<p>To be served during these hours, it is necessary to make an appointment in advance at the parish office, by calling (31) 3462-6557. Up to 10 people will be served per day.<\/p>\n<p>Since the beginning of the pandemic, with social isolation, the parish has been working with two fixed confession times: Wednesday and Friday, from 8:30 am to 10:00 am. This schedule remains valid and no prior appointment is necessary.<\/p>\n<p>Service is provided at the church on a first-come, first-served basis. Upon entering the temple, people must sanitize their shoes on the sanitizing mat and their hands with hand sanitizer. The line forms along the pews, which are already arranged with the appropriate social distancing.<\/p>","protected":false},"excerpt":{"rendered":"<p>O Santu\u00e1rio Sa\u00fade e Paz, a igreja do Padre Eust\u00e1quio, passa a ter, a partir de agora, um novo hor\u00e1rio para confiss\u00f5es: toda quinta-feira, de 18h30 \u00e0s 20h. Para ser atendido neste hor\u00e1rio \u00e9 necess\u00e1rio fazer o agendamento antecipado na secretaria paroquial, no telefone (31) 3462-6557. Por dia, ser\u00e3o atendidas at\u00e9 10 pessoas. Desde o inicio da pandemia, com o isolamento social, a par\u00f3quia trabalha com dois hor\u00e1rios fixos de confiss\u00e3o: Quarta e sexta, de 8h30 \u00e0s 10h. Este hor\u00e1rio continua valendo e para ele n\u00e3o \u00e9 necess\u00e1rio fazer agendamento pr\u00e9vio. O atendimento \u00e9 feito na igreja, por ordem de [&hellip;]<\/p>\n","protected":false},"author":2,"featured_media":5122,"comment_status":"open","ping_status":"open","sticky":false,"template":"","format":"standard","meta":{"_acf_changed":false,"footnotes":""},"categories":[611],"tags":[],"class_list":["post-5085","post","type-post","status-publish","format-standard","has-post-thumbnail","hentry","category-noticias"],"acf":[],"yoast_head":"<!-- This site is optimized with the Yoast SEO plugin v27.2 - https:\/\/yoast.com\/product\/yoast-seo-wordpress\/ -->\n<title>Santu\u00e1rio Sa\u00fade e Paz tem novos hor\u00e1rios de confiss\u00e3o - Padre Eust\u00e1quio<\/title>\n<meta name=\"robots\" content=\"index, follow, max-snippet:-1, max-image-preview:large, max-video-preview:-1\" \/>\n<link rel=\"canonical\" href=\"https:\/\/www.padreeustaquio.com.br\/en\/the-health-and-peace-sanctuary-has-new-confession-times\/\" \/>\n<meta property=\"og:locale\" content=\"en_US\" \/>\n<meta property=\"og:type\" content=\"article\" \/>\n<meta property=\"og:title\" content=\"Santu\u00e1rio Sa\u00fade e Paz tem novos hor\u00e1rios de confiss\u00e3o - Padre Eust\u00e1quio\" \/>\n<meta property=\"og:description\" content=\"O Santu\u00e1rio Sa\u00fade e Paz, a igreja do Padre Eust\u00e1quio, passa a ter, a partir de agora, um novo hor\u00e1rio para confiss\u00f5es: toda quinta-feira, de 18h30 \u00e0s 20h. Para ser atendido neste hor\u00e1rio \u00e9 necess\u00e1rio fazer o agendamento antecipado na secretaria paroquial, no telefone (31) 3462-6557. Por dia, ser\u00e3o atendidas at\u00e9 10 pessoas. Desde o inicio da pandemia, com o isolamento social, a par\u00f3quia trabalha com dois hor\u00e1rios fixos de confiss\u00e3o: Quarta e sexta, de 8h30 \u00e0s 10h. Este hor\u00e1rio continua valendo e para ele n\u00e3o \u00e9 necess\u00e1rio fazer agendamento pr\u00e9vio. O atendimento \u00e9 feito na igreja, por ordem de [&hellip;]\" \/>\n<meta property=\"og:url\" content=\"https:\/\/www.padreeustaquio.com.br\/en\/the-health-and-peace-sanctuary-has-new-confession-times\/\" \/>\n<meta property=\"og:site_name\" content=\"Padre Eust\u00e1quio\" \/>\n<meta property=\"article:publisher\" content=\"https:\/\/www.facebook.com\/beatopadreeustaquio\/\" \/>\n<meta property=\"article:published_time\" content=\"2021-02-21T11:05:15+00:00\" \/>\n<meta property=\"og:image\" content=\"https:\/\/www.padreeustaquio.com.br\/wp-content\/uploads\/2021\/02\/Confiss\u00e3o-na-igreja-e1613770470157.jpeg\" \/>\n\t<meta property=\"og:image:width\" content=\"1257\" \/>\n\t<meta property=\"og:image:height\" content=\"745\" \/>\n\t<meta property=\"og:image:type\" content=\"image\/jpeg\" \/>\n<meta name=\"author\" content=\"@sscc\" \/>\n<meta name=\"twitter:card\" content=\"summary_large_image\" \/>\n<meta name=\"twitter:creator\" content=\"@beatopeustaquio\" \/>\n<meta name=\"twitter:site\" content=\"@beatopeustaquio\" \/>\n<meta name=\"twitter:label1\" content=\"Written by\" \/>\n\t<meta name=\"twitter:data1\" content=\"@sscc\" \/>\n\t<meta name=\"twitter:label2\" content=\"Est. reading time\" \/>\n\t<meta name=\"twitter:data2\" content=\"1 minute\" \/>\n<script type=\"application\/ld+json\" class=\"yoast-schema-graph\">{\"@context\":\"https:\/\/schema.org\",\"@graph\":[{\"@type\":\"Article\",\"@id\":\"https:\/\/www.padreeustaquio.com.br\/santuario-saude-e-paz-tem-novos-horarios-de-confissao\/#article\",\"isPartOf\":{\"@id\":\"https:\/\/www.padreeustaquio.com.br\/santuario-saude-e-paz-tem-novos-horarios-de-confissao\/\"},\"author\":{\"name\":\"@sscc\",\"@id\":\"https:\/\/www.padreeustaquio.com.br\/#\/schema\/person\/a2a51db1d00f1a7af0204a0f1ddb1566\"},\"headline\":\"Santu\u00e1rio Sa\u00fade e Paz tem novos hor\u00e1rios de confiss\u00e3o\",\"datePublished\":\"2021-02-21T11:05:15+00:00\",\"mainEntityOfPage\":{\"@id\":\"https:\/\/www.padreeustaquio.com.br\/santuario-saude-e-paz-tem-novos-horarios-de-confissao\/\"},\"wordCount\":161,\"commentCount\":0,\"publisher\":{\"@id\":\"https:\/\/www.padreeustaquio.com.br\/#organization\"},\"image\":{\"@id\":\"https:\/\/www.padreeustaquio.com.br\/santuario-saude-e-paz-tem-novos-horarios-de-confissao\/#primaryimage\"},\"thumbnailUrl\":\"https:\/\/www.padreeustaquio.com.br\/wp-content\/uploads\/2021\/02\/Confiss\u00e3o-na-igreja-e1613770470157.jpeg\",\"articleSection\":[\"Not\u00edcias\"],\"inLanguage\":\"en-US\",\"potentialAction\":[{\"@type\":\"CommentAction\",\"name\":\"Comment\",\"target\":[\"https:\/\/www.padreeustaquio.com.br\/santuario-saude-e-paz-tem-novos-horarios-de-confissao\/#respond\"]}]},{\"@type\":\"WebPage\",\"@id\":\"https:\/\/www.padreeustaquio.com.br\/santuario-saude-e-paz-tem-novos-horarios-de-confissao\/\",\"url\":\"https:\/\/www.padreeustaquio.com.br\/santuario-saude-e-paz-tem-novos-horarios-de-confissao\/\",\"name\":\"Santu\u00e1rio Sa\u00fade e Paz tem novos hor\u00e1rios de confiss\u00e3o - Padre Eust\u00e1quio\",\"isPartOf\":{\"@id\":\"https:\/\/www.padreeustaquio.com.br\/#website\"},\"primaryImageOfPage\":{\"@id\":\"https:\/\/www.padreeustaquio.com.br\/santuario-saude-e-paz-tem-novos-horarios-de-confissao\/#primaryimage\"},\"image\":{\"@id\":\"https:\/\/www.padreeustaquio.com.br\/santuario-saude-e-paz-tem-novos-horarios-de-confissao\/#primaryimage\"},\"thumbnailUrl\":\"https:\/\/www.padreeustaquio.com.br\/wp-content\/uploads\/2021\/02\/Confiss\u00e3o-na-igreja-e1613770470157.jpeg\",\"datePublished\":\"2021-02-21T11:05:15+00:00\",\"breadcrumb\":{\"@id\":\"https:\/\/www.padreeustaquio.com.br\/santuario-saude-e-paz-tem-novos-horarios-de-confissao\/#breadcrumb\"},\"inLanguage\":\"en-US\",\"potentialAction\":[{\"@type\":\"ReadAction\",\"target\":[\"https:\/\/www.padreeustaquio.com.br\/santuario-saude-e-paz-tem-novos-horarios-de-confissao\/\"]}]},{\"@type\":\"ImageObject\",\"inLanguage\":\"en-US\",\"@id\":\"https:\/\/www.padreeustaquio.com.br\/santuario-saude-e-paz-tem-novos-horarios-de-confissao\/#primaryimage\",\"url\":\"https:\/\/www.padreeustaquio.com.br\/wp-content\/uploads\/2021\/02\/Confiss\u00e3o-na-igreja-e1613770470157.jpeg\",\"contentUrl\":\"https:\/\/www.padreeustaquio.com.br\/wp-content\/uploads\/2021\/02\/Confiss\u00e3o-na-igreja-e1613770470157.jpeg\",\"width\":1257,\"height\":745},{\"@type\":\"BreadcrumbList\",\"@id\":\"https:\/\/www.padreeustaquio.com.br\/santuario-saude-e-paz-tem-novos-horarios-de-confissao\/#breadcrumb\",\"itemListElement\":[{\"@type\":\"ListItem\",\"position\":1,\"name\":\"In\u00edcio\",\"item\":\"https:\/\/www.padreeustaquio.com.br\/\"},{\"@type\":\"ListItem\",\"position\":2,\"name\":\"Santu\u00e1rio Sa\u00fade e Paz tem novos hor\u00e1rios de confiss\u00e3o\"}]},{\"@type\":\"WebSite\",\"@id\":\"https:\/\/www.padreeustaquio.com.br\/#website\",\"url\":\"https:\/\/www.padreeustaquio.com.br\/\",\"name\":\"Padre Eust\u00e1quio\",\"description\":\"Sa\u00fade e Paz\",\"publisher\":{\"@id\":\"https:\/\/www.padreeustaquio.com.br\/#organization\"},\"potentialAction\":[{\"@type\":\"SearchAction\",\"target\":{\"@type\":\"EntryPoint\",\"urlTemplate\":\"https:\/\/www.padreeustaquio.com.br\/?s={search_term_string}\"},\"query-input\":{\"@type\":\"PropertyValueSpecification\",\"valueRequired\":true,\"valueName\":\"search_term_string\"}}],\"inLanguage\":\"en-US\"},{\"@type\":\"Organization\",\"@id\":\"https:\/\/www.padreeustaquio.com.br\/#organization\",\"name\":\"Padre Eust\u00e1quio\",\"url\":\"https:\/\/www.padreeustaquio.com.br\/\",\"logo\":{\"@type\":\"ImageObject\",\"inLanguage\":\"en-US\",\"@id\":\"https:\/\/www.padreeustaquio.com.br\/#\/schema\/logo\/image\/\",\"url\":\"https:\/\/www.padreeustaquio.com.br\/wp-content\/uploads\/2019\/08\/marca.png\",\"contentUrl\":\"https:\/\/www.padreeustaquio.com.br\/wp-content\/uploads\/2019\/08\/marca.png\",\"width\":350,\"height\":400,\"caption\":\"Padre Eust\u00e1quio\"},\"image\":{\"@id\":\"https:\/\/www.padreeustaquio.com.br\/#\/schema\/logo\/image\/\"},\"sameAs\":[\"https:\/\/www.facebook.com\/beatopadreeustaquio\/\",\"https:\/\/x.com\/beatopeustaquio\",\"https:\/\/www.instagram.com\/beatopadreeustaquio\/\",\"https:\/\/www.youtube.com\/channel\/UCRhw7vfabnajwLxb1ZXMeIw\"]},{\"@type\":\"Person\",\"@id\":\"https:\/\/www.padreeustaquio.com.br\/#\/schema\/person\/a2a51db1d00f1a7af0204a0f1ddb1566\",\"name\":\"@sscc\",\"image\":{\"@type\":\"ImageObject\",\"inLanguage\":\"en-US\",\"@id\":\"https:\/\/secure.gravatar.com\/avatar\/68cfafa5f44617fea54071e215026e0ff06be366c3d54a8425f04fdcb86f8c5f?s=96&d=mm&r=g\",\"url\":\"https:\/\/secure.gravatar.com\/avatar\/68cfafa5f44617fea54071e215026e0ff06be366c3d54a8425f04fdcb86f8c5f?s=96&d=mm&r=g\",\"contentUrl\":\"https:\/\/secure.gravatar.com\/avatar\/68cfafa5f44617fea54071e215026e0ff06be366c3d54a8425f04fdcb86f8c5f?s=96&d=mm&r=g\",\"caption\":\"@sscc\"},\"url\":\"https:\/\/www.padreeustaquio.com.br\/en\/author\/sscc\/\"}]}<\/script>\n<!-- \/ Yoast SEO plugin. -->","yoast_head_json":{"title":"Health and Peace Sanctuary has new confession times - Father Eust\u00e1quio","robots":{"index":"index","follow":"follow","max-snippet":"max-snippet:-1","max-image-preview":"max-image-preview:large","max-video-preview":"max-video-preview:-1"},"canonical":"https:\/\/www.padreeustaquio.com.br\/en\/the-health-and-peace-sanctuary-has-new-confession-times\/","og_locale":"en_US","og_type":"article","og_title":"Santu\u00e1rio Sa\u00fade e Paz tem novos hor\u00e1rios de confiss\u00e3o - Padre Eust\u00e1quio","og_description":"O Santu\u00e1rio Sa\u00fade e Paz, a igreja do Padre Eust\u00e1quio, passa a ter, a partir de agora, um novo hor\u00e1rio para confiss\u00f5es: toda quinta-feira, de 18h30 \u00e0s 20h. Para ser atendido neste hor\u00e1rio \u00e9 necess\u00e1rio fazer o agendamento antecipado na secretaria paroquial, no telefone (31) 3462-6557. Por dia, ser\u00e3o atendidas at\u00e9 10 pessoas. Desde o inicio da pandemia, com o isolamento social, a par\u00f3quia trabalha com dois hor\u00e1rios fixos de confiss\u00e3o: Quarta e sexta, de 8h30 \u00e0s 10h. Este hor\u00e1rio continua valendo e para ele n\u00e3o \u00e9 necess\u00e1rio fazer agendamento pr\u00e9vio. O atendimento \u00e9 feito na igreja, por ordem de [&hellip;]","og_url":"https:\/\/www.padreeustaquio.com.br\/en\/the-health-and-peace-sanctuary-has-new-confession-times\/","og_site_name":"Padre Eust\u00e1quio","article_publisher":"https:\/\/www.facebook.com\/beatopadreeustaquio\/","article_published_time":"2021-02-21T11:05:15+00:00","og_image":[{"width":1257,"height":745,"url":"https:\/\/www.padreeustaquio.com.br\/wp-content\/uploads\/2021\/02\/Confiss\u00e3o-na-igreja-e1613770470157.jpeg","type":"image\/jpeg"}],"author":"@sscc","twitter_card":"summary_large_image","twitter_creator":"@beatopeustaquio","twitter_site":"@beatopeustaquio","twitter_misc":{"Written by":"@sscc","Est. reading time":"1 minute"},"schema":{"@context":"https:\/\/schema.org","@graph":[{"@type":"Article","@id":"https:\/\/www.padreeustaquio.com.br\/santuario-saude-e-paz-tem-novos-horarios-de-confissao\/#article","isPartOf":{"@id":"https:\/\/www.padreeustaquio.com.br\/santuario-saude-e-paz-tem-novos-horarios-de-confissao\/"},"author":{"name":"@sscc","@id":"https:\/\/www.padreeustaquio.com.br\/#\/schema\/person\/a2a51db1d00f1a7af0204a0f1ddb1566"},"headline":"Santu\u00e1rio Sa\u00fade e Paz tem novos hor\u00e1rios de confiss\u00e3o","datePublished":"2021-02-21T11:05:15+00:00","mainEntityOfPage":{"@id":"https:\/\/www.padreeustaquio.com.br\/santuario-saude-e-paz-tem-novos-horarios-de-confissao\/"},"wordCount":161,"commentCount":0,"publisher":{"@id":"https:\/\/www.padreeustaquio.com.br\/#organization"},"image":{"@id":"https:\/\/www.padreeustaquio.com.br\/santuario-saude-e-paz-tem-novos-horarios-de-confissao\/#primaryimage"},"thumbnailUrl":"https:\/\/www.padreeustaquio.com.br\/wp-content\/uploads\/2021\/02\/Confiss\u00e3o-na-igreja-e1613770470157.jpeg","articleSection":["Not\u00edcias"],"inLanguage":"en-US","potentialAction":[{"@type":"CommentAction","name":"Comment","target":["https:\/\/www.padreeustaquio.com.br\/santuario-saude-e-paz-tem-novos-horarios-de-confissao\/#respond"]}]},{"@type":"WebPage","@id":"https:\/\/www.padreeustaquio.com.br\/santuario-saude-e-paz-tem-novos-horarios-de-confissao\/","url":"https:\/\/www.padreeustaquio.com.br\/santuario-saude-e-paz-tem-novos-horarios-de-confissao\/","name":"Health and Peace Sanctuary has new confession times - Father Eust\u00e1quio","isPartOf":{"@id":"https:\/\/www.padreeustaquio.com.br\/#website"},"primaryImageOfPage":{"@id":"https:\/\/www.padreeustaquio.com.br\/santuario-saude-e-paz-tem-novos-horarios-de-confissao\/#primaryimage"},"image":{"@id":"https:\/\/www.padreeustaquio.com.br\/santuario-saude-e-paz-tem-novos-horarios-de-confissao\/#primaryimage"},"thumbnailUrl":"https:\/\/www.padreeustaquio.com.br\/wp-content\/uploads\/2021\/02\/Confiss\u00e3o-na-igreja-e1613770470157.jpeg","datePublished":"2021-02-21T11:05:15+00:00","breadcrumb":{"@id":"https:\/\/www.padreeustaquio.com.br\/santuario-saude-e-paz-tem-novos-horarios-de-confissao\/#breadcrumb"},"inLanguage":"en-US","potentialAction":[{"@type":"ReadAction","target":["https:\/\/www.padreeustaquio.com.br\/santuario-saude-e-paz-tem-novos-horarios-de-confissao\/"]}]},{"@type":"ImageObject","inLanguage":"en-US","@id":"https:\/\/www.padreeustaquio.com.br\/santuario-saude-e-paz-tem-novos-horarios-de-confissao\/#primaryimage","url":"https:\/\/www.padreeustaquio.com.br\/wp-content\/uploads\/2021\/02\/Confiss\u00e3o-na-igreja-e1613770470157.jpeg","contentUrl":"https:\/\/www.padreeustaquio.com.br\/wp-content\/uploads\/2021\/02\/Confiss\u00e3o-na-igreja-e1613770470157.jpeg","width":1257,"height":745},{"@type":"BreadcrumbList","@id":"https:\/\/www.padreeustaquio.com.br\/santuario-saude-e-paz-tem-novos-horarios-de-confissao\/#breadcrumb","itemListElement":[{"@type":"ListItem","position":1,"name":"In\u00edcio","item":"https:\/\/www.padreeustaquio.com.br\/"},{"@type":"ListItem","position":2,"name":"Santu\u00e1rio Sa\u00fade e Paz tem novos hor\u00e1rios de confiss\u00e3o"}]},{"@type":"WebSite","@id":"https:\/\/www.padreeustaquio.com.br\/#website","url":"https:\/\/www.padreeustaquio.com.br\/","name":"FATHER EUST\u00c1QUIO","description":"Health and Peace","publisher":{"@id":"https:\/\/www.padreeustaquio.com.br\/#organization"},"potentialAction":[{"@type":"SearchAction","target":{"@type":"EntryPoint","urlTemplate":"https:\/\/www.padreeustaquio.com.br\/?s={search_term_string}"},"query-input":{"@type":"PropertyValueSpecification","valueRequired":true,"valueName":"search_term_string"}}],"inLanguage":"en-US"},{"@type":"Organization","@id":"https:\/\/www.padreeustaquio.com.br\/#organization","name":"FATHER EUST\u00c1QUIO","url":"https:\/\/www.padreeustaquio.com.br\/","logo":{"@type":"ImageObject","inLanguage":"en-US","@id":"https:\/\/www.padreeustaquio.com.br\/#\/schema\/logo\/image\/","url":"https:\/\/www.padreeustaquio.com.br\/wp-content\/uploads\/2019\/08\/marca.png","contentUrl":"https:\/\/www.padreeustaquio.com.br\/wp-content\/uploads\/2019\/08\/marca.png","width":350,"height":400,"caption":"Padre Eust\u00e1quio"},"image":{"@id":"https:\/\/www.padreeustaquio.com.br\/#\/schema\/logo\/image\/"},"sameAs":["https:\/\/www.facebook.com\/beatopadreeustaquio\/","https:\/\/x.com\/beatopeustaquio","https:\/\/www.instagram.com\/beatopadreeustaquio\/","https:\/\/www.youtube.com\/channel\/UCRhw7vfabnajwLxb1ZXMeIw"]},{"@type":"Person","@id":"https:\/\/www.padreeustaquio.com.br\/#\/schema\/person\/a2a51db1d00f1a7af0204a0f1ddb1566","name":"@sscc","image":{"@type":"ImageObject","inLanguage":"en-US","@id":"https:\/\/secure.gravatar.com\/avatar\/68cfafa5f44617fea54071e215026e0ff06be366c3d54a8425f04fdcb86f8c5f?s=96&d=mm&r=g","url":"https:\/\/secure.gravatar.com\/avatar\/68cfafa5f44617fea54071e215026e0ff06be366c3d54a8425f04fdcb86f8c5f?s=96&d=mm&r=g","contentUrl":"https:\/\/secure.gravatar.com\/avatar\/68cfafa5f44617fea54071e215026e0ff06be366c3d54a8425f04fdcb86f8c5f?s=96&d=mm&r=g","caption":"@sscc"},"url":"https:\/\/www.padreeustaquio.com.br\/en\/author\/sscc\/"}]}},"_links":{"self":[{"href":"https:\/\/www.padreeustaquio.com.br\/en\/wp-json\/wp\/v2\/posts\/5085","targetHints":{"allow":["GET"]}}],"collection":[{"href":"https:\/\/www.padreeustaquio.com.br\/en\/wp-json\/wp\/v2\/posts"}],"about":[{"href":"https:\/\/www.padreeustaquio.com.br\/en\/wp-json\/wp\/v2\/types\/post"}],"author":[{"embeddable":true,"href":"https:\/\/www.padreeustaquio.com.br\/en\/wp-json\/wp\/v2\/users\/2"}],"replies":[{"embeddable":true,"href":"https:\/\/www.padreeustaquio.com.br\/en\/wp-json\/wp\/v2\/comments?post=5085"}],"version-history":[{"count":0,"href":"https:\/\/www.padreeustaquio.com.br\/en\/wp-json\/wp\/v2\/posts\/5085\/revisions"}],"wp:featuredmedia":[{"embeddable":true,"href":"https:\/\/www.padreeustaquio.com.br\/en\/wp-json\/wp\/v2\/media\/5122"}],"wp:attachment":[{"href":"https:\/\/www.padreeustaquio.com.br\/en\/wp-json\/wp\/v2\/media?parent=5085"}],"wp:term":[{"taxonomy":"category","embeddable":true,"href":"https:\/\/www.padreeustaquio.com.br\/en\/wp-json\/wp\/v2\/categories?post=5085"},{"taxonomy":"post_tag","embeddable":true,"href":"https:\/\/www.padreeustaquio.com.br\/en\/wp-json\/wp\/v2\/tags?post=5085"}],"curies":[{"name":"wp","href":"https:\/\/api.w.org\/{rel}","templated":true}]}}