{"id":5070,"date":"2021-02-18T14:37:58","date_gmt":"2021-02-18T17:37:58","guid":{"rendered":"https:\/\/www.padreeustaquio.com.br\/?p=5070"},"modified":"2021-02-17T19:31:26","modified_gmt":"2021-02-17T22:31:26","slug":"without-a-mass-confession-session-the-sanctuary-will-hold-a-community-penitential-celebration","status":"publish","type":"post","link":"https:\/\/www.padreeustaquio.com.br\/en\/without-a-mass-confession-session-the-sanctuary-will-hold-a-community-penitential-celebration\/","title":{"rendered":"Without a mass confession session, the Sanctuary will hold a Community Penitential Celebration."},"content":{"rendered":"<p>Due to the pandemic caused by the Coronavirus, in 2021 the faithful will not be able to count on the confession drives that take place every year to serve the largest number of people in each parish.<\/p>\n<p>The solution found to allow the community to receive the Sacrament of Penance and experience Easter more intensely was the Community Penitential Celebrations, known as Community Confessions.<\/p>\n<p>At the Sanctuary of Health and Peace, the church of Father Eust\u00e1quio, there will be two days of celebrations. One of them will be...<strong>\u00a0February 24th<\/strong> (next Wednesday)\u00a0<strong>at 3pm and\u00a0<\/strong><strong>at 7pm<\/strong>. Registration for these celebrations is now open. <a href=\"https:\/\/www.sympla.com.br\/missas-presenciais---igreja-padre-eustaquio---de-20-a-28-de-fevereiro__1130830\">clicking here<\/a>, or by picking up the tickets in person at the Parish Office.<\/p>\n<p>The other celebrations will take place on March 24th (also a Wednesday), at two different times, 3 PM and 7 PM. Registration for this day will be available the week before the celebration.<\/p>\n<p>The Community Penitential Celebration will not be streamed online, and attendees will need to follow all health and safety protocols, including having their temperature checked, sanitizing their shoes and hands, and wearing a mask at all times while in the church.<\/p>\n<p><strong>The Community Confession<\/strong><\/p>\n<p>\u201cIn cases of grave necessity, recourse may be made to the communal celebration of reconciliation, with general confession and general absolution\u201d (CCC 1483). Mother Church, like her Lord, desires that all men be saved. Therefore, observing the necessary provisions, she seeks to facilitate as much as possible the reception of the aids of grace for her children through the sacraments.<\/p>\n<p>Based on this principle and historically motivated, above all, by the two great world wars, the Church introduced the discipline that makes possible the administration of the sacrament of penance with collective absolution.<\/p>\n<p>&nbsp;<\/p>\n<p><em>*with information from<a href=\"https:\/\/formacao.cancaonova.com\/igreja\/catequese\/quando-se-pode-fazer-confissao-comunitaria\/\"> formacao.cancaonova.com<\/a><\/em><\/p>","protected":false},"excerpt":{"rendered":"<p>Por causa da pandemia, provocada pelo Coronav\u00edrus, em 2021 os fi\u00e9is n\u00e3o v\u00e3o poder contar com os mutir\u00f5es de confiss\u00e3o, que ocorrem todos os anos para atender o maior n\u00famero de pessoas em cada par\u00f3quia. A solu\u00e7\u00e3o encontrada para que a comunidade receba o Sacramento da Penit\u00eancia e viva mais intensamente a P\u00e1scoa, foram as Celebra\u00e7\u00f5es Penitenciais Comunit\u00e1rias, conhecidas como Confiss\u00f5es Comunit\u00e1rias. No Santu\u00e1rio da Sa\u00fade e Paz, a igreja do Padre Eust\u00e1quio, haver\u00e1 dois dias de celebra\u00e7\u00f5es. Um deles ser\u00e1\u00a024 de fevereiro (pr\u00f3xima quarta-feira)\u00a0\u00e0s 15h e\u00a0\u00e0s 19h. Para estas celebra\u00e7\u00f5es, as inscri\u00e7\u00f5es j\u00e1 est\u00e3o dispon\u00edveis clicando aqui, ou retirando [&hellip;]<\/p>\n","protected":false},"author":2,"featured_media":5071,"comment_status":"open","ping_status":"open","sticky":false,"template":"","format":"standard","meta":{"_acf_changed":false,"footnotes":""},"categories":[611],"tags":[],"class_list":["post-5070","post","type-post","status-publish","format-standard","has-post-thumbnail","hentry","category-noticias"],"acf":[],"yoast_head":"<!-- This site is optimized with the Yoast SEO plugin v27.2 - https:\/\/yoast.com\/product\/yoast-seo-wordpress\/ -->\n<title>Sem mutir\u00e3o de confiss\u00f5es Santu\u00e1rio far\u00e1 Celebra\u00e7\u00e3o Penitencial Comunit\u00e1ria - Padre Eust\u00e1quio<\/title>\n<meta name=\"robots\" content=\"index, follow, max-snippet:-1, max-image-preview:large, max-video-preview:-1\" \/>\n<link rel=\"canonical\" href=\"https:\/\/www.padreeustaquio.com.br\/en\/without-a-mass-confession-session-the-sanctuary-will-hold-a-community-penitential-celebration\/\" \/>\n<meta property=\"og:locale\" content=\"en_US\" \/>\n<meta property=\"og:type\" content=\"article\" \/>\n<meta property=\"og:title\" content=\"Sem mutir\u00e3o de confiss\u00f5es Santu\u00e1rio far\u00e1 Celebra\u00e7\u00e3o Penitencial Comunit\u00e1ria - Padre Eust\u00e1quio\" \/>\n<meta property=\"og:description\" content=\"Por causa da pandemia, provocada pelo Coronav\u00edrus, em 2021 os fi\u00e9is n\u00e3o v\u00e3o poder contar com os mutir\u00f5es de confiss\u00e3o, que ocorrem todos os anos para atender o maior n\u00famero de pessoas em cada par\u00f3quia. A solu\u00e7\u00e3o encontrada para que a comunidade receba o Sacramento da Penit\u00eancia e viva mais intensamente a P\u00e1scoa, foram as Celebra\u00e7\u00f5es Penitenciais Comunit\u00e1rias, conhecidas como Confiss\u00f5es Comunit\u00e1rias. No Santu\u00e1rio da Sa\u00fade e Paz, a igreja do Padre Eust\u00e1quio, haver\u00e1 dois dias de celebra\u00e7\u00f5es. Um deles ser\u00e1\u00a024 de fevereiro (pr\u00f3xima quarta-feira)\u00a0\u00e0s 15h e\u00a0\u00e0s 19h. Para estas celebra\u00e7\u00f5es, as inscri\u00e7\u00f5es j\u00e1 est\u00e3o dispon\u00edveis clicando aqui, ou retirando [&hellip;]\" \/>\n<meta property=\"og:url\" content=\"https:\/\/www.padreeustaquio.com.br\/en\/without-a-mass-confession-session-the-sanctuary-will-hold-a-community-penitential-celebration\/\" \/>\n<meta property=\"og:site_name\" content=\"Padre Eust\u00e1quio\" \/>\n<meta property=\"article:publisher\" content=\"https:\/\/www.facebook.com\/beatopadreeustaquio\/\" \/>\n<meta property=\"article:published_time\" content=\"2021-02-18T17:37:58+00:00\" \/>\n<meta property=\"og:image\" content=\"https:\/\/www.padreeustaquio.com.br\/wp-content\/uploads\/2021\/02\/Celebra\u00e7\u00e3o-Penitencial.jpg\" \/>\n\t<meta property=\"og:image:width\" content=\"748\" \/>\n\t<meta property=\"og:image:height\" content=\"394\" \/>\n\t<meta property=\"og:image:type\" content=\"image\/jpeg\" \/>\n<meta name=\"author\" content=\"@sscc\" \/>\n<meta name=\"twitter:card\" content=\"summary_large_image\" \/>\n<meta name=\"twitter:creator\" content=\"@beatopeustaquio\" \/>\n<meta name=\"twitter:site\" content=\"@beatopeustaquio\" \/>\n<meta name=\"twitter:label1\" content=\"Written by\" \/>\n\t<meta name=\"twitter:data1\" content=\"@sscc\" \/>\n\t<meta name=\"twitter:label2\" content=\"Est. reading time\" \/>\n\t<meta name=\"twitter:data2\" content=\"2 minutes\" \/>\n<script type=\"application\/ld+json\" class=\"yoast-schema-graph\">{\"@context\":\"https:\/\/schema.org\",\"@graph\":[{\"@type\":\"Article\",\"@id\":\"https:\/\/www.padreeustaquio.com.br\/sem-mutirao-de-confissoes-santuario-fara-celebracao-penitencial-comunitaria\/#article\",\"isPartOf\":{\"@id\":\"https:\/\/www.padreeustaquio.com.br\/sem-mutirao-de-confissoes-santuario-fara-celebracao-penitencial-comunitaria\/\"},\"author\":{\"name\":\"@sscc\",\"@id\":\"https:\/\/www.padreeustaquio.com.br\/#\/schema\/person\/a2a51db1d00f1a7af0204a0f1ddb1566\"},\"headline\":\"Sem mutir\u00e3o de confiss\u00f5es Santu\u00e1rio far\u00e1 Celebra\u00e7\u00e3o Penitencial Comunit\u00e1ria\",\"datePublished\":\"2021-02-18T17:37:58+00:00\",\"mainEntityOfPage\":{\"@id\":\"https:\/\/www.padreeustaquio.com.br\/sem-mutirao-de-confissoes-santuario-fara-celebracao-penitencial-comunitaria\/\"},\"wordCount\":353,\"commentCount\":0,\"publisher\":{\"@id\":\"https:\/\/www.padreeustaquio.com.br\/#organization\"},\"image\":{\"@id\":\"https:\/\/www.padreeustaquio.com.br\/sem-mutirao-de-confissoes-santuario-fara-celebracao-penitencial-comunitaria\/#primaryimage\"},\"thumbnailUrl\":\"https:\/\/www.padreeustaquio.com.br\/wp-content\/uploads\/2021\/02\/Celebra\u00e7\u00e3o-Penitencial.jpg\",\"articleSection\":[\"Not\u00edcias\"],\"inLanguage\":\"en-US\",\"potentialAction\":[{\"@type\":\"CommentAction\",\"name\":\"Comment\",\"target\":[\"https:\/\/www.padreeustaquio.com.br\/sem-mutirao-de-confissoes-santuario-fara-celebracao-penitencial-comunitaria\/#respond\"]}]},{\"@type\":\"WebPage\",\"@id\":\"https:\/\/www.padreeustaquio.com.br\/sem-mutirao-de-confissoes-santuario-fara-celebracao-penitencial-comunitaria\/\",\"url\":\"https:\/\/www.padreeustaquio.com.br\/sem-mutirao-de-confissoes-santuario-fara-celebracao-penitencial-comunitaria\/\",\"name\":\"Sem mutir\u00e3o de confiss\u00f5es Santu\u00e1rio far\u00e1 Celebra\u00e7\u00e3o Penitencial Comunit\u00e1ria - Padre Eust\u00e1quio\",\"isPartOf\":{\"@id\":\"https:\/\/www.padreeustaquio.com.br\/#website\"},\"primaryImageOfPage\":{\"@id\":\"https:\/\/www.padreeustaquio.com.br\/sem-mutirao-de-confissoes-santuario-fara-celebracao-penitencial-comunitaria\/#primaryimage\"},\"image\":{\"@id\":\"https:\/\/www.padreeustaquio.com.br\/sem-mutirao-de-confissoes-santuario-fara-celebracao-penitencial-comunitaria\/#primaryimage\"},\"thumbnailUrl\":\"https:\/\/www.padreeustaquio.com.br\/wp-content\/uploads\/2021\/02\/Celebra\u00e7\u00e3o-Penitencial.jpg\",\"datePublished\":\"2021-02-18T17:37:58+00:00\",\"breadcrumb\":{\"@id\":\"https:\/\/www.padreeustaquio.com.br\/sem-mutirao-de-confissoes-santuario-fara-celebracao-penitencial-comunitaria\/#breadcrumb\"},\"inLanguage\":\"en-US\",\"potentialAction\":[{\"@type\":\"ReadAction\",\"target\":[\"https:\/\/www.padreeustaquio.com.br\/sem-mutirao-de-confissoes-santuario-fara-celebracao-penitencial-comunitaria\/\"]}]},{\"@type\":\"ImageObject\",\"inLanguage\":\"en-US\",\"@id\":\"https:\/\/www.padreeustaquio.com.br\/sem-mutirao-de-confissoes-santuario-fara-celebracao-penitencial-comunitaria\/#primaryimage\",\"url\":\"https:\/\/www.padreeustaquio.com.br\/wp-content\/uploads\/2021\/02\/Celebra\u00e7\u00e3o-Penitencial.jpg\",\"contentUrl\":\"https:\/\/www.padreeustaquio.com.br\/wp-content\/uploads\/2021\/02\/Celebra\u00e7\u00e3o-Penitencial.jpg\",\"width\":748,\"height\":394},{\"@type\":\"BreadcrumbList\",\"@id\":\"https:\/\/www.padreeustaquio.com.br\/sem-mutirao-de-confissoes-santuario-fara-celebracao-penitencial-comunitaria\/#breadcrumb\",\"itemListElement\":[{\"@type\":\"ListItem\",\"position\":1,\"name\":\"In\u00edcio\",\"item\":\"https:\/\/www.padreeustaquio.com.br\/\"},{\"@type\":\"ListItem\",\"position\":2,\"name\":\"Sem mutir\u00e3o de confiss\u00f5es Santu\u00e1rio far\u00e1 Celebra\u00e7\u00e3o Penitencial Comunit\u00e1ria\"}]},{\"@type\":\"WebSite\",\"@id\":\"https:\/\/www.padreeustaquio.com.br\/#website\",\"url\":\"https:\/\/www.padreeustaquio.com.br\/\",\"name\":\"Padre Eust\u00e1quio\",\"description\":\"Sa\u00fade e Paz\",\"publisher\":{\"@id\":\"https:\/\/www.padreeustaquio.com.br\/#organization\"},\"potentialAction\":[{\"@type\":\"SearchAction\",\"target\":{\"@type\":\"EntryPoint\",\"urlTemplate\":\"https:\/\/www.padreeustaquio.com.br\/?s={search_term_string}\"},\"query-input\":{\"@type\":\"PropertyValueSpecification\",\"valueRequired\":true,\"valueName\":\"search_term_string\"}}],\"inLanguage\":\"en-US\"},{\"@type\":\"Organization\",\"@id\":\"https:\/\/www.padreeustaquio.com.br\/#organization\",\"name\":\"Padre Eust\u00e1quio\",\"url\":\"https:\/\/www.padreeustaquio.com.br\/\",\"logo\":{\"@type\":\"ImageObject\",\"inLanguage\":\"en-US\",\"@id\":\"https:\/\/www.padreeustaquio.com.br\/#\/schema\/logo\/image\/\",\"url\":\"https:\/\/www.padreeustaquio.com.br\/wp-content\/uploads\/2019\/08\/marca.png\",\"contentUrl\":\"https:\/\/www.padreeustaquio.com.br\/wp-content\/uploads\/2019\/08\/marca.png\",\"width\":350,\"height\":400,\"caption\":\"Padre Eust\u00e1quio\"},\"image\":{\"@id\":\"https:\/\/www.padreeustaquio.com.br\/#\/schema\/logo\/image\/\"},\"sameAs\":[\"https:\/\/www.facebook.com\/beatopadreeustaquio\/\",\"https:\/\/x.com\/beatopeustaquio\",\"https:\/\/www.instagram.com\/beatopadreeustaquio\/\",\"https:\/\/www.youtube.com\/channel\/UCRhw7vfabnajwLxb1ZXMeIw\"]},{\"@type\":\"Person\",\"@id\":\"https:\/\/www.padreeustaquio.com.br\/#\/schema\/person\/a2a51db1d00f1a7af0204a0f1ddb1566\",\"name\":\"@sscc\",\"image\":{\"@type\":\"ImageObject\",\"inLanguage\":\"en-US\",\"@id\":\"https:\/\/secure.gravatar.com\/avatar\/68cfafa5f44617fea54071e215026e0ff06be366c3d54a8425f04fdcb86f8c5f?s=96&d=mm&r=g\",\"url\":\"https:\/\/secure.gravatar.com\/avatar\/68cfafa5f44617fea54071e215026e0ff06be366c3d54a8425f04fdcb86f8c5f?s=96&d=mm&r=g\",\"contentUrl\":\"https:\/\/secure.gravatar.com\/avatar\/68cfafa5f44617fea54071e215026e0ff06be366c3d54a8425f04fdcb86f8c5f?s=96&d=mm&r=g\",\"caption\":\"@sscc\"},\"url\":\"https:\/\/www.padreeustaquio.com.br\/en\/author\/sscc\/\"}]}<\/script>\n<!-- \/ Yoast SEO plugin. -->","yoast_head_json":{"title":"Without a mass confession session, the Sanctuary will hold a Community Penitential Celebration - Father Eust\u00e1quio","robots":{"index":"index","follow":"follow","max-snippet":"max-snippet:-1","max-image-preview":"max-image-preview:large","max-video-preview":"max-video-preview:-1"},"canonical":"https:\/\/www.padreeustaquio.com.br\/en\/without-a-mass-confession-session-the-sanctuary-will-hold-a-community-penitential-celebration\/","og_locale":"en_US","og_type":"article","og_title":"Sem mutir\u00e3o de confiss\u00f5es Santu\u00e1rio far\u00e1 Celebra\u00e7\u00e3o Penitencial Comunit\u00e1ria - Padre Eust\u00e1quio","og_description":"Por causa da pandemia, provocada pelo Coronav\u00edrus, em 2021 os fi\u00e9is n\u00e3o v\u00e3o poder contar com os mutir\u00f5es de confiss\u00e3o, que ocorrem todos os anos para atender o maior n\u00famero de pessoas em cada par\u00f3quia. A solu\u00e7\u00e3o encontrada para que a comunidade receba o Sacramento da Penit\u00eancia e viva mais intensamente a P\u00e1scoa, foram as Celebra\u00e7\u00f5es Penitenciais Comunit\u00e1rias, conhecidas como Confiss\u00f5es Comunit\u00e1rias. No Santu\u00e1rio da Sa\u00fade e Paz, a igreja do Padre Eust\u00e1quio, haver\u00e1 dois dias de celebra\u00e7\u00f5es. Um deles ser\u00e1\u00a024 de fevereiro (pr\u00f3xima quarta-feira)\u00a0\u00e0s 15h e\u00a0\u00e0s 19h. Para estas celebra\u00e7\u00f5es, as inscri\u00e7\u00f5es j\u00e1 est\u00e3o dispon\u00edveis clicando aqui, ou retirando [&hellip;]","og_url":"https:\/\/www.padreeustaquio.com.br\/en\/without-a-mass-confession-session-the-sanctuary-will-hold-a-community-penitential-celebration\/","og_site_name":"Padre Eust\u00e1quio","article_publisher":"https:\/\/www.facebook.com\/beatopadreeustaquio\/","article_published_time":"2021-02-18T17:37:58+00:00","og_image":[{"width":748,"height":394,"url":"https:\/\/www.padreeustaquio.com.br\/wp-content\/uploads\/2021\/02\/Celebra\u00e7\u00e3o-Penitencial.jpg","type":"image\/jpeg"}],"author":"@sscc","twitter_card":"summary_large_image","twitter_creator":"@beatopeustaquio","twitter_site":"@beatopeustaquio","twitter_misc":{"Written by":"@sscc","Est. reading time":"2 minutes"},"schema":{"@context":"https:\/\/schema.org","@graph":[{"@type":"Article","@id":"https:\/\/www.padreeustaquio.com.br\/sem-mutirao-de-confissoes-santuario-fara-celebracao-penitencial-comunitaria\/#article","isPartOf":{"@id":"https:\/\/www.padreeustaquio.com.br\/sem-mutirao-de-confissoes-santuario-fara-celebracao-penitencial-comunitaria\/"},"author":{"name":"@sscc","@id":"https:\/\/www.padreeustaquio.com.br\/#\/schema\/person\/a2a51db1d00f1a7af0204a0f1ddb1566"},"headline":"Sem mutir\u00e3o de confiss\u00f5es Santu\u00e1rio far\u00e1 Celebra\u00e7\u00e3o Penitencial Comunit\u00e1ria","datePublished":"2021-02-18T17:37:58+00:00","mainEntityOfPage":{"@id":"https:\/\/www.padreeustaquio.com.br\/sem-mutirao-de-confissoes-santuario-fara-celebracao-penitencial-comunitaria\/"},"wordCount":353,"commentCount":0,"publisher":{"@id":"https:\/\/www.padreeustaquio.com.br\/#organization"},"image":{"@id":"https:\/\/www.padreeustaquio.com.br\/sem-mutirao-de-confissoes-santuario-fara-celebracao-penitencial-comunitaria\/#primaryimage"},"thumbnailUrl":"https:\/\/www.padreeustaquio.com.br\/wp-content\/uploads\/2021\/02\/Celebra\u00e7\u00e3o-Penitencial.jpg","articleSection":["Not\u00edcias"],"inLanguage":"en-US","potentialAction":[{"@type":"CommentAction","name":"Comment","target":["https:\/\/www.padreeustaquio.com.br\/sem-mutirao-de-confissoes-santuario-fara-celebracao-penitencial-comunitaria\/#respond"]}]},{"@type":"WebPage","@id":"https:\/\/www.padreeustaquio.com.br\/sem-mutirao-de-confissoes-santuario-fara-celebracao-penitencial-comunitaria\/","url":"https:\/\/www.padreeustaquio.com.br\/sem-mutirao-de-confissoes-santuario-fara-celebracao-penitencial-comunitaria\/","name":"Without a mass confession session, the Sanctuary will hold a Community Penitential Celebration - Father Eust\u00e1quio","isPartOf":{"@id":"https:\/\/www.padreeustaquio.com.br\/#website"},"primaryImageOfPage":{"@id":"https:\/\/www.padreeustaquio.com.br\/sem-mutirao-de-confissoes-santuario-fara-celebracao-penitencial-comunitaria\/#primaryimage"},"image":{"@id":"https:\/\/www.padreeustaquio.com.br\/sem-mutirao-de-confissoes-santuario-fara-celebracao-penitencial-comunitaria\/#primaryimage"},"thumbnailUrl":"https:\/\/www.padreeustaquio.com.br\/wp-content\/uploads\/2021\/02\/Celebra\u00e7\u00e3o-Penitencial.jpg","datePublished":"2021-02-18T17:37:58+00:00","breadcrumb":{"@id":"https:\/\/www.padreeustaquio.com.br\/sem-mutirao-de-confissoes-santuario-fara-celebracao-penitencial-comunitaria\/#breadcrumb"},"inLanguage":"en-US","potentialAction":[{"@type":"ReadAction","target":["https:\/\/www.padreeustaquio.com.br\/sem-mutirao-de-confissoes-santuario-fara-celebracao-penitencial-comunitaria\/"]}]},{"@type":"ImageObject","inLanguage":"en-US","@id":"https:\/\/www.padreeustaquio.com.br\/sem-mutirao-de-confissoes-santuario-fara-celebracao-penitencial-comunitaria\/#primaryimage","url":"https:\/\/www.padreeustaquio.com.br\/wp-content\/uploads\/2021\/02\/Celebra\u00e7\u00e3o-Penitencial.jpg","contentUrl":"https:\/\/www.padreeustaquio.com.br\/wp-content\/uploads\/2021\/02\/Celebra\u00e7\u00e3o-Penitencial.jpg","width":748,"height":394},{"@type":"BreadcrumbList","@id":"https:\/\/www.padreeustaquio.com.br\/sem-mutirao-de-confissoes-santuario-fara-celebracao-penitencial-comunitaria\/#breadcrumb","itemListElement":[{"@type":"ListItem","position":1,"name":"In\u00edcio","item":"https:\/\/www.padreeustaquio.com.br\/"},{"@type":"ListItem","position":2,"name":"Sem mutir\u00e3o de confiss\u00f5es Santu\u00e1rio far\u00e1 Celebra\u00e7\u00e3o Penitencial Comunit\u00e1ria"}]},{"@type":"WebSite","@id":"https:\/\/www.padreeustaquio.com.br\/#website","url":"https:\/\/www.padreeustaquio.com.br\/","name":"FATHER EUST\u00c1QUIO","description":"Health and Peace","publisher":{"@id":"https:\/\/www.padreeustaquio.com.br\/#organization"},"potentialAction":[{"@type":"SearchAction","target":{"@type":"EntryPoint","urlTemplate":"https:\/\/www.padreeustaquio.com.br\/?s={search_term_string}"},"query-input":{"@type":"PropertyValueSpecification","valueRequired":true,"valueName":"search_term_string"}}],"inLanguage":"en-US"},{"@type":"Organization","@id":"https:\/\/www.padreeustaquio.com.br\/#organization","name":"FATHER EUST\u00c1QUIO","url":"https:\/\/www.padreeustaquio.com.br\/","logo":{"@type":"ImageObject","inLanguage":"en-US","@id":"https:\/\/www.padreeustaquio.com.br\/#\/schema\/logo\/image\/","url":"https:\/\/www.padreeustaquio.com.br\/wp-content\/uploads\/2019\/08\/marca.png","contentUrl":"https:\/\/www.padreeustaquio.com.br\/wp-content\/uploads\/2019\/08\/marca.png","width":350,"height":400,"caption":"Padre Eust\u00e1quio"},"image":{"@id":"https:\/\/www.padreeustaquio.com.br\/#\/schema\/logo\/image\/"},"sameAs":["https:\/\/www.facebook.com\/beatopadreeustaquio\/","https:\/\/x.com\/beatopeustaquio","https:\/\/www.instagram.com\/beatopadreeustaquio\/","https:\/\/www.youtube.com\/channel\/UCRhw7vfabnajwLxb1ZXMeIw"]},{"@type":"Person","@id":"https:\/\/www.padreeustaquio.com.br\/#\/schema\/person\/a2a51db1d00f1a7af0204a0f1ddb1566","name":"@sscc","image":{"@type":"ImageObject","inLanguage":"en-US","@id":"https:\/\/secure.gravatar.com\/avatar\/68cfafa5f44617fea54071e215026e0ff06be366c3d54a8425f04fdcb86f8c5f?s=96&d=mm&r=g","url":"https:\/\/secure.gravatar.com\/avatar\/68cfafa5f44617fea54071e215026e0ff06be366c3d54a8425f04fdcb86f8c5f?s=96&d=mm&r=g","contentUrl":"https:\/\/secure.gravatar.com\/avatar\/68cfafa5f44617fea54071e215026e0ff06be366c3d54a8425f04fdcb86f8c5f?s=96&d=mm&r=g","caption":"@sscc"},"url":"https:\/\/www.padreeustaquio.com.br\/en\/author\/sscc\/"}]}},"_links":{"self":[{"href":"https:\/\/www.padreeustaquio.com.br\/en\/wp-json\/wp\/v2\/posts\/5070","targetHints":{"allow":["GET"]}}],"collection":[{"href":"https:\/\/www.padreeustaquio.com.br\/en\/wp-json\/wp\/v2\/posts"}],"about":[{"href":"https:\/\/www.padreeustaquio.com.br\/en\/wp-json\/wp\/v2\/types\/post"}],"author":[{"embeddable":true,"href":"https:\/\/www.padreeustaquio.com.br\/en\/wp-json\/wp\/v2\/users\/2"}],"replies":[{"embeddable":true,"href":"https:\/\/www.padreeustaquio.com.br\/en\/wp-json\/wp\/v2\/comments?post=5070"}],"version-history":[{"count":0,"href":"https:\/\/www.padreeustaquio.com.br\/en\/wp-json\/wp\/v2\/posts\/5070\/revisions"}],"wp:featuredmedia":[{"embeddable":true,"href":"https:\/\/www.padreeustaquio.com.br\/en\/wp-json\/wp\/v2\/media\/5071"}],"wp:attachment":[{"href":"https:\/\/www.padreeustaquio.com.br\/en\/wp-json\/wp\/v2\/media?parent=5070"}],"wp:term":[{"taxonomy":"category","embeddable":true,"href":"https:\/\/www.padreeustaquio.com.br\/en\/wp-json\/wp\/v2\/categories?post=5070"},{"taxonomy":"post_tag","embeddable":true,"href":"https:\/\/www.padreeustaquio.com.br\/en\/wp-json\/wp\/v2\/tags?post=5070"}],"curies":[{"name":"wp","href":"https:\/\/api.w.org\/{rel}","templated":true}]}}