{"id":5061,"date":"2021-02-16T08:00:17","date_gmt":"2021-02-16T11:00:17","guid":{"rendered":"https:\/\/www.padreeustaquio.com.br\/?p=5061"},"modified":"2021-02-14T19:22:55","modified_gmt":"2021-02-14T22:22:55","slug":"the-stations-of-the-cross-will-be-meditated-upon-every-friday-during-lent","status":"publish","type":"post","link":"https:\/\/www.padreeustaquio.com.br\/en\/the-stations-of-the-cross-will-be-meditated-upon-every-friday-during-lent\/","title":{"rendered":"The Stations of the Cross will be meditated upon every Friday during Lent."},"content":{"rendered":"<p>Starting next Friday, February 19th, the Padre Eust\u00e1quio Church in Belo Horizonte will hold the Stations of the Cross meditation. The meditation on the Passion of Our Lord will take place every Friday during Lent at 6 PM inside the church.<\/p>\n<p>Entry will be controlled at the church door. Temperature checks, shoe sanitization, and hand sanitizer will be available. Additionally, attendees must wear face masks at all times. Following the Stations of the Cross, Holy Mass will be celebrated at 7 PM, and everyone is invited to participate.<\/p>\n<p>The Stations of the Cross meditation will take place on the following days, always at 6 PM:<br \/>\n<strong>February 19th and 26th<\/strong><br \/>\n<strong>\u2013 March 5th, 12th, 19th and 26th<\/strong><\/p>\n<p>The Stations of the Cross<\/p>\n<p>The Stations of the Cross consist of spiritually retracing Jesus&#039; path to Mount Calvary as he carried the Cross, as well as providing an opportunity to internalize his suffering.<\/p>\n<p>Regarding its meaning, &quot;Via Crucis,&quot; or Via Sacra, means in Latin &quot;\u201c<strong>The Way of the Cross\u201d<\/strong>. This path is made up of 14 stations that represent specific scenes from the Passion, each corresponding to a special event or a particular way of devotion related to those representations.<\/p>\n<p>Formerly, the number of stations varied considerably in different places, but now the Magisterium prescribes fourteen:<\/p>\n<p>1. Christ is condemned to death.<br \/>\n2. Jesus carries the cross on his shoulders.<br \/>\n3. Jesus falls for the first time.<br \/>\n4. Jesus meets his Blessed Mother.<br \/>\n5. Simon of Cyrene helps Jesus carry the cross.<br \/>\n6. Veronica wipes Jesus&#039; face.<br \/>\n7. Jesus falls for the second time.<br \/>\n8. Jesus meets the women of Jerusalem.<br \/>\n9. Jesus falls for the third time.<br \/>\n10. Jesus is stripped of his garments.<br \/>\n11. Jesus is nailed to the cross.<br \/>\n12. Jesus dies on the cross.<br \/>\n13. Jesus is taken down from the cross.<br \/>\n14. Jesus is placed in the tomb.<\/p>\n<p>In the beginning, the Stations of the Cross prayer was different. In the 4th century, the nun Egedia wrote about the pilgrimages that Christians made to Jerusalem to visit the places of Jesus&#039; passion and death, carrying the Gospels. This pilgrimage ended on Mount Calvary.<\/p>\n<p>&nbsp;<\/p>\n<p><em>*with information from <a href=\"https:\/\/www.acidigital.com\/noticias\/este-e-o-significado-da-via-sacra-54625\">acidigital.com<\/a><\/em><\/p>","protected":false},"excerpt":{"rendered":"<p>A partir da pr\u00f3xima sexta-feira, dia 19 de fevereiro, a Igreja do Padre Eust\u00e1quio, em Belo Horizonte, vai realizar a medita\u00e7\u00e3o da Via Sacra. A medita\u00e7\u00e3o da Paix\u00e3o de Nosso Senhor, ser\u00e1 feita todas as sextas da Quaresma, \u00e0s 18h, dentro da igreja. O controle de entrada ser\u00e1 feito na porta do templo. Haver\u00e1 medi\u00e7\u00e3o de temperatura, higieniza\u00e7\u00e3o dos cal\u00e7ados e disponibiliza\u00e7\u00e3o de \u00e1lcool gel para as m\u00e3os. Al\u00e9m disso, durante todo o momento os fi\u00e9is dever\u00e3o usar m\u00e1scaras de prote\u00e7\u00e3o. Logo ap\u00f3s a Via Sacra, haver\u00e1 a celebra\u00e7\u00e3o da Santa Missa (\u00e0s 19h), na qual todos est\u00e3o convidados a [&hellip;]<\/p>\n","protected":false},"author":2,"featured_media":5062,"comment_status":"open","ping_status":"open","sticky":false,"template":"","format":"standard","meta":{"_acf_changed":false,"footnotes":""},"categories":[611],"tags":[],"class_list":["post-5061","post","type-post","status-publish","format-standard","has-post-thumbnail","hentry","category-noticias"],"acf":[],"yoast_head":"<!-- This site is optimized with the Yoast SEO plugin v27.2 - https:\/\/yoast.com\/product\/yoast-seo-wordpress\/ -->\n<title>Via Sacra ser\u00e1 meditada toda sexta-feira durante a Quaresma - Padre Eust\u00e1quio<\/title>\n<meta name=\"robots\" content=\"index, follow, max-snippet:-1, max-image-preview:large, max-video-preview:-1\" \/>\n<link rel=\"canonical\" href=\"https:\/\/www.padreeustaquio.com.br\/en\/the-stations-of-the-cross-will-be-meditated-upon-every-friday-during-lent\/\" \/>\n<meta property=\"og:locale\" content=\"en_US\" \/>\n<meta property=\"og:type\" content=\"article\" \/>\n<meta property=\"og:title\" content=\"Via Sacra ser\u00e1 meditada toda sexta-feira durante a Quaresma - Padre Eust\u00e1quio\" \/>\n<meta property=\"og:description\" content=\"A partir da pr\u00f3xima sexta-feira, dia 19 de fevereiro, a Igreja do Padre Eust\u00e1quio, em Belo Horizonte, vai realizar a medita\u00e7\u00e3o da Via Sacra. A medita\u00e7\u00e3o da Paix\u00e3o de Nosso Senhor, ser\u00e1 feita todas as sextas da Quaresma, \u00e0s 18h, dentro da igreja. O controle de entrada ser\u00e1 feito na porta do templo. Haver\u00e1 medi\u00e7\u00e3o de temperatura, higieniza\u00e7\u00e3o dos cal\u00e7ados e disponibiliza\u00e7\u00e3o de \u00e1lcool gel para as m\u00e3os. Al\u00e9m disso, durante todo o momento os fi\u00e9is dever\u00e3o usar m\u00e1scaras de prote\u00e7\u00e3o. Logo ap\u00f3s a Via Sacra, haver\u00e1 a celebra\u00e7\u00e3o da Santa Missa (\u00e0s 19h), na qual todos est\u00e3o convidados a [&hellip;]\" \/>\n<meta property=\"og:url\" content=\"https:\/\/www.padreeustaquio.com.br\/en\/the-stations-of-the-cross-will-be-meditated-upon-every-friday-during-lent\/\" \/>\n<meta property=\"og:site_name\" content=\"Padre Eust\u00e1quio\" \/>\n<meta property=\"article:publisher\" content=\"https:\/\/www.facebook.com\/beatopadreeustaquio\/\" \/>\n<meta property=\"article:published_time\" content=\"2021-02-16T11:00:17+00:00\" \/>\n<meta property=\"og:image\" content=\"https:\/\/www.padreeustaquio.com.br\/wp-content\/uploads\/2021\/02\/Via-sacra-e1613341117250.jpeg\" \/>\n\t<meta property=\"og:image:width\" content=\"985\" \/>\n\t<meta property=\"og:image:height\" content=\"552\" \/>\n\t<meta property=\"og:image:type\" content=\"image\/jpeg\" \/>\n<meta name=\"author\" content=\"@sscc\" \/>\n<meta name=\"twitter:card\" content=\"summary_large_image\" \/>\n<meta name=\"twitter:creator\" content=\"@beatopeustaquio\" \/>\n<meta name=\"twitter:site\" content=\"@beatopeustaquio\" \/>\n<meta name=\"twitter:label1\" content=\"Written by\" \/>\n\t<meta name=\"twitter:data1\" content=\"@sscc\" \/>\n\t<meta name=\"twitter:label2\" content=\"Est. reading time\" \/>\n\t<meta name=\"twitter:data2\" content=\"2 minutes\" \/>\n<script type=\"application\/ld+json\" class=\"yoast-schema-graph\">{\"@context\":\"https:\/\/schema.org\",\"@graph\":[{\"@type\":\"Article\",\"@id\":\"https:\/\/www.padreeustaquio.com.br\/via-sacra-sera-meditada-toda-sexta-feira-durante-a-quaresma\/#article\",\"isPartOf\":{\"@id\":\"https:\/\/www.padreeustaquio.com.br\/via-sacra-sera-meditada-toda-sexta-feira-durante-a-quaresma\/\"},\"author\":{\"name\":\"@sscc\",\"@id\":\"https:\/\/www.padreeustaquio.com.br\/#\/schema\/person\/a2a51db1d00f1a7af0204a0f1ddb1566\"},\"headline\":\"Via Sacra ser\u00e1 meditada toda sexta-feira durante a Quaresma\",\"datePublished\":\"2021-02-16T11:00:17+00:00\",\"mainEntityOfPage\":{\"@id\":\"https:\/\/www.padreeustaquio.com.br\/via-sacra-sera-meditada-toda-sexta-feira-durante-a-quaresma\/\"},\"wordCount\":390,\"commentCount\":0,\"publisher\":{\"@id\":\"https:\/\/www.padreeustaquio.com.br\/#organization\"},\"image\":{\"@id\":\"https:\/\/www.padreeustaquio.com.br\/via-sacra-sera-meditada-toda-sexta-feira-durante-a-quaresma\/#primaryimage\"},\"thumbnailUrl\":\"https:\/\/www.padreeustaquio.com.br\/wp-content\/uploads\/2021\/02\/Via-sacra-e1613341117250.jpeg\",\"articleSection\":[\"Not\u00edcias\"],\"inLanguage\":\"en-US\",\"potentialAction\":[{\"@type\":\"CommentAction\",\"name\":\"Comment\",\"target\":[\"https:\/\/www.padreeustaquio.com.br\/via-sacra-sera-meditada-toda-sexta-feira-durante-a-quaresma\/#respond\"]}]},{\"@type\":\"WebPage\",\"@id\":\"https:\/\/www.padreeustaquio.com.br\/via-sacra-sera-meditada-toda-sexta-feira-durante-a-quaresma\/\",\"url\":\"https:\/\/www.padreeustaquio.com.br\/via-sacra-sera-meditada-toda-sexta-feira-durante-a-quaresma\/\",\"name\":\"Via Sacra ser\u00e1 meditada toda sexta-feira durante a Quaresma - Padre Eust\u00e1quio\",\"isPartOf\":{\"@id\":\"https:\/\/www.padreeustaquio.com.br\/#website\"},\"primaryImageOfPage\":{\"@id\":\"https:\/\/www.padreeustaquio.com.br\/via-sacra-sera-meditada-toda-sexta-feira-durante-a-quaresma\/#primaryimage\"},\"image\":{\"@id\":\"https:\/\/www.padreeustaquio.com.br\/via-sacra-sera-meditada-toda-sexta-feira-durante-a-quaresma\/#primaryimage\"},\"thumbnailUrl\":\"https:\/\/www.padreeustaquio.com.br\/wp-content\/uploads\/2021\/02\/Via-sacra-e1613341117250.jpeg\",\"datePublished\":\"2021-02-16T11:00:17+00:00\",\"breadcrumb\":{\"@id\":\"https:\/\/www.padreeustaquio.com.br\/via-sacra-sera-meditada-toda-sexta-feira-durante-a-quaresma\/#breadcrumb\"},\"inLanguage\":\"en-US\",\"potentialAction\":[{\"@type\":\"ReadAction\",\"target\":[\"https:\/\/www.padreeustaquio.com.br\/via-sacra-sera-meditada-toda-sexta-feira-durante-a-quaresma\/\"]}]},{\"@type\":\"ImageObject\",\"inLanguage\":\"en-US\",\"@id\":\"https:\/\/www.padreeustaquio.com.br\/via-sacra-sera-meditada-toda-sexta-feira-durante-a-quaresma\/#primaryimage\",\"url\":\"https:\/\/www.padreeustaquio.com.br\/wp-content\/uploads\/2021\/02\/Via-sacra-e1613341117250.jpeg\",\"contentUrl\":\"https:\/\/www.padreeustaquio.com.br\/wp-content\/uploads\/2021\/02\/Via-sacra-e1613341117250.jpeg\",\"width\":985,\"height\":552},{\"@type\":\"BreadcrumbList\",\"@id\":\"https:\/\/www.padreeustaquio.com.br\/via-sacra-sera-meditada-toda-sexta-feira-durante-a-quaresma\/#breadcrumb\",\"itemListElement\":[{\"@type\":\"ListItem\",\"position\":1,\"name\":\"In\u00edcio\",\"item\":\"https:\/\/www.padreeustaquio.com.br\/\"},{\"@type\":\"ListItem\",\"position\":2,\"name\":\"Via Sacra ser\u00e1 meditada toda sexta-feira durante a Quaresma\"}]},{\"@type\":\"WebSite\",\"@id\":\"https:\/\/www.padreeustaquio.com.br\/#website\",\"url\":\"https:\/\/www.padreeustaquio.com.br\/\",\"name\":\"Padre Eust\u00e1quio\",\"description\":\"Sa\u00fade e Paz\",\"publisher\":{\"@id\":\"https:\/\/www.padreeustaquio.com.br\/#organization\"},\"potentialAction\":[{\"@type\":\"SearchAction\",\"target\":{\"@type\":\"EntryPoint\",\"urlTemplate\":\"https:\/\/www.padreeustaquio.com.br\/?s={search_term_string}\"},\"query-input\":{\"@type\":\"PropertyValueSpecification\",\"valueRequired\":true,\"valueName\":\"search_term_string\"}}],\"inLanguage\":\"en-US\"},{\"@type\":\"Organization\",\"@id\":\"https:\/\/www.padreeustaquio.com.br\/#organization\",\"name\":\"Padre Eust\u00e1quio\",\"url\":\"https:\/\/www.padreeustaquio.com.br\/\",\"logo\":{\"@type\":\"ImageObject\",\"inLanguage\":\"en-US\",\"@id\":\"https:\/\/www.padreeustaquio.com.br\/#\/schema\/logo\/image\/\",\"url\":\"https:\/\/www.padreeustaquio.com.br\/wp-content\/uploads\/2019\/08\/marca.png\",\"contentUrl\":\"https:\/\/www.padreeustaquio.com.br\/wp-content\/uploads\/2019\/08\/marca.png\",\"width\":350,\"height\":400,\"caption\":\"Padre Eust\u00e1quio\"},\"image\":{\"@id\":\"https:\/\/www.padreeustaquio.com.br\/#\/schema\/logo\/image\/\"},\"sameAs\":[\"https:\/\/www.facebook.com\/beatopadreeustaquio\/\",\"https:\/\/x.com\/beatopeustaquio\",\"https:\/\/www.instagram.com\/beatopadreeustaquio\/\",\"https:\/\/www.youtube.com\/channel\/UCRhw7vfabnajwLxb1ZXMeIw\"]},{\"@type\":\"Person\",\"@id\":\"https:\/\/www.padreeustaquio.com.br\/#\/schema\/person\/a2a51db1d00f1a7af0204a0f1ddb1566\",\"name\":\"@sscc\",\"image\":{\"@type\":\"ImageObject\",\"inLanguage\":\"en-US\",\"@id\":\"https:\/\/secure.gravatar.com\/avatar\/68cfafa5f44617fea54071e215026e0ff06be366c3d54a8425f04fdcb86f8c5f?s=96&d=mm&r=g\",\"url\":\"https:\/\/secure.gravatar.com\/avatar\/68cfafa5f44617fea54071e215026e0ff06be366c3d54a8425f04fdcb86f8c5f?s=96&d=mm&r=g\",\"contentUrl\":\"https:\/\/secure.gravatar.com\/avatar\/68cfafa5f44617fea54071e215026e0ff06be366c3d54a8425f04fdcb86f8c5f?s=96&d=mm&r=g\",\"caption\":\"@sscc\"},\"url\":\"https:\/\/www.padreeustaquio.com.br\/en\/author\/sscc\/\"}]}<\/script>\n<!-- \/ Yoast SEO plugin. -->","yoast_head_json":{"title":"The Stations of the Cross will be meditated upon every Friday during Lent - Father Eust\u00e1quio","robots":{"index":"index","follow":"follow","max-snippet":"max-snippet:-1","max-image-preview":"max-image-preview:large","max-video-preview":"max-video-preview:-1"},"canonical":"https:\/\/www.padreeustaquio.com.br\/en\/the-stations-of-the-cross-will-be-meditated-upon-every-friday-during-lent\/","og_locale":"en_US","og_type":"article","og_title":"Via Sacra ser\u00e1 meditada toda sexta-feira durante a Quaresma - Padre Eust\u00e1quio","og_description":"A partir da pr\u00f3xima sexta-feira, dia 19 de fevereiro, a Igreja do Padre Eust\u00e1quio, em Belo Horizonte, vai realizar a medita\u00e7\u00e3o da Via Sacra. A medita\u00e7\u00e3o da Paix\u00e3o de Nosso Senhor, ser\u00e1 feita todas as sextas da Quaresma, \u00e0s 18h, dentro da igreja. O controle de entrada ser\u00e1 feito na porta do templo. Haver\u00e1 medi\u00e7\u00e3o de temperatura, higieniza\u00e7\u00e3o dos cal\u00e7ados e disponibiliza\u00e7\u00e3o de \u00e1lcool gel para as m\u00e3os. Al\u00e9m disso, durante todo o momento os fi\u00e9is dever\u00e3o usar m\u00e1scaras de prote\u00e7\u00e3o. Logo ap\u00f3s a Via Sacra, haver\u00e1 a celebra\u00e7\u00e3o da Santa Missa (\u00e0s 19h), na qual todos est\u00e3o convidados a [&hellip;]","og_url":"https:\/\/www.padreeustaquio.com.br\/en\/the-stations-of-the-cross-will-be-meditated-upon-every-friday-during-lent\/","og_site_name":"Padre Eust\u00e1quio","article_publisher":"https:\/\/www.facebook.com\/beatopadreeustaquio\/","article_published_time":"2021-02-16T11:00:17+00:00","og_image":[{"width":985,"height":552,"url":"https:\/\/www.padreeustaquio.com.br\/wp-content\/uploads\/2021\/02\/Via-sacra-e1613341117250.jpeg","type":"image\/jpeg"}],"author":"@sscc","twitter_card":"summary_large_image","twitter_creator":"@beatopeustaquio","twitter_site":"@beatopeustaquio","twitter_misc":{"Written by":"@sscc","Est. reading time":"2 minutes"},"schema":{"@context":"https:\/\/schema.org","@graph":[{"@type":"Article","@id":"https:\/\/www.padreeustaquio.com.br\/via-sacra-sera-meditada-toda-sexta-feira-durante-a-quaresma\/#article","isPartOf":{"@id":"https:\/\/www.padreeustaquio.com.br\/via-sacra-sera-meditada-toda-sexta-feira-durante-a-quaresma\/"},"author":{"name":"@sscc","@id":"https:\/\/www.padreeustaquio.com.br\/#\/schema\/person\/a2a51db1d00f1a7af0204a0f1ddb1566"},"headline":"Via Sacra ser\u00e1 meditada toda sexta-feira durante a Quaresma","datePublished":"2021-02-16T11:00:17+00:00","mainEntityOfPage":{"@id":"https:\/\/www.padreeustaquio.com.br\/via-sacra-sera-meditada-toda-sexta-feira-durante-a-quaresma\/"},"wordCount":390,"commentCount":0,"publisher":{"@id":"https:\/\/www.padreeustaquio.com.br\/#organization"},"image":{"@id":"https:\/\/www.padreeustaquio.com.br\/via-sacra-sera-meditada-toda-sexta-feira-durante-a-quaresma\/#primaryimage"},"thumbnailUrl":"https:\/\/www.padreeustaquio.com.br\/wp-content\/uploads\/2021\/02\/Via-sacra-e1613341117250.jpeg","articleSection":["Not\u00edcias"],"inLanguage":"en-US","potentialAction":[{"@type":"CommentAction","name":"Comment","target":["https:\/\/www.padreeustaquio.com.br\/via-sacra-sera-meditada-toda-sexta-feira-durante-a-quaresma\/#respond"]}]},{"@type":"WebPage","@id":"https:\/\/www.padreeustaquio.com.br\/via-sacra-sera-meditada-toda-sexta-feira-durante-a-quaresma\/","url":"https:\/\/www.padreeustaquio.com.br\/via-sacra-sera-meditada-toda-sexta-feira-durante-a-quaresma\/","name":"The Stations of the Cross will be meditated upon every Friday during Lent - Father Eust\u00e1quio","isPartOf":{"@id":"https:\/\/www.padreeustaquio.com.br\/#website"},"primaryImageOfPage":{"@id":"https:\/\/www.padreeustaquio.com.br\/via-sacra-sera-meditada-toda-sexta-feira-durante-a-quaresma\/#primaryimage"},"image":{"@id":"https:\/\/www.padreeustaquio.com.br\/via-sacra-sera-meditada-toda-sexta-feira-durante-a-quaresma\/#primaryimage"},"thumbnailUrl":"https:\/\/www.padreeustaquio.com.br\/wp-content\/uploads\/2021\/02\/Via-sacra-e1613341117250.jpeg","datePublished":"2021-02-16T11:00:17+00:00","breadcrumb":{"@id":"https:\/\/www.padreeustaquio.com.br\/via-sacra-sera-meditada-toda-sexta-feira-durante-a-quaresma\/#breadcrumb"},"inLanguage":"en-US","potentialAction":[{"@type":"ReadAction","target":["https:\/\/www.padreeustaquio.com.br\/via-sacra-sera-meditada-toda-sexta-feira-durante-a-quaresma\/"]}]},{"@type":"ImageObject","inLanguage":"en-US","@id":"https:\/\/www.padreeustaquio.com.br\/via-sacra-sera-meditada-toda-sexta-feira-durante-a-quaresma\/#primaryimage","url":"https:\/\/www.padreeustaquio.com.br\/wp-content\/uploads\/2021\/02\/Via-sacra-e1613341117250.jpeg","contentUrl":"https:\/\/www.padreeustaquio.com.br\/wp-content\/uploads\/2021\/02\/Via-sacra-e1613341117250.jpeg","width":985,"height":552},{"@type":"BreadcrumbList","@id":"https:\/\/www.padreeustaquio.com.br\/via-sacra-sera-meditada-toda-sexta-feira-durante-a-quaresma\/#breadcrumb","itemListElement":[{"@type":"ListItem","position":1,"name":"In\u00edcio","item":"https:\/\/www.padreeustaquio.com.br\/"},{"@type":"ListItem","position":2,"name":"Via Sacra ser\u00e1 meditada toda sexta-feira durante a Quaresma"}]},{"@type":"WebSite","@id":"https:\/\/www.padreeustaquio.com.br\/#website","url":"https:\/\/www.padreeustaquio.com.br\/","name":"FATHER EUST\u00c1QUIO","description":"Health and Peace","publisher":{"@id":"https:\/\/www.padreeustaquio.com.br\/#organization"},"potentialAction":[{"@type":"SearchAction","target":{"@type":"EntryPoint","urlTemplate":"https:\/\/www.padreeustaquio.com.br\/?s={search_term_string}"},"query-input":{"@type":"PropertyValueSpecification","valueRequired":true,"valueName":"search_term_string"}}],"inLanguage":"en-US"},{"@type":"Organization","@id":"https:\/\/www.padreeustaquio.com.br\/#organization","name":"FATHER EUST\u00c1QUIO","url":"https:\/\/www.padreeustaquio.com.br\/","logo":{"@type":"ImageObject","inLanguage":"en-US","@id":"https:\/\/www.padreeustaquio.com.br\/#\/schema\/logo\/image\/","url":"https:\/\/www.padreeustaquio.com.br\/wp-content\/uploads\/2019\/08\/marca.png","contentUrl":"https:\/\/www.padreeustaquio.com.br\/wp-content\/uploads\/2019\/08\/marca.png","width":350,"height":400,"caption":"Padre Eust\u00e1quio"},"image":{"@id":"https:\/\/www.padreeustaquio.com.br\/#\/schema\/logo\/image\/"},"sameAs":["https:\/\/www.facebook.com\/beatopadreeustaquio\/","https:\/\/x.com\/beatopeustaquio","https:\/\/www.instagram.com\/beatopadreeustaquio\/","https:\/\/www.youtube.com\/channel\/UCRhw7vfabnajwLxb1ZXMeIw"]},{"@type":"Person","@id":"https:\/\/www.padreeustaquio.com.br\/#\/schema\/person\/a2a51db1d00f1a7af0204a0f1ddb1566","name":"@sscc","image":{"@type":"ImageObject","inLanguage":"en-US","@id":"https:\/\/secure.gravatar.com\/avatar\/68cfafa5f44617fea54071e215026e0ff06be366c3d54a8425f04fdcb86f8c5f?s=96&d=mm&r=g","url":"https:\/\/secure.gravatar.com\/avatar\/68cfafa5f44617fea54071e215026e0ff06be366c3d54a8425f04fdcb86f8c5f?s=96&d=mm&r=g","contentUrl":"https:\/\/secure.gravatar.com\/avatar\/68cfafa5f44617fea54071e215026e0ff06be366c3d54a8425f04fdcb86f8c5f?s=96&d=mm&r=g","caption":"@sscc"},"url":"https:\/\/www.padreeustaquio.com.br\/en\/author\/sscc\/"}]}},"_links":{"self":[{"href":"https:\/\/www.padreeustaquio.com.br\/en\/wp-json\/wp\/v2\/posts\/5061","targetHints":{"allow":["GET"]}}],"collection":[{"href":"https:\/\/www.padreeustaquio.com.br\/en\/wp-json\/wp\/v2\/posts"}],"about":[{"href":"https:\/\/www.padreeustaquio.com.br\/en\/wp-json\/wp\/v2\/types\/post"}],"author":[{"embeddable":true,"href":"https:\/\/www.padreeustaquio.com.br\/en\/wp-json\/wp\/v2\/users\/2"}],"replies":[{"embeddable":true,"href":"https:\/\/www.padreeustaquio.com.br\/en\/wp-json\/wp\/v2\/comments?post=5061"}],"version-history":[{"count":0,"href":"https:\/\/www.padreeustaquio.com.br\/en\/wp-json\/wp\/v2\/posts\/5061\/revisions"}],"wp:featuredmedia":[{"embeddable":true,"href":"https:\/\/www.padreeustaquio.com.br\/en\/wp-json\/wp\/v2\/media\/5062"}],"wp:attachment":[{"href":"https:\/\/www.padreeustaquio.com.br\/en\/wp-json\/wp\/v2\/media?parent=5061"}],"wp:term":[{"taxonomy":"category","embeddable":true,"href":"https:\/\/www.padreeustaquio.com.br\/en\/wp-json\/wp\/v2\/categories?post=5061"},{"taxonomy":"post_tag","embeddable":true,"href":"https:\/\/www.padreeustaquio.com.br\/en\/wp-json\/wp\/v2\/tags?post=5061"}],"curies":[{"name":"wp","href":"https:\/\/api.w.org\/{rel}","templated":true}]}}