{"id":5056,"date":"2021-02-15T08:00:43","date_gmt":"2021-02-15T11:00:43","guid":{"rendered":"https:\/\/www.padreeustaquio.com.br\/?p=5056"},"modified":"2021-02-14T18:31:09","modified_gmt":"2021-02-14T21:31:09","slug":"father-eustaquios-church-will-also-have-in-person-mass-on-fridays","status":"publish","type":"post","link":"https:\/\/www.padreeustaquio.com.br\/en\/father-eustaquios-church-will-also-have-in-person-mass-on-fridays\/","title":{"rendered":"Father Eust\u00e1quio&#039;s Church will also hold in-person Mass on Fridays."},"content":{"rendered":"<p>Starting this week, the Sanctuary of Health and Peace, known as the Church of Father Eust\u00e1quio, will also hold in-person masses on Fridays. The idea is to offer more opportunities for the community to actively participate in church celebrations.<\/p>\n<p>For these celebrations, the maximum number of people allowed inside the church will also be 200, due to the pandemic. And, from now on, access to weekday masses will be controlled at the church entrance on a first-come, first-served basis. Saturday and Sunday masses and special celebrations will still require tickets to be obtained.<\/p>\n<p>Therefore, in-person masses at the Sanctuary of Health and Peace will now have the following schedule:<\/p>\n<p><strong>Tuesdays, Thursdays and Fridays \u2013 7pm<\/strong> (control at the entrance)<br \/>\n<strong>Saturdays - 6 PM<\/strong> (early collection of tickets)<br \/>\n\u2013 <strong>Sundays \u2013 7:30 am, 10:00 am, 6:00 pm\u00a0<\/strong>(early collection of tickets)<br \/>\n<strong>\u2013 Every 30th of the month \u2013 3 PM<\/strong>\u00a0(early collection of tickets)<br \/>\n<strong>\u2013 First Fridays \u2013 4 PM\u00a0<\/strong> (control at the entrance)<br \/>\n<strong>Holidays or special celebrations<\/strong>\u00a0(early collection of tickets)<\/p>\n<p>To participate in the celebrations in person, some recommendations must be followed:<\/p>\n<p>We recommend that children and people over 60, as well as anyone with health restrictions, avoid in-person participation.;<br \/>\nArrive early to allow for organization and entry to the venue;<br \/>\n\u2013 As a preventative measure, the temperature of worshippers will be checked. Those with a temperature of 37.8\u00b0C or higher will not be allowed to participate in the celebrations. Shoes must be disinfected and hands sanitized before entering. Please also bring your own hand sanitizer.;<br \/>\n\u2013 All worshippers must wear protective masks while inside the church;<br \/>\n\u2013 Upon entering, please occupy any available seats in order of arrival and maintain the indicated social distancing, even if you are with your family;<br \/>\nCommunion will be distributed only in the hand. The priest and ministers will come to you.;<br \/>\n\u2013 During the Lord&#039;s Prayer, hands should not be held, and there will be no Sign of Peace;<br \/>\nTry to plan ahead so you don&#039;t have to use the restrooms;<br \/>\n\u2013 Bring your own water bottle as the water fountains are out of service;<br \/>\n\u2013 Follow the instructions of the volunteers, who are available to help;<br \/>\n\u2013 At the end of the service, wait for the people in the pews closest to the door to leave first, and so on until the last ones have left;<\/p>\n<p><span style=\"font-size: 1.21429rem;\">For more information, call the parish office: (31) 3462-6557.<\/span><\/p>","protected":false},"excerpt":{"rendered":"<p>A partir desta semana o Santu\u00e1rio da Sa\u00fade e Paz, conhecido como Igreja do Padre Eust\u00e1quio, ter\u00e1 missas presenciais tamb\u00e9m \u00e0s sextas-feiras. A ideia \u00e9 oferecer mais oportunidades para que a comunidade participe efetivamente das celebra\u00e7\u00f5es na igreja. Para estas celebra\u00e7\u00f5es, o n\u00famero m\u00e1ximo de pessoas permitidas dentro da igreja tamb\u00e9m ser\u00e1 de 200, por causa da pandemia. E, a partir de agora, o controle para missas durante a semana ser\u00e1 feito na entrada do templo, por ordem de chegada. As missas do s\u00e1bado, domingo e celebra\u00e7\u00f5es especiais continuam necessitando de retirada de senhas. Desta forma, as missas\u00a0 presenciais no [&hellip;]<\/p>\n","protected":false},"author":2,"featured_media":5057,"comment_status":"open","ping_status":"open","sticky":false,"template":"","format":"standard","meta":{"_acf_changed":false,"footnotes":""},"categories":[611],"tags":[],"class_list":["post-5056","post","type-post","status-publish","format-standard","has-post-thumbnail","hentry","category-noticias"],"acf":[],"yoast_head":"<!-- This site is optimized with the Yoast SEO plugin v27.2 - https:\/\/yoast.com\/product\/yoast-seo-wordpress\/ -->\n<title>Igreja do Padre Eust\u00e1quio ter\u00e1 missa presencial tamb\u00e9m \u00e0s sextas-feiras - Padre Eust\u00e1quio<\/title>\n<meta name=\"robots\" content=\"index, follow, max-snippet:-1, max-image-preview:large, max-video-preview:-1\" \/>\n<link rel=\"canonical\" href=\"https:\/\/www.padreeustaquio.com.br\/en\/father-eustaquios-church-will-also-have-in-person-mass-on-fridays\/\" \/>\n<meta property=\"og:locale\" content=\"en_US\" \/>\n<meta property=\"og:type\" content=\"article\" \/>\n<meta property=\"og:title\" content=\"Igreja do Padre Eust\u00e1quio ter\u00e1 missa presencial tamb\u00e9m \u00e0s sextas-feiras - Padre Eust\u00e1quio\" \/>\n<meta property=\"og:description\" content=\"A partir desta semana o Santu\u00e1rio da Sa\u00fade e Paz, conhecido como Igreja do Padre Eust\u00e1quio, ter\u00e1 missas presenciais tamb\u00e9m \u00e0s sextas-feiras. A ideia \u00e9 oferecer mais oportunidades para que a comunidade participe efetivamente das celebra\u00e7\u00f5es na igreja. Para estas celebra\u00e7\u00f5es, o n\u00famero m\u00e1ximo de pessoas permitidas dentro da igreja tamb\u00e9m ser\u00e1 de 200, por causa da pandemia. E, a partir de agora, o controle para missas durante a semana ser\u00e1 feito na entrada do templo, por ordem de chegada. As missas do s\u00e1bado, domingo e celebra\u00e7\u00f5es especiais continuam necessitando de retirada de senhas. Desta forma, as missas\u00a0 presenciais no [&hellip;]\" \/>\n<meta property=\"og:url\" content=\"https:\/\/www.padreeustaquio.com.br\/en\/father-eustaquios-church-will-also-have-in-person-mass-on-fridays\/\" \/>\n<meta property=\"og:site_name\" content=\"Padre Eust\u00e1quio\" \/>\n<meta property=\"article:publisher\" content=\"https:\/\/www.facebook.com\/beatopadreeustaquio\/\" \/>\n<meta property=\"article:published_time\" content=\"2021-02-15T11:00:43+00:00\" \/>\n<meta property=\"og:image\" content=\"https:\/\/www.padreeustaquio.com.br\/wp-content\/uploads\/2021\/02\/igreja-aerea.jpg\" \/>\n\t<meta property=\"og:image:width\" content=\"748\" \/>\n\t<meta property=\"og:image:height\" content=\"394\" \/>\n\t<meta property=\"og:image:type\" content=\"image\/jpeg\" \/>\n<meta name=\"author\" content=\"@sscc\" \/>\n<meta name=\"twitter:card\" content=\"summary_large_image\" \/>\n<meta name=\"twitter:creator\" content=\"@beatopeustaquio\" \/>\n<meta name=\"twitter:site\" content=\"@beatopeustaquio\" \/>\n<meta name=\"twitter:label1\" content=\"Written by\" \/>\n\t<meta name=\"twitter:data1\" content=\"@sscc\" \/>\n\t<meta name=\"twitter:label2\" content=\"Est. reading time\" \/>\n\t<meta name=\"twitter:data2\" content=\"2 minutes\" \/>\n<script type=\"application\/ld+json\" class=\"yoast-schema-graph\">{\"@context\":\"https:\/\/schema.org\",\"@graph\":[{\"@type\":\"Article\",\"@id\":\"https:\/\/www.padreeustaquio.com.br\/igreja-do-padre-eustaquio-tera-missa-presencial-tambem-as-sextas-feiras\/#article\",\"isPartOf\":{\"@id\":\"https:\/\/www.padreeustaquio.com.br\/igreja-do-padre-eustaquio-tera-missa-presencial-tambem-as-sextas-feiras\/\"},\"author\":{\"name\":\"@sscc\",\"@id\":\"https:\/\/www.padreeustaquio.com.br\/#\/schema\/person\/a2a51db1d00f1a7af0204a0f1ddb1566\"},\"headline\":\"Igreja do Padre Eust\u00e1quio ter\u00e1 missa presencial tamb\u00e9m \u00e0s sextas-feiras\",\"datePublished\":\"2021-02-15T11:00:43+00:00\",\"mainEntityOfPage\":{\"@id\":\"https:\/\/www.padreeustaquio.com.br\/igreja-do-padre-eustaquio-tera-missa-presencial-tambem-as-sextas-feiras\/\"},\"wordCount\":469,\"commentCount\":0,\"publisher\":{\"@id\":\"https:\/\/www.padreeustaquio.com.br\/#organization\"},\"image\":{\"@id\":\"https:\/\/www.padreeustaquio.com.br\/igreja-do-padre-eustaquio-tera-missa-presencial-tambem-as-sextas-feiras\/#primaryimage\"},\"thumbnailUrl\":\"https:\/\/www.padreeustaquio.com.br\/wp-content\/uploads\/2021\/02\/igreja-aerea.jpg\",\"articleSection\":[\"Not\u00edcias\"],\"inLanguage\":\"en-US\",\"potentialAction\":[{\"@type\":\"CommentAction\",\"name\":\"Comment\",\"target\":[\"https:\/\/www.padreeustaquio.com.br\/igreja-do-padre-eustaquio-tera-missa-presencial-tambem-as-sextas-feiras\/#respond\"]}]},{\"@type\":\"WebPage\",\"@id\":\"https:\/\/www.padreeustaquio.com.br\/igreja-do-padre-eustaquio-tera-missa-presencial-tambem-as-sextas-feiras\/\",\"url\":\"https:\/\/www.padreeustaquio.com.br\/igreja-do-padre-eustaquio-tera-missa-presencial-tambem-as-sextas-feiras\/\",\"name\":\"Igreja do Padre Eust\u00e1quio ter\u00e1 missa presencial tamb\u00e9m \u00e0s sextas-feiras - Padre Eust\u00e1quio\",\"isPartOf\":{\"@id\":\"https:\/\/www.padreeustaquio.com.br\/#website\"},\"primaryImageOfPage\":{\"@id\":\"https:\/\/www.padreeustaquio.com.br\/igreja-do-padre-eustaquio-tera-missa-presencial-tambem-as-sextas-feiras\/#primaryimage\"},\"image\":{\"@id\":\"https:\/\/www.padreeustaquio.com.br\/igreja-do-padre-eustaquio-tera-missa-presencial-tambem-as-sextas-feiras\/#primaryimage\"},\"thumbnailUrl\":\"https:\/\/www.padreeustaquio.com.br\/wp-content\/uploads\/2021\/02\/igreja-aerea.jpg\",\"datePublished\":\"2021-02-15T11:00:43+00:00\",\"breadcrumb\":{\"@id\":\"https:\/\/www.padreeustaquio.com.br\/igreja-do-padre-eustaquio-tera-missa-presencial-tambem-as-sextas-feiras\/#breadcrumb\"},\"inLanguage\":\"en-US\",\"potentialAction\":[{\"@type\":\"ReadAction\",\"target\":[\"https:\/\/www.padreeustaquio.com.br\/igreja-do-padre-eustaquio-tera-missa-presencial-tambem-as-sextas-feiras\/\"]}]},{\"@type\":\"ImageObject\",\"inLanguage\":\"en-US\",\"@id\":\"https:\/\/www.padreeustaquio.com.br\/igreja-do-padre-eustaquio-tera-missa-presencial-tambem-as-sextas-feiras\/#primaryimage\",\"url\":\"https:\/\/www.padreeustaquio.com.br\/wp-content\/uploads\/2021\/02\/igreja-aerea.jpg\",\"contentUrl\":\"https:\/\/www.padreeustaquio.com.br\/wp-content\/uploads\/2021\/02\/igreja-aerea.jpg\",\"width\":748,\"height\":394},{\"@type\":\"BreadcrumbList\",\"@id\":\"https:\/\/www.padreeustaquio.com.br\/igreja-do-padre-eustaquio-tera-missa-presencial-tambem-as-sextas-feiras\/#breadcrumb\",\"itemListElement\":[{\"@type\":\"ListItem\",\"position\":1,\"name\":\"In\u00edcio\",\"item\":\"https:\/\/www.padreeustaquio.com.br\/\"},{\"@type\":\"ListItem\",\"position\":2,\"name\":\"Igreja do Padre Eust\u00e1quio ter\u00e1 missa presencial tamb\u00e9m \u00e0s sextas-feiras\"}]},{\"@type\":\"WebSite\",\"@id\":\"https:\/\/www.padreeustaquio.com.br\/#website\",\"url\":\"https:\/\/www.padreeustaquio.com.br\/\",\"name\":\"Padre Eust\u00e1quio\",\"description\":\"Sa\u00fade e Paz\",\"publisher\":{\"@id\":\"https:\/\/www.padreeustaquio.com.br\/#organization\"},\"potentialAction\":[{\"@type\":\"SearchAction\",\"target\":{\"@type\":\"EntryPoint\",\"urlTemplate\":\"https:\/\/www.padreeustaquio.com.br\/?s={search_term_string}\"},\"query-input\":{\"@type\":\"PropertyValueSpecification\",\"valueRequired\":true,\"valueName\":\"search_term_string\"}}],\"inLanguage\":\"en-US\"},{\"@type\":\"Organization\",\"@id\":\"https:\/\/www.padreeustaquio.com.br\/#organization\",\"name\":\"Padre Eust\u00e1quio\",\"url\":\"https:\/\/www.padreeustaquio.com.br\/\",\"logo\":{\"@type\":\"ImageObject\",\"inLanguage\":\"en-US\",\"@id\":\"https:\/\/www.padreeustaquio.com.br\/#\/schema\/logo\/image\/\",\"url\":\"https:\/\/www.padreeustaquio.com.br\/wp-content\/uploads\/2019\/08\/marca.png\",\"contentUrl\":\"https:\/\/www.padreeustaquio.com.br\/wp-content\/uploads\/2019\/08\/marca.png\",\"width\":350,\"height\":400,\"caption\":\"Padre Eust\u00e1quio\"},\"image\":{\"@id\":\"https:\/\/www.padreeustaquio.com.br\/#\/schema\/logo\/image\/\"},\"sameAs\":[\"https:\/\/www.facebook.com\/beatopadreeustaquio\/\",\"https:\/\/x.com\/beatopeustaquio\",\"https:\/\/www.instagram.com\/beatopadreeustaquio\/\",\"https:\/\/www.youtube.com\/channel\/UCRhw7vfabnajwLxb1ZXMeIw\"]},{\"@type\":\"Person\",\"@id\":\"https:\/\/www.padreeustaquio.com.br\/#\/schema\/person\/a2a51db1d00f1a7af0204a0f1ddb1566\",\"name\":\"@sscc\",\"image\":{\"@type\":\"ImageObject\",\"inLanguage\":\"en-US\",\"@id\":\"https:\/\/secure.gravatar.com\/avatar\/68cfafa5f44617fea54071e215026e0ff06be366c3d54a8425f04fdcb86f8c5f?s=96&d=mm&r=g\",\"url\":\"https:\/\/secure.gravatar.com\/avatar\/68cfafa5f44617fea54071e215026e0ff06be366c3d54a8425f04fdcb86f8c5f?s=96&d=mm&r=g\",\"contentUrl\":\"https:\/\/secure.gravatar.com\/avatar\/68cfafa5f44617fea54071e215026e0ff06be366c3d54a8425f04fdcb86f8c5f?s=96&d=mm&r=g\",\"caption\":\"@sscc\"},\"url\":\"https:\/\/www.padreeustaquio.com.br\/en\/author\/sscc\/\"}]}<\/script>\n<!-- \/ Yoast SEO plugin. -->","yoast_head_json":{"title":"Father Eust\u00e1quio&#039;s Church will also hold in-person Mass on Fridays - Father Eust\u00e1quio","robots":{"index":"index","follow":"follow","max-snippet":"max-snippet:-1","max-image-preview":"max-image-preview:large","max-video-preview":"max-video-preview:-1"},"canonical":"https:\/\/www.padreeustaquio.com.br\/en\/father-eustaquios-church-will-also-have-in-person-mass-on-fridays\/","og_locale":"en_US","og_type":"article","og_title":"Igreja do Padre Eust\u00e1quio ter\u00e1 missa presencial tamb\u00e9m \u00e0s sextas-feiras - Padre Eust\u00e1quio","og_description":"A partir desta semana o Santu\u00e1rio da Sa\u00fade e Paz, conhecido como Igreja do Padre Eust\u00e1quio, ter\u00e1 missas presenciais tamb\u00e9m \u00e0s sextas-feiras. A ideia \u00e9 oferecer mais oportunidades para que a comunidade participe efetivamente das celebra\u00e7\u00f5es na igreja. Para estas celebra\u00e7\u00f5es, o n\u00famero m\u00e1ximo de pessoas permitidas dentro da igreja tamb\u00e9m ser\u00e1 de 200, por causa da pandemia. E, a partir de agora, o controle para missas durante a semana ser\u00e1 feito na entrada do templo, por ordem de chegada. As missas do s\u00e1bado, domingo e celebra\u00e7\u00f5es especiais continuam necessitando de retirada de senhas. Desta forma, as missas\u00a0 presenciais no [&hellip;]","og_url":"https:\/\/www.padreeustaquio.com.br\/en\/father-eustaquios-church-will-also-have-in-person-mass-on-fridays\/","og_site_name":"Padre Eust\u00e1quio","article_publisher":"https:\/\/www.facebook.com\/beatopadreeustaquio\/","article_published_time":"2021-02-15T11:00:43+00:00","og_image":[{"width":748,"height":394,"url":"https:\/\/www.padreeustaquio.com.br\/wp-content\/uploads\/2021\/02\/igreja-aerea.jpg","type":"image\/jpeg"}],"author":"@sscc","twitter_card":"summary_large_image","twitter_creator":"@beatopeustaquio","twitter_site":"@beatopeustaquio","twitter_misc":{"Written by":"@sscc","Est. reading time":"2 minutes"},"schema":{"@context":"https:\/\/schema.org","@graph":[{"@type":"Article","@id":"https:\/\/www.padreeustaquio.com.br\/igreja-do-padre-eustaquio-tera-missa-presencial-tambem-as-sextas-feiras\/#article","isPartOf":{"@id":"https:\/\/www.padreeustaquio.com.br\/igreja-do-padre-eustaquio-tera-missa-presencial-tambem-as-sextas-feiras\/"},"author":{"name":"@sscc","@id":"https:\/\/www.padreeustaquio.com.br\/#\/schema\/person\/a2a51db1d00f1a7af0204a0f1ddb1566"},"headline":"Igreja do Padre Eust\u00e1quio ter\u00e1 missa presencial tamb\u00e9m \u00e0s sextas-feiras","datePublished":"2021-02-15T11:00:43+00:00","mainEntityOfPage":{"@id":"https:\/\/www.padreeustaquio.com.br\/igreja-do-padre-eustaquio-tera-missa-presencial-tambem-as-sextas-feiras\/"},"wordCount":469,"commentCount":0,"publisher":{"@id":"https:\/\/www.padreeustaquio.com.br\/#organization"},"image":{"@id":"https:\/\/www.padreeustaquio.com.br\/igreja-do-padre-eustaquio-tera-missa-presencial-tambem-as-sextas-feiras\/#primaryimage"},"thumbnailUrl":"https:\/\/www.padreeustaquio.com.br\/wp-content\/uploads\/2021\/02\/igreja-aerea.jpg","articleSection":["Not\u00edcias"],"inLanguage":"en-US","potentialAction":[{"@type":"CommentAction","name":"Comment","target":["https:\/\/www.padreeustaquio.com.br\/igreja-do-padre-eustaquio-tera-missa-presencial-tambem-as-sextas-feiras\/#respond"]}]},{"@type":"WebPage","@id":"https:\/\/www.padreeustaquio.com.br\/igreja-do-padre-eustaquio-tera-missa-presencial-tambem-as-sextas-feiras\/","url":"https:\/\/www.padreeustaquio.com.br\/igreja-do-padre-eustaquio-tera-missa-presencial-tambem-as-sextas-feiras\/","name":"Father Eust\u00e1quio&#039;s Church will also hold in-person Mass on Fridays - Father Eust\u00e1quio","isPartOf":{"@id":"https:\/\/www.padreeustaquio.com.br\/#website"},"primaryImageOfPage":{"@id":"https:\/\/www.padreeustaquio.com.br\/igreja-do-padre-eustaquio-tera-missa-presencial-tambem-as-sextas-feiras\/#primaryimage"},"image":{"@id":"https:\/\/www.padreeustaquio.com.br\/igreja-do-padre-eustaquio-tera-missa-presencial-tambem-as-sextas-feiras\/#primaryimage"},"thumbnailUrl":"https:\/\/www.padreeustaquio.com.br\/wp-content\/uploads\/2021\/02\/igreja-aerea.jpg","datePublished":"2021-02-15T11:00:43+00:00","breadcrumb":{"@id":"https:\/\/www.padreeustaquio.com.br\/igreja-do-padre-eustaquio-tera-missa-presencial-tambem-as-sextas-feiras\/#breadcrumb"},"inLanguage":"en-US","potentialAction":[{"@type":"ReadAction","target":["https:\/\/www.padreeustaquio.com.br\/igreja-do-padre-eustaquio-tera-missa-presencial-tambem-as-sextas-feiras\/"]}]},{"@type":"ImageObject","inLanguage":"en-US","@id":"https:\/\/www.padreeustaquio.com.br\/igreja-do-padre-eustaquio-tera-missa-presencial-tambem-as-sextas-feiras\/#primaryimage","url":"https:\/\/www.padreeustaquio.com.br\/wp-content\/uploads\/2021\/02\/igreja-aerea.jpg","contentUrl":"https:\/\/www.padreeustaquio.com.br\/wp-content\/uploads\/2021\/02\/igreja-aerea.jpg","width":748,"height":394},{"@type":"BreadcrumbList","@id":"https:\/\/www.padreeustaquio.com.br\/igreja-do-padre-eustaquio-tera-missa-presencial-tambem-as-sextas-feiras\/#breadcrumb","itemListElement":[{"@type":"ListItem","position":1,"name":"In\u00edcio","item":"https:\/\/www.padreeustaquio.com.br\/"},{"@type":"ListItem","position":2,"name":"Igreja do Padre Eust\u00e1quio ter\u00e1 missa presencial tamb\u00e9m \u00e0s sextas-feiras"}]},{"@type":"WebSite","@id":"https:\/\/www.padreeustaquio.com.br\/#website","url":"https:\/\/www.padreeustaquio.com.br\/","name":"FATHER EUST\u00c1QUIO","description":"Health and Peace","publisher":{"@id":"https:\/\/www.padreeustaquio.com.br\/#organization"},"potentialAction":[{"@type":"SearchAction","target":{"@type":"EntryPoint","urlTemplate":"https:\/\/www.padreeustaquio.com.br\/?s={search_term_string}"},"query-input":{"@type":"PropertyValueSpecification","valueRequired":true,"valueName":"search_term_string"}}],"inLanguage":"en-US"},{"@type":"Organization","@id":"https:\/\/www.padreeustaquio.com.br\/#organization","name":"FATHER EUST\u00c1QUIO","url":"https:\/\/www.padreeustaquio.com.br\/","logo":{"@type":"ImageObject","inLanguage":"en-US","@id":"https:\/\/www.padreeustaquio.com.br\/#\/schema\/logo\/image\/","url":"https:\/\/www.padreeustaquio.com.br\/wp-content\/uploads\/2019\/08\/marca.png","contentUrl":"https:\/\/www.padreeustaquio.com.br\/wp-content\/uploads\/2019\/08\/marca.png","width":350,"height":400,"caption":"Padre Eust\u00e1quio"},"image":{"@id":"https:\/\/www.padreeustaquio.com.br\/#\/schema\/logo\/image\/"},"sameAs":["https:\/\/www.facebook.com\/beatopadreeustaquio\/","https:\/\/x.com\/beatopeustaquio","https:\/\/www.instagram.com\/beatopadreeustaquio\/","https:\/\/www.youtube.com\/channel\/UCRhw7vfabnajwLxb1ZXMeIw"]},{"@type":"Person","@id":"https:\/\/www.padreeustaquio.com.br\/#\/schema\/person\/a2a51db1d00f1a7af0204a0f1ddb1566","name":"@sscc","image":{"@type":"ImageObject","inLanguage":"en-US","@id":"https:\/\/secure.gravatar.com\/avatar\/68cfafa5f44617fea54071e215026e0ff06be366c3d54a8425f04fdcb86f8c5f?s=96&d=mm&r=g","url":"https:\/\/secure.gravatar.com\/avatar\/68cfafa5f44617fea54071e215026e0ff06be366c3d54a8425f04fdcb86f8c5f?s=96&d=mm&r=g","contentUrl":"https:\/\/secure.gravatar.com\/avatar\/68cfafa5f44617fea54071e215026e0ff06be366c3d54a8425f04fdcb86f8c5f?s=96&d=mm&r=g","caption":"@sscc"},"url":"https:\/\/www.padreeustaquio.com.br\/en\/author\/sscc\/"}]}},"_links":{"self":[{"href":"https:\/\/www.padreeustaquio.com.br\/en\/wp-json\/wp\/v2\/posts\/5056","targetHints":{"allow":["GET"]}}],"collection":[{"href":"https:\/\/www.padreeustaquio.com.br\/en\/wp-json\/wp\/v2\/posts"}],"about":[{"href":"https:\/\/www.padreeustaquio.com.br\/en\/wp-json\/wp\/v2\/types\/post"}],"author":[{"embeddable":true,"href":"https:\/\/www.padreeustaquio.com.br\/en\/wp-json\/wp\/v2\/users\/2"}],"replies":[{"embeddable":true,"href":"https:\/\/www.padreeustaquio.com.br\/en\/wp-json\/wp\/v2\/comments?post=5056"}],"version-history":[{"count":0,"href":"https:\/\/www.padreeustaquio.com.br\/en\/wp-json\/wp\/v2\/posts\/5056\/revisions"}],"wp:featuredmedia":[{"embeddable":true,"href":"https:\/\/www.padreeustaquio.com.br\/en\/wp-json\/wp\/v2\/media\/5057"}],"wp:attachment":[{"href":"https:\/\/www.padreeustaquio.com.br\/en\/wp-json\/wp\/v2\/media?parent=5056"}],"wp:term":[{"taxonomy":"category","embeddable":true,"href":"https:\/\/www.padreeustaquio.com.br\/en\/wp-json\/wp\/v2\/categories?post=5056"},{"taxonomy":"post_tag","embeddable":true,"href":"https:\/\/www.padreeustaquio.com.br\/en\/wp-json\/wp\/v2\/tags?post=5056"}],"curies":[{"name":"wp","href":"https:\/\/api.w.org\/{rel}","templated":true}]}}