{"id":5016,"date":"2021-02-11T08:41:19","date_gmt":"2021-02-11T11:41:19","guid":{"rendered":"https:\/\/www.padreeustaquio.com.br\/?p=5016"},"modified":"2021-02-11T09:45:06","modified_gmt":"2021-02-11T12:45:06","slug":"vice-postulator-celebrates-40-years-of-religious-life","status":"publish","type":"post","link":"https:\/\/www.padreeustaquio.com.br\/en\/vice-postulator-celebrates-40-years-of-religious-life\/","title":{"rendered":"Vice-postulator celebrates 40 years of religious life."},"content":{"rendered":"<p>The vice-postulator of the Cause of Canonization of Blessed Father Eust\u00e1quio, Fr. Marcus Vin\u00edcius Maciel, ss.cc, celebrates 40 years of entry into the Congregation of the Sacred Hearts this Thursday, February 11th. The event is marked by the profession of temporary vows by religious, which, in the case of Father Vin\u00edcius, occurred in 1981.<\/p>\n<p>The ceremony was held in the S\u00e3o Jos\u00e9 Oper\u00e1rio chapel, located in the Congregation&#039;s house in Pindamonhangaba-SP. Dom Vitor Tielbeek, ss.cc, who was bishop in the diocese of Formosa-GO, was invited to preside over the celebration.<\/p>\n<div id=\"attachment_5018\" style=\"width: 340px\" class=\"wp-caption alignleft\"><img fetchpriority=\"high\" decoding=\"async\" aria-describedby=\"caption-attachment-5018\" class=\"wp-image-5018\" src=\"https:\/\/www.padreeustaquio.com.br\/wp-content\/uploads\/2021\/02\/WhatsApp-Image-2021-02-08-at-19.57.03-e1612913225447-300x170.jpeg\" alt=\"D. Vitor Tielbeek, ss.cc, presided over the celebration.\" width=\"330\" height=\"187\" srcset=\"https:\/\/www.padreeustaquio.com.br\/wp-content\/uploads\/2021\/02\/WhatsApp-Image-2021-02-08-at-19.57.03-e1612913225447-300x170.jpeg 300w, https:\/\/www.padreeustaquio.com.br\/wp-content\/uploads\/2021\/02\/WhatsApp-Image-2021-02-08-at-19.57.03-e1612913225447-400x225.jpeg 400w, https:\/\/www.padreeustaquio.com.br\/wp-content\/uploads\/2021\/02\/WhatsApp-Image-2021-02-08-at-19.57.03-e1612913225447-600x338.jpeg 600w, https:\/\/www.padreeustaquio.com.br\/wp-content\/uploads\/2021\/02\/WhatsApp-Image-2021-02-08-at-19.57.03-e1612913225447-800x450.jpeg 800w, https:\/\/www.padreeustaquio.com.br\/wp-content\/uploads\/2021\/02\/WhatsApp-Image-2021-02-08-at-19.57.03-e1612913225447-768x436.jpeg 768w, https:\/\/www.padreeustaquio.com.br\/wp-content\/uploads\/2021\/02\/WhatsApp-Image-2021-02-08-at-19.57.03-e1612913225447.jpeg 955w\" sizes=\"(max-width: 330px) 100vw, 330px\" \/><p id=\"caption-attachment-5018\" class=\"wp-caption-text\">D. Vitor Tielbeek, ss.cc., presided over the celebration.<\/p><\/div>\n<p>In addition to the young Vin\u00edcius Maciel, two other novices were admitted to the Congregation.<span style=\"font-size: 1.1429rem;\">The following individuals were initiated on that day: J\u00falio C\u00e9sar Rhems and Alois Pfifer. The three of them participated in the first joint novitiate and the first religious profession with brothers from the two Provinces that the Congregation of the Sacred Hearts had in Brazil at the time.<\/span><\/p>\n<p><span style=\"font-size: 1.1429rem;\">Interestingly, who received Father Vin&#039;s temporary vows?<\/span><span style=\"font-size: 1.1429rem;\">Icius was the priest. <\/span><span style=\"font-size: 1.1429rem;\">An\u00edbal Lasaf\u00e1, ss.cc., who was the provincial at the time and would later (1983) become vice-postulator of the Cause of Canonization of Father Eust\u00e1quio.<\/span><\/p>\n<p>Currently, Father Marcus Vin\u00edcius is the vice-postulator. He also serves as parish priest of the Sacred Hearts Parish in Belo Horizonte, in addition to presiding over the Padre Eust\u00e1quio Daycare Center.<\/p>\n<p>&nbsp;<\/p>\n\n\t\t<style type=\"text\/css\">\n\t\t\t#gallery-1 {\n\t\t\t\tmargin: auto;\n\t\t\t}\n\t\t\t#gallery-1 .gallery-item {\n\t\t\t\tfloat: left;\n\t\t\t\tmargin-top: 10px;\n\t\t\t\ttext-align: center;\n\t\t\t\twidth: 50%;\n\t\t\t}\n\t\t\t#gallery-1 img {\n\t\t\t\tborder: 2px solid #cfcfcf;\n\t\t\t}\n\t\t\t#gallery-1 .gallery-caption {\n\t\t\t\tmargin-left: 0;\n\t\t\t}\n\t\t\t\/* see gallery_shortcode() in wp-includes\/media.php *\/\n\t\t<\/style>\n\t\t<div id='gallery-1' class='gallery galleryid-5016 gallery-columns-2 gallery-size-thumbnail'><dl class='gallery-item'>\n\t\t\t<dt class='gallery-icon landscape'>\n\t\t\t\t<a href='https:\/\/www.padreeustaquio.com.br\/en\/vice-postulator-celebrates-40-years-of-religious-life\/whatsapp-image-2021-02-08-at-19-54-53\/'><img decoding=\"async\" width=\"150\" height=\"150\" src=\"https:\/\/www.padreeustaquio.com.br\/wp-content\/uploads\/2021\/02\/WhatsApp-Image-2021-02-08-at-19.54.53-e1612912664978-150x150.jpeg\" class=\"attachment-thumbnail size-thumbnail\" alt=\"\" aria-describedby=\"gallery-1-5020\" srcset=\"https:\/\/www.padreeustaquio.com.br\/wp-content\/uploads\/2021\/02\/WhatsApp-Image-2021-02-08-at-19.54.53-e1612912664978-150x150.jpeg 150w, https:\/\/www.padreeustaquio.com.br\/wp-content\/uploads\/2021\/02\/WhatsApp-Image-2021-02-08-at-19.54.53-e1612912664978-180x180.jpeg 180w, https:\/\/www.padreeustaquio.com.br\/wp-content\/uploads\/2021\/02\/WhatsApp-Image-2021-02-08-at-19.54.53-e1612912664978-400x400.jpeg 400w, https:\/\/www.padreeustaquio.com.br\/wp-content\/uploads\/2021\/02\/WhatsApp-Image-2021-02-08-at-19.54.53-e1612912664978-600x600.jpeg 600w\" sizes=\"(max-width: 150px) 100vw, 150px\" \/><\/a>\n\t\t\t<\/dt>\n\t\t\t\t<dd class='wp-caption-text gallery-caption' id='gallery-1-5020'>\n\t\t\t\tJ\u00falio C\u00e9sar Rhems; Father Corn\u00e9lio Schmierman; Marcus Vin\u00edcius Maciel and Alois Pfifer.\n\t\t\t\t<\/dd><\/dl><dl class='gallery-item'>\n\t\t\t<dt class='gallery-icon landscape'>\n\t\t\t\t<a href='https:\/\/www.padreeustaquio.com.br\/en\/vice-postulator-celebrates-40-years-of-religious-life\/whatsapp-image-2021-02-08-at-19-57-56\/'><img decoding=\"async\" width=\"150\" height=\"150\" src=\"https:\/\/www.padreeustaquio.com.br\/wp-content\/uploads\/2021\/02\/WhatsApp-Image-2021-02-08-at-19.57.56-e1612912476902-150x150.jpeg\" class=\"attachment-thumbnail size-thumbnail\" alt=\"\" aria-describedby=\"gallery-1-5019\" srcset=\"https:\/\/www.padreeustaquio.com.br\/wp-content\/uploads\/2021\/02\/WhatsApp-Image-2021-02-08-at-19.57.56-e1612912476902-150x150.jpeg 150w, https:\/\/www.padreeustaquio.com.br\/wp-content\/uploads\/2021\/02\/WhatsApp-Image-2021-02-08-at-19.57.56-e1612912476902-180x180.jpeg 180w, https:\/\/www.padreeustaquio.com.br\/wp-content\/uploads\/2021\/02\/WhatsApp-Image-2021-02-08-at-19.57.56-e1612912476902-400x400.jpeg 400w, https:\/\/www.padreeustaquio.com.br\/wp-content\/uploads\/2021\/02\/WhatsApp-Image-2021-02-08-at-19.57.56-e1612912476902-600x600.jpeg 600w\" sizes=\"(max-width: 150px) 100vw, 150px\" \/><\/a>\n\t\t\t<\/dt>\n\t\t\t\t<dd class='wp-caption-text gallery-caption' id='gallery-1-5019'>\n\t\t\t\tThe ceremony was held at the S\u00e3o Jos\u00e9 chapel in Pindamonhangaba, S\u00e3o Paulo.\n\t\t\t\t<\/dd><\/dl><br style=\"clear: both\" \/>\n\t\t<\/div>","protected":false},"excerpt":{"rendered":"<p>O vice-postulador da Causa de Canoniza\u00e7\u00e3o do Beato Padre Eust\u00e1quio, Pe. Marcus Vin\u00edcius Maciel, ss.cc, completa nesta quinta-feira, dia 11 de fevereiro, 40 anos de entrada na Congrega\u00e7\u00e3o dos Sagrados Cora\u00e7\u00f5es. O ato \u00e9 marcado pela profiss\u00e3o dos votos tempor\u00e1rios dos religiosos, que, no caso de padre Vin\u00edcius ocorreu em 1981. A cerim\u00f4nia foi realizada na capela S\u00e3o Jos\u00e9 Oper\u00e1rio, que fica na casa da Congrega\u00e7\u00e3o em Pindamonhangaba-SP.\u00a0Dom Vitor Tielbeek, ss.cc, que era bispo na diocese de Formosa-GO, foi convidado para presidir a celebra\u00e7\u00e3o. Al\u00e9m do jovem Vin\u00edcius Maciel, outros dois novi\u00e7os foram admitidos na Congrega\u00e7\u00e3o nesse dia: J\u00falio\u00a0C\u00e9sar Rhems [&hellip;]<\/p>\n","protected":false},"author":2,"featured_media":5017,"comment_status":"open","ping_status":"open","sticky":false,"template":"","format":"standard","meta":{"_acf_changed":false,"footnotes":""},"categories":[611],"tags":[],"class_list":["post-5016","post","type-post","status-publish","format-standard","has-post-thumbnail","hentry","category-noticias"],"acf":[],"yoast_head":"<!-- This site is optimized with the Yoast SEO plugin v27.2 - https:\/\/yoast.com\/product\/yoast-seo-wordpress\/ -->\n<title>Vice-postulador completa 40 anos de vida religiosa - Padre Eust\u00e1quio<\/title>\n<meta name=\"robots\" content=\"index, follow, max-snippet:-1, max-image-preview:large, max-video-preview:-1\" \/>\n<link rel=\"canonical\" href=\"https:\/\/www.padreeustaquio.com.br\/en\/vice-postulator-celebrates-40-years-of-religious-life\/\" \/>\n<meta property=\"og:locale\" content=\"en_US\" \/>\n<meta property=\"og:type\" content=\"article\" \/>\n<meta property=\"og:title\" content=\"Vice-postulador completa 40 anos de vida religiosa - Padre Eust\u00e1quio\" \/>\n<meta property=\"og:description\" content=\"O vice-postulador da Causa de Canoniza\u00e7\u00e3o do Beato Padre Eust\u00e1quio, Pe. Marcus Vin\u00edcius Maciel, ss.cc, completa nesta quinta-feira, dia 11 de fevereiro, 40 anos de entrada na Congrega\u00e7\u00e3o dos Sagrados Cora\u00e7\u00f5es. O ato \u00e9 marcado pela profiss\u00e3o dos votos tempor\u00e1rios dos religiosos, que, no caso de padre Vin\u00edcius ocorreu em 1981. A cerim\u00f4nia foi realizada na capela S\u00e3o Jos\u00e9 Oper\u00e1rio, que fica na casa da Congrega\u00e7\u00e3o em Pindamonhangaba-SP.\u00a0Dom Vitor Tielbeek, ss.cc, que era bispo na diocese de Formosa-GO, foi convidado para presidir a celebra\u00e7\u00e3o. Al\u00e9m do jovem Vin\u00edcius Maciel, outros dois novi\u00e7os foram admitidos na Congrega\u00e7\u00e3o nesse dia: J\u00falio\u00a0C\u00e9sar Rhems [&hellip;]\" \/>\n<meta property=\"og:url\" content=\"https:\/\/www.padreeustaquio.com.br\/en\/vice-postulator-celebrates-40-years-of-religious-life\/\" \/>\n<meta property=\"og:site_name\" content=\"Padre Eust\u00e1quio\" \/>\n<meta property=\"article:publisher\" content=\"https:\/\/www.facebook.com\/beatopadreeustaquio\/\" \/>\n<meta property=\"article:published_time\" content=\"2021-02-11T11:41:19+00:00\" \/>\n<meta property=\"article:modified_time\" content=\"2021-02-11T12:45:06+00:00\" \/>\n<meta property=\"og:image\" content=\"https:\/\/www.padreeustaquio.com.br\/wp-content\/uploads\/2021\/02\/WhatsApp-Image-2021-02-08-at-19.56.38-e1612911913636.jpeg\" \/>\n\t<meta property=\"og:image:width\" content=\"796\" \/>\n\t<meta property=\"og:image:height\" content=\"560\" \/>\n\t<meta property=\"og:image:type\" content=\"image\/jpeg\" \/>\n<meta name=\"author\" content=\"@sscc\" \/>\n<meta name=\"twitter:card\" content=\"summary_large_image\" \/>\n<meta name=\"twitter:creator\" content=\"@beatopeustaquio\" \/>\n<meta name=\"twitter:site\" content=\"@beatopeustaquio\" \/>\n<meta name=\"twitter:label1\" content=\"Written by\" \/>\n\t<meta name=\"twitter:data1\" content=\"@sscc\" \/>\n\t<meta name=\"twitter:label2\" content=\"Est. reading time\" \/>\n\t<meta name=\"twitter:data2\" content=\"1 minute\" \/>\n<script type=\"application\/ld+json\" class=\"yoast-schema-graph\">{\"@context\":\"https:\/\/schema.org\",\"@graph\":[{\"@type\":\"Article\",\"@id\":\"https:\/\/www.padreeustaquio.com.br\/vice-postulador-completa-40-anos-de-vida-religiosa\/#article\",\"isPartOf\":{\"@id\":\"https:\/\/www.padreeustaquio.com.br\/vice-postulador-completa-40-anos-de-vida-religiosa\/\"},\"author\":{\"name\":\"@sscc\",\"@id\":\"https:\/\/www.padreeustaquio.com.br\/#\/schema\/person\/a2a51db1d00f1a7af0204a0f1ddb1566\"},\"headline\":\"Vice-postulador completa 40 anos de vida religiosa\",\"datePublished\":\"2021-02-11T11:41:19+00:00\",\"dateModified\":\"2021-02-11T12:45:06+00:00\",\"mainEntityOfPage\":{\"@id\":\"https:\/\/www.padreeustaquio.com.br\/vice-postulador-completa-40-anos-de-vida-religiosa\/\"},\"wordCount\":257,\"commentCount\":0,\"publisher\":{\"@id\":\"https:\/\/www.padreeustaquio.com.br\/#organization\"},\"image\":{\"@id\":\"https:\/\/www.padreeustaquio.com.br\/vice-postulador-completa-40-anos-de-vida-religiosa\/#primaryimage\"},\"thumbnailUrl\":\"https:\/\/www.padreeustaquio.com.br\/wp-content\/uploads\/2021\/02\/WhatsApp-Image-2021-02-08-at-19.56.38-e1612911913636.jpeg\",\"articleSection\":[\"Not\u00edcias\"],\"inLanguage\":\"en-US\",\"potentialAction\":[{\"@type\":\"CommentAction\",\"name\":\"Comment\",\"target\":[\"https:\/\/www.padreeustaquio.com.br\/vice-postulador-completa-40-anos-de-vida-religiosa\/#respond\"]}]},{\"@type\":\"WebPage\",\"@id\":\"https:\/\/www.padreeustaquio.com.br\/vice-postulador-completa-40-anos-de-vida-religiosa\/\",\"url\":\"https:\/\/www.padreeustaquio.com.br\/vice-postulador-completa-40-anos-de-vida-religiosa\/\",\"name\":\"Vice-postulador completa 40 anos de vida religiosa - Padre Eust\u00e1quio\",\"isPartOf\":{\"@id\":\"https:\/\/www.padreeustaquio.com.br\/#website\"},\"primaryImageOfPage\":{\"@id\":\"https:\/\/www.padreeustaquio.com.br\/vice-postulador-completa-40-anos-de-vida-religiosa\/#primaryimage\"},\"image\":{\"@id\":\"https:\/\/www.padreeustaquio.com.br\/vice-postulador-completa-40-anos-de-vida-religiosa\/#primaryimage\"},\"thumbnailUrl\":\"https:\/\/www.padreeustaquio.com.br\/wp-content\/uploads\/2021\/02\/WhatsApp-Image-2021-02-08-at-19.56.38-e1612911913636.jpeg\",\"datePublished\":\"2021-02-11T11:41:19+00:00\",\"dateModified\":\"2021-02-11T12:45:06+00:00\",\"breadcrumb\":{\"@id\":\"https:\/\/www.padreeustaquio.com.br\/vice-postulador-completa-40-anos-de-vida-religiosa\/#breadcrumb\"},\"inLanguage\":\"en-US\",\"potentialAction\":[{\"@type\":\"ReadAction\",\"target\":[\"https:\/\/www.padreeustaquio.com.br\/vice-postulador-completa-40-anos-de-vida-religiosa\/\"]}]},{\"@type\":\"ImageObject\",\"inLanguage\":\"en-US\",\"@id\":\"https:\/\/www.padreeustaquio.com.br\/vice-postulador-completa-40-anos-de-vida-religiosa\/#primaryimage\",\"url\":\"https:\/\/www.padreeustaquio.com.br\/wp-content\/uploads\/2021\/02\/WhatsApp-Image-2021-02-08-at-19.56.38-e1612911913636.jpeg\",\"contentUrl\":\"https:\/\/www.padreeustaquio.com.br\/wp-content\/uploads\/2021\/02\/WhatsApp-Image-2021-02-08-at-19.56.38-e1612911913636.jpeg\",\"width\":796,\"height\":560,\"caption\":\"Momento em que Marcus Vin\u00edcius fez sua profiss\u00e3o religiosa, em 1981.\"},{\"@type\":\"BreadcrumbList\",\"@id\":\"https:\/\/www.padreeustaquio.com.br\/vice-postulador-completa-40-anos-de-vida-religiosa\/#breadcrumb\",\"itemListElement\":[{\"@type\":\"ListItem\",\"position\":1,\"name\":\"In\u00edcio\",\"item\":\"https:\/\/www.padreeustaquio.com.br\/\"},{\"@type\":\"ListItem\",\"position\":2,\"name\":\"Vice-postulador completa 40 anos de vida religiosa\"}]},{\"@type\":\"WebSite\",\"@id\":\"https:\/\/www.padreeustaquio.com.br\/#website\",\"url\":\"https:\/\/www.padreeustaquio.com.br\/\",\"name\":\"Padre Eust\u00e1quio\",\"description\":\"Sa\u00fade e Paz\",\"publisher\":{\"@id\":\"https:\/\/www.padreeustaquio.com.br\/#organization\"},\"potentialAction\":[{\"@type\":\"SearchAction\",\"target\":{\"@type\":\"EntryPoint\",\"urlTemplate\":\"https:\/\/www.padreeustaquio.com.br\/?s={search_term_string}\"},\"query-input\":{\"@type\":\"PropertyValueSpecification\",\"valueRequired\":true,\"valueName\":\"search_term_string\"}}],\"inLanguage\":\"en-US\"},{\"@type\":\"Organization\",\"@id\":\"https:\/\/www.padreeustaquio.com.br\/#organization\",\"name\":\"Padre Eust\u00e1quio\",\"url\":\"https:\/\/www.padreeustaquio.com.br\/\",\"logo\":{\"@type\":\"ImageObject\",\"inLanguage\":\"en-US\",\"@id\":\"https:\/\/www.padreeustaquio.com.br\/#\/schema\/logo\/image\/\",\"url\":\"https:\/\/www.padreeustaquio.com.br\/wp-content\/uploads\/2019\/08\/marca.png\",\"contentUrl\":\"https:\/\/www.padreeustaquio.com.br\/wp-content\/uploads\/2019\/08\/marca.png\",\"width\":350,\"height\":400,\"caption\":\"Padre Eust\u00e1quio\"},\"image\":{\"@id\":\"https:\/\/www.padreeustaquio.com.br\/#\/schema\/logo\/image\/\"},\"sameAs\":[\"https:\/\/www.facebook.com\/beatopadreeustaquio\/\",\"https:\/\/x.com\/beatopeustaquio\",\"https:\/\/www.instagram.com\/beatopadreeustaquio\/\",\"https:\/\/www.youtube.com\/channel\/UCRhw7vfabnajwLxb1ZXMeIw\"]},{\"@type\":\"Person\",\"@id\":\"https:\/\/www.padreeustaquio.com.br\/#\/schema\/person\/a2a51db1d00f1a7af0204a0f1ddb1566\",\"name\":\"@sscc\",\"image\":{\"@type\":\"ImageObject\",\"inLanguage\":\"en-US\",\"@id\":\"https:\/\/secure.gravatar.com\/avatar\/68cfafa5f44617fea54071e215026e0ff06be366c3d54a8425f04fdcb86f8c5f?s=96&d=mm&r=g\",\"url\":\"https:\/\/secure.gravatar.com\/avatar\/68cfafa5f44617fea54071e215026e0ff06be366c3d54a8425f04fdcb86f8c5f?s=96&d=mm&r=g\",\"contentUrl\":\"https:\/\/secure.gravatar.com\/avatar\/68cfafa5f44617fea54071e215026e0ff06be366c3d54a8425f04fdcb86f8c5f?s=96&d=mm&r=g\",\"caption\":\"@sscc\"},\"url\":\"https:\/\/www.padreeustaquio.com.br\/en\/author\/sscc\/\"}]}<\/script>\n<!-- \/ Yoast SEO plugin. -->","yoast_head_json":{"title":"Vice-postulator celebrates 40 years of religious life - Father Eust\u00e1quio","robots":{"index":"index","follow":"follow","max-snippet":"max-snippet:-1","max-image-preview":"max-image-preview:large","max-video-preview":"max-video-preview:-1"},"canonical":"https:\/\/www.padreeustaquio.com.br\/en\/vice-postulator-celebrates-40-years-of-religious-life\/","og_locale":"en_US","og_type":"article","og_title":"Vice-postulador completa 40 anos de vida religiosa - Padre Eust\u00e1quio","og_description":"O vice-postulador da Causa de Canoniza\u00e7\u00e3o do Beato Padre Eust\u00e1quio, Pe. Marcus Vin\u00edcius Maciel, ss.cc, completa nesta quinta-feira, dia 11 de fevereiro, 40 anos de entrada na Congrega\u00e7\u00e3o dos Sagrados Cora\u00e7\u00f5es. O ato \u00e9 marcado pela profiss\u00e3o dos votos tempor\u00e1rios dos religiosos, que, no caso de padre Vin\u00edcius ocorreu em 1981. A cerim\u00f4nia foi realizada na capela S\u00e3o Jos\u00e9 Oper\u00e1rio, que fica na casa da Congrega\u00e7\u00e3o em Pindamonhangaba-SP.\u00a0Dom Vitor Tielbeek, ss.cc, que era bispo na diocese de Formosa-GO, foi convidado para presidir a celebra\u00e7\u00e3o. Al\u00e9m do jovem Vin\u00edcius Maciel, outros dois novi\u00e7os foram admitidos na Congrega\u00e7\u00e3o nesse dia: J\u00falio\u00a0C\u00e9sar Rhems [&hellip;]","og_url":"https:\/\/www.padreeustaquio.com.br\/en\/vice-postulator-celebrates-40-years-of-religious-life\/","og_site_name":"Padre Eust\u00e1quio","article_publisher":"https:\/\/www.facebook.com\/beatopadreeustaquio\/","article_published_time":"2021-02-11T11:41:19+00:00","article_modified_time":"2021-02-11T12:45:06+00:00","og_image":[{"width":796,"height":560,"url":"https:\/\/www.padreeustaquio.com.br\/wp-content\/uploads\/2021\/02\/WhatsApp-Image-2021-02-08-at-19.56.38-e1612911913636.jpeg","type":"image\/jpeg"}],"author":"@sscc","twitter_card":"summary_large_image","twitter_creator":"@beatopeustaquio","twitter_site":"@beatopeustaquio","twitter_misc":{"Written by":"@sscc","Est. reading time":"1 minute"},"schema":{"@context":"https:\/\/schema.org","@graph":[{"@type":"Article","@id":"https:\/\/www.padreeustaquio.com.br\/vice-postulador-completa-40-anos-de-vida-religiosa\/#article","isPartOf":{"@id":"https:\/\/www.padreeustaquio.com.br\/vice-postulador-completa-40-anos-de-vida-religiosa\/"},"author":{"name":"@sscc","@id":"https:\/\/www.padreeustaquio.com.br\/#\/schema\/person\/a2a51db1d00f1a7af0204a0f1ddb1566"},"headline":"Vice-postulador completa 40 anos de vida religiosa","datePublished":"2021-02-11T11:41:19+00:00","dateModified":"2021-02-11T12:45:06+00:00","mainEntityOfPage":{"@id":"https:\/\/www.padreeustaquio.com.br\/vice-postulador-completa-40-anos-de-vida-religiosa\/"},"wordCount":257,"commentCount":0,"publisher":{"@id":"https:\/\/www.padreeustaquio.com.br\/#organization"},"image":{"@id":"https:\/\/www.padreeustaquio.com.br\/vice-postulador-completa-40-anos-de-vida-religiosa\/#primaryimage"},"thumbnailUrl":"https:\/\/www.padreeustaquio.com.br\/wp-content\/uploads\/2021\/02\/WhatsApp-Image-2021-02-08-at-19.56.38-e1612911913636.jpeg","articleSection":["Not\u00edcias"],"inLanguage":"en-US","potentialAction":[{"@type":"CommentAction","name":"Comment","target":["https:\/\/www.padreeustaquio.com.br\/vice-postulador-completa-40-anos-de-vida-religiosa\/#respond"]}]},{"@type":"WebPage","@id":"https:\/\/www.padreeustaquio.com.br\/vice-postulador-completa-40-anos-de-vida-religiosa\/","url":"https:\/\/www.padreeustaquio.com.br\/vice-postulador-completa-40-anos-de-vida-religiosa\/","name":"Vice-postulator celebrates 40 years of religious life - Father Eust\u00e1quio","isPartOf":{"@id":"https:\/\/www.padreeustaquio.com.br\/#website"},"primaryImageOfPage":{"@id":"https:\/\/www.padreeustaquio.com.br\/vice-postulador-completa-40-anos-de-vida-religiosa\/#primaryimage"},"image":{"@id":"https:\/\/www.padreeustaquio.com.br\/vice-postulador-completa-40-anos-de-vida-religiosa\/#primaryimage"},"thumbnailUrl":"https:\/\/www.padreeustaquio.com.br\/wp-content\/uploads\/2021\/02\/WhatsApp-Image-2021-02-08-at-19.56.38-e1612911913636.jpeg","datePublished":"2021-02-11T11:41:19+00:00","dateModified":"2021-02-11T12:45:06+00:00","breadcrumb":{"@id":"https:\/\/www.padreeustaquio.com.br\/vice-postulador-completa-40-anos-de-vida-religiosa\/#breadcrumb"},"inLanguage":"en-US","potentialAction":[{"@type":"ReadAction","target":["https:\/\/www.padreeustaquio.com.br\/vice-postulador-completa-40-anos-de-vida-religiosa\/"]}]},{"@type":"ImageObject","inLanguage":"en-US","@id":"https:\/\/www.padreeustaquio.com.br\/vice-postulador-completa-40-anos-de-vida-religiosa\/#primaryimage","url":"https:\/\/www.padreeustaquio.com.br\/wp-content\/uploads\/2021\/02\/WhatsApp-Image-2021-02-08-at-19.56.38-e1612911913636.jpeg","contentUrl":"https:\/\/www.padreeustaquio.com.br\/wp-content\/uploads\/2021\/02\/WhatsApp-Image-2021-02-08-at-19.56.38-e1612911913636.jpeg","width":796,"height":560,"caption":"Momento em que Marcus Vin\u00edcius fez sua profiss\u00e3o religiosa, em 1981."},{"@type":"BreadcrumbList","@id":"https:\/\/www.padreeustaquio.com.br\/vice-postulador-completa-40-anos-de-vida-religiosa\/#breadcrumb","itemListElement":[{"@type":"ListItem","position":1,"name":"In\u00edcio","item":"https:\/\/www.padreeustaquio.com.br\/"},{"@type":"ListItem","position":2,"name":"Vice-postulador completa 40 anos de vida religiosa"}]},{"@type":"WebSite","@id":"https:\/\/www.padreeustaquio.com.br\/#website","url":"https:\/\/www.padreeustaquio.com.br\/","name":"FATHER EUST\u00c1QUIO","description":"Health and Peace","publisher":{"@id":"https:\/\/www.padreeustaquio.com.br\/#organization"},"potentialAction":[{"@type":"SearchAction","target":{"@type":"EntryPoint","urlTemplate":"https:\/\/www.padreeustaquio.com.br\/?s={search_term_string}"},"query-input":{"@type":"PropertyValueSpecification","valueRequired":true,"valueName":"search_term_string"}}],"inLanguage":"en-US"},{"@type":"Organization","@id":"https:\/\/www.padreeustaquio.com.br\/#organization","name":"FATHER EUST\u00c1QUIO","url":"https:\/\/www.padreeustaquio.com.br\/","logo":{"@type":"ImageObject","inLanguage":"en-US","@id":"https:\/\/www.padreeustaquio.com.br\/#\/schema\/logo\/image\/","url":"https:\/\/www.padreeustaquio.com.br\/wp-content\/uploads\/2019\/08\/marca.png","contentUrl":"https:\/\/www.padreeustaquio.com.br\/wp-content\/uploads\/2019\/08\/marca.png","width":350,"height":400,"caption":"Padre Eust\u00e1quio"},"image":{"@id":"https:\/\/www.padreeustaquio.com.br\/#\/schema\/logo\/image\/"},"sameAs":["https:\/\/www.facebook.com\/beatopadreeustaquio\/","https:\/\/x.com\/beatopeustaquio","https:\/\/www.instagram.com\/beatopadreeustaquio\/","https:\/\/www.youtube.com\/channel\/UCRhw7vfabnajwLxb1ZXMeIw"]},{"@type":"Person","@id":"https:\/\/www.padreeustaquio.com.br\/#\/schema\/person\/a2a51db1d00f1a7af0204a0f1ddb1566","name":"@sscc","image":{"@type":"ImageObject","inLanguage":"en-US","@id":"https:\/\/secure.gravatar.com\/avatar\/68cfafa5f44617fea54071e215026e0ff06be366c3d54a8425f04fdcb86f8c5f?s=96&d=mm&r=g","url":"https:\/\/secure.gravatar.com\/avatar\/68cfafa5f44617fea54071e215026e0ff06be366c3d54a8425f04fdcb86f8c5f?s=96&d=mm&r=g","contentUrl":"https:\/\/secure.gravatar.com\/avatar\/68cfafa5f44617fea54071e215026e0ff06be366c3d54a8425f04fdcb86f8c5f?s=96&d=mm&r=g","caption":"@sscc"},"url":"https:\/\/www.padreeustaquio.com.br\/en\/author\/sscc\/"}]}},"_links":{"self":[{"href":"https:\/\/www.padreeustaquio.com.br\/en\/wp-json\/wp\/v2\/posts\/5016","targetHints":{"allow":["GET"]}}],"collection":[{"href":"https:\/\/www.padreeustaquio.com.br\/en\/wp-json\/wp\/v2\/posts"}],"about":[{"href":"https:\/\/www.padreeustaquio.com.br\/en\/wp-json\/wp\/v2\/types\/post"}],"author":[{"embeddable":true,"href":"https:\/\/www.padreeustaquio.com.br\/en\/wp-json\/wp\/v2\/users\/2"}],"replies":[{"embeddable":true,"href":"https:\/\/www.padreeustaquio.com.br\/en\/wp-json\/wp\/v2\/comments?post=5016"}],"version-history":[{"count":0,"href":"https:\/\/www.padreeustaquio.com.br\/en\/wp-json\/wp\/v2\/posts\/5016\/revisions"}],"wp:featuredmedia":[{"embeddable":true,"href":"https:\/\/www.padreeustaquio.com.br\/en\/wp-json\/wp\/v2\/media\/5017"}],"wp:attachment":[{"href":"https:\/\/www.padreeustaquio.com.br\/en\/wp-json\/wp\/v2\/media?parent=5016"}],"wp:term":[{"taxonomy":"category","embeddable":true,"href":"https:\/\/www.padreeustaquio.com.br\/en\/wp-json\/wp\/v2\/categories?post=5016"},{"taxonomy":"post_tag","embeddable":true,"href":"https:\/\/www.padreeustaquio.com.br\/en\/wp-json\/wp\/v2\/tags?post=5016"}],"curies":[{"name":"wp","href":"https:\/\/api.w.org\/{rel}","templated":true}]}}