{"id":5010,"date":"2021-02-12T08:02:52","date_gmt":"2021-02-12T11:02:52","guid":{"rendered":"https:\/\/www.padreeustaquio.com.br\/?p=5010"},"modified":"2021-02-10T19:50:26","modified_gmt":"2021-02-10T22:50:26","slug":"brothers-are-sent-to-the-apostolic-communities-of-the-sacred-hearts","status":"publish","type":"post","link":"https:\/\/www.padreeustaquio.com.br\/en\/brothers-are-sent-to-the-apostolic-communities-of-the-sacred-hearts\/","title":{"rendered":"Brothers are sent to the apostolic communities of the Sacred Hearts."},"content":{"rendered":"<p>Yesterday, February 11th, four members of the Sacred Hearts religious order (Edvaldo, Samuel, Vanildo, and V\u00edtor), who recently completed their theological studies, were sent on pastoral missions to the communities where the Congregation works. The Sending Mass was held at the Sanctuary of Health and Peace in Belo Horizonte.<\/p>\n<p>Four other brothers will continue their mission in the communities where they are currently located: Brother Gustavo, at the Parish of Fatima, in Presidente Franco, Paraguay; Deacon Jorge at the Parish of Saint Catherine in Paraguay, in Greater Asunci\u00f3n; Brother Wanderson will finish his studies serving the Padre Eust\u00e1quio community in Belo Horizonte; and Brother Gleison at the Parish of Saint Michael, in Catuji, Minas Gerais.<\/p>\n<p>Three of these brothers\u2014Gleison, Samuel, and Vitor\u2014will undergo a more intensive period of preparation for their perpetual vows and ordained ministries. Later, they will go to Patroc\u00ednio, Minas Gerais, and, under the guidance of their formator, Father Luiz Ant\u00f4nio, will participate in this formative experience for approximately one semester.<\/p>\n<p>The following are the names of the brothers and sisters and the respective communities where they will live and serve pastorally.<\/p>\n<p>\u2013 Brother Edvaldo Carneiro: Santo Em\u00eddio Community (Vila Prudente, S\u00e3o Paulo-SP)<br \/>\n\u2013 Brother Francisco Gleison: S\u00e3o Miguel Community (Catuji-MG)<br \/>\n\u2013 Brother Gustavo Van Humbeeck: Fatima Parish (Presidente Franco \u2013 Paraguay)<br \/>\n\u2013 Deacon Jorge Oliveira: Santa Catalina Community (Asunci\u00f3n \u2013 Paraguay)<br \/>\n\u2013 Brother Samuel Silvero: Com. N. Sra. do Desterro (Campo Grande, Rio de Janeiro-RJ)<br \/>\n\u2013 Brother Vanildo Lima: Sacred Hearts Community (Tijuca, Rio de Janeiro-RJ)<br \/>\n\u2013 Brother Vitor Borges: S\u00e3o Dami\u00e3o de Molokai Community, (Patroc\u00ednio-MG)<br \/>\n\u2013 Brother Wanderson Alves: Padre Eust\u00e1quio Community, (Belo Horizonte-MG)<\/p>","protected":false},"excerpt":{"rendered":"<p>Ontem, dia 11 de fevereiro, quatro religiosos dos Sagrados Cora\u00e7\u00f5es (Edvaldo, Samuel, Vanildo e V\u00edtor), que terminaram os estudos teol\u00f3gicos, foram enviados em miss\u00e3o pastoral para as comunidades onde a Congrega\u00e7\u00e3o atua.\u00a0 A Santa Missa de envio foi realizada no Santu\u00e1rio da Sa\u00fade e Paz, em Belo Horizonte. Outros quatro irm\u00e3os continuar\u00e3o sua miss\u00e3o nas comunidades em que se encontram atualmente: o Ir. Gustavo, na Paroquia de F\u00e1tima, em Presidente Franco, no Paraguai; o Di\u00e1cono Jorge na Par\u00f3quia Santa Catarina no Paraguai, na grande Assun\u00e7\u00e3o; o Ir. Wanderson terminar\u00e1 seus estudos servindo \u00e0 comunidade Padre Eust\u00e1quio em Belo Horizonte e [&hellip;]<\/p>\n","protected":false},"author":2,"featured_media":5011,"comment_status":"open","ping_status":"open","sticky":false,"template":"","format":"standard","meta":{"_acf_changed":false,"footnotes":""},"categories":[611],"tags":[],"class_list":["post-5010","post","type-post","status-publish","format-standard","has-post-thumbnail","hentry","category-noticias"],"acf":[],"yoast_head":"<!-- This site is optimized with the Yoast SEO plugin v27.2 - https:\/\/yoast.com\/product\/yoast-seo-wordpress\/ -->\n<title>Irm\u00e3os s\u00e3o enviados \u00e0s comunidades apost\u00f3licas dos Sagrados Cora\u00e7\u00f5es - Padre Eust\u00e1quio<\/title>\n<meta name=\"robots\" content=\"index, follow, max-snippet:-1, max-image-preview:large, max-video-preview:-1\" \/>\n<link rel=\"canonical\" href=\"https:\/\/www.padreeustaquio.com.br\/en\/brothers-are-sent-to-the-apostolic-communities-of-the-sacred-hearts\/\" \/>\n<meta property=\"og:locale\" content=\"en_US\" \/>\n<meta property=\"og:type\" content=\"article\" \/>\n<meta property=\"og:title\" content=\"Irm\u00e3os s\u00e3o enviados \u00e0s comunidades apost\u00f3licas dos Sagrados Cora\u00e7\u00f5es - Padre Eust\u00e1quio\" \/>\n<meta property=\"og:description\" content=\"Ontem, dia 11 de fevereiro, quatro religiosos dos Sagrados Cora\u00e7\u00f5es (Edvaldo, Samuel, Vanildo e V\u00edtor), que terminaram os estudos teol\u00f3gicos, foram enviados em miss\u00e3o pastoral para as comunidades onde a Congrega\u00e7\u00e3o atua.\u00a0 A Santa Missa de envio foi realizada no Santu\u00e1rio da Sa\u00fade e Paz, em Belo Horizonte. Outros quatro irm\u00e3os continuar\u00e3o sua miss\u00e3o nas comunidades em que se encontram atualmente: o Ir. Gustavo, na Paroquia de F\u00e1tima, em Presidente Franco, no Paraguai; o Di\u00e1cono Jorge na Par\u00f3quia Santa Catarina no Paraguai, na grande Assun\u00e7\u00e3o; o Ir. Wanderson terminar\u00e1 seus estudos servindo \u00e0 comunidade Padre Eust\u00e1quio em Belo Horizonte e [&hellip;]\" \/>\n<meta property=\"og:url\" content=\"https:\/\/www.padreeustaquio.com.br\/en\/brothers-are-sent-to-the-apostolic-communities-of-the-sacred-hearts\/\" \/>\n<meta property=\"og:site_name\" content=\"Padre Eust\u00e1quio\" \/>\n<meta property=\"article:publisher\" content=\"https:\/\/www.facebook.com\/beatopadreeustaquio\/\" \/>\n<meta property=\"article:published_time\" content=\"2021-02-12T11:02:52+00:00\" \/>\n<meta property=\"og:image\" content=\"https:\/\/www.padreeustaquio.com.br\/wp-content\/uploads\/2021\/02\/Irm\u00e3os-dos-Sagrados-cora\u00e7\u00f5es.jpg\" \/>\n\t<meta property=\"og:image:width\" content=\"720\" \/>\n\t<meta property=\"og:image:height\" content=\"510\" \/>\n\t<meta property=\"og:image:type\" content=\"image\/jpeg\" \/>\n<meta name=\"author\" content=\"@sscc\" \/>\n<meta name=\"twitter:card\" content=\"summary_large_image\" \/>\n<meta name=\"twitter:creator\" content=\"@beatopeustaquio\" \/>\n<meta name=\"twitter:site\" content=\"@beatopeustaquio\" \/>\n<meta name=\"twitter:label1\" content=\"Written by\" \/>\n\t<meta name=\"twitter:data1\" content=\"@sscc\" \/>\n\t<meta name=\"twitter:label2\" content=\"Est. reading time\" \/>\n\t<meta name=\"twitter:data2\" content=\"2 minutes\" \/>\n<script type=\"application\/ld+json\" class=\"yoast-schema-graph\">{\"@context\":\"https:\/\/schema.org\",\"@graph\":[{\"@type\":\"Article\",\"@id\":\"https:\/\/www.padreeustaquio.com.br\/irmaos-sao-enviados-as-comunidades-apostolicas-dos-sagrados-coracoes\/#article\",\"isPartOf\":{\"@id\":\"https:\/\/www.padreeustaquio.com.br\/irmaos-sao-enviados-as-comunidades-apostolicas-dos-sagrados-coracoes\/\"},\"author\":{\"name\":\"@sscc\",\"@id\":\"https:\/\/www.padreeustaquio.com.br\/#\/schema\/person\/a2a51db1d00f1a7af0204a0f1ddb1566\"},\"headline\":\"Irm\u00e3os s\u00e3o enviados \u00e0s comunidades apost\u00f3licas dos Sagrados Cora\u00e7\u00f5es\",\"datePublished\":\"2021-02-12T11:02:52+00:00\",\"mainEntityOfPage\":{\"@id\":\"https:\/\/www.padreeustaquio.com.br\/irmaos-sao-enviados-as-comunidades-apostolicas-dos-sagrados-coracoes\/\"},\"wordCount\":315,\"commentCount\":0,\"publisher\":{\"@id\":\"https:\/\/www.padreeustaquio.com.br\/#organization\"},\"image\":{\"@id\":\"https:\/\/www.padreeustaquio.com.br\/irmaos-sao-enviados-as-comunidades-apostolicas-dos-sagrados-coracoes\/#primaryimage\"},\"thumbnailUrl\":\"https:\/\/www.padreeustaquio.com.br\/wp-content\/uploads\/2021\/02\/Irm\u00e3os-dos-Sagrados-cora\u00e7\u00f5es.jpg\",\"articleSection\":[\"Not\u00edcias\"],\"inLanguage\":\"en-US\",\"potentialAction\":[{\"@type\":\"CommentAction\",\"name\":\"Comment\",\"target\":[\"https:\/\/www.padreeustaquio.com.br\/irmaos-sao-enviados-as-comunidades-apostolicas-dos-sagrados-coracoes\/#respond\"]}]},{\"@type\":\"WebPage\",\"@id\":\"https:\/\/www.padreeustaquio.com.br\/irmaos-sao-enviados-as-comunidades-apostolicas-dos-sagrados-coracoes\/\",\"url\":\"https:\/\/www.padreeustaquio.com.br\/irmaos-sao-enviados-as-comunidades-apostolicas-dos-sagrados-coracoes\/\",\"name\":\"Irm\u00e3os s\u00e3o enviados \u00e0s comunidades apost\u00f3licas dos Sagrados Cora\u00e7\u00f5es - Padre Eust\u00e1quio\",\"isPartOf\":{\"@id\":\"https:\/\/www.padreeustaquio.com.br\/#website\"},\"primaryImageOfPage\":{\"@id\":\"https:\/\/www.padreeustaquio.com.br\/irmaos-sao-enviados-as-comunidades-apostolicas-dos-sagrados-coracoes\/#primaryimage\"},\"image\":{\"@id\":\"https:\/\/www.padreeustaquio.com.br\/irmaos-sao-enviados-as-comunidades-apostolicas-dos-sagrados-coracoes\/#primaryimage\"},\"thumbnailUrl\":\"https:\/\/www.padreeustaquio.com.br\/wp-content\/uploads\/2021\/02\/Irm\u00e3os-dos-Sagrados-cora\u00e7\u00f5es.jpg\",\"datePublished\":\"2021-02-12T11:02:52+00:00\",\"breadcrumb\":{\"@id\":\"https:\/\/www.padreeustaquio.com.br\/irmaos-sao-enviados-as-comunidades-apostolicas-dos-sagrados-coracoes\/#breadcrumb\"},\"inLanguage\":\"en-US\",\"potentialAction\":[{\"@type\":\"ReadAction\",\"target\":[\"https:\/\/www.padreeustaquio.com.br\/irmaos-sao-enviados-as-comunidades-apostolicas-dos-sagrados-coracoes\/\"]}]},{\"@type\":\"ImageObject\",\"inLanguage\":\"en-US\",\"@id\":\"https:\/\/www.padreeustaquio.com.br\/irmaos-sao-enviados-as-comunidades-apostolicas-dos-sagrados-coracoes\/#primaryimage\",\"url\":\"https:\/\/www.padreeustaquio.com.br\/wp-content\/uploads\/2021\/02\/Irm\u00e3os-dos-Sagrados-cora\u00e7\u00f5es.jpg\",\"contentUrl\":\"https:\/\/www.padreeustaquio.com.br\/wp-content\/uploads\/2021\/02\/Irm\u00e3os-dos-Sagrados-cora\u00e7\u00f5es.jpg\",\"width\":720,\"height\":510},{\"@type\":\"BreadcrumbList\",\"@id\":\"https:\/\/www.padreeustaquio.com.br\/irmaos-sao-enviados-as-comunidades-apostolicas-dos-sagrados-coracoes\/#breadcrumb\",\"itemListElement\":[{\"@type\":\"ListItem\",\"position\":1,\"name\":\"In\u00edcio\",\"item\":\"https:\/\/www.padreeustaquio.com.br\/\"},{\"@type\":\"ListItem\",\"position\":2,\"name\":\"Irm\u00e3os s\u00e3o enviados \u00e0s comunidades apost\u00f3licas dos Sagrados Cora\u00e7\u00f5es\"}]},{\"@type\":\"WebSite\",\"@id\":\"https:\/\/www.padreeustaquio.com.br\/#website\",\"url\":\"https:\/\/www.padreeustaquio.com.br\/\",\"name\":\"Padre Eust\u00e1quio\",\"description\":\"Sa\u00fade e Paz\",\"publisher\":{\"@id\":\"https:\/\/www.padreeustaquio.com.br\/#organization\"},\"potentialAction\":[{\"@type\":\"SearchAction\",\"target\":{\"@type\":\"EntryPoint\",\"urlTemplate\":\"https:\/\/www.padreeustaquio.com.br\/?s={search_term_string}\"},\"query-input\":{\"@type\":\"PropertyValueSpecification\",\"valueRequired\":true,\"valueName\":\"search_term_string\"}}],\"inLanguage\":\"en-US\"},{\"@type\":\"Organization\",\"@id\":\"https:\/\/www.padreeustaquio.com.br\/#organization\",\"name\":\"Padre Eust\u00e1quio\",\"url\":\"https:\/\/www.padreeustaquio.com.br\/\",\"logo\":{\"@type\":\"ImageObject\",\"inLanguage\":\"en-US\",\"@id\":\"https:\/\/www.padreeustaquio.com.br\/#\/schema\/logo\/image\/\",\"url\":\"https:\/\/www.padreeustaquio.com.br\/wp-content\/uploads\/2019\/08\/marca.png\",\"contentUrl\":\"https:\/\/www.padreeustaquio.com.br\/wp-content\/uploads\/2019\/08\/marca.png\",\"width\":350,\"height\":400,\"caption\":\"Padre Eust\u00e1quio\"},\"image\":{\"@id\":\"https:\/\/www.padreeustaquio.com.br\/#\/schema\/logo\/image\/\"},\"sameAs\":[\"https:\/\/www.facebook.com\/beatopadreeustaquio\/\",\"https:\/\/x.com\/beatopeustaquio\",\"https:\/\/www.instagram.com\/beatopadreeustaquio\/\",\"https:\/\/www.youtube.com\/channel\/UCRhw7vfabnajwLxb1ZXMeIw\"]},{\"@type\":\"Person\",\"@id\":\"https:\/\/www.padreeustaquio.com.br\/#\/schema\/person\/a2a51db1d00f1a7af0204a0f1ddb1566\",\"name\":\"@sscc\",\"image\":{\"@type\":\"ImageObject\",\"inLanguage\":\"en-US\",\"@id\":\"https:\/\/secure.gravatar.com\/avatar\/68cfafa5f44617fea54071e215026e0ff06be366c3d54a8425f04fdcb86f8c5f?s=96&d=mm&r=g\",\"url\":\"https:\/\/secure.gravatar.com\/avatar\/68cfafa5f44617fea54071e215026e0ff06be366c3d54a8425f04fdcb86f8c5f?s=96&d=mm&r=g\",\"contentUrl\":\"https:\/\/secure.gravatar.com\/avatar\/68cfafa5f44617fea54071e215026e0ff06be366c3d54a8425f04fdcb86f8c5f?s=96&d=mm&r=g\",\"caption\":\"@sscc\"},\"url\":\"https:\/\/www.padreeustaquio.com.br\/en\/author\/sscc\/\"}]}<\/script>\n<!-- \/ Yoast SEO plugin. -->","yoast_head_json":{"title":"Brothers are sent to the Apostolic Communities of the Sacred Hearts - Father Eustace","robots":{"index":"index","follow":"follow","max-snippet":"max-snippet:-1","max-image-preview":"max-image-preview:large","max-video-preview":"max-video-preview:-1"},"canonical":"https:\/\/www.padreeustaquio.com.br\/en\/brothers-are-sent-to-the-apostolic-communities-of-the-sacred-hearts\/","og_locale":"en_US","og_type":"article","og_title":"Irm\u00e3os s\u00e3o enviados \u00e0s comunidades apost\u00f3licas dos Sagrados Cora\u00e7\u00f5es - Padre Eust\u00e1quio","og_description":"Ontem, dia 11 de fevereiro, quatro religiosos dos Sagrados Cora\u00e7\u00f5es (Edvaldo, Samuel, Vanildo e V\u00edtor), que terminaram os estudos teol\u00f3gicos, foram enviados em miss\u00e3o pastoral para as comunidades onde a Congrega\u00e7\u00e3o atua.\u00a0 A Santa Missa de envio foi realizada no Santu\u00e1rio da Sa\u00fade e Paz, em Belo Horizonte. Outros quatro irm\u00e3os continuar\u00e3o sua miss\u00e3o nas comunidades em que se encontram atualmente: o Ir. Gustavo, na Paroquia de F\u00e1tima, em Presidente Franco, no Paraguai; o Di\u00e1cono Jorge na Par\u00f3quia Santa Catarina no Paraguai, na grande Assun\u00e7\u00e3o; o Ir. Wanderson terminar\u00e1 seus estudos servindo \u00e0 comunidade Padre Eust\u00e1quio em Belo Horizonte e [&hellip;]","og_url":"https:\/\/www.padreeustaquio.com.br\/en\/brothers-are-sent-to-the-apostolic-communities-of-the-sacred-hearts\/","og_site_name":"Padre Eust\u00e1quio","article_publisher":"https:\/\/www.facebook.com\/beatopadreeustaquio\/","article_published_time":"2021-02-12T11:02:52+00:00","og_image":[{"width":720,"height":510,"url":"https:\/\/www.padreeustaquio.com.br\/wp-content\/uploads\/2021\/02\/Irm\u00e3os-dos-Sagrados-cora\u00e7\u00f5es.jpg","type":"image\/jpeg"}],"author":"@sscc","twitter_card":"summary_large_image","twitter_creator":"@beatopeustaquio","twitter_site":"@beatopeustaquio","twitter_misc":{"Written by":"@sscc","Est. reading time":"2 minutes"},"schema":{"@context":"https:\/\/schema.org","@graph":[{"@type":"Article","@id":"https:\/\/www.padreeustaquio.com.br\/irmaos-sao-enviados-as-comunidades-apostolicas-dos-sagrados-coracoes\/#article","isPartOf":{"@id":"https:\/\/www.padreeustaquio.com.br\/irmaos-sao-enviados-as-comunidades-apostolicas-dos-sagrados-coracoes\/"},"author":{"name":"@sscc","@id":"https:\/\/www.padreeustaquio.com.br\/#\/schema\/person\/a2a51db1d00f1a7af0204a0f1ddb1566"},"headline":"Irm\u00e3os s\u00e3o enviados \u00e0s comunidades apost\u00f3licas dos Sagrados Cora\u00e7\u00f5es","datePublished":"2021-02-12T11:02:52+00:00","mainEntityOfPage":{"@id":"https:\/\/www.padreeustaquio.com.br\/irmaos-sao-enviados-as-comunidades-apostolicas-dos-sagrados-coracoes\/"},"wordCount":315,"commentCount":0,"publisher":{"@id":"https:\/\/www.padreeustaquio.com.br\/#organization"},"image":{"@id":"https:\/\/www.padreeustaquio.com.br\/irmaos-sao-enviados-as-comunidades-apostolicas-dos-sagrados-coracoes\/#primaryimage"},"thumbnailUrl":"https:\/\/www.padreeustaquio.com.br\/wp-content\/uploads\/2021\/02\/Irm\u00e3os-dos-Sagrados-cora\u00e7\u00f5es.jpg","articleSection":["Not\u00edcias"],"inLanguage":"en-US","potentialAction":[{"@type":"CommentAction","name":"Comment","target":["https:\/\/www.padreeustaquio.com.br\/irmaos-sao-enviados-as-comunidades-apostolicas-dos-sagrados-coracoes\/#respond"]}]},{"@type":"WebPage","@id":"https:\/\/www.padreeustaquio.com.br\/irmaos-sao-enviados-as-comunidades-apostolicas-dos-sagrados-coracoes\/","url":"https:\/\/www.padreeustaquio.com.br\/irmaos-sao-enviados-as-comunidades-apostolicas-dos-sagrados-coracoes\/","name":"Brothers are sent to the Apostolic Communities of the Sacred Hearts - Father Eustace","isPartOf":{"@id":"https:\/\/www.padreeustaquio.com.br\/#website"},"primaryImageOfPage":{"@id":"https:\/\/www.padreeustaquio.com.br\/irmaos-sao-enviados-as-comunidades-apostolicas-dos-sagrados-coracoes\/#primaryimage"},"image":{"@id":"https:\/\/www.padreeustaquio.com.br\/irmaos-sao-enviados-as-comunidades-apostolicas-dos-sagrados-coracoes\/#primaryimage"},"thumbnailUrl":"https:\/\/www.padreeustaquio.com.br\/wp-content\/uploads\/2021\/02\/Irm\u00e3os-dos-Sagrados-cora\u00e7\u00f5es.jpg","datePublished":"2021-02-12T11:02:52+00:00","breadcrumb":{"@id":"https:\/\/www.padreeustaquio.com.br\/irmaos-sao-enviados-as-comunidades-apostolicas-dos-sagrados-coracoes\/#breadcrumb"},"inLanguage":"en-US","potentialAction":[{"@type":"ReadAction","target":["https:\/\/www.padreeustaquio.com.br\/irmaos-sao-enviados-as-comunidades-apostolicas-dos-sagrados-coracoes\/"]}]},{"@type":"ImageObject","inLanguage":"en-US","@id":"https:\/\/www.padreeustaquio.com.br\/irmaos-sao-enviados-as-comunidades-apostolicas-dos-sagrados-coracoes\/#primaryimage","url":"https:\/\/www.padreeustaquio.com.br\/wp-content\/uploads\/2021\/02\/Irm\u00e3os-dos-Sagrados-cora\u00e7\u00f5es.jpg","contentUrl":"https:\/\/www.padreeustaquio.com.br\/wp-content\/uploads\/2021\/02\/Irm\u00e3os-dos-Sagrados-cora\u00e7\u00f5es.jpg","width":720,"height":510},{"@type":"BreadcrumbList","@id":"https:\/\/www.padreeustaquio.com.br\/irmaos-sao-enviados-as-comunidades-apostolicas-dos-sagrados-coracoes\/#breadcrumb","itemListElement":[{"@type":"ListItem","position":1,"name":"In\u00edcio","item":"https:\/\/www.padreeustaquio.com.br\/"},{"@type":"ListItem","position":2,"name":"Irm\u00e3os s\u00e3o enviados \u00e0s comunidades apost\u00f3licas dos Sagrados Cora\u00e7\u00f5es"}]},{"@type":"WebSite","@id":"https:\/\/www.padreeustaquio.com.br\/#website","url":"https:\/\/www.padreeustaquio.com.br\/","name":"FATHER EUST\u00c1QUIO","description":"Health and Peace","publisher":{"@id":"https:\/\/www.padreeustaquio.com.br\/#organization"},"potentialAction":[{"@type":"SearchAction","target":{"@type":"EntryPoint","urlTemplate":"https:\/\/www.padreeustaquio.com.br\/?s={search_term_string}"},"query-input":{"@type":"PropertyValueSpecification","valueRequired":true,"valueName":"search_term_string"}}],"inLanguage":"en-US"},{"@type":"Organization","@id":"https:\/\/www.padreeustaquio.com.br\/#organization","name":"FATHER EUST\u00c1QUIO","url":"https:\/\/www.padreeustaquio.com.br\/","logo":{"@type":"ImageObject","inLanguage":"en-US","@id":"https:\/\/www.padreeustaquio.com.br\/#\/schema\/logo\/image\/","url":"https:\/\/www.padreeustaquio.com.br\/wp-content\/uploads\/2019\/08\/marca.png","contentUrl":"https:\/\/www.padreeustaquio.com.br\/wp-content\/uploads\/2019\/08\/marca.png","width":350,"height":400,"caption":"Padre Eust\u00e1quio"},"image":{"@id":"https:\/\/www.padreeustaquio.com.br\/#\/schema\/logo\/image\/"},"sameAs":["https:\/\/www.facebook.com\/beatopadreeustaquio\/","https:\/\/x.com\/beatopeustaquio","https:\/\/www.instagram.com\/beatopadreeustaquio\/","https:\/\/www.youtube.com\/channel\/UCRhw7vfabnajwLxb1ZXMeIw"]},{"@type":"Person","@id":"https:\/\/www.padreeustaquio.com.br\/#\/schema\/person\/a2a51db1d00f1a7af0204a0f1ddb1566","name":"@sscc","image":{"@type":"ImageObject","inLanguage":"en-US","@id":"https:\/\/secure.gravatar.com\/avatar\/68cfafa5f44617fea54071e215026e0ff06be366c3d54a8425f04fdcb86f8c5f?s=96&d=mm&r=g","url":"https:\/\/secure.gravatar.com\/avatar\/68cfafa5f44617fea54071e215026e0ff06be366c3d54a8425f04fdcb86f8c5f?s=96&d=mm&r=g","contentUrl":"https:\/\/secure.gravatar.com\/avatar\/68cfafa5f44617fea54071e215026e0ff06be366c3d54a8425f04fdcb86f8c5f?s=96&d=mm&r=g","caption":"@sscc"},"url":"https:\/\/www.padreeustaquio.com.br\/en\/author\/sscc\/"}]}},"_links":{"self":[{"href":"https:\/\/www.padreeustaquio.com.br\/en\/wp-json\/wp\/v2\/posts\/5010","targetHints":{"allow":["GET"]}}],"collection":[{"href":"https:\/\/www.padreeustaquio.com.br\/en\/wp-json\/wp\/v2\/posts"}],"about":[{"href":"https:\/\/www.padreeustaquio.com.br\/en\/wp-json\/wp\/v2\/types\/post"}],"author":[{"embeddable":true,"href":"https:\/\/www.padreeustaquio.com.br\/en\/wp-json\/wp\/v2\/users\/2"}],"replies":[{"embeddable":true,"href":"https:\/\/www.padreeustaquio.com.br\/en\/wp-json\/wp\/v2\/comments?post=5010"}],"version-history":[{"count":0,"href":"https:\/\/www.padreeustaquio.com.br\/en\/wp-json\/wp\/v2\/posts\/5010\/revisions"}],"wp:featuredmedia":[{"embeddable":true,"href":"https:\/\/www.padreeustaquio.com.br\/en\/wp-json\/wp\/v2\/media\/5011"}],"wp:attachment":[{"href":"https:\/\/www.padreeustaquio.com.br\/en\/wp-json\/wp\/v2\/media?parent=5010"}],"wp:term":[{"taxonomy":"category","embeddable":true,"href":"https:\/\/www.padreeustaquio.com.br\/en\/wp-json\/wp\/v2\/categories?post=5010"},{"taxonomy":"post_tag","embeddable":true,"href":"https:\/\/www.padreeustaquio.com.br\/en\/wp-json\/wp\/v2\/tags?post=5010"}],"curies":[{"name":"wp","href":"https:\/\/api.w.org\/{rel}","templated":true}]}}