{"id":4999,"date":"2021-02-10T07:33:50","date_gmt":"2021-02-10T10:33:50","guid":{"rendered":"https:\/\/www.padreeustaquio.com.br\/?p=4999"},"modified":"2021-02-11T09:48:53","modified_gmt":"2021-02-11T12:48:53","slug":"father-eustaquios-belongings-are-cleaned-and-documented-in-belo-horizonte","status":"publish","type":"post","link":"https:\/\/www.padreeustaquio.com.br\/en\/father-eustaquios-belongings-are-cleaned-and-documented-in-belo-horizonte\/","title":{"rendered":"Objects that belonged to Father Eust\u00e1quio are cataloged in Belo Horizonte."},"content":{"rendered":"<p>The items that belonged to the Blessed One are being treated and cataloged. These are objects displayed in the small museum set up inside the Sanctuary of Health and Peace, and other belongings of Father Eust\u00e1quio, kept over the years under the responsibility of the Vice Postulation of the Cause in Brazil.<\/p>\n<div id=\"attachment_5002\" style=\"width: 310px\" class=\"wp-caption alignleft\"><img fetchpriority=\"high\" decoding=\"async\" aria-describedby=\"caption-attachment-5002\" class=\"size-medium wp-image-5002\" src=\"https:\/\/www.padreeustaquio.com.br\/wp-content\/uploads\/2021\/02\/Brevi\u00e1rio-de-Padre-Eust\u00e1quio-300x225.jpeg\" alt=\"Notebooks and the Bible used by Father Eust\u00e1quio are among the objects.\" width=\"300\" height=\"225\" srcset=\"https:\/\/www.padreeustaquio.com.br\/wp-content\/uploads\/2021\/02\/Brevi\u00e1rio-de-Padre-Eust\u00e1quio-300x225.jpeg 300w, https:\/\/www.padreeustaquio.com.br\/wp-content\/uploads\/2021\/02\/Brevi\u00e1rio-de-Padre-Eust\u00e1quio-768x576.jpeg 768w, https:\/\/www.padreeustaquio.com.br\/wp-content\/uploads\/2021\/02\/Brevi\u00e1rio-de-Padre-Eust\u00e1quio-1024x768.jpeg 1024w, https:\/\/www.padreeustaquio.com.br\/wp-content\/uploads\/2021\/02\/Brevi\u00e1rio-de-Padre-Eust\u00e1quio-180x135.jpeg 180w, https:\/\/www.padreeustaquio.com.br\/wp-content\/uploads\/2021\/02\/Brevi\u00e1rio-de-Padre-Eust\u00e1quio-400x300.jpeg 400w, https:\/\/www.padreeustaquio.com.br\/wp-content\/uploads\/2021\/02\/Brevi\u00e1rio-de-Padre-Eust\u00e1quio-600x450.jpeg 600w, https:\/\/www.padreeustaquio.com.br\/wp-content\/uploads\/2021\/02\/Brevi\u00e1rio-de-Padre-Eust\u00e1quio-800x600.jpeg 800w, https:\/\/www.padreeustaquio.com.br\/wp-content\/uploads\/2021\/02\/Brevi\u00e1rio-de-Padre-Eust\u00e1quio-1200x900.jpeg 1200w, https:\/\/www.padreeustaquio.com.br\/wp-content\/uploads\/2021\/02\/Brevi\u00e1rio-de-Padre-Eust\u00e1quio.jpeg 1280w\" sizes=\"(max-width: 300px) 100vw, 300px\" \/><p id=\"caption-attachment-5002\" class=\"wp-caption-text\">Notebooks and the Bible used by Father Eust\u00e1quio are among the objects.<\/p><\/div>\n<p>Two professionals specializing in the Conservation and Restoration of Movable Goods are working on the collection. In January alone, 94 objects were cleaned and documented, including 66 pieces of clothing.<\/p>\n<p>Cybele Nascimento Silva, who holds a Bachelor&#039;s degree in Conservation and Restoration of Movable Goods from UFMG and is currently pursuing a degree in Museology at UFOP, is one of the researchers carrying out the work. Cybele explains that she learned about the collection through a university colleague and decided to register the project under the Aldir Blanc Law. Once approved, they began work on January 12th.<\/p>\n<div id=\"attachment_5001\" style=\"width: 310px\" class=\"wp-caption alignright\"><img decoding=\"async\" aria-describedby=\"caption-attachment-5001\" class=\"size-medium wp-image-5001\" src=\"https:\/\/www.padreeustaquio.com.br\/wp-content\/uploads\/2021\/02\/Marcelino-e-os-cadernos-de-PE-300x225.jpeg\" alt=\"Father Eustace&#039;s prayer book (Breviary) has already gone through the process.\" width=\"300\" height=\"225\" srcset=\"https:\/\/www.padreeustaquio.com.br\/wp-content\/uploads\/2021\/02\/Marcelino-e-os-cadernos-de-PE-300x225.jpeg 300w, https:\/\/www.padreeustaquio.com.br\/wp-content\/uploads\/2021\/02\/Marcelino-e-os-cadernos-de-PE-768x576.jpeg 768w, https:\/\/www.padreeustaquio.com.br\/wp-content\/uploads\/2021\/02\/Marcelino-e-os-cadernos-de-PE-1024x768.jpeg 1024w, https:\/\/www.padreeustaquio.com.br\/wp-content\/uploads\/2021\/02\/Marcelino-e-os-cadernos-de-PE-180x135.jpeg 180w, https:\/\/www.padreeustaquio.com.br\/wp-content\/uploads\/2021\/02\/Marcelino-e-os-cadernos-de-PE-400x300.jpeg 400w, https:\/\/www.padreeustaquio.com.br\/wp-content\/uploads\/2021\/02\/Marcelino-e-os-cadernos-de-PE-600x450.jpeg 600w, https:\/\/www.padreeustaquio.com.br\/wp-content\/uploads\/2021\/02\/Marcelino-e-os-cadernos-de-PE-800x600.jpeg 800w, https:\/\/www.padreeustaquio.com.br\/wp-content\/uploads\/2021\/02\/Marcelino-e-os-cadernos-de-PE-1200x900.jpeg 1200w, https:\/\/www.padreeustaquio.com.br\/wp-content\/uploads\/2021\/02\/Marcelino-e-os-cadernos-de-PE.jpeg 1280w\" sizes=\"(max-width: 300px) 100vw, 300px\" \/><p id=\"caption-attachment-5001\" class=\"wp-caption-text\">Father Eustace&#039;s prayer book (Breviary) has already gone through the process.<\/p><\/div>\n<p>Marcelino Lopes is the other professional working on the project. Holding a Bachelor&#039;s degree in History from PUC Minas and a degree in Conservatorship and Restoration of Movable Goods from UFMG, he takes each piece, cleans it, researches all the information about it, photographs it, and then stores it in a way that preserves the object for as long as possible.<\/p>\n<p>Among the items are: books, notebooks with notes made by the priest, letters he received, various pieces of clothing, newspaper clippings that mentioned Father Eust\u00e1quio at the time, as well as sacred objects for the Blessed One&#039;s personal use.<\/p>\n<p>According to the vice-postulator of the Cause of Canonization, Father Vin\u00edcius Maciel, ss.cc., the work is very important to fulfill our mission of transmitting to future generations the memory and message of Father Eust\u00e1quio: \u201cIt is also very important to take care of his belongings which, in addition to their historical value, have great spiritual value, considered as relics because they belonged to a Blessed,\u201d concluded the religious.<\/p>\n<div id=\"attachment_5003\" style=\"width: 310px\" class=\"wp-caption alignleft\"><img decoding=\"async\" aria-describedby=\"caption-attachment-5003\" class=\"size-medium wp-image-5003\" src=\"https:\/\/www.padreeustaquio.com.br\/wp-content\/uploads\/2021\/02\/Acondicionando-materiais-300x225.jpeg\" alt=\"All items, after being cleaned and cataloged, are stored to prevent deterioration.\" width=\"300\" height=\"225\" srcset=\"https:\/\/www.padreeustaquio.com.br\/wp-content\/uploads\/2021\/02\/Acondicionando-materiais-300x225.jpeg 300w, https:\/\/www.padreeustaquio.com.br\/wp-content\/uploads\/2021\/02\/Acondicionando-materiais-768x576.jpeg 768w, https:\/\/www.padreeustaquio.com.br\/wp-content\/uploads\/2021\/02\/Acondicionando-materiais-1024x768.jpeg 1024w, https:\/\/www.padreeustaquio.com.br\/wp-content\/uploads\/2021\/02\/Acondicionando-materiais-180x135.jpeg 180w, https:\/\/www.padreeustaquio.com.br\/wp-content\/uploads\/2021\/02\/Acondicionando-materiais-400x300.jpeg 400w, https:\/\/www.padreeustaquio.com.br\/wp-content\/uploads\/2021\/02\/Acondicionando-materiais-600x450.jpeg 600w, https:\/\/www.padreeustaquio.com.br\/wp-content\/uploads\/2021\/02\/Acondicionando-materiais-800x600.jpeg 800w, https:\/\/www.padreeustaquio.com.br\/wp-content\/uploads\/2021\/02\/Acondicionando-materiais-1200x900.jpeg 1200w, https:\/\/www.padreeustaquio.com.br\/wp-content\/uploads\/2021\/02\/Acondicionando-materiais.jpeg 1280w\" sizes=\"(max-width: 300px) 100vw, 300px\" \/><p id=\"caption-attachment-5003\" class=\"wp-caption-text\">All items, after being cleaned and cataloged, are stored to prevent deterioration.<\/p><\/div>\n<p>The entire project aims at the recovery and conservation of the collection, as well as the research and verification that the items truly belonged to Father Eust\u00e1quio. Everything will be classified to guarantee future access, exhibition, and communication.<\/p>\n<p>However, since the project under the Aldir Blanc Law ends in March, the vice-presidential campaign is undertaking fundraising efforts to help support the professionals until the entire collection is cataloged. If you would like to help, simply... <a href=\"https:\/\/www.padreeustaquio.com.br\/en\/donate\/\">CLICK HERE<\/a>.<\/p>\n<p>The idea is to use all the materials to assemble the large Padre Eust\u00e1quio Museum, next to the church. The location already exists and so does the project, but it needs adaptations and renovations to become a cultural space. The actions also have the support of the community.<\/p>\n\n\t\t<style type=\"text\/css\">\n\t\t\t#gallery-1 {\n\t\t\t\tmargin: auto;\n\t\t\t}\n\t\t\t#gallery-1 .gallery-item {\n\t\t\t\tfloat: left;\n\t\t\t\tmargin-top: 10px;\n\t\t\t\ttext-align: center;\n\t\t\t\twidth: 33%;\n\t\t\t}\n\t\t\t#gallery-1 img {\n\t\t\t\tborder: 2px solid #cfcfcf;\n\t\t\t}\n\t\t\t#gallery-1 .gallery-caption {\n\t\t\t\tmargin-left: 0;\n\t\t\t}\n\t\t\t\/* see gallery_shortcode() in wp-includes\/media.php *\/\n\t\t<\/style>\n\t\t<div id='gallery-1' class='gallery galleryid-4999 gallery-columns-3 gallery-size-medium'><dl class='gallery-item'>\n\t\t\t<dt class='gallery-icon landscape'>\n\t\t\t\t<a href='https:\/\/www.padreeustaquio.com.br\/en\/father-eustaquios-belongings-are-cleaned-and-documented-in-belo-horizonte\/livros-cintos-e-sapatos-de-pe\/'><img loading=\"lazy\" decoding=\"async\" width=\"300\" height=\"225\" src=\"https:\/\/www.padreeustaquio.com.br\/wp-content\/uploads\/2021\/02\/Livros-cintos-e-sapatos-de-PE-300x225.jpeg\" class=\"attachment-medium size-medium\" alt=\"\" aria-describedby=\"gallery-1-5004\" srcset=\"https:\/\/www.padreeustaquio.com.br\/wp-content\/uploads\/2021\/02\/Livros-cintos-e-sapatos-de-PE-300x225.jpeg 300w, https:\/\/www.padreeustaquio.com.br\/wp-content\/uploads\/2021\/02\/Livros-cintos-e-sapatos-de-PE-768x576.jpeg 768w, https:\/\/www.padreeustaquio.com.br\/wp-content\/uploads\/2021\/02\/Livros-cintos-e-sapatos-de-PE-1024x768.jpeg 1024w, https:\/\/www.padreeustaquio.com.br\/wp-content\/uploads\/2021\/02\/Livros-cintos-e-sapatos-de-PE-180x135.jpeg 180w, https:\/\/www.padreeustaquio.com.br\/wp-content\/uploads\/2021\/02\/Livros-cintos-e-sapatos-de-PE-400x300.jpeg 400w, https:\/\/www.padreeustaquio.com.br\/wp-content\/uploads\/2021\/02\/Livros-cintos-e-sapatos-de-PE-600x450.jpeg 600w, https:\/\/www.padreeustaquio.com.br\/wp-content\/uploads\/2021\/02\/Livros-cintos-e-sapatos-de-PE-800x600.jpeg 800w, https:\/\/www.padreeustaquio.com.br\/wp-content\/uploads\/2021\/02\/Livros-cintos-e-sapatos-de-PE-1200x900.jpeg 1200w, https:\/\/www.padreeustaquio.com.br\/wp-content\/uploads\/2021\/02\/Livros-cintos-e-sapatos-de-PE.jpeg 1280w\" sizes=\"(max-width: 300px) 100vw, 300px\" \/><\/a>\n\t\t\t<\/dt>\n\t\t\t\t<dd class='wp-caption-text gallery-caption' id='gallery-1-5004'>\n\t\t\t\tBooks, belts and shoes that belonged to the Dutchman\n\t\t\t\t<\/dd><\/dl><dl class='gallery-item'>\n\t\t\t<dt class='gallery-icon landscape'>\n\t\t\t\t<a href='https:\/\/www.padreeustaquio.com.br\/en\/father-eustaquios-belongings-are-cleaned-and-documented-in-belo-horizonte\/roupa-de-pe\/'><img loading=\"lazy\" decoding=\"async\" width=\"300\" height=\"225\" src=\"https:\/\/www.padreeustaquio.com.br\/wp-content\/uploads\/2021\/02\/Roupa-de-PE-300x225.jpeg\" class=\"attachment-medium size-medium\" alt=\"\" aria-describedby=\"gallery-1-5005\" srcset=\"https:\/\/www.padreeustaquio.com.br\/wp-content\/uploads\/2021\/02\/Roupa-de-PE-300x225.jpeg 300w, https:\/\/www.padreeustaquio.com.br\/wp-content\/uploads\/2021\/02\/Roupa-de-PE-768x576.jpeg 768w, https:\/\/www.padreeustaquio.com.br\/wp-content\/uploads\/2021\/02\/Roupa-de-PE-1024x768.jpeg 1024w, https:\/\/www.padreeustaquio.com.br\/wp-content\/uploads\/2021\/02\/Roupa-de-PE-180x135.jpeg 180w, https:\/\/www.padreeustaquio.com.br\/wp-content\/uploads\/2021\/02\/Roupa-de-PE-400x300.jpeg 400w, https:\/\/www.padreeustaquio.com.br\/wp-content\/uploads\/2021\/02\/Roupa-de-PE-600x450.jpeg 600w, https:\/\/www.padreeustaquio.com.br\/wp-content\/uploads\/2021\/02\/Roupa-de-PE-800x600.jpeg 800w, https:\/\/www.padreeustaquio.com.br\/wp-content\/uploads\/2021\/02\/Roupa-de-PE-1200x900.jpeg 1200w, https:\/\/www.padreeustaquio.com.br\/wp-content\/uploads\/2021\/02\/Roupa-de-PE.jpeg 1280w\" sizes=\"(max-width: 300px) 100vw, 300px\" \/><\/a>\n\t\t\t<\/dt>\n\t\t\t\t<dd class='wp-caption-text gallery-caption' id='gallery-1-5005'>\n\t\t\t\tBlack cassock: a rarity that belonged to Father Eust\u00e1quio\n\t\t\t\t<\/dd><\/dl><dl class='gallery-item'>\n\t\t\t<dt class='gallery-icon landscape'>\n\t\t\t\t<a href='https:\/\/www.padreeustaquio.com.br\/en\/father-eustaquios-belongings-are-cleaned-and-documented-in-belo-horizonte\/roupas-de-padre-eustaquio\/'><img loading=\"lazy\" decoding=\"async\" width=\"300\" height=\"225\" src=\"https:\/\/www.padreeustaquio.com.br\/wp-content\/uploads\/2021\/02\/Roupas-de-Padre-Eust\u00e1quio-300x225.jpeg\" class=\"attachment-medium size-medium\" alt=\"\" aria-describedby=\"gallery-1-5006\" srcset=\"https:\/\/www.padreeustaquio.com.br\/wp-content\/uploads\/2021\/02\/Roupas-de-Padre-Eust\u00e1quio-300x225.jpeg 300w, https:\/\/www.padreeustaquio.com.br\/wp-content\/uploads\/2021\/02\/Roupas-de-Padre-Eust\u00e1quio-768x576.jpeg 768w, https:\/\/www.padreeustaquio.com.br\/wp-content\/uploads\/2021\/02\/Roupas-de-Padre-Eust\u00e1quio-1024x768.jpeg 1024w, https:\/\/www.padreeustaquio.com.br\/wp-content\/uploads\/2021\/02\/Roupas-de-Padre-Eust\u00e1quio-180x135.jpeg 180w, https:\/\/www.padreeustaquio.com.br\/wp-content\/uploads\/2021\/02\/Roupas-de-Padre-Eust\u00e1quio-400x300.jpeg 400w, https:\/\/www.padreeustaquio.com.br\/wp-content\/uploads\/2021\/02\/Roupas-de-Padre-Eust\u00e1quio-600x450.jpeg 600w, https:\/\/www.padreeustaquio.com.br\/wp-content\/uploads\/2021\/02\/Roupas-de-Padre-Eust\u00e1quio-800x600.jpeg 800w, https:\/\/www.padreeustaquio.com.br\/wp-content\/uploads\/2021\/02\/Roupas-de-Padre-Eust\u00e1quio-1200x900.jpeg 1200w, https:\/\/www.padreeustaquio.com.br\/wp-content\/uploads\/2021\/02\/Roupas-de-Padre-Eust\u00e1quio.jpeg 1280w\" sizes=\"(max-width: 300px) 100vw, 300px\" \/><\/a>\n\t\t\t<\/dt>\n\t\t\t\t<dd class='wp-caption-text gallery-caption' id='gallery-1-5006'>\n\t\t\t\tThe religious figure&#039;s initials were found on some pieces of clothing.\n\t\t\t\t<\/dd><\/dl><br style=\"clear: both\" \/>\n\t\t<\/div>","protected":false},"excerpt":{"rendered":"<p>Os materiais que pertenceram ao Bem-Aventurado est\u00e3o recebendo tratamento e cataloga\u00e7\u00e3o. S\u00e3o objetos expostos no pequeno museu montado dentro do Santu\u00e1rio da Sa\u00fade e Paz e outros pertences de Padre Eust\u00e1quio, guardados ao longo dos anos sob a responsabilidade da Vice Postula\u00e7\u00e3o da Causa no Brasil. Dois profissionais da Conserva\u00e7\u00e3o e Restauro de Bens M\u00f3veis est\u00e3o trabalhando no acervo. Somente no m\u00eas de Janeiro 94 objetos foram higienizados e documentados, dentre eles 66 pe\u00e7as de roupas. Bacharel em Conserva\u00e7\u00e3o e Restaura\u00e7\u00e3o de Bens M\u00f3veis pela UFMG e Graduanda em Museologia pela UFOP, Cybele Nascimento Silva \u00e9 uma das pesquisadoras que [&hellip;]<\/p>\n","protected":false},"author":2,"featured_media":5000,"comment_status":"open","ping_status":"open","sticky":false,"template":"","format":"standard","meta":{"_acf_changed":false,"footnotes":""},"categories":[611],"tags":[],"class_list":["post-4999","post","type-post","status-publish","format-standard","has-post-thumbnail","hentry","category-noticias"],"acf":[],"yoast_head":"<!-- This site is optimized with the Yoast SEO plugin v27.2 - https:\/\/yoast.com\/product\/yoast-seo-wordpress\/ -->\n<title>Objetos que pertenceram a Padre Eust\u00e1quio s\u00e3o catalogados em Belo Horizonte - Padre Eust\u00e1quio<\/title>\n<meta name=\"robots\" content=\"index, follow, max-snippet:-1, max-image-preview:large, max-video-preview:-1\" \/>\n<link rel=\"canonical\" href=\"https:\/\/www.padreeustaquio.com.br\/en\/father-eustaquios-belongings-are-cleaned-and-documented-in-belo-horizonte\/\" \/>\n<meta property=\"og:locale\" content=\"en_US\" \/>\n<meta property=\"og:type\" content=\"article\" \/>\n<meta property=\"og:title\" content=\"Objetos que pertenceram a Padre Eust\u00e1quio s\u00e3o catalogados em Belo Horizonte - Padre Eust\u00e1quio\" \/>\n<meta property=\"og:description\" content=\"Os materiais que pertenceram ao Bem-Aventurado est\u00e3o recebendo tratamento e cataloga\u00e7\u00e3o. S\u00e3o objetos expostos no pequeno museu montado dentro do Santu\u00e1rio da Sa\u00fade e Paz e outros pertences de Padre Eust\u00e1quio, guardados ao longo dos anos sob a responsabilidade da Vice Postula\u00e7\u00e3o da Causa no Brasil. Dois profissionais da Conserva\u00e7\u00e3o e Restauro de Bens M\u00f3veis est\u00e3o trabalhando no acervo. Somente no m\u00eas de Janeiro 94 objetos foram higienizados e documentados, dentre eles 66 pe\u00e7as de roupas. Bacharel em Conserva\u00e7\u00e3o e Restaura\u00e7\u00e3o de Bens M\u00f3veis pela UFMG e Graduanda em Museologia pela UFOP, Cybele Nascimento Silva \u00e9 uma das pesquisadoras que [&hellip;]\" \/>\n<meta property=\"og:url\" content=\"https:\/\/www.padreeustaquio.com.br\/en\/father-eustaquios-belongings-are-cleaned-and-documented-in-belo-horizonte\/\" \/>\n<meta property=\"og:site_name\" content=\"Padre Eust\u00e1quio\" \/>\n<meta property=\"article:publisher\" content=\"https:\/\/www.facebook.com\/beatopadreeustaquio\/\" \/>\n<meta property=\"article:published_time\" content=\"2021-02-10T10:33:50+00:00\" \/>\n<meta property=\"article:modified_time\" content=\"2021-02-11T12:48:53+00:00\" \/>\n<meta property=\"og:image\" content=\"https:\/\/www.padreeustaquio.com.br\/wp-content\/uploads\/2021\/02\/Higieniza\u00e7\u00e3o-Cybele-e1612997654420.jpeg\" \/>\n\t<meta property=\"og:image:width\" content=\"1276\" \/>\n\t<meta property=\"og:image:height\" content=\"646\" \/>\n\t<meta property=\"og:image:type\" content=\"image\/jpeg\" \/>\n<meta name=\"author\" content=\"@sscc\" \/>\n<meta name=\"twitter:card\" content=\"summary_large_image\" \/>\n<meta name=\"twitter:creator\" content=\"@beatopeustaquio\" \/>\n<meta name=\"twitter:site\" content=\"@beatopeustaquio\" \/>\n<meta name=\"twitter:label1\" content=\"Written by\" \/>\n\t<meta name=\"twitter:data1\" content=\"@sscc\" \/>\n\t<meta name=\"twitter:label2\" content=\"Est. reading time\" \/>\n\t<meta name=\"twitter:data2\" content=\"3 minutes\" \/>\n<script type=\"application\/ld+json\" class=\"yoast-schema-graph\">{\"@context\":\"https:\/\/schema.org\",\"@graph\":[{\"@type\":\"Article\",\"@id\":\"https:\/\/www.padreeustaquio.com.br\/pertences-de-padre-eustaquio-sao-higienizados-e-documentados-em-belo-horizonte\/#article\",\"isPartOf\":{\"@id\":\"https:\/\/www.padreeustaquio.com.br\/pertences-de-padre-eustaquio-sao-higienizados-e-documentados-em-belo-horizonte\/\"},\"author\":{\"name\":\"@sscc\",\"@id\":\"https:\/\/www.padreeustaquio.com.br\/#\/schema\/person\/a2a51db1d00f1a7af0204a0f1ddb1566\"},\"headline\":\"Objetos que pertenceram a Padre Eust\u00e1quio s\u00e3o catalogados em Belo Horizonte\",\"datePublished\":\"2021-02-10T10:33:50+00:00\",\"dateModified\":\"2021-02-11T12:48:53+00:00\",\"mainEntityOfPage\":{\"@id\":\"https:\/\/www.padreeustaquio.com.br\/pertences-de-padre-eustaquio-sao-higienizados-e-documentados-em-belo-horizonte\/\"},\"wordCount\":544,\"commentCount\":0,\"publisher\":{\"@id\":\"https:\/\/www.padreeustaquio.com.br\/#organization\"},\"image\":{\"@id\":\"https:\/\/www.padreeustaquio.com.br\/pertences-de-padre-eustaquio-sao-higienizados-e-documentados-em-belo-horizonte\/#primaryimage\"},\"thumbnailUrl\":\"https:\/\/www.padreeustaquio.com.br\/wp-content\/uploads\/2021\/02\/Higieniza\u00e7\u00e3o-Cybele-e1612997654420.jpeg\",\"articleSection\":[\"Not\u00edcias\"],\"inLanguage\":\"en-US\",\"potentialAction\":[{\"@type\":\"CommentAction\",\"name\":\"Comment\",\"target\":[\"https:\/\/www.padreeustaquio.com.br\/pertences-de-padre-eustaquio-sao-higienizados-e-documentados-em-belo-horizonte\/#respond\"]}]},{\"@type\":\"WebPage\",\"@id\":\"https:\/\/www.padreeustaquio.com.br\/pertences-de-padre-eustaquio-sao-higienizados-e-documentados-em-belo-horizonte\/\",\"url\":\"https:\/\/www.padreeustaquio.com.br\/pertences-de-padre-eustaquio-sao-higienizados-e-documentados-em-belo-horizonte\/\",\"name\":\"Objetos que pertenceram a Padre Eust\u00e1quio s\u00e3o catalogados em Belo Horizonte - Padre Eust\u00e1quio\",\"isPartOf\":{\"@id\":\"https:\/\/www.padreeustaquio.com.br\/#website\"},\"primaryImageOfPage\":{\"@id\":\"https:\/\/www.padreeustaquio.com.br\/pertences-de-padre-eustaquio-sao-higienizados-e-documentados-em-belo-horizonte\/#primaryimage\"},\"image\":{\"@id\":\"https:\/\/www.padreeustaquio.com.br\/pertences-de-padre-eustaquio-sao-higienizados-e-documentados-em-belo-horizonte\/#primaryimage\"},\"thumbnailUrl\":\"https:\/\/www.padreeustaquio.com.br\/wp-content\/uploads\/2021\/02\/Higieniza\u00e7\u00e3o-Cybele-e1612997654420.jpeg\",\"datePublished\":\"2021-02-10T10:33:50+00:00\",\"dateModified\":\"2021-02-11T12:48:53+00:00\",\"breadcrumb\":{\"@id\":\"https:\/\/www.padreeustaquio.com.br\/pertences-de-padre-eustaquio-sao-higienizados-e-documentados-em-belo-horizonte\/#breadcrumb\"},\"inLanguage\":\"en-US\",\"potentialAction\":[{\"@type\":\"ReadAction\",\"target\":[\"https:\/\/www.padreeustaquio.com.br\/pertences-de-padre-eustaquio-sao-higienizados-e-documentados-em-belo-horizonte\/\"]}]},{\"@type\":\"ImageObject\",\"inLanguage\":\"en-US\",\"@id\":\"https:\/\/www.padreeustaquio.com.br\/pertences-de-padre-eustaquio-sao-higienizados-e-documentados-em-belo-horizonte\/#primaryimage\",\"url\":\"https:\/\/www.padreeustaquio.com.br\/wp-content\/uploads\/2021\/02\/Higieniza\u00e7\u00e3o-Cybele-e1612997654420.jpeg\",\"contentUrl\":\"https:\/\/www.padreeustaquio.com.br\/wp-content\/uploads\/2021\/02\/Higieniza\u00e7\u00e3o-Cybele-e1612997654420.jpeg\",\"width\":1276,\"height\":646,\"caption\":\"O trabalho dos pesquisadores ocupa um dos sal\u00f5es do Santu\u00e1rio da Sa\u00fade e Paz, em BH.\"},{\"@type\":\"BreadcrumbList\",\"@id\":\"https:\/\/www.padreeustaquio.com.br\/pertences-de-padre-eustaquio-sao-higienizados-e-documentados-em-belo-horizonte\/#breadcrumb\",\"itemListElement\":[{\"@type\":\"ListItem\",\"position\":1,\"name\":\"In\u00edcio\",\"item\":\"https:\/\/www.padreeustaquio.com.br\/\"},{\"@type\":\"ListItem\",\"position\":2,\"name\":\"Objetos que pertenceram a Padre Eust\u00e1quio s\u00e3o catalogados em Belo Horizonte\"}]},{\"@type\":\"WebSite\",\"@id\":\"https:\/\/www.padreeustaquio.com.br\/#website\",\"url\":\"https:\/\/www.padreeustaquio.com.br\/\",\"name\":\"Padre Eust\u00e1quio\",\"description\":\"Sa\u00fade e Paz\",\"publisher\":{\"@id\":\"https:\/\/www.padreeustaquio.com.br\/#organization\"},\"potentialAction\":[{\"@type\":\"SearchAction\",\"target\":{\"@type\":\"EntryPoint\",\"urlTemplate\":\"https:\/\/www.padreeustaquio.com.br\/?s={search_term_string}\"},\"query-input\":{\"@type\":\"PropertyValueSpecification\",\"valueRequired\":true,\"valueName\":\"search_term_string\"}}],\"inLanguage\":\"en-US\"},{\"@type\":\"Organization\",\"@id\":\"https:\/\/www.padreeustaquio.com.br\/#organization\",\"name\":\"Padre Eust\u00e1quio\",\"url\":\"https:\/\/www.padreeustaquio.com.br\/\",\"logo\":{\"@type\":\"ImageObject\",\"inLanguage\":\"en-US\",\"@id\":\"https:\/\/www.padreeustaquio.com.br\/#\/schema\/logo\/image\/\",\"url\":\"https:\/\/www.padreeustaquio.com.br\/wp-content\/uploads\/2019\/08\/marca.png\",\"contentUrl\":\"https:\/\/www.padreeustaquio.com.br\/wp-content\/uploads\/2019\/08\/marca.png\",\"width\":350,\"height\":400,\"caption\":\"Padre Eust\u00e1quio\"},\"image\":{\"@id\":\"https:\/\/www.padreeustaquio.com.br\/#\/schema\/logo\/image\/\"},\"sameAs\":[\"https:\/\/www.facebook.com\/beatopadreeustaquio\/\",\"https:\/\/x.com\/beatopeustaquio\",\"https:\/\/www.instagram.com\/beatopadreeustaquio\/\",\"https:\/\/www.youtube.com\/channel\/UCRhw7vfabnajwLxb1ZXMeIw\"]},{\"@type\":\"Person\",\"@id\":\"https:\/\/www.padreeustaquio.com.br\/#\/schema\/person\/a2a51db1d00f1a7af0204a0f1ddb1566\",\"name\":\"@sscc\",\"image\":{\"@type\":\"ImageObject\",\"inLanguage\":\"en-US\",\"@id\":\"https:\/\/secure.gravatar.com\/avatar\/68cfafa5f44617fea54071e215026e0ff06be366c3d54a8425f04fdcb86f8c5f?s=96&d=mm&r=g\",\"url\":\"https:\/\/secure.gravatar.com\/avatar\/68cfafa5f44617fea54071e215026e0ff06be366c3d54a8425f04fdcb86f8c5f?s=96&d=mm&r=g\",\"contentUrl\":\"https:\/\/secure.gravatar.com\/avatar\/68cfafa5f44617fea54071e215026e0ff06be366c3d54a8425f04fdcb86f8c5f?s=96&d=mm&r=g\",\"caption\":\"@sscc\"},\"url\":\"https:\/\/www.padreeustaquio.com.br\/en\/author\/sscc\/\"}]}<\/script>\n<!-- \/ Yoast SEO plugin. -->","yoast_head_json":{"title":"Objects that belonged to Father Eust\u00e1quio are cataloged in Belo Horizonte - Father Eust\u00e1quio","robots":{"index":"index","follow":"follow","max-snippet":"max-snippet:-1","max-image-preview":"max-image-preview:large","max-video-preview":"max-video-preview:-1"},"canonical":"https:\/\/www.padreeustaquio.com.br\/en\/father-eustaquios-belongings-are-cleaned-and-documented-in-belo-horizonte\/","og_locale":"en_US","og_type":"article","og_title":"Objetos que pertenceram a Padre Eust\u00e1quio s\u00e3o catalogados em Belo Horizonte - Padre Eust\u00e1quio","og_description":"Os materiais que pertenceram ao Bem-Aventurado est\u00e3o recebendo tratamento e cataloga\u00e7\u00e3o. S\u00e3o objetos expostos no pequeno museu montado dentro do Santu\u00e1rio da Sa\u00fade e Paz e outros pertences de Padre Eust\u00e1quio, guardados ao longo dos anos sob a responsabilidade da Vice Postula\u00e7\u00e3o da Causa no Brasil. Dois profissionais da Conserva\u00e7\u00e3o e Restauro de Bens M\u00f3veis est\u00e3o trabalhando no acervo. Somente no m\u00eas de Janeiro 94 objetos foram higienizados e documentados, dentre eles 66 pe\u00e7as de roupas. Bacharel em Conserva\u00e7\u00e3o e Restaura\u00e7\u00e3o de Bens M\u00f3veis pela UFMG e Graduanda em Museologia pela UFOP, Cybele Nascimento Silva \u00e9 uma das pesquisadoras que [&hellip;]","og_url":"https:\/\/www.padreeustaquio.com.br\/en\/father-eustaquios-belongings-are-cleaned-and-documented-in-belo-horizonte\/","og_site_name":"Padre Eust\u00e1quio","article_publisher":"https:\/\/www.facebook.com\/beatopadreeustaquio\/","article_published_time":"2021-02-10T10:33:50+00:00","article_modified_time":"2021-02-11T12:48:53+00:00","og_image":[{"width":1276,"height":646,"url":"https:\/\/www.padreeustaquio.com.br\/wp-content\/uploads\/2021\/02\/Higieniza\u00e7\u00e3o-Cybele-e1612997654420.jpeg","type":"image\/jpeg"}],"author":"@sscc","twitter_card":"summary_large_image","twitter_creator":"@beatopeustaquio","twitter_site":"@beatopeustaquio","twitter_misc":{"Written by":"@sscc","Est. reading time":"3 minutes"},"schema":{"@context":"https:\/\/schema.org","@graph":[{"@type":"Article","@id":"https:\/\/www.padreeustaquio.com.br\/pertences-de-padre-eustaquio-sao-higienizados-e-documentados-em-belo-horizonte\/#article","isPartOf":{"@id":"https:\/\/www.padreeustaquio.com.br\/pertences-de-padre-eustaquio-sao-higienizados-e-documentados-em-belo-horizonte\/"},"author":{"name":"@sscc","@id":"https:\/\/www.padreeustaquio.com.br\/#\/schema\/person\/a2a51db1d00f1a7af0204a0f1ddb1566"},"headline":"Objetos que pertenceram a Padre Eust\u00e1quio s\u00e3o catalogados em Belo Horizonte","datePublished":"2021-02-10T10:33:50+00:00","dateModified":"2021-02-11T12:48:53+00:00","mainEntityOfPage":{"@id":"https:\/\/www.padreeustaquio.com.br\/pertences-de-padre-eustaquio-sao-higienizados-e-documentados-em-belo-horizonte\/"},"wordCount":544,"commentCount":0,"publisher":{"@id":"https:\/\/www.padreeustaquio.com.br\/#organization"},"image":{"@id":"https:\/\/www.padreeustaquio.com.br\/pertences-de-padre-eustaquio-sao-higienizados-e-documentados-em-belo-horizonte\/#primaryimage"},"thumbnailUrl":"https:\/\/www.padreeustaquio.com.br\/wp-content\/uploads\/2021\/02\/Higieniza\u00e7\u00e3o-Cybele-e1612997654420.jpeg","articleSection":["Not\u00edcias"],"inLanguage":"en-US","potentialAction":[{"@type":"CommentAction","name":"Comment","target":["https:\/\/www.padreeustaquio.com.br\/pertences-de-padre-eustaquio-sao-higienizados-e-documentados-em-belo-horizonte\/#respond"]}]},{"@type":"WebPage","@id":"https:\/\/www.padreeustaquio.com.br\/pertences-de-padre-eustaquio-sao-higienizados-e-documentados-em-belo-horizonte\/","url":"https:\/\/www.padreeustaquio.com.br\/pertences-de-padre-eustaquio-sao-higienizados-e-documentados-em-belo-horizonte\/","name":"Objects that belonged to Father Eust\u00e1quio are cataloged in Belo Horizonte - Father Eust\u00e1quio","isPartOf":{"@id":"https:\/\/www.padreeustaquio.com.br\/#website"},"primaryImageOfPage":{"@id":"https:\/\/www.padreeustaquio.com.br\/pertences-de-padre-eustaquio-sao-higienizados-e-documentados-em-belo-horizonte\/#primaryimage"},"image":{"@id":"https:\/\/www.padreeustaquio.com.br\/pertences-de-padre-eustaquio-sao-higienizados-e-documentados-em-belo-horizonte\/#primaryimage"},"thumbnailUrl":"https:\/\/www.padreeustaquio.com.br\/wp-content\/uploads\/2021\/02\/Higieniza\u00e7\u00e3o-Cybele-e1612997654420.jpeg","datePublished":"2021-02-10T10:33:50+00:00","dateModified":"2021-02-11T12:48:53+00:00","breadcrumb":{"@id":"https:\/\/www.padreeustaquio.com.br\/pertences-de-padre-eustaquio-sao-higienizados-e-documentados-em-belo-horizonte\/#breadcrumb"},"inLanguage":"en-US","potentialAction":[{"@type":"ReadAction","target":["https:\/\/www.padreeustaquio.com.br\/pertences-de-padre-eustaquio-sao-higienizados-e-documentados-em-belo-horizonte\/"]}]},{"@type":"ImageObject","inLanguage":"en-US","@id":"https:\/\/www.padreeustaquio.com.br\/pertences-de-padre-eustaquio-sao-higienizados-e-documentados-em-belo-horizonte\/#primaryimage","url":"https:\/\/www.padreeustaquio.com.br\/wp-content\/uploads\/2021\/02\/Higieniza\u00e7\u00e3o-Cybele-e1612997654420.jpeg","contentUrl":"https:\/\/www.padreeustaquio.com.br\/wp-content\/uploads\/2021\/02\/Higieniza\u00e7\u00e3o-Cybele-e1612997654420.jpeg","width":1276,"height":646,"caption":"O trabalho dos pesquisadores ocupa um dos sal\u00f5es do Santu\u00e1rio da Sa\u00fade e Paz, em BH."},{"@type":"BreadcrumbList","@id":"https:\/\/www.padreeustaquio.com.br\/pertences-de-padre-eustaquio-sao-higienizados-e-documentados-em-belo-horizonte\/#breadcrumb","itemListElement":[{"@type":"ListItem","position":1,"name":"In\u00edcio","item":"https:\/\/www.padreeustaquio.com.br\/"},{"@type":"ListItem","position":2,"name":"Objetos que pertenceram a Padre Eust\u00e1quio s\u00e3o catalogados em Belo Horizonte"}]},{"@type":"WebSite","@id":"https:\/\/www.padreeustaquio.com.br\/#website","url":"https:\/\/www.padreeustaquio.com.br\/","name":"FATHER EUST\u00c1QUIO","description":"Health and Peace","publisher":{"@id":"https:\/\/www.padreeustaquio.com.br\/#organization"},"potentialAction":[{"@type":"SearchAction","target":{"@type":"EntryPoint","urlTemplate":"https:\/\/www.padreeustaquio.com.br\/?s={search_term_string}"},"query-input":{"@type":"PropertyValueSpecification","valueRequired":true,"valueName":"search_term_string"}}],"inLanguage":"en-US"},{"@type":"Organization","@id":"https:\/\/www.padreeustaquio.com.br\/#organization","name":"FATHER EUST\u00c1QUIO","url":"https:\/\/www.padreeustaquio.com.br\/","logo":{"@type":"ImageObject","inLanguage":"en-US","@id":"https:\/\/www.padreeustaquio.com.br\/#\/schema\/logo\/image\/","url":"https:\/\/www.padreeustaquio.com.br\/wp-content\/uploads\/2019\/08\/marca.png","contentUrl":"https:\/\/www.padreeustaquio.com.br\/wp-content\/uploads\/2019\/08\/marca.png","width":350,"height":400,"caption":"Padre Eust\u00e1quio"},"image":{"@id":"https:\/\/www.padreeustaquio.com.br\/#\/schema\/logo\/image\/"},"sameAs":["https:\/\/www.facebook.com\/beatopadreeustaquio\/","https:\/\/x.com\/beatopeustaquio","https:\/\/www.instagram.com\/beatopadreeustaquio\/","https:\/\/www.youtube.com\/channel\/UCRhw7vfabnajwLxb1ZXMeIw"]},{"@type":"Person","@id":"https:\/\/www.padreeustaquio.com.br\/#\/schema\/person\/a2a51db1d00f1a7af0204a0f1ddb1566","name":"@sscc","image":{"@type":"ImageObject","inLanguage":"en-US","@id":"https:\/\/secure.gravatar.com\/avatar\/68cfafa5f44617fea54071e215026e0ff06be366c3d54a8425f04fdcb86f8c5f?s=96&d=mm&r=g","url":"https:\/\/secure.gravatar.com\/avatar\/68cfafa5f44617fea54071e215026e0ff06be366c3d54a8425f04fdcb86f8c5f?s=96&d=mm&r=g","contentUrl":"https:\/\/secure.gravatar.com\/avatar\/68cfafa5f44617fea54071e215026e0ff06be366c3d54a8425f04fdcb86f8c5f?s=96&d=mm&r=g","caption":"@sscc"},"url":"https:\/\/www.padreeustaquio.com.br\/en\/author\/sscc\/"}]}},"_links":{"self":[{"href":"https:\/\/www.padreeustaquio.com.br\/en\/wp-json\/wp\/v2\/posts\/4999","targetHints":{"allow":["GET"]}}],"collection":[{"href":"https:\/\/www.padreeustaquio.com.br\/en\/wp-json\/wp\/v2\/posts"}],"about":[{"href":"https:\/\/www.padreeustaquio.com.br\/en\/wp-json\/wp\/v2\/types\/post"}],"author":[{"embeddable":true,"href":"https:\/\/www.padreeustaquio.com.br\/en\/wp-json\/wp\/v2\/users\/2"}],"replies":[{"embeddable":true,"href":"https:\/\/www.padreeustaquio.com.br\/en\/wp-json\/wp\/v2\/comments?post=4999"}],"version-history":[{"count":0,"href":"https:\/\/www.padreeustaquio.com.br\/en\/wp-json\/wp\/v2\/posts\/4999\/revisions"}],"wp:featuredmedia":[{"embeddable":true,"href":"https:\/\/www.padreeustaquio.com.br\/en\/wp-json\/wp\/v2\/media\/5000"}],"wp:attachment":[{"href":"https:\/\/www.padreeustaquio.com.br\/en\/wp-json\/wp\/v2\/media?parent=4999"}],"wp:term":[{"taxonomy":"category","embeddable":true,"href":"https:\/\/www.padreeustaquio.com.br\/en\/wp-json\/wp\/v2\/categories?post=4999"},{"taxonomy":"post_tag","embeddable":true,"href":"https:\/\/www.padreeustaquio.com.br\/en\/wp-json\/wp\/v2\/tags?post=4999"}],"curies":[{"name":"wp","href":"https:\/\/api.w.org\/{rel}","templated":true}]}}