{"id":4995,"date":"2021-02-09T07:10:44","date_gmt":"2021-02-09T10:10:44","guid":{"rendered":"https:\/\/www.padreeustaquio.com.br\/?p=4995"},"modified":"2021-02-09T08:16:18","modified_gmt":"2021-02-09T11:16:18","slug":"brothers-of-the-sacred-hearts-participate-in-episcopal-installation-in-aracuai-mg","status":"publish","type":"post","link":"https:\/\/www.padreeustaquio.com.br\/en\/brothers-of-the-sacred-hearts-participate-in-episcopal-installation-in-aracuai-mg\/","title":{"rendered":"Brothers of the Sacred Hearts participate in episcopal installation in Ara\u00e7ua\u00ed-MG"},"content":{"rendered":"<p>The brothers of the S\u00e3o Dami\u00e3o de Molokai community, in Catuji-MG, participated last Saturday morning in the installation of Bishop Esmeraldo Barreto de Farias in the diocese of Ara\u00e7ua\u00ed, in the Jequitinhonha Valley, Minas Gerais. Bishop Esmeraldo is the tenth bishop of this diocese and the successor to Bishop Marcel Romano, who served from 2012 to 2020.<\/p>\n<p>Father Jo\u00e3o Lucas Alves, ss.cc; Father \u00c9lcio Rubens Felix, ss.cc, and Brother Francisco Gleison Oliveira, ss.cc, were present at the Eucharistic Celebration where the new bishop was installed. They represented the Congregation of the Sacred Hearts and the parish of Catuji, which belongs to the diocese of Ara\u00e7ua\u00ed, which has a total of 27 parishes.<\/p>\n<p><strong>Dom Esmeraldo Barreto de Farias<\/strong><\/p>\n<p>Dom Esmeraldo was born on July 4, 1949, in Santo Ant\u00f4nio de Jesus, Bahia. He studied Philosophy at the Federal University of Minas Gerais and Theology at the Institute of Theology of the Catholic University of Salvador. He is a member of the Prado Institute.<\/p>\n<p>He was ordained a priest on January 9, 1977. He served as parish vicar in several parishes, coordinator of Rural Pastoral Care, spiritual director of the Major Seminary of Amargosa-BA, national coordinator of the priests of Prado, and diocesan administrator of Amargosa.<\/p>\n<p>On March 22, 2000, he was appointed bishop of Paulo Afonso-BA and ordained bishop on June 11 of the same year. On February 28, 2007, he was appointed to the Diocese of Santar\u00e9m-PA and on November 30, 2011, he was appointed archbishop of Porto Velho. On March 18, 2015, he was transferred to the office of auxiliary bishop of the Archdiocese of S\u00e3o Lu\u00eds do Maranh\u00e3o.<\/p>\n<p>At the National Conference of Bishops of Brazil (CNBB), he was a member of the Permanent Council and president of the Episcopal Pastoral Commission for Ordained Ministries and Consecrated Life (2007-2011).<\/p>\n<p>&nbsp;<\/p>\n<p><em>*with information from Vatican News<\/em><\/p>","protected":false},"excerpt":{"rendered":"<p>Os irm\u00e3os da comunidade S\u00e3o Dami\u00e3o de Molokai, em Catuji-MG participaram na manh\u00e3 do \u00faltimo s\u00e1bado, da posse de D. Esmeraldo Barreto de Farias, na diocese de Ara\u00e7ua\u00ed, no Vale do Jequitinhonha, Minas Gerais. Dom Esmeraldo, \u00e9 o d\u00e9cimo bispo desta Diocese e o sucessor de Dom Marcel Romano que atuou de 2012 a 2020. Padre Jo\u00e3o Lucas Alves, ss.cc; Padre \u00c9lcio\u00a0Rubens Felix, ss.cc al\u00e9m do Irm\u00e3o Francisco Gleison Oliveira. ss.cc, estiveram presentes na Celebra\u00e7\u00e3o Eucar\u00edstica onde o novo bispo foi empossado. Ele representaram a Congrega\u00e7\u00e3o dos Sagrados Cora\u00e7\u00f5es e a par\u00f3quia de Catuji, que pertence \u00e0 diocese de Ara\u00e7ua\u00ed, [&hellip;]<\/p>\n","protected":false},"author":2,"featured_media":4996,"comment_status":"open","ping_status":"open","sticky":false,"template":"","format":"standard","meta":{"_acf_changed":false,"footnotes":""},"categories":[611],"tags":[],"class_list":["post-4995","post","type-post","status-publish","format-standard","has-post-thumbnail","hentry","category-noticias"],"acf":[],"yoast_head":"<!-- This site is optimized with the Yoast SEO plugin v27.2 - https:\/\/yoast.com\/product\/yoast-seo-wordpress\/ -->\n<title>Irm\u00e3os dos Sagrados Cora\u00e7\u00f5es participam de posse episcopal em Ara\u00e7ua\u00ed-MG - Padre Eust\u00e1quio<\/title>\n<meta name=\"robots\" content=\"index, follow, max-snippet:-1, max-image-preview:large, max-video-preview:-1\" \/>\n<link rel=\"canonical\" href=\"https:\/\/www.padreeustaquio.com.br\/en\/brothers-of-the-sacred-hearts-participate-in-episcopal-installation-in-aracuai-mg\/\" \/>\n<meta property=\"og:locale\" content=\"en_US\" \/>\n<meta property=\"og:type\" content=\"article\" \/>\n<meta property=\"og:title\" content=\"Irm\u00e3os dos Sagrados Cora\u00e7\u00f5es participam de posse episcopal em Ara\u00e7ua\u00ed-MG - Padre Eust\u00e1quio\" \/>\n<meta property=\"og:description\" content=\"Os irm\u00e3os da comunidade S\u00e3o Dami\u00e3o de Molokai, em Catuji-MG participaram na manh\u00e3 do \u00faltimo s\u00e1bado, da posse de D. Esmeraldo Barreto de Farias, na diocese de Ara\u00e7ua\u00ed, no Vale do Jequitinhonha, Minas Gerais. Dom Esmeraldo, \u00e9 o d\u00e9cimo bispo desta Diocese e o sucessor de Dom Marcel Romano que atuou de 2012 a 2020. Padre Jo\u00e3o Lucas Alves, ss.cc; Padre \u00c9lcio\u00a0Rubens Felix, ss.cc al\u00e9m do Irm\u00e3o Francisco Gleison Oliveira. ss.cc, estiveram presentes na Celebra\u00e7\u00e3o Eucar\u00edstica onde o novo bispo foi empossado. Ele representaram a Congrega\u00e7\u00e3o dos Sagrados Cora\u00e7\u00f5es e a par\u00f3quia de Catuji, que pertence \u00e0 diocese de Ara\u00e7ua\u00ed, [&hellip;]\" \/>\n<meta property=\"og:url\" content=\"https:\/\/www.padreeustaquio.com.br\/en\/brothers-of-the-sacred-hearts-participate-in-episcopal-installation-in-aracuai-mg\/\" \/>\n<meta property=\"og:site_name\" content=\"Padre Eust\u00e1quio\" \/>\n<meta property=\"article:publisher\" content=\"https:\/\/www.facebook.com\/beatopadreeustaquio\/\" \/>\n<meta property=\"article:published_time\" content=\"2021-02-09T10:10:44+00:00\" \/>\n<meta property=\"article:modified_time\" content=\"2021-02-09T11:16:18+00:00\" \/>\n<meta property=\"og:image\" content=\"https:\/\/www.padreeustaquio.com.br\/wp-content\/uploads\/2021\/02\/Posse-Dom-Esmeraldo-e1612869360280.jpeg\" \/>\n\t<meta property=\"og:image:width\" content=\"1556\" \/>\n\t<meta property=\"og:image:height\" content=\"920\" \/>\n\t<meta property=\"og:image:type\" content=\"image\/jpeg\" \/>\n<meta name=\"author\" content=\"@sscc\" \/>\n<meta name=\"twitter:card\" content=\"summary_large_image\" \/>\n<meta name=\"twitter:creator\" content=\"@beatopeustaquio\" \/>\n<meta name=\"twitter:site\" content=\"@beatopeustaquio\" \/>\n<meta name=\"twitter:label1\" content=\"Written by\" \/>\n\t<meta name=\"twitter:data1\" content=\"@sscc\" \/>\n\t<meta name=\"twitter:label2\" content=\"Est. reading time\" \/>\n\t<meta name=\"twitter:data2\" content=\"2 minutes\" \/>\n<script type=\"application\/ld+json\" class=\"yoast-schema-graph\">{\"@context\":\"https:\/\/schema.org\",\"@graph\":[{\"@type\":\"Article\",\"@id\":\"https:\/\/www.padreeustaquio.com.br\/irmaos-dos-sagrados-coracoes-participam-de-posse-episcopal-em-aracuai-mg\/#article\",\"isPartOf\":{\"@id\":\"https:\/\/www.padreeustaquio.com.br\/irmaos-dos-sagrados-coracoes-participam-de-posse-episcopal-em-aracuai-mg\/\"},\"author\":{\"name\":\"@sscc\",\"@id\":\"https:\/\/www.padreeustaquio.com.br\/#\/schema\/person\/a2a51db1d00f1a7af0204a0f1ddb1566\"},\"headline\":\"Irm\u00e3os dos Sagrados Cora\u00e7\u00f5es participam de posse episcopal em Ara\u00e7ua\u00ed-MG\",\"datePublished\":\"2021-02-09T10:10:44+00:00\",\"dateModified\":\"2021-02-09T11:16:18+00:00\",\"mainEntityOfPage\":{\"@id\":\"https:\/\/www.padreeustaquio.com.br\/irmaos-dos-sagrados-coracoes-participam-de-posse-episcopal-em-aracuai-mg\/\"},\"wordCount\":321,\"commentCount\":0,\"publisher\":{\"@id\":\"https:\/\/www.padreeustaquio.com.br\/#organization\"},\"image\":{\"@id\":\"https:\/\/www.padreeustaquio.com.br\/irmaos-dos-sagrados-coracoes-participam-de-posse-episcopal-em-aracuai-mg\/#primaryimage\"},\"thumbnailUrl\":\"https:\/\/www.padreeustaquio.com.br\/wp-content\/uploads\/2021\/02\/Posse-Dom-Esmeraldo-e1612869360280.jpeg\",\"articleSection\":[\"Not\u00edcias\"],\"inLanguage\":\"en-US\",\"potentialAction\":[{\"@type\":\"CommentAction\",\"name\":\"Comment\",\"target\":[\"https:\/\/www.padreeustaquio.com.br\/irmaos-dos-sagrados-coracoes-participam-de-posse-episcopal-em-aracuai-mg\/#respond\"]}]},{\"@type\":\"WebPage\",\"@id\":\"https:\/\/www.padreeustaquio.com.br\/irmaos-dos-sagrados-coracoes-participam-de-posse-episcopal-em-aracuai-mg\/\",\"url\":\"https:\/\/www.padreeustaquio.com.br\/irmaos-dos-sagrados-coracoes-participam-de-posse-episcopal-em-aracuai-mg\/\",\"name\":\"Irm\u00e3os dos Sagrados Cora\u00e7\u00f5es participam de posse episcopal em Ara\u00e7ua\u00ed-MG - Padre Eust\u00e1quio\",\"isPartOf\":{\"@id\":\"https:\/\/www.padreeustaquio.com.br\/#website\"},\"primaryImageOfPage\":{\"@id\":\"https:\/\/www.padreeustaquio.com.br\/irmaos-dos-sagrados-coracoes-participam-de-posse-episcopal-em-aracuai-mg\/#primaryimage\"},\"image\":{\"@id\":\"https:\/\/www.padreeustaquio.com.br\/irmaos-dos-sagrados-coracoes-participam-de-posse-episcopal-em-aracuai-mg\/#primaryimage\"},\"thumbnailUrl\":\"https:\/\/www.padreeustaquio.com.br\/wp-content\/uploads\/2021\/02\/Posse-Dom-Esmeraldo-e1612869360280.jpeg\",\"datePublished\":\"2021-02-09T10:10:44+00:00\",\"dateModified\":\"2021-02-09T11:16:18+00:00\",\"breadcrumb\":{\"@id\":\"https:\/\/www.padreeustaquio.com.br\/irmaos-dos-sagrados-coracoes-participam-de-posse-episcopal-em-aracuai-mg\/#breadcrumb\"},\"inLanguage\":\"en-US\",\"potentialAction\":[{\"@type\":\"ReadAction\",\"target\":[\"https:\/\/www.padreeustaquio.com.br\/irmaos-dos-sagrados-coracoes-participam-de-posse-episcopal-em-aracuai-mg\/\"]}]},{\"@type\":\"ImageObject\",\"inLanguage\":\"en-US\",\"@id\":\"https:\/\/www.padreeustaquio.com.br\/irmaos-dos-sagrados-coracoes-participam-de-posse-episcopal-em-aracuai-mg\/#primaryimage\",\"url\":\"https:\/\/www.padreeustaquio.com.br\/wp-content\/uploads\/2021\/02\/Posse-Dom-Esmeraldo-e1612869360280.jpeg\",\"contentUrl\":\"https:\/\/www.padreeustaquio.com.br\/wp-content\/uploads\/2021\/02\/Posse-Dom-Esmeraldo-e1612869360280.jpeg\",\"width\":1556,\"height\":920,\"caption\":\"Pe Jo\u00e3o Lucas, Pe \u00c9lcio, Dom Esmeraldo e Ir Francisco Gleison logo ap\u00f3s a posse, em Ara\u00e7ua\u00ed-MG\"},{\"@type\":\"BreadcrumbList\",\"@id\":\"https:\/\/www.padreeustaquio.com.br\/irmaos-dos-sagrados-coracoes-participam-de-posse-episcopal-em-aracuai-mg\/#breadcrumb\",\"itemListElement\":[{\"@type\":\"ListItem\",\"position\":1,\"name\":\"In\u00edcio\",\"item\":\"https:\/\/www.padreeustaquio.com.br\/\"},{\"@type\":\"ListItem\",\"position\":2,\"name\":\"Irm\u00e3os dos Sagrados Cora\u00e7\u00f5es participam de posse episcopal em Ara\u00e7ua\u00ed-MG\"}]},{\"@type\":\"WebSite\",\"@id\":\"https:\/\/www.padreeustaquio.com.br\/#website\",\"url\":\"https:\/\/www.padreeustaquio.com.br\/\",\"name\":\"Padre Eust\u00e1quio\",\"description\":\"Sa\u00fade e Paz\",\"publisher\":{\"@id\":\"https:\/\/www.padreeustaquio.com.br\/#organization\"},\"potentialAction\":[{\"@type\":\"SearchAction\",\"target\":{\"@type\":\"EntryPoint\",\"urlTemplate\":\"https:\/\/www.padreeustaquio.com.br\/?s={search_term_string}\"},\"query-input\":{\"@type\":\"PropertyValueSpecification\",\"valueRequired\":true,\"valueName\":\"search_term_string\"}}],\"inLanguage\":\"en-US\"},{\"@type\":\"Organization\",\"@id\":\"https:\/\/www.padreeustaquio.com.br\/#organization\",\"name\":\"Padre Eust\u00e1quio\",\"url\":\"https:\/\/www.padreeustaquio.com.br\/\",\"logo\":{\"@type\":\"ImageObject\",\"inLanguage\":\"en-US\",\"@id\":\"https:\/\/www.padreeustaquio.com.br\/#\/schema\/logo\/image\/\",\"url\":\"https:\/\/www.padreeustaquio.com.br\/wp-content\/uploads\/2019\/08\/marca.png\",\"contentUrl\":\"https:\/\/www.padreeustaquio.com.br\/wp-content\/uploads\/2019\/08\/marca.png\",\"width\":350,\"height\":400,\"caption\":\"Padre Eust\u00e1quio\"},\"image\":{\"@id\":\"https:\/\/www.padreeustaquio.com.br\/#\/schema\/logo\/image\/\"},\"sameAs\":[\"https:\/\/www.facebook.com\/beatopadreeustaquio\/\",\"https:\/\/x.com\/beatopeustaquio\",\"https:\/\/www.instagram.com\/beatopadreeustaquio\/\",\"https:\/\/www.youtube.com\/channel\/UCRhw7vfabnajwLxb1ZXMeIw\"]},{\"@type\":\"Person\",\"@id\":\"https:\/\/www.padreeustaquio.com.br\/#\/schema\/person\/a2a51db1d00f1a7af0204a0f1ddb1566\",\"name\":\"@sscc\",\"image\":{\"@type\":\"ImageObject\",\"inLanguage\":\"en-US\",\"@id\":\"https:\/\/secure.gravatar.com\/avatar\/68cfafa5f44617fea54071e215026e0ff06be366c3d54a8425f04fdcb86f8c5f?s=96&d=mm&r=g\",\"url\":\"https:\/\/secure.gravatar.com\/avatar\/68cfafa5f44617fea54071e215026e0ff06be366c3d54a8425f04fdcb86f8c5f?s=96&d=mm&r=g\",\"contentUrl\":\"https:\/\/secure.gravatar.com\/avatar\/68cfafa5f44617fea54071e215026e0ff06be366c3d54a8425f04fdcb86f8c5f?s=96&d=mm&r=g\",\"caption\":\"@sscc\"},\"url\":\"https:\/\/www.padreeustaquio.com.br\/en\/author\/sscc\/\"}]}<\/script>\n<!-- \/ Yoast SEO plugin. -->","yoast_head_json":{"title":"Brothers of the Sacred Hearts participate in episcopal installation in Ara\u00e7ua\u00ed-MG - Father Eust\u00e1quio","robots":{"index":"index","follow":"follow","max-snippet":"max-snippet:-1","max-image-preview":"max-image-preview:large","max-video-preview":"max-video-preview:-1"},"canonical":"https:\/\/www.padreeustaquio.com.br\/en\/brothers-of-the-sacred-hearts-participate-in-episcopal-installation-in-aracuai-mg\/","og_locale":"en_US","og_type":"article","og_title":"Irm\u00e3os dos Sagrados Cora\u00e7\u00f5es participam de posse episcopal em Ara\u00e7ua\u00ed-MG - Padre Eust\u00e1quio","og_description":"Os irm\u00e3os da comunidade S\u00e3o Dami\u00e3o de Molokai, em Catuji-MG participaram na manh\u00e3 do \u00faltimo s\u00e1bado, da posse de D. Esmeraldo Barreto de Farias, na diocese de Ara\u00e7ua\u00ed, no Vale do Jequitinhonha, Minas Gerais. Dom Esmeraldo, \u00e9 o d\u00e9cimo bispo desta Diocese e o sucessor de Dom Marcel Romano que atuou de 2012 a 2020. Padre Jo\u00e3o Lucas Alves, ss.cc; Padre \u00c9lcio\u00a0Rubens Felix, ss.cc al\u00e9m do Irm\u00e3o Francisco Gleison Oliveira. ss.cc, estiveram presentes na Celebra\u00e7\u00e3o Eucar\u00edstica onde o novo bispo foi empossado. Ele representaram a Congrega\u00e7\u00e3o dos Sagrados Cora\u00e7\u00f5es e a par\u00f3quia de Catuji, que pertence \u00e0 diocese de Ara\u00e7ua\u00ed, [&hellip;]","og_url":"https:\/\/www.padreeustaquio.com.br\/en\/brothers-of-the-sacred-hearts-participate-in-episcopal-installation-in-aracuai-mg\/","og_site_name":"Padre Eust\u00e1quio","article_publisher":"https:\/\/www.facebook.com\/beatopadreeustaquio\/","article_published_time":"2021-02-09T10:10:44+00:00","article_modified_time":"2021-02-09T11:16:18+00:00","og_image":[{"width":1556,"height":920,"url":"https:\/\/www.padreeustaquio.com.br\/wp-content\/uploads\/2021\/02\/Posse-Dom-Esmeraldo-e1612869360280.jpeg","type":"image\/jpeg"}],"author":"@sscc","twitter_card":"summary_large_image","twitter_creator":"@beatopeustaquio","twitter_site":"@beatopeustaquio","twitter_misc":{"Written by":"@sscc","Est. reading time":"2 minutes"},"schema":{"@context":"https:\/\/schema.org","@graph":[{"@type":"Article","@id":"https:\/\/www.padreeustaquio.com.br\/irmaos-dos-sagrados-coracoes-participam-de-posse-episcopal-em-aracuai-mg\/#article","isPartOf":{"@id":"https:\/\/www.padreeustaquio.com.br\/irmaos-dos-sagrados-coracoes-participam-de-posse-episcopal-em-aracuai-mg\/"},"author":{"name":"@sscc","@id":"https:\/\/www.padreeustaquio.com.br\/#\/schema\/person\/a2a51db1d00f1a7af0204a0f1ddb1566"},"headline":"Irm\u00e3os dos Sagrados Cora\u00e7\u00f5es participam de posse episcopal em Ara\u00e7ua\u00ed-MG","datePublished":"2021-02-09T10:10:44+00:00","dateModified":"2021-02-09T11:16:18+00:00","mainEntityOfPage":{"@id":"https:\/\/www.padreeustaquio.com.br\/irmaos-dos-sagrados-coracoes-participam-de-posse-episcopal-em-aracuai-mg\/"},"wordCount":321,"commentCount":0,"publisher":{"@id":"https:\/\/www.padreeustaquio.com.br\/#organization"},"image":{"@id":"https:\/\/www.padreeustaquio.com.br\/irmaos-dos-sagrados-coracoes-participam-de-posse-episcopal-em-aracuai-mg\/#primaryimage"},"thumbnailUrl":"https:\/\/www.padreeustaquio.com.br\/wp-content\/uploads\/2021\/02\/Posse-Dom-Esmeraldo-e1612869360280.jpeg","articleSection":["Not\u00edcias"],"inLanguage":"en-US","potentialAction":[{"@type":"CommentAction","name":"Comment","target":["https:\/\/www.padreeustaquio.com.br\/irmaos-dos-sagrados-coracoes-participam-de-posse-episcopal-em-aracuai-mg\/#respond"]}]},{"@type":"WebPage","@id":"https:\/\/www.padreeustaquio.com.br\/irmaos-dos-sagrados-coracoes-participam-de-posse-episcopal-em-aracuai-mg\/","url":"https:\/\/www.padreeustaquio.com.br\/irmaos-dos-sagrados-coracoes-participam-de-posse-episcopal-em-aracuai-mg\/","name":"Brothers of the Sacred Hearts participate in episcopal installation in Ara\u00e7ua\u00ed-MG - Father Eust\u00e1quio","isPartOf":{"@id":"https:\/\/www.padreeustaquio.com.br\/#website"},"primaryImageOfPage":{"@id":"https:\/\/www.padreeustaquio.com.br\/irmaos-dos-sagrados-coracoes-participam-de-posse-episcopal-em-aracuai-mg\/#primaryimage"},"image":{"@id":"https:\/\/www.padreeustaquio.com.br\/irmaos-dos-sagrados-coracoes-participam-de-posse-episcopal-em-aracuai-mg\/#primaryimage"},"thumbnailUrl":"https:\/\/www.padreeustaquio.com.br\/wp-content\/uploads\/2021\/02\/Posse-Dom-Esmeraldo-e1612869360280.jpeg","datePublished":"2021-02-09T10:10:44+00:00","dateModified":"2021-02-09T11:16:18+00:00","breadcrumb":{"@id":"https:\/\/www.padreeustaquio.com.br\/irmaos-dos-sagrados-coracoes-participam-de-posse-episcopal-em-aracuai-mg\/#breadcrumb"},"inLanguage":"en-US","potentialAction":[{"@type":"ReadAction","target":["https:\/\/www.padreeustaquio.com.br\/irmaos-dos-sagrados-coracoes-participam-de-posse-episcopal-em-aracuai-mg\/"]}]},{"@type":"ImageObject","inLanguage":"en-US","@id":"https:\/\/www.padreeustaquio.com.br\/irmaos-dos-sagrados-coracoes-participam-de-posse-episcopal-em-aracuai-mg\/#primaryimage","url":"https:\/\/www.padreeustaquio.com.br\/wp-content\/uploads\/2021\/02\/Posse-Dom-Esmeraldo-e1612869360280.jpeg","contentUrl":"https:\/\/www.padreeustaquio.com.br\/wp-content\/uploads\/2021\/02\/Posse-Dom-Esmeraldo-e1612869360280.jpeg","width":1556,"height":920,"caption":"Pe Jo\u00e3o Lucas, Pe \u00c9lcio, Dom Esmeraldo e Ir Francisco Gleison logo ap\u00f3s a posse, em Ara\u00e7ua\u00ed-MG"},{"@type":"BreadcrumbList","@id":"https:\/\/www.padreeustaquio.com.br\/irmaos-dos-sagrados-coracoes-participam-de-posse-episcopal-em-aracuai-mg\/#breadcrumb","itemListElement":[{"@type":"ListItem","position":1,"name":"In\u00edcio","item":"https:\/\/www.padreeustaquio.com.br\/"},{"@type":"ListItem","position":2,"name":"Irm\u00e3os dos Sagrados Cora\u00e7\u00f5es participam de posse episcopal em Ara\u00e7ua\u00ed-MG"}]},{"@type":"WebSite","@id":"https:\/\/www.padreeustaquio.com.br\/#website","url":"https:\/\/www.padreeustaquio.com.br\/","name":"FATHER EUST\u00c1QUIO","description":"Health and Peace","publisher":{"@id":"https:\/\/www.padreeustaquio.com.br\/#organization"},"potentialAction":[{"@type":"SearchAction","target":{"@type":"EntryPoint","urlTemplate":"https:\/\/www.padreeustaquio.com.br\/?s={search_term_string}"},"query-input":{"@type":"PropertyValueSpecification","valueRequired":true,"valueName":"search_term_string"}}],"inLanguage":"en-US"},{"@type":"Organization","@id":"https:\/\/www.padreeustaquio.com.br\/#organization","name":"FATHER EUST\u00c1QUIO","url":"https:\/\/www.padreeustaquio.com.br\/","logo":{"@type":"ImageObject","inLanguage":"en-US","@id":"https:\/\/www.padreeustaquio.com.br\/#\/schema\/logo\/image\/","url":"https:\/\/www.padreeustaquio.com.br\/wp-content\/uploads\/2019\/08\/marca.png","contentUrl":"https:\/\/www.padreeustaquio.com.br\/wp-content\/uploads\/2019\/08\/marca.png","width":350,"height":400,"caption":"Padre Eust\u00e1quio"},"image":{"@id":"https:\/\/www.padreeustaquio.com.br\/#\/schema\/logo\/image\/"},"sameAs":["https:\/\/www.facebook.com\/beatopadreeustaquio\/","https:\/\/x.com\/beatopeustaquio","https:\/\/www.instagram.com\/beatopadreeustaquio\/","https:\/\/www.youtube.com\/channel\/UCRhw7vfabnajwLxb1ZXMeIw"]},{"@type":"Person","@id":"https:\/\/www.padreeustaquio.com.br\/#\/schema\/person\/a2a51db1d00f1a7af0204a0f1ddb1566","name":"@sscc","image":{"@type":"ImageObject","inLanguage":"en-US","@id":"https:\/\/secure.gravatar.com\/avatar\/68cfafa5f44617fea54071e215026e0ff06be366c3d54a8425f04fdcb86f8c5f?s=96&d=mm&r=g","url":"https:\/\/secure.gravatar.com\/avatar\/68cfafa5f44617fea54071e215026e0ff06be366c3d54a8425f04fdcb86f8c5f?s=96&d=mm&r=g","contentUrl":"https:\/\/secure.gravatar.com\/avatar\/68cfafa5f44617fea54071e215026e0ff06be366c3d54a8425f04fdcb86f8c5f?s=96&d=mm&r=g","caption":"@sscc"},"url":"https:\/\/www.padreeustaquio.com.br\/en\/author\/sscc\/"}]}},"_links":{"self":[{"href":"https:\/\/www.padreeustaquio.com.br\/en\/wp-json\/wp\/v2\/posts\/4995","targetHints":{"allow":["GET"]}}],"collection":[{"href":"https:\/\/www.padreeustaquio.com.br\/en\/wp-json\/wp\/v2\/posts"}],"about":[{"href":"https:\/\/www.padreeustaquio.com.br\/en\/wp-json\/wp\/v2\/types\/post"}],"author":[{"embeddable":true,"href":"https:\/\/www.padreeustaquio.com.br\/en\/wp-json\/wp\/v2\/users\/2"}],"replies":[{"embeddable":true,"href":"https:\/\/www.padreeustaquio.com.br\/en\/wp-json\/wp\/v2\/comments?post=4995"}],"version-history":[{"count":0,"href":"https:\/\/www.padreeustaquio.com.br\/en\/wp-json\/wp\/v2\/posts\/4995\/revisions"}],"wp:featuredmedia":[{"embeddable":true,"href":"https:\/\/www.padreeustaquio.com.br\/en\/wp-json\/wp\/v2\/media\/4996"}],"wp:attachment":[{"href":"https:\/\/www.padreeustaquio.com.br\/en\/wp-json\/wp\/v2\/media?parent=4995"}],"wp:term":[{"taxonomy":"category","embeddable":true,"href":"https:\/\/www.padreeustaquio.com.br\/en\/wp-json\/wp\/v2\/categories?post=4995"},{"taxonomy":"post_tag","embeddable":true,"href":"https:\/\/www.padreeustaquio.com.br\/en\/wp-json\/wp\/v2\/tags?post=4995"}],"curies":[{"name":"wp","href":"https:\/\/api.w.org\/{rel}","templated":true}]}}