{"id":4991,"date":"2021-02-08T07:48:04","date_gmt":"2021-02-08T10:48:04","guid":{"rendered":"https:\/\/www.padreeustaquio.com.br\/?p=4991"},"modified":"2021-02-06T18:06:28","modified_gmt":"2021-02-06T21:06:28","slug":"religious-leaders-at-the-sanctuary-receive-training-on-communication","status":"publish","type":"post","link":"https:\/\/www.padreeustaquio.com.br\/en\/religious-leaders-at-the-sanctuary-receive-training-on-communication\/","title":{"rendered":"Religious figures at the Sanctuary receive training on communication."},"content":{"rendered":"<p>The Effective Public Speaking and Communication training course, offered by the R2 Institute, concluded over the weekend. The course aimed to provide references and techniques for better communicating the Gospel and the message of Blessed Father Eustace.<\/p>\n<p>During the two-day training session, instructor Robert Braga demonstrated aspects of communication and the importance of delving deeper into the subject to effectively convey it to others. Gestures, words, body language, and techniques for positioning oneself in front of an audience were discussed.<\/p>\n<p>The course was attended by priests, brothers, and sisters of the Congregation who live in the capital of Minas Gerais and wish to further improve the transmission of this message of love and, above all, of Health and Peace.<\/p>\n<p>At the end of the training, participants received certificates and materials to practice the techniques at any time.<\/p>","protected":false},"excerpt":{"rendered":"<p>Terminou no fim de semana, o treinamento Orat\u00f3ria e Comunica\u00e7\u00e3o Eficazes, ministrado pelo Instituto R2. O curso teve como objetivo apontar refer\u00eancias e oferecer t\u00e9cnicas para comunicar melhor o Evangelho e a mensagem do Beato Padre Eust\u00e1quio. Durante os dois dias de treinamento o instrutor, Robert Braga, mostrou os aspectos da comunica\u00e7\u00e3o e a import\u00e2ncia de aprofundar no assunto para pass\u00e1-lo \u00e0s pessoas. Gestos, palavras, linguagens corporais e t\u00e9cnicas de posicionamento frente \u00e0 assembleia foram discutidas. Participaram do curso, padres, irm\u00e3os e irm\u00e3s da Congrega\u00e7\u00e3o que moram na capital mineira e desejam aprimorar, ainda mais, a transmiss\u00e3o desta mensagem de [&hellip;]<\/p>\n","protected":false},"author":2,"featured_media":4993,"comment_status":"open","ping_status":"open","sticky":false,"template":"","format":"standard","meta":{"_acf_changed":false,"footnotes":""},"categories":[611],"tags":[],"class_list":["post-4991","post","type-post","status-publish","format-standard","has-post-thumbnail","hentry","category-noticias"],"acf":[],"yoast_head":"<!-- This site is optimized with the Yoast SEO plugin v27.2 - https:\/\/yoast.com\/product\/yoast-seo-wordpress\/ -->\n<title>Religiosos do Santu\u00e1rio recebem treinamento sobre comunica\u00e7\u00e3o - Padre Eust\u00e1quio<\/title>\n<meta name=\"robots\" content=\"index, follow, max-snippet:-1, max-image-preview:large, max-video-preview:-1\" \/>\n<link rel=\"canonical\" href=\"https:\/\/www.padreeustaquio.com.br\/en\/religious-leaders-at-the-sanctuary-receive-training-on-communication\/\" \/>\n<meta property=\"og:locale\" content=\"en_US\" \/>\n<meta property=\"og:type\" content=\"article\" \/>\n<meta property=\"og:title\" content=\"Religiosos do Santu\u00e1rio recebem treinamento sobre comunica\u00e7\u00e3o - Padre Eust\u00e1quio\" \/>\n<meta property=\"og:description\" content=\"Terminou no fim de semana, o treinamento Orat\u00f3ria e Comunica\u00e7\u00e3o Eficazes, ministrado pelo Instituto R2. O curso teve como objetivo apontar refer\u00eancias e oferecer t\u00e9cnicas para comunicar melhor o Evangelho e a mensagem do Beato Padre Eust\u00e1quio. Durante os dois dias de treinamento o instrutor, Robert Braga, mostrou os aspectos da comunica\u00e7\u00e3o e a import\u00e2ncia de aprofundar no assunto para pass\u00e1-lo \u00e0s pessoas. Gestos, palavras, linguagens corporais e t\u00e9cnicas de posicionamento frente \u00e0 assembleia foram discutidas. Participaram do curso, padres, irm\u00e3os e irm\u00e3s da Congrega\u00e7\u00e3o que moram na capital mineira e desejam aprimorar, ainda mais, a transmiss\u00e3o desta mensagem de [&hellip;]\" \/>\n<meta property=\"og:url\" content=\"https:\/\/www.padreeustaquio.com.br\/en\/religious-leaders-at-the-sanctuary-receive-training-on-communication\/\" \/>\n<meta property=\"og:site_name\" content=\"Padre Eust\u00e1quio\" \/>\n<meta property=\"article:publisher\" content=\"https:\/\/www.facebook.com\/beatopadreeustaquio\/\" \/>\n<meta property=\"article:published_time\" content=\"2021-02-08T10:48:04+00:00\" \/>\n<meta property=\"og:image\" content=\"https:\/\/www.padreeustaquio.com.br\/wp-content\/uploads\/2021\/02\/Curso-Comunica\u00e7\u00e3o.jpeg\" \/>\n\t<meta property=\"og:image:width\" content=\"1280\" \/>\n\t<meta property=\"og:image:height\" content=\"958\" \/>\n\t<meta property=\"og:image:type\" content=\"image\/jpeg\" \/>\n<meta name=\"author\" content=\"@sscc\" \/>\n<meta name=\"twitter:card\" content=\"summary_large_image\" \/>\n<meta name=\"twitter:creator\" content=\"@beatopeustaquio\" \/>\n<meta name=\"twitter:site\" content=\"@beatopeustaquio\" \/>\n<meta name=\"twitter:label1\" content=\"Written by\" \/>\n\t<meta name=\"twitter:data1\" content=\"@sscc\" \/>\n\t<meta name=\"twitter:label2\" content=\"Est. reading time\" \/>\n\t<meta name=\"twitter:data2\" content=\"1 minute\" \/>\n<script type=\"application\/ld+json\" class=\"yoast-schema-graph\">{\"@context\":\"https:\/\/schema.org\",\"@graph\":[{\"@type\":\"Article\",\"@id\":\"https:\/\/www.padreeustaquio.com.br\/religiosos-do-santuario-recebem-treinamento-sobre-comunicacao\/#article\",\"isPartOf\":{\"@id\":\"https:\/\/www.padreeustaquio.com.br\/religiosos-do-santuario-recebem-treinamento-sobre-comunicacao\/\"},\"author\":{\"name\":\"@sscc\",\"@id\":\"https:\/\/www.padreeustaquio.com.br\/#\/schema\/person\/a2a51db1d00f1a7af0204a0f1ddb1566\"},\"headline\":\"Religiosos do Santu\u00e1rio recebem treinamento sobre comunica\u00e7\u00e3o\",\"datePublished\":\"2021-02-08T10:48:04+00:00\",\"mainEntityOfPage\":{\"@id\":\"https:\/\/www.padreeustaquio.com.br\/religiosos-do-santuario-recebem-treinamento-sobre-comunicacao\/\"},\"wordCount\":145,\"commentCount\":0,\"publisher\":{\"@id\":\"https:\/\/www.padreeustaquio.com.br\/#organization\"},\"image\":{\"@id\":\"https:\/\/www.padreeustaquio.com.br\/religiosos-do-santuario-recebem-treinamento-sobre-comunicacao\/#primaryimage\"},\"thumbnailUrl\":\"https:\/\/www.padreeustaquio.com.br\/wp-content\/uploads\/2021\/02\/Curso-Comunica\u00e7\u00e3o.jpeg\",\"articleSection\":[\"Not\u00edcias\"],\"inLanguage\":\"en-US\",\"potentialAction\":[{\"@type\":\"CommentAction\",\"name\":\"Comment\",\"target\":[\"https:\/\/www.padreeustaquio.com.br\/religiosos-do-santuario-recebem-treinamento-sobre-comunicacao\/#respond\"]}]},{\"@type\":\"WebPage\",\"@id\":\"https:\/\/www.padreeustaquio.com.br\/religiosos-do-santuario-recebem-treinamento-sobre-comunicacao\/\",\"url\":\"https:\/\/www.padreeustaquio.com.br\/religiosos-do-santuario-recebem-treinamento-sobre-comunicacao\/\",\"name\":\"Religiosos do Santu\u00e1rio recebem treinamento sobre comunica\u00e7\u00e3o - Padre Eust\u00e1quio\",\"isPartOf\":{\"@id\":\"https:\/\/www.padreeustaquio.com.br\/#website\"},\"primaryImageOfPage\":{\"@id\":\"https:\/\/www.padreeustaquio.com.br\/religiosos-do-santuario-recebem-treinamento-sobre-comunicacao\/#primaryimage\"},\"image\":{\"@id\":\"https:\/\/www.padreeustaquio.com.br\/religiosos-do-santuario-recebem-treinamento-sobre-comunicacao\/#primaryimage\"},\"thumbnailUrl\":\"https:\/\/www.padreeustaquio.com.br\/wp-content\/uploads\/2021\/02\/Curso-Comunica\u00e7\u00e3o.jpeg\",\"datePublished\":\"2021-02-08T10:48:04+00:00\",\"breadcrumb\":{\"@id\":\"https:\/\/www.padreeustaquio.com.br\/religiosos-do-santuario-recebem-treinamento-sobre-comunicacao\/#breadcrumb\"},\"inLanguage\":\"en-US\",\"potentialAction\":[{\"@type\":\"ReadAction\",\"target\":[\"https:\/\/www.padreeustaquio.com.br\/religiosos-do-santuario-recebem-treinamento-sobre-comunicacao\/\"]}]},{\"@type\":\"ImageObject\",\"inLanguage\":\"en-US\",\"@id\":\"https:\/\/www.padreeustaquio.com.br\/religiosos-do-santuario-recebem-treinamento-sobre-comunicacao\/#primaryimage\",\"url\":\"https:\/\/www.padreeustaquio.com.br\/wp-content\/uploads\/2021\/02\/Curso-Comunica\u00e7\u00e3o.jpeg\",\"contentUrl\":\"https:\/\/www.padreeustaquio.com.br\/wp-content\/uploads\/2021\/02\/Curso-Comunica\u00e7\u00e3o.jpeg\",\"width\":1280,\"height\":958,\"caption\":\"As aulas foram ministradas pelo coaching Robert Braga num dos sal\u00f5es do Santu\u00e1rio.\"},{\"@type\":\"BreadcrumbList\",\"@id\":\"https:\/\/www.padreeustaquio.com.br\/religiosos-do-santuario-recebem-treinamento-sobre-comunicacao\/#breadcrumb\",\"itemListElement\":[{\"@type\":\"ListItem\",\"position\":1,\"name\":\"In\u00edcio\",\"item\":\"https:\/\/www.padreeustaquio.com.br\/\"},{\"@type\":\"ListItem\",\"position\":2,\"name\":\"Religiosos do Santu\u00e1rio recebem treinamento sobre comunica\u00e7\u00e3o\"}]},{\"@type\":\"WebSite\",\"@id\":\"https:\/\/www.padreeustaquio.com.br\/#website\",\"url\":\"https:\/\/www.padreeustaquio.com.br\/\",\"name\":\"Padre Eust\u00e1quio\",\"description\":\"Sa\u00fade e Paz\",\"publisher\":{\"@id\":\"https:\/\/www.padreeustaquio.com.br\/#organization\"},\"potentialAction\":[{\"@type\":\"SearchAction\",\"target\":{\"@type\":\"EntryPoint\",\"urlTemplate\":\"https:\/\/www.padreeustaquio.com.br\/?s={search_term_string}\"},\"query-input\":{\"@type\":\"PropertyValueSpecification\",\"valueRequired\":true,\"valueName\":\"search_term_string\"}}],\"inLanguage\":\"en-US\"},{\"@type\":\"Organization\",\"@id\":\"https:\/\/www.padreeustaquio.com.br\/#organization\",\"name\":\"Padre Eust\u00e1quio\",\"url\":\"https:\/\/www.padreeustaquio.com.br\/\",\"logo\":{\"@type\":\"ImageObject\",\"inLanguage\":\"en-US\",\"@id\":\"https:\/\/www.padreeustaquio.com.br\/#\/schema\/logo\/image\/\",\"url\":\"https:\/\/www.padreeustaquio.com.br\/wp-content\/uploads\/2019\/08\/marca.png\",\"contentUrl\":\"https:\/\/www.padreeustaquio.com.br\/wp-content\/uploads\/2019\/08\/marca.png\",\"width\":350,\"height\":400,\"caption\":\"Padre Eust\u00e1quio\"},\"image\":{\"@id\":\"https:\/\/www.padreeustaquio.com.br\/#\/schema\/logo\/image\/\"},\"sameAs\":[\"https:\/\/www.facebook.com\/beatopadreeustaquio\/\",\"https:\/\/x.com\/beatopeustaquio\",\"https:\/\/www.instagram.com\/beatopadreeustaquio\/\",\"https:\/\/www.youtube.com\/channel\/UCRhw7vfabnajwLxb1ZXMeIw\"]},{\"@type\":\"Person\",\"@id\":\"https:\/\/www.padreeustaquio.com.br\/#\/schema\/person\/a2a51db1d00f1a7af0204a0f1ddb1566\",\"name\":\"@sscc\",\"image\":{\"@type\":\"ImageObject\",\"inLanguage\":\"en-US\",\"@id\":\"https:\/\/secure.gravatar.com\/avatar\/68cfafa5f44617fea54071e215026e0ff06be366c3d54a8425f04fdcb86f8c5f?s=96&d=mm&r=g\",\"url\":\"https:\/\/secure.gravatar.com\/avatar\/68cfafa5f44617fea54071e215026e0ff06be366c3d54a8425f04fdcb86f8c5f?s=96&d=mm&r=g\",\"contentUrl\":\"https:\/\/secure.gravatar.com\/avatar\/68cfafa5f44617fea54071e215026e0ff06be366c3d54a8425f04fdcb86f8c5f?s=96&d=mm&r=g\",\"caption\":\"@sscc\"},\"url\":\"https:\/\/www.padreeustaquio.com.br\/en\/author\/sscc\/\"}]}<\/script>\n<!-- \/ Yoast SEO plugin. -->","yoast_head_json":{"title":"Religious figures at the Sanctuary receive training on communication - Father Eust\u00e1quio","robots":{"index":"index","follow":"follow","max-snippet":"max-snippet:-1","max-image-preview":"max-image-preview:large","max-video-preview":"max-video-preview:-1"},"canonical":"https:\/\/www.padreeustaquio.com.br\/en\/religious-leaders-at-the-sanctuary-receive-training-on-communication\/","og_locale":"en_US","og_type":"article","og_title":"Religiosos do Santu\u00e1rio recebem treinamento sobre comunica\u00e7\u00e3o - Padre Eust\u00e1quio","og_description":"Terminou no fim de semana, o treinamento Orat\u00f3ria e Comunica\u00e7\u00e3o Eficazes, ministrado pelo Instituto R2. O curso teve como objetivo apontar refer\u00eancias e oferecer t\u00e9cnicas para comunicar melhor o Evangelho e a mensagem do Beato Padre Eust\u00e1quio. Durante os dois dias de treinamento o instrutor, Robert Braga, mostrou os aspectos da comunica\u00e7\u00e3o e a import\u00e2ncia de aprofundar no assunto para pass\u00e1-lo \u00e0s pessoas. Gestos, palavras, linguagens corporais e t\u00e9cnicas de posicionamento frente \u00e0 assembleia foram discutidas. Participaram do curso, padres, irm\u00e3os e irm\u00e3s da Congrega\u00e7\u00e3o que moram na capital mineira e desejam aprimorar, ainda mais, a transmiss\u00e3o desta mensagem de [&hellip;]","og_url":"https:\/\/www.padreeustaquio.com.br\/en\/religious-leaders-at-the-sanctuary-receive-training-on-communication\/","og_site_name":"Padre Eust\u00e1quio","article_publisher":"https:\/\/www.facebook.com\/beatopadreeustaquio\/","article_published_time":"2021-02-08T10:48:04+00:00","og_image":[{"width":1280,"height":958,"url":"https:\/\/www.padreeustaquio.com.br\/wp-content\/uploads\/2021\/02\/Curso-Comunica\u00e7\u00e3o.jpeg","type":"image\/jpeg"}],"author":"@sscc","twitter_card":"summary_large_image","twitter_creator":"@beatopeustaquio","twitter_site":"@beatopeustaquio","twitter_misc":{"Written by":"@sscc","Est. reading time":"1 minute"},"schema":{"@context":"https:\/\/schema.org","@graph":[{"@type":"Article","@id":"https:\/\/www.padreeustaquio.com.br\/religiosos-do-santuario-recebem-treinamento-sobre-comunicacao\/#article","isPartOf":{"@id":"https:\/\/www.padreeustaquio.com.br\/religiosos-do-santuario-recebem-treinamento-sobre-comunicacao\/"},"author":{"name":"@sscc","@id":"https:\/\/www.padreeustaquio.com.br\/#\/schema\/person\/a2a51db1d00f1a7af0204a0f1ddb1566"},"headline":"Religiosos do Santu\u00e1rio recebem treinamento sobre comunica\u00e7\u00e3o","datePublished":"2021-02-08T10:48:04+00:00","mainEntityOfPage":{"@id":"https:\/\/www.padreeustaquio.com.br\/religiosos-do-santuario-recebem-treinamento-sobre-comunicacao\/"},"wordCount":145,"commentCount":0,"publisher":{"@id":"https:\/\/www.padreeustaquio.com.br\/#organization"},"image":{"@id":"https:\/\/www.padreeustaquio.com.br\/religiosos-do-santuario-recebem-treinamento-sobre-comunicacao\/#primaryimage"},"thumbnailUrl":"https:\/\/www.padreeustaquio.com.br\/wp-content\/uploads\/2021\/02\/Curso-Comunica\u00e7\u00e3o.jpeg","articleSection":["Not\u00edcias"],"inLanguage":"en-US","potentialAction":[{"@type":"CommentAction","name":"Comment","target":["https:\/\/www.padreeustaquio.com.br\/religiosos-do-santuario-recebem-treinamento-sobre-comunicacao\/#respond"]}]},{"@type":"WebPage","@id":"https:\/\/www.padreeustaquio.com.br\/religiosos-do-santuario-recebem-treinamento-sobre-comunicacao\/","url":"https:\/\/www.padreeustaquio.com.br\/religiosos-do-santuario-recebem-treinamento-sobre-comunicacao\/","name":"Religious figures at the Sanctuary receive training on communication - Father Eust\u00e1quio","isPartOf":{"@id":"https:\/\/www.padreeustaquio.com.br\/#website"},"primaryImageOfPage":{"@id":"https:\/\/www.padreeustaquio.com.br\/religiosos-do-santuario-recebem-treinamento-sobre-comunicacao\/#primaryimage"},"image":{"@id":"https:\/\/www.padreeustaquio.com.br\/religiosos-do-santuario-recebem-treinamento-sobre-comunicacao\/#primaryimage"},"thumbnailUrl":"https:\/\/www.padreeustaquio.com.br\/wp-content\/uploads\/2021\/02\/Curso-Comunica\u00e7\u00e3o.jpeg","datePublished":"2021-02-08T10:48:04+00:00","breadcrumb":{"@id":"https:\/\/www.padreeustaquio.com.br\/religiosos-do-santuario-recebem-treinamento-sobre-comunicacao\/#breadcrumb"},"inLanguage":"en-US","potentialAction":[{"@type":"ReadAction","target":["https:\/\/www.padreeustaquio.com.br\/religiosos-do-santuario-recebem-treinamento-sobre-comunicacao\/"]}]},{"@type":"ImageObject","inLanguage":"en-US","@id":"https:\/\/www.padreeustaquio.com.br\/religiosos-do-santuario-recebem-treinamento-sobre-comunicacao\/#primaryimage","url":"https:\/\/www.padreeustaquio.com.br\/wp-content\/uploads\/2021\/02\/Curso-Comunica\u00e7\u00e3o.jpeg","contentUrl":"https:\/\/www.padreeustaquio.com.br\/wp-content\/uploads\/2021\/02\/Curso-Comunica\u00e7\u00e3o.jpeg","width":1280,"height":958,"caption":"As aulas foram ministradas pelo coaching Robert Braga num dos sal\u00f5es do Santu\u00e1rio."},{"@type":"BreadcrumbList","@id":"https:\/\/www.padreeustaquio.com.br\/religiosos-do-santuario-recebem-treinamento-sobre-comunicacao\/#breadcrumb","itemListElement":[{"@type":"ListItem","position":1,"name":"In\u00edcio","item":"https:\/\/www.padreeustaquio.com.br\/"},{"@type":"ListItem","position":2,"name":"Religiosos do Santu\u00e1rio recebem treinamento sobre comunica\u00e7\u00e3o"}]},{"@type":"WebSite","@id":"https:\/\/www.padreeustaquio.com.br\/#website","url":"https:\/\/www.padreeustaquio.com.br\/","name":"FATHER EUST\u00c1QUIO","description":"Health and Peace","publisher":{"@id":"https:\/\/www.padreeustaquio.com.br\/#organization"},"potentialAction":[{"@type":"SearchAction","target":{"@type":"EntryPoint","urlTemplate":"https:\/\/www.padreeustaquio.com.br\/?s={search_term_string}"},"query-input":{"@type":"PropertyValueSpecification","valueRequired":true,"valueName":"search_term_string"}}],"inLanguage":"en-US"},{"@type":"Organization","@id":"https:\/\/www.padreeustaquio.com.br\/#organization","name":"FATHER EUST\u00c1QUIO","url":"https:\/\/www.padreeustaquio.com.br\/","logo":{"@type":"ImageObject","inLanguage":"en-US","@id":"https:\/\/www.padreeustaquio.com.br\/#\/schema\/logo\/image\/","url":"https:\/\/www.padreeustaquio.com.br\/wp-content\/uploads\/2019\/08\/marca.png","contentUrl":"https:\/\/www.padreeustaquio.com.br\/wp-content\/uploads\/2019\/08\/marca.png","width":350,"height":400,"caption":"Padre Eust\u00e1quio"},"image":{"@id":"https:\/\/www.padreeustaquio.com.br\/#\/schema\/logo\/image\/"},"sameAs":["https:\/\/www.facebook.com\/beatopadreeustaquio\/","https:\/\/x.com\/beatopeustaquio","https:\/\/www.instagram.com\/beatopadreeustaquio\/","https:\/\/www.youtube.com\/channel\/UCRhw7vfabnajwLxb1ZXMeIw"]},{"@type":"Person","@id":"https:\/\/www.padreeustaquio.com.br\/#\/schema\/person\/a2a51db1d00f1a7af0204a0f1ddb1566","name":"@sscc","image":{"@type":"ImageObject","inLanguage":"en-US","@id":"https:\/\/secure.gravatar.com\/avatar\/68cfafa5f44617fea54071e215026e0ff06be366c3d54a8425f04fdcb86f8c5f?s=96&d=mm&r=g","url":"https:\/\/secure.gravatar.com\/avatar\/68cfafa5f44617fea54071e215026e0ff06be366c3d54a8425f04fdcb86f8c5f?s=96&d=mm&r=g","contentUrl":"https:\/\/secure.gravatar.com\/avatar\/68cfafa5f44617fea54071e215026e0ff06be366c3d54a8425f04fdcb86f8c5f?s=96&d=mm&r=g","caption":"@sscc"},"url":"https:\/\/www.padreeustaquio.com.br\/en\/author\/sscc\/"}]}},"_links":{"self":[{"href":"https:\/\/www.padreeustaquio.com.br\/en\/wp-json\/wp\/v2\/posts\/4991","targetHints":{"allow":["GET"]}}],"collection":[{"href":"https:\/\/www.padreeustaquio.com.br\/en\/wp-json\/wp\/v2\/posts"}],"about":[{"href":"https:\/\/www.padreeustaquio.com.br\/en\/wp-json\/wp\/v2\/types\/post"}],"author":[{"embeddable":true,"href":"https:\/\/www.padreeustaquio.com.br\/en\/wp-json\/wp\/v2\/users\/2"}],"replies":[{"embeddable":true,"href":"https:\/\/www.padreeustaquio.com.br\/en\/wp-json\/wp\/v2\/comments?post=4991"}],"version-history":[{"count":0,"href":"https:\/\/www.padreeustaquio.com.br\/en\/wp-json\/wp\/v2\/posts\/4991\/revisions"}],"wp:featuredmedia":[{"embeddable":true,"href":"https:\/\/www.padreeustaquio.com.br\/en\/wp-json\/wp\/v2\/media\/4993"}],"wp:attachment":[{"href":"https:\/\/www.padreeustaquio.com.br\/en\/wp-json\/wp\/v2\/media?parent=4991"}],"wp:term":[{"taxonomy":"category","embeddable":true,"href":"https:\/\/www.padreeustaquio.com.br\/en\/wp-json\/wp\/v2\/categories?post=4991"},{"taxonomy":"post_tag","embeddable":true,"href":"https:\/\/www.padreeustaquio.com.br\/en\/wp-json\/wp\/v2\/tags?post=4991"}],"curies":[{"name":"wp","href":"https:\/\/api.w.org\/{rel}","templated":true}]}}