{"id":4987,"date":"2021-02-07T07:47:09","date_gmt":"2021-02-07T10:47:09","guid":{"rendered":"https:\/\/www.padreeustaquio.com.br\/?p=4987"},"modified":"2021-02-05T15:50:40","modified_gmt":"2021-02-05T18:50:40","slug":"apostolic-nuncio-for-brazil-is-welcomed-by-the-presidency-of-the-cnbb","status":"publish","type":"post","link":"https:\/\/www.padreeustaquio.com.br\/en\/apostolic-nuncio-for-brazil-is-welcomed-by-the-presidency-of-the-cnbb\/","title":{"rendered":"Apostolic Nuncio to Brazil is welcomed by the presidency of the CNBB (National Conference of Brazilian Bishops)."},"content":{"rendered":"<p>The new Apostolic Nuncio to Brazil, Archbishop Giambattista Diquattro, was welcomed during a Mass at the Metropolitan Cathedral of Bras\u00edlia (DF), which marked the reception of the new representative of the Holy See by the ecclesial community of the nation&#039;s capital, as well as by the National Conference of Bishops of Brazil (CNBB). Archbishop Giambattista Diquattro also visited the CNBB headquarters. The welcoming Mass, presided over by the Apostolic Nuncio on Wednesday, February 3, brought together the president of the CNBB, Archbishop Walmor Oliveira de Azevedo; the first vice-president, Archbishop Jaime Spengler; the secretary-general, Bishop Joel Portella; the president of the Central-West Region, Archbishop Waldemar Passini; the Military Archbishop of Brazil, Archbishop Fernando Guimar\u00e3es; the bishop-elect for the Archdiocese of Belo Horizonte, Monsignor J\u00falio C\u00e9sar Gomes; representatives of the clergy in Bras\u00edlia; and religious men and women.<\/p>\n<p>\u201cThe responsorial psalm answers the most intimate question in these latter times. God has compassion for his children as a father,\u201d Archbishop Giambattista began his homily. \u201cGod\u2019s heart is turned towards us.\u201d The Nuncio recalled that \u201cGod manifests his compassion for those who fear him. That is, for those who recognize his greatness and admit their own smallness. Our smallness consists in being made of clay; grace consists in the fact that in this dust, which is us, God breathed his Spirit. If we live by his grace, we live by the Spirit of God.\u201d.<\/p>\n<p><strong>Welcome<\/strong><\/p>\n<p>Dom Walmor expressed his joy at being able to receive Dom Giambattista. \u201cIn your person is the person of Pope Francis, who sends you as a servant to this Apostolic Nunciature of great importance in the history of the Church throughout Brazil. I want to express to you our friendship, respect, and collaboration, and reaffirm our great commitment to Pope Francis in this challenging moment for all humanity.\u201d<\/p>\n<p>The president of the CNBB (National Conference of Brazilian Bishops) emphasized that the Conference, together with the Nunciature, wishes to &quot;provide new answers as a Church in the light of Gospel values.&quot;.<\/p>\n<p><strong><img fetchpriority=\"high\" decoding=\"async\" class=\"alignleft\" src=\"https:\/\/arquidiocesebh.org.br\/wp-content\/uploads\/2021\/02\/nuncio-apostolico-2-1024x768.jpg\" width=\"353\" height=\"265\" \/>Visit to the CNBB headquarters<\/strong><\/p>\n<p>After Mass, Archbishop Giambattista visited the headquarters of the CNBB (National Conference of Brazilian Bishops), where he was received by the president and undersecretaries. During the visit, the Nuncio toured the entire headquarters \u2013 the chapel, auditorium, documentation center, presidential offices, and the publishing house, Edi\u00e7\u00f5es CNBB.<\/p>\n<p><strong>Source: Archdiocese of Belo Horizonte<\/strong><\/p>","protected":false},"excerpt":{"rendered":"<p>O novo N\u00fancio Apost\u00f3lico no Brasil, dom Giambattista Diquattro, foi acolhido durante Missa na Catedral Metropolitana de Bras\u00edlia (DF), que marcou a recep\u00e7\u00e3o do novo representante da Santa S\u00e9 pela comunidade eclesial da capital do pa\u00eds, bem como pela Confer\u00eancia Nacional dos Bispos do Brasil (CNBB). Dom Giambattista Diquattro visitou tamb\u00e9m a sede da CNBB. A Missa de acolhida, presidida pelo N\u00fancio Apost\u00f3lico na quarta-feira, 3 de fevereiro, reuniu o presidente da CNBB, dom Walmor Oliveira de Azevedo, o primeiro vice-presidente, dom Jaime Spengler, o secret\u00e1rio-geral, dom Joel Portella; o presidente do Regional Centro-Oeste, dom Waldemar Passini; o arcebispo Militar [&hellip;]<\/p>\n","protected":false},"author":2,"featured_media":4988,"comment_status":"open","ping_status":"open","sticky":false,"template":"","format":"standard","meta":{"_acf_changed":false,"footnotes":""},"categories":[611],"tags":[],"class_list":["post-4987","post","type-post","status-publish","format-standard","has-post-thumbnail","hentry","category-noticias"],"acf":[],"yoast_head":"<!-- This site is optimized with the Yoast SEO plugin v27.2 - https:\/\/yoast.com\/product\/yoast-seo-wordpress\/ -->\n<title>N\u00fancio Apost\u00f3lico para o Brasil \u00e9 acolhido pela presid\u00eancia da CNBB - Padre Eust\u00e1quio<\/title>\n<meta name=\"robots\" content=\"index, follow, max-snippet:-1, max-image-preview:large, max-video-preview:-1\" \/>\n<link rel=\"canonical\" href=\"https:\/\/www.padreeustaquio.com.br\/en\/apostolic-nuncio-for-brazil-is-welcomed-by-the-presidency-of-the-cnbb\/\" \/>\n<meta property=\"og:locale\" content=\"en_US\" \/>\n<meta property=\"og:type\" content=\"article\" \/>\n<meta property=\"og:title\" content=\"N\u00fancio Apost\u00f3lico para o Brasil \u00e9 acolhido pela presid\u00eancia da CNBB - Padre Eust\u00e1quio\" \/>\n<meta property=\"og:description\" content=\"O novo N\u00fancio Apost\u00f3lico no Brasil, dom Giambattista Diquattro, foi acolhido durante Missa na Catedral Metropolitana de Bras\u00edlia (DF), que marcou a recep\u00e7\u00e3o do novo representante da Santa S\u00e9 pela comunidade eclesial da capital do pa\u00eds, bem como pela Confer\u00eancia Nacional dos Bispos do Brasil (CNBB). Dom Giambattista Diquattro visitou tamb\u00e9m a sede da CNBB. A Missa de acolhida, presidida pelo N\u00fancio Apost\u00f3lico na quarta-feira, 3 de fevereiro, reuniu o presidente da CNBB, dom Walmor Oliveira de Azevedo, o primeiro vice-presidente, dom Jaime Spengler, o secret\u00e1rio-geral, dom Joel Portella; o presidente do Regional Centro-Oeste, dom Waldemar Passini; o arcebispo Militar [&hellip;]\" \/>\n<meta property=\"og:url\" content=\"https:\/\/www.padreeustaquio.com.br\/en\/apostolic-nuncio-for-brazil-is-welcomed-by-the-presidency-of-the-cnbb\/\" \/>\n<meta property=\"og:site_name\" content=\"Padre Eust\u00e1quio\" \/>\n<meta property=\"article:publisher\" content=\"https:\/\/www.facebook.com\/beatopadreeustaquio\/\" \/>\n<meta property=\"article:published_time\" content=\"2021-02-07T10:47:09+00:00\" \/>\n<meta property=\"og:image\" content=\"https:\/\/www.padreeustaquio.com.br\/wp-content\/uploads\/2021\/02\/nuncio-apostolico.jpg\" \/>\n\t<meta property=\"og:image:width\" content=\"1536\" \/>\n\t<meta property=\"og:image:height\" content=\"1024\" \/>\n\t<meta property=\"og:image:type\" content=\"image\/jpeg\" \/>\n<meta name=\"author\" content=\"@sscc\" \/>\n<meta name=\"twitter:card\" content=\"summary_large_image\" \/>\n<meta name=\"twitter:creator\" content=\"@beatopeustaquio\" \/>\n<meta name=\"twitter:site\" content=\"@beatopeustaquio\" \/>\n<meta name=\"twitter:label1\" content=\"Written by\" \/>\n\t<meta name=\"twitter:data1\" content=\"@sscc\" \/>\n\t<meta name=\"twitter:label2\" content=\"Est. reading time\" \/>\n\t<meta name=\"twitter:data2\" content=\"2 minutes\" \/>\n<script type=\"application\/ld+json\" class=\"yoast-schema-graph\">{\"@context\":\"https:\/\/schema.org\",\"@graph\":[{\"@type\":\"Article\",\"@id\":\"https:\/\/www.padreeustaquio.com.br\/nuncio-apostolico-para-o-brasil-e-acolhido-pela-presidencia-da-cnbb\/#article\",\"isPartOf\":{\"@id\":\"https:\/\/www.padreeustaquio.com.br\/nuncio-apostolico-para-o-brasil-e-acolhido-pela-presidencia-da-cnbb\/\"},\"author\":{\"name\":\"@sscc\",\"@id\":\"https:\/\/www.padreeustaquio.com.br\/#\/schema\/person\/a2a51db1d00f1a7af0204a0f1ddb1566\"},\"headline\":\"N\u00fancio Apost\u00f3lico para o Brasil \u00e9 acolhido pela presid\u00eancia da CNBB\",\"datePublished\":\"2021-02-07T10:47:09+00:00\",\"mainEntityOfPage\":{\"@id\":\"https:\/\/www.padreeustaquio.com.br\/nuncio-apostolico-para-o-brasil-e-acolhido-pela-presidencia-da-cnbb\/\"},\"wordCount\":410,\"commentCount\":0,\"publisher\":{\"@id\":\"https:\/\/www.padreeustaquio.com.br\/#organization\"},\"image\":{\"@id\":\"https:\/\/www.padreeustaquio.com.br\/nuncio-apostolico-para-o-brasil-e-acolhido-pela-presidencia-da-cnbb\/#primaryimage\"},\"thumbnailUrl\":\"https:\/\/www.padreeustaquio.com.br\/wp-content\/uploads\/2021\/02\/nuncio-apostolico.jpg\",\"articleSection\":[\"Not\u00edcias\"],\"inLanguage\":\"en-US\",\"potentialAction\":[{\"@type\":\"CommentAction\",\"name\":\"Comment\",\"target\":[\"https:\/\/www.padreeustaquio.com.br\/nuncio-apostolico-para-o-brasil-e-acolhido-pela-presidencia-da-cnbb\/#respond\"]}]},{\"@type\":\"WebPage\",\"@id\":\"https:\/\/www.padreeustaquio.com.br\/nuncio-apostolico-para-o-brasil-e-acolhido-pela-presidencia-da-cnbb\/\",\"url\":\"https:\/\/www.padreeustaquio.com.br\/nuncio-apostolico-para-o-brasil-e-acolhido-pela-presidencia-da-cnbb\/\",\"name\":\"N\u00fancio Apost\u00f3lico para o Brasil \u00e9 acolhido pela presid\u00eancia da CNBB - Padre Eust\u00e1quio\",\"isPartOf\":{\"@id\":\"https:\/\/www.padreeustaquio.com.br\/#website\"},\"primaryImageOfPage\":{\"@id\":\"https:\/\/www.padreeustaquio.com.br\/nuncio-apostolico-para-o-brasil-e-acolhido-pela-presidencia-da-cnbb\/#primaryimage\"},\"image\":{\"@id\":\"https:\/\/www.padreeustaquio.com.br\/nuncio-apostolico-para-o-brasil-e-acolhido-pela-presidencia-da-cnbb\/#primaryimage\"},\"thumbnailUrl\":\"https:\/\/www.padreeustaquio.com.br\/wp-content\/uploads\/2021\/02\/nuncio-apostolico.jpg\",\"datePublished\":\"2021-02-07T10:47:09+00:00\",\"breadcrumb\":{\"@id\":\"https:\/\/www.padreeustaquio.com.br\/nuncio-apostolico-para-o-brasil-e-acolhido-pela-presidencia-da-cnbb\/#breadcrumb\"},\"inLanguage\":\"en-US\",\"potentialAction\":[{\"@type\":\"ReadAction\",\"target\":[\"https:\/\/www.padreeustaquio.com.br\/nuncio-apostolico-para-o-brasil-e-acolhido-pela-presidencia-da-cnbb\/\"]}]},{\"@type\":\"ImageObject\",\"inLanguage\":\"en-US\",\"@id\":\"https:\/\/www.padreeustaquio.com.br\/nuncio-apostolico-para-o-brasil-e-acolhido-pela-presidencia-da-cnbb\/#primaryimage\",\"url\":\"https:\/\/www.padreeustaquio.com.br\/wp-content\/uploads\/2021\/02\/nuncio-apostolico.jpg\",\"contentUrl\":\"https:\/\/www.padreeustaquio.com.br\/wp-content\/uploads\/2021\/02\/nuncio-apostolico.jpg\",\"width\":1536,\"height\":1024},{\"@type\":\"BreadcrumbList\",\"@id\":\"https:\/\/www.padreeustaquio.com.br\/nuncio-apostolico-para-o-brasil-e-acolhido-pela-presidencia-da-cnbb\/#breadcrumb\",\"itemListElement\":[{\"@type\":\"ListItem\",\"position\":1,\"name\":\"In\u00edcio\",\"item\":\"https:\/\/www.padreeustaquio.com.br\/\"},{\"@type\":\"ListItem\",\"position\":2,\"name\":\"N\u00fancio Apost\u00f3lico para o Brasil \u00e9 acolhido pela presid\u00eancia da CNBB\"}]},{\"@type\":\"WebSite\",\"@id\":\"https:\/\/www.padreeustaquio.com.br\/#website\",\"url\":\"https:\/\/www.padreeustaquio.com.br\/\",\"name\":\"Padre Eust\u00e1quio\",\"description\":\"Sa\u00fade e Paz\",\"publisher\":{\"@id\":\"https:\/\/www.padreeustaquio.com.br\/#organization\"},\"potentialAction\":[{\"@type\":\"SearchAction\",\"target\":{\"@type\":\"EntryPoint\",\"urlTemplate\":\"https:\/\/www.padreeustaquio.com.br\/?s={search_term_string}\"},\"query-input\":{\"@type\":\"PropertyValueSpecification\",\"valueRequired\":true,\"valueName\":\"search_term_string\"}}],\"inLanguage\":\"en-US\"},{\"@type\":\"Organization\",\"@id\":\"https:\/\/www.padreeustaquio.com.br\/#organization\",\"name\":\"Padre Eust\u00e1quio\",\"url\":\"https:\/\/www.padreeustaquio.com.br\/\",\"logo\":{\"@type\":\"ImageObject\",\"inLanguage\":\"en-US\",\"@id\":\"https:\/\/www.padreeustaquio.com.br\/#\/schema\/logo\/image\/\",\"url\":\"https:\/\/www.padreeustaquio.com.br\/wp-content\/uploads\/2019\/08\/marca.png\",\"contentUrl\":\"https:\/\/www.padreeustaquio.com.br\/wp-content\/uploads\/2019\/08\/marca.png\",\"width\":350,\"height\":400,\"caption\":\"Padre Eust\u00e1quio\"},\"image\":{\"@id\":\"https:\/\/www.padreeustaquio.com.br\/#\/schema\/logo\/image\/\"},\"sameAs\":[\"https:\/\/www.facebook.com\/beatopadreeustaquio\/\",\"https:\/\/x.com\/beatopeustaquio\",\"https:\/\/www.instagram.com\/beatopadreeustaquio\/\",\"https:\/\/www.youtube.com\/channel\/UCRhw7vfabnajwLxb1ZXMeIw\"]},{\"@type\":\"Person\",\"@id\":\"https:\/\/www.padreeustaquio.com.br\/#\/schema\/person\/a2a51db1d00f1a7af0204a0f1ddb1566\",\"name\":\"@sscc\",\"image\":{\"@type\":\"ImageObject\",\"inLanguage\":\"en-US\",\"@id\":\"https:\/\/secure.gravatar.com\/avatar\/68cfafa5f44617fea54071e215026e0ff06be366c3d54a8425f04fdcb86f8c5f?s=96&d=mm&r=g\",\"url\":\"https:\/\/secure.gravatar.com\/avatar\/68cfafa5f44617fea54071e215026e0ff06be366c3d54a8425f04fdcb86f8c5f?s=96&d=mm&r=g\",\"contentUrl\":\"https:\/\/secure.gravatar.com\/avatar\/68cfafa5f44617fea54071e215026e0ff06be366c3d54a8425f04fdcb86f8c5f?s=96&d=mm&r=g\",\"caption\":\"@sscc\"},\"url\":\"https:\/\/www.padreeustaquio.com.br\/en\/author\/sscc\/\"}]}<\/script>\n<!-- \/ Yoast SEO plugin. -->","yoast_head_json":{"title":"Apostolic Nuncio to Brazil is welcomed by the presidency of the CNBB - Father Eust\u00e1quio","robots":{"index":"index","follow":"follow","max-snippet":"max-snippet:-1","max-image-preview":"max-image-preview:large","max-video-preview":"max-video-preview:-1"},"canonical":"https:\/\/www.padreeustaquio.com.br\/en\/apostolic-nuncio-for-brazil-is-welcomed-by-the-presidency-of-the-cnbb\/","og_locale":"en_US","og_type":"article","og_title":"N\u00fancio Apost\u00f3lico para o Brasil \u00e9 acolhido pela presid\u00eancia da CNBB - Padre Eust\u00e1quio","og_description":"O novo N\u00fancio Apost\u00f3lico no Brasil, dom Giambattista Diquattro, foi acolhido durante Missa na Catedral Metropolitana de Bras\u00edlia (DF), que marcou a recep\u00e7\u00e3o do novo representante da Santa S\u00e9 pela comunidade eclesial da capital do pa\u00eds, bem como pela Confer\u00eancia Nacional dos Bispos do Brasil (CNBB). Dom Giambattista Diquattro visitou tamb\u00e9m a sede da CNBB. A Missa de acolhida, presidida pelo N\u00fancio Apost\u00f3lico na quarta-feira, 3 de fevereiro, reuniu o presidente da CNBB, dom Walmor Oliveira de Azevedo, o primeiro vice-presidente, dom Jaime Spengler, o secret\u00e1rio-geral, dom Joel Portella; o presidente do Regional Centro-Oeste, dom Waldemar Passini; o arcebispo Militar [&hellip;]","og_url":"https:\/\/www.padreeustaquio.com.br\/en\/apostolic-nuncio-for-brazil-is-welcomed-by-the-presidency-of-the-cnbb\/","og_site_name":"Padre Eust\u00e1quio","article_publisher":"https:\/\/www.facebook.com\/beatopadreeustaquio\/","article_published_time":"2021-02-07T10:47:09+00:00","og_image":[{"width":1536,"height":1024,"url":"https:\/\/www.padreeustaquio.com.br\/wp-content\/uploads\/2021\/02\/nuncio-apostolico.jpg","type":"image\/jpeg"}],"author":"@sscc","twitter_card":"summary_large_image","twitter_creator":"@beatopeustaquio","twitter_site":"@beatopeustaquio","twitter_misc":{"Written by":"@sscc","Est. reading time":"2 minutes"},"schema":{"@context":"https:\/\/schema.org","@graph":[{"@type":"Article","@id":"https:\/\/www.padreeustaquio.com.br\/nuncio-apostolico-para-o-brasil-e-acolhido-pela-presidencia-da-cnbb\/#article","isPartOf":{"@id":"https:\/\/www.padreeustaquio.com.br\/nuncio-apostolico-para-o-brasil-e-acolhido-pela-presidencia-da-cnbb\/"},"author":{"name":"@sscc","@id":"https:\/\/www.padreeustaquio.com.br\/#\/schema\/person\/a2a51db1d00f1a7af0204a0f1ddb1566"},"headline":"N\u00fancio Apost\u00f3lico para o Brasil \u00e9 acolhido pela presid\u00eancia da CNBB","datePublished":"2021-02-07T10:47:09+00:00","mainEntityOfPage":{"@id":"https:\/\/www.padreeustaquio.com.br\/nuncio-apostolico-para-o-brasil-e-acolhido-pela-presidencia-da-cnbb\/"},"wordCount":410,"commentCount":0,"publisher":{"@id":"https:\/\/www.padreeustaquio.com.br\/#organization"},"image":{"@id":"https:\/\/www.padreeustaquio.com.br\/nuncio-apostolico-para-o-brasil-e-acolhido-pela-presidencia-da-cnbb\/#primaryimage"},"thumbnailUrl":"https:\/\/www.padreeustaquio.com.br\/wp-content\/uploads\/2021\/02\/nuncio-apostolico.jpg","articleSection":["Not\u00edcias"],"inLanguage":"en-US","potentialAction":[{"@type":"CommentAction","name":"Comment","target":["https:\/\/www.padreeustaquio.com.br\/nuncio-apostolico-para-o-brasil-e-acolhido-pela-presidencia-da-cnbb\/#respond"]}]},{"@type":"WebPage","@id":"https:\/\/www.padreeustaquio.com.br\/nuncio-apostolico-para-o-brasil-e-acolhido-pela-presidencia-da-cnbb\/","url":"https:\/\/www.padreeustaquio.com.br\/nuncio-apostolico-para-o-brasil-e-acolhido-pela-presidencia-da-cnbb\/","name":"Apostolic Nuncio to Brazil is welcomed by the presidency of the CNBB - Father Eust\u00e1quio","isPartOf":{"@id":"https:\/\/www.padreeustaquio.com.br\/#website"},"primaryImageOfPage":{"@id":"https:\/\/www.padreeustaquio.com.br\/nuncio-apostolico-para-o-brasil-e-acolhido-pela-presidencia-da-cnbb\/#primaryimage"},"image":{"@id":"https:\/\/www.padreeustaquio.com.br\/nuncio-apostolico-para-o-brasil-e-acolhido-pela-presidencia-da-cnbb\/#primaryimage"},"thumbnailUrl":"https:\/\/www.padreeustaquio.com.br\/wp-content\/uploads\/2021\/02\/nuncio-apostolico.jpg","datePublished":"2021-02-07T10:47:09+00:00","breadcrumb":{"@id":"https:\/\/www.padreeustaquio.com.br\/nuncio-apostolico-para-o-brasil-e-acolhido-pela-presidencia-da-cnbb\/#breadcrumb"},"inLanguage":"en-US","potentialAction":[{"@type":"ReadAction","target":["https:\/\/www.padreeustaquio.com.br\/nuncio-apostolico-para-o-brasil-e-acolhido-pela-presidencia-da-cnbb\/"]}]},{"@type":"ImageObject","inLanguage":"en-US","@id":"https:\/\/www.padreeustaquio.com.br\/nuncio-apostolico-para-o-brasil-e-acolhido-pela-presidencia-da-cnbb\/#primaryimage","url":"https:\/\/www.padreeustaquio.com.br\/wp-content\/uploads\/2021\/02\/nuncio-apostolico.jpg","contentUrl":"https:\/\/www.padreeustaquio.com.br\/wp-content\/uploads\/2021\/02\/nuncio-apostolico.jpg","width":1536,"height":1024},{"@type":"BreadcrumbList","@id":"https:\/\/www.padreeustaquio.com.br\/nuncio-apostolico-para-o-brasil-e-acolhido-pela-presidencia-da-cnbb\/#breadcrumb","itemListElement":[{"@type":"ListItem","position":1,"name":"In\u00edcio","item":"https:\/\/www.padreeustaquio.com.br\/"},{"@type":"ListItem","position":2,"name":"N\u00fancio Apost\u00f3lico para o Brasil \u00e9 acolhido pela presid\u00eancia da CNBB"}]},{"@type":"WebSite","@id":"https:\/\/www.padreeustaquio.com.br\/#website","url":"https:\/\/www.padreeustaquio.com.br\/","name":"FATHER EUST\u00c1QUIO","description":"Health and Peace","publisher":{"@id":"https:\/\/www.padreeustaquio.com.br\/#organization"},"potentialAction":[{"@type":"SearchAction","target":{"@type":"EntryPoint","urlTemplate":"https:\/\/www.padreeustaquio.com.br\/?s={search_term_string}"},"query-input":{"@type":"PropertyValueSpecification","valueRequired":true,"valueName":"search_term_string"}}],"inLanguage":"en-US"},{"@type":"Organization","@id":"https:\/\/www.padreeustaquio.com.br\/#organization","name":"FATHER EUST\u00c1QUIO","url":"https:\/\/www.padreeustaquio.com.br\/","logo":{"@type":"ImageObject","inLanguage":"en-US","@id":"https:\/\/www.padreeustaquio.com.br\/#\/schema\/logo\/image\/","url":"https:\/\/www.padreeustaquio.com.br\/wp-content\/uploads\/2019\/08\/marca.png","contentUrl":"https:\/\/www.padreeustaquio.com.br\/wp-content\/uploads\/2019\/08\/marca.png","width":350,"height":400,"caption":"Padre Eust\u00e1quio"},"image":{"@id":"https:\/\/www.padreeustaquio.com.br\/#\/schema\/logo\/image\/"},"sameAs":["https:\/\/www.facebook.com\/beatopadreeustaquio\/","https:\/\/x.com\/beatopeustaquio","https:\/\/www.instagram.com\/beatopadreeustaquio\/","https:\/\/www.youtube.com\/channel\/UCRhw7vfabnajwLxb1ZXMeIw"]},{"@type":"Person","@id":"https:\/\/www.padreeustaquio.com.br\/#\/schema\/person\/a2a51db1d00f1a7af0204a0f1ddb1566","name":"@sscc","image":{"@type":"ImageObject","inLanguage":"en-US","@id":"https:\/\/secure.gravatar.com\/avatar\/68cfafa5f44617fea54071e215026e0ff06be366c3d54a8425f04fdcb86f8c5f?s=96&d=mm&r=g","url":"https:\/\/secure.gravatar.com\/avatar\/68cfafa5f44617fea54071e215026e0ff06be366c3d54a8425f04fdcb86f8c5f?s=96&d=mm&r=g","contentUrl":"https:\/\/secure.gravatar.com\/avatar\/68cfafa5f44617fea54071e215026e0ff06be366c3d54a8425f04fdcb86f8c5f?s=96&d=mm&r=g","caption":"@sscc"},"url":"https:\/\/www.padreeustaquio.com.br\/en\/author\/sscc\/"}]}},"_links":{"self":[{"href":"https:\/\/www.padreeustaquio.com.br\/en\/wp-json\/wp\/v2\/posts\/4987","targetHints":{"allow":["GET"]}}],"collection":[{"href":"https:\/\/www.padreeustaquio.com.br\/en\/wp-json\/wp\/v2\/posts"}],"about":[{"href":"https:\/\/www.padreeustaquio.com.br\/en\/wp-json\/wp\/v2\/types\/post"}],"author":[{"embeddable":true,"href":"https:\/\/www.padreeustaquio.com.br\/en\/wp-json\/wp\/v2\/users\/2"}],"replies":[{"embeddable":true,"href":"https:\/\/www.padreeustaquio.com.br\/en\/wp-json\/wp\/v2\/comments?post=4987"}],"version-history":[{"count":0,"href":"https:\/\/www.padreeustaquio.com.br\/en\/wp-json\/wp\/v2\/posts\/4987\/revisions"}],"wp:featuredmedia":[{"embeddable":true,"href":"https:\/\/www.padreeustaquio.com.br\/en\/wp-json\/wp\/v2\/media\/4988"}],"wp:attachment":[{"href":"https:\/\/www.padreeustaquio.com.br\/en\/wp-json\/wp\/v2\/media?parent=4987"}],"wp:term":[{"taxonomy":"category","embeddable":true,"href":"https:\/\/www.padreeustaquio.com.br\/en\/wp-json\/wp\/v2\/categories?post=4987"},{"taxonomy":"post_tag","embeddable":true,"href":"https:\/\/www.padreeustaquio.com.br\/en\/wp-json\/wp\/v2\/tags?post=4987"}],"curies":[{"name":"wp","href":"https:\/\/api.w.org\/{rel}","templated":true}]}}