{"id":4971,"date":"2021-02-05T08:10:49","date_gmt":"2021-02-05T11:10:49","guid":{"rendered":"https:\/\/www.padreeustaquio.com.br\/?p=4971"},"modified":"2021-02-04T21:11:35","modified_gmt":"2021-02-05T00:11:35","slug":"father-alfredo-elfrink-the-first-vice-postulator-of-the-cause-of-canonization-of-father-eustaquio","status":"publish","type":"post","link":"https:\/\/www.padreeustaquio.com.br\/en\/father-alfredo-elfrink-the-first-vice-postulator-of-the-cause-of-canonization-of-father-eustaquio\/","title":{"rendered":"Father Alfredo Elfrink, the first vice-postulator of the Cause for Canonization of Father Eust\u00e1quio."},"content":{"rendered":"<p>The pilgrimage of people to the tomb of Father Eust\u00e1quio and, subsequently, to the space built in the then-new Matriz church, gave substance to what many said: &quot;I received a grace through the intercession of Father Eust\u00e1quio!&quot; In this sense, in 1953, the desire arose to open a Canonization Process.<\/p>\n<p>It was there, 65 years ago, exactly on February 5, 1956, that Father Alfredo Elfrink, sscc, was appointed the first vice-postulator of the Cause of Beatification\/Canonization of Father Eust\u00e1quio. Fr. Alfredo, who was born on March 5, 1909, in Zwolle, Netherlands, was largely responsible for gathering the first accounts of graces received and documents proving to the Holy See that Father Eust\u00e1quio was worthy of being recognized as a Servant of God (the first part of the process).<\/p>\n<p>Six years later, ecclesiastical authorities of the time established the Ecclesiastical Tribunal and gathered all the required documentation.<\/p>\n<div style=\"width: 376px\" class=\"wp-caption alignleft\"><img fetchpriority=\"high\" decoding=\"async\" src=\"https:\/\/www.padreeustaquio.com.br\/wp-content\/uploads\/2020\/03\/12-3-800x400.jpg\" alt=\"Father Alfredo (right) with JK at the moment when the former president&#039;s testimony was being written by himself.\" width=\"366\" height=\"183\" \/><p class=\"wp-caption-text\">Father Alfredo (right) with JK at the moment when the former president&#039;s testimony was being written by the politician himself.<\/p><\/div>\n<p>Father Alfredo manages to go to the office of former president Juscelino Kubitschek, who writes to the proceedings, reporting two graces received by him and his family through the blessing of Father Eust\u00e1quio, in mid-1943, when JK was mayor of Belo Horizonte.<a href=\"https:\/\/www.padreeustaquio.com.br\/en\/did-you-know-that-former-president-juscelino-kubitschek-was-a-friend-and-devotee-of-father-eustaquio\/\">Learn more about this case here.<\/a>).<\/p>\n<p>In 1966, Father Alfredo, largely responsible for the initial years of the Canonization process, traveled to Rome with all the documentation that would lead to the process being opened in the Vatican, indicating that Father Eust\u00e1quio should be recognized as a Servant of God.<\/p>\n<p>Father Alfredo Elfrink, ss.cc., remained as vice-postulator until 1974 when he returned to his country of origin. Elfrink died on August 22, 1991, in Bavel, Netherlands.<\/p>","protected":false},"excerpt":{"rendered":"<p>A peregrina\u00e7\u00e3o das pessoas ao t\u00famulo de Padre Eust\u00e1quio e, em seguida, ao espa\u00e7o constru\u00eddo na ent\u00e3o nova Matriz, foi concretizando aquilo que muitos diziam: &#8220;Consegui uma gra\u00e7a, pela intercess\u00e3o de Padre Eust\u00e1quio!&#8221; Neste sentido, em 1953, surge o desejo de abrir um Processo de Canoniza\u00e7\u00e3o. Foi a\u00ed, que h\u00e1 65 anos, exatamente no dia 05 de fevereiro de 1956, que Padre Alfredo Elfrink, sscc, foi nomeado o primeiro vice-postulador da Causa de Beatifica\u00e7\u00e3o\/Canoniza\u00e7\u00e3o de Padre Eust\u00e1quio. Pe. Alfredo, que nasceu no dia 05 de mar\u00e7o de 1909, em\u00a0Zwolle, na Holanda, foi o grande respons\u00e1vel por reunir os primeiros relatos [&hellip;]<\/p>\n","protected":false},"author":2,"featured_media":2709,"comment_status":"open","ping_status":"open","sticky":false,"template":"","format":"standard","meta":{"_acf_changed":false,"footnotes":""},"categories":[611],"tags":[],"class_list":["post-4971","post","type-post","status-publish","format-standard","has-post-thumbnail","hentry","category-noticias"],"acf":[],"yoast_head":"<!-- This site is optimized with the Yoast SEO plugin v27.2 - https:\/\/yoast.com\/product\/yoast-seo-wordpress\/ -->\n<title>Padre Alfredo Elfrink o primeiro vice-postulador da Causa de Canoniza\u00e7\u00e3o de Padre Eust\u00e1quio - Padre Eust\u00e1quio<\/title>\n<meta name=\"robots\" content=\"index, follow, max-snippet:-1, max-image-preview:large, max-video-preview:-1\" \/>\n<link rel=\"canonical\" href=\"https:\/\/www.padreeustaquio.com.br\/en\/father-alfredo-elfrink-the-first-vice-postulator-of-the-cause-of-canonization-of-father-eustaquio\/\" \/>\n<meta property=\"og:locale\" content=\"en_US\" \/>\n<meta property=\"og:type\" content=\"article\" \/>\n<meta property=\"og:title\" content=\"Padre Alfredo Elfrink o primeiro vice-postulador da Causa de Canoniza\u00e7\u00e3o de Padre Eust\u00e1quio - Padre Eust\u00e1quio\" \/>\n<meta property=\"og:description\" content=\"A peregrina\u00e7\u00e3o das pessoas ao t\u00famulo de Padre Eust\u00e1quio e, em seguida, ao espa\u00e7o constru\u00eddo na ent\u00e3o nova Matriz, foi concretizando aquilo que muitos diziam: &#8220;Consegui uma gra\u00e7a, pela intercess\u00e3o de Padre Eust\u00e1quio!&#8221; Neste sentido, em 1953, surge o desejo de abrir um Processo de Canoniza\u00e7\u00e3o. Foi a\u00ed, que h\u00e1 65 anos, exatamente no dia 05 de fevereiro de 1956, que Padre Alfredo Elfrink, sscc, foi nomeado o primeiro vice-postulador da Causa de Beatifica\u00e7\u00e3o\/Canoniza\u00e7\u00e3o de Padre Eust\u00e1quio. Pe. Alfredo, que nasceu no dia 05 de mar\u00e7o de 1909, em\u00a0Zwolle, na Holanda, foi o grande respons\u00e1vel por reunir os primeiros relatos [&hellip;]\" \/>\n<meta property=\"og:url\" content=\"https:\/\/www.padreeustaquio.com.br\/en\/father-alfredo-elfrink-the-first-vice-postulator-of-the-cause-of-canonization-of-father-eustaquio\/\" \/>\n<meta property=\"og:site_name\" content=\"Padre Eust\u00e1quio\" \/>\n<meta property=\"article:publisher\" content=\"https:\/\/www.facebook.com\/beatopadreeustaquio\/\" \/>\n<meta property=\"article:published_time\" content=\"2021-02-05T11:10:49+00:00\" \/>\n<meta property=\"og:image\" content=\"https:\/\/www.padreeustaquio.com.br\/wp-content\/uploads\/2019\/08\/IN\u00cdCIO-PROCESSO-CANONIZA\u00c7\u00c3O-1024x752.jpg\" \/>\n\t<meta property=\"og:image:width\" content=\"1024\" \/>\n\t<meta property=\"og:image:height\" content=\"752\" \/>\n\t<meta property=\"og:image:type\" content=\"image\/jpeg\" \/>\n<meta name=\"author\" content=\"@sscc\" \/>\n<meta name=\"twitter:card\" content=\"summary_large_image\" \/>\n<meta name=\"twitter:creator\" content=\"@beatopeustaquio\" \/>\n<meta name=\"twitter:site\" content=\"@beatopeustaquio\" \/>\n<meta name=\"twitter:label1\" content=\"Written by\" \/>\n\t<meta name=\"twitter:data1\" content=\"@sscc\" \/>\n\t<meta name=\"twitter:label2\" content=\"Est. reading time\" \/>\n\t<meta name=\"twitter:data2\" content=\"2 minutes\" \/>\n<script type=\"application\/ld+json\" class=\"yoast-schema-graph\">{\"@context\":\"https:\/\/schema.org\",\"@graph\":[{\"@type\":\"Article\",\"@id\":\"https:\/\/www.padreeustaquio.com.br\/padre-alfredo-elfrink-o-primeiro-vice-postulador-da-causa-de-canonizacao-de-padre-eustaquio\/#article\",\"isPartOf\":{\"@id\":\"https:\/\/www.padreeustaquio.com.br\/padre-alfredo-elfrink-o-primeiro-vice-postulador-da-causa-de-canonizacao-de-padre-eustaquio\/\"},\"author\":{\"name\":\"@sscc\",\"@id\":\"https:\/\/www.padreeustaquio.com.br\/#\/schema\/person\/a2a51db1d00f1a7af0204a0f1ddb1566\"},\"headline\":\"Padre Alfredo Elfrink o primeiro vice-postulador da Causa de Canoniza\u00e7\u00e3o de Padre Eust\u00e1quio\",\"datePublished\":\"2021-02-05T11:10:49+00:00\",\"mainEntityOfPage\":{\"@id\":\"https:\/\/www.padreeustaquio.com.br\/padre-alfredo-elfrink-o-primeiro-vice-postulador-da-causa-de-canonizacao-de-padre-eustaquio\/\"},\"wordCount\":322,\"commentCount\":0,\"publisher\":{\"@id\":\"https:\/\/www.padreeustaquio.com.br\/#organization\"},\"image\":{\"@id\":\"https:\/\/www.padreeustaquio.com.br\/padre-alfredo-elfrink-o-primeiro-vice-postulador-da-causa-de-canonizacao-de-padre-eustaquio\/#primaryimage\"},\"thumbnailUrl\":\"https:\/\/www.padreeustaquio.com.br\/wp-content\/uploads\/2019\/08\/IN\u00cdCIO-PROCESSO-CANONIZA\u00c7\u00c3O.jpg\",\"articleSection\":[\"Not\u00edcias\"],\"inLanguage\":\"en-US\",\"potentialAction\":[{\"@type\":\"CommentAction\",\"name\":\"Comment\",\"target\":[\"https:\/\/www.padreeustaquio.com.br\/padre-alfredo-elfrink-o-primeiro-vice-postulador-da-causa-de-canonizacao-de-padre-eustaquio\/#respond\"]}]},{\"@type\":\"WebPage\",\"@id\":\"https:\/\/www.padreeustaquio.com.br\/padre-alfredo-elfrink-o-primeiro-vice-postulador-da-causa-de-canonizacao-de-padre-eustaquio\/\",\"url\":\"https:\/\/www.padreeustaquio.com.br\/padre-alfredo-elfrink-o-primeiro-vice-postulador-da-causa-de-canonizacao-de-padre-eustaquio\/\",\"name\":\"Padre Alfredo Elfrink o primeiro vice-postulador da Causa de Canoniza\u00e7\u00e3o de Padre Eust\u00e1quio - Padre Eust\u00e1quio\",\"isPartOf\":{\"@id\":\"https:\/\/www.padreeustaquio.com.br\/#website\"},\"primaryImageOfPage\":{\"@id\":\"https:\/\/www.padreeustaquio.com.br\/padre-alfredo-elfrink-o-primeiro-vice-postulador-da-causa-de-canonizacao-de-padre-eustaquio\/#primaryimage\"},\"image\":{\"@id\":\"https:\/\/www.padreeustaquio.com.br\/padre-alfredo-elfrink-o-primeiro-vice-postulador-da-causa-de-canonizacao-de-padre-eustaquio\/#primaryimage\"},\"thumbnailUrl\":\"https:\/\/www.padreeustaquio.com.br\/wp-content\/uploads\/2019\/08\/IN\u00cdCIO-PROCESSO-CANONIZA\u00c7\u00c3O.jpg\",\"datePublished\":\"2021-02-05T11:10:49+00:00\",\"breadcrumb\":{\"@id\":\"https:\/\/www.padreeustaquio.com.br\/padre-alfredo-elfrink-o-primeiro-vice-postulador-da-causa-de-canonizacao-de-padre-eustaquio\/#breadcrumb\"},\"inLanguage\":\"en-US\",\"potentialAction\":[{\"@type\":\"ReadAction\",\"target\":[\"https:\/\/www.padreeustaquio.com.br\/padre-alfredo-elfrink-o-primeiro-vice-postulador-da-causa-de-canonizacao-de-padre-eustaquio\/\"]}]},{\"@type\":\"ImageObject\",\"inLanguage\":\"en-US\",\"@id\":\"https:\/\/www.padreeustaquio.com.br\/padre-alfredo-elfrink-o-primeiro-vice-postulador-da-causa-de-canonizacao-de-padre-eustaquio\/#primaryimage\",\"url\":\"https:\/\/www.padreeustaquio.com.br\/wp-content\/uploads\/2019\/08\/IN\u00cdCIO-PROCESSO-CANONIZA\u00c7\u00c3O.jpg\",\"contentUrl\":\"https:\/\/www.padreeustaquio.com.br\/wp-content\/uploads\/2019\/08\/IN\u00cdCIO-PROCESSO-CANONIZA\u00c7\u00c3O.jpg\",\"width\":4645,\"height\":3409,\"caption\":\"Padre Alfredo Elfrink e membros do Tribunal Eclesi\u00e1stico organizando o processo para enviar ao Vaticano.\"},{\"@type\":\"BreadcrumbList\",\"@id\":\"https:\/\/www.padreeustaquio.com.br\/padre-alfredo-elfrink-o-primeiro-vice-postulador-da-causa-de-canonizacao-de-padre-eustaquio\/#breadcrumb\",\"itemListElement\":[{\"@type\":\"ListItem\",\"position\":1,\"name\":\"In\u00edcio\",\"item\":\"https:\/\/www.padreeustaquio.com.br\/\"},{\"@type\":\"ListItem\",\"position\":2,\"name\":\"Padre Alfredo Elfrink o primeiro vice-postulador da Causa de Canoniza\u00e7\u00e3o de Padre Eust\u00e1quio\"}]},{\"@type\":\"WebSite\",\"@id\":\"https:\/\/www.padreeustaquio.com.br\/#website\",\"url\":\"https:\/\/www.padreeustaquio.com.br\/\",\"name\":\"Padre Eust\u00e1quio\",\"description\":\"Sa\u00fade e Paz\",\"publisher\":{\"@id\":\"https:\/\/www.padreeustaquio.com.br\/#organization\"},\"potentialAction\":[{\"@type\":\"SearchAction\",\"target\":{\"@type\":\"EntryPoint\",\"urlTemplate\":\"https:\/\/www.padreeustaquio.com.br\/?s={search_term_string}\"},\"query-input\":{\"@type\":\"PropertyValueSpecification\",\"valueRequired\":true,\"valueName\":\"search_term_string\"}}],\"inLanguage\":\"en-US\"},{\"@type\":\"Organization\",\"@id\":\"https:\/\/www.padreeustaquio.com.br\/#organization\",\"name\":\"Padre Eust\u00e1quio\",\"url\":\"https:\/\/www.padreeustaquio.com.br\/\",\"logo\":{\"@type\":\"ImageObject\",\"inLanguage\":\"en-US\",\"@id\":\"https:\/\/www.padreeustaquio.com.br\/#\/schema\/logo\/image\/\",\"url\":\"https:\/\/www.padreeustaquio.com.br\/wp-content\/uploads\/2019\/08\/marca.png\",\"contentUrl\":\"https:\/\/www.padreeustaquio.com.br\/wp-content\/uploads\/2019\/08\/marca.png\",\"width\":350,\"height\":400,\"caption\":\"Padre Eust\u00e1quio\"},\"image\":{\"@id\":\"https:\/\/www.padreeustaquio.com.br\/#\/schema\/logo\/image\/\"},\"sameAs\":[\"https:\/\/www.facebook.com\/beatopadreeustaquio\/\",\"https:\/\/x.com\/beatopeustaquio\",\"https:\/\/www.instagram.com\/beatopadreeustaquio\/\",\"https:\/\/www.youtube.com\/channel\/UCRhw7vfabnajwLxb1ZXMeIw\"]},{\"@type\":\"Person\",\"@id\":\"https:\/\/www.padreeustaquio.com.br\/#\/schema\/person\/a2a51db1d00f1a7af0204a0f1ddb1566\",\"name\":\"@sscc\",\"image\":{\"@type\":\"ImageObject\",\"inLanguage\":\"en-US\",\"@id\":\"https:\/\/secure.gravatar.com\/avatar\/68cfafa5f44617fea54071e215026e0ff06be366c3d54a8425f04fdcb86f8c5f?s=96&d=mm&r=g\",\"url\":\"https:\/\/secure.gravatar.com\/avatar\/68cfafa5f44617fea54071e215026e0ff06be366c3d54a8425f04fdcb86f8c5f?s=96&d=mm&r=g\",\"contentUrl\":\"https:\/\/secure.gravatar.com\/avatar\/68cfafa5f44617fea54071e215026e0ff06be366c3d54a8425f04fdcb86f8c5f?s=96&d=mm&r=g\",\"caption\":\"@sscc\"},\"url\":\"https:\/\/www.padreeustaquio.com.br\/en\/author\/sscc\/\"}]}<\/script>\n<!-- \/ Yoast SEO plugin. -->","yoast_head_json":{"title":"Father Alfredo Elfrink, the first vice-postulator of the Cause for Canonization of Father Eust\u00e1quio - Father Eust\u00e1quio","robots":{"index":"index","follow":"follow","max-snippet":"max-snippet:-1","max-image-preview":"max-image-preview:large","max-video-preview":"max-video-preview:-1"},"canonical":"https:\/\/www.padreeustaquio.com.br\/en\/father-alfredo-elfrink-the-first-vice-postulator-of-the-cause-of-canonization-of-father-eustaquio\/","og_locale":"en_US","og_type":"article","og_title":"Padre Alfredo Elfrink o primeiro vice-postulador da Causa de Canoniza\u00e7\u00e3o de Padre Eust\u00e1quio - Padre Eust\u00e1quio","og_description":"A peregrina\u00e7\u00e3o das pessoas ao t\u00famulo de Padre Eust\u00e1quio e, em seguida, ao espa\u00e7o constru\u00eddo na ent\u00e3o nova Matriz, foi concretizando aquilo que muitos diziam: &#8220;Consegui uma gra\u00e7a, pela intercess\u00e3o de Padre Eust\u00e1quio!&#8221; Neste sentido, em 1953, surge o desejo de abrir um Processo de Canoniza\u00e7\u00e3o. Foi a\u00ed, que h\u00e1 65 anos, exatamente no dia 05 de fevereiro de 1956, que Padre Alfredo Elfrink, sscc, foi nomeado o primeiro vice-postulador da Causa de Beatifica\u00e7\u00e3o\/Canoniza\u00e7\u00e3o de Padre Eust\u00e1quio. Pe. Alfredo, que nasceu no dia 05 de mar\u00e7o de 1909, em\u00a0Zwolle, na Holanda, foi o grande respons\u00e1vel por reunir os primeiros relatos [&hellip;]","og_url":"https:\/\/www.padreeustaquio.com.br\/en\/father-alfredo-elfrink-the-first-vice-postulator-of-the-cause-of-canonization-of-father-eustaquio\/","og_site_name":"Padre Eust\u00e1quio","article_publisher":"https:\/\/www.facebook.com\/beatopadreeustaquio\/","article_published_time":"2021-02-05T11:10:49+00:00","og_image":[{"width":1024,"height":752,"url":"https:\/\/www.padreeustaquio.com.br\/wp-content\/uploads\/2019\/08\/IN\u00cdCIO-PROCESSO-CANONIZA\u00c7\u00c3O-1024x752.jpg","type":"image\/jpeg"}],"author":"@sscc","twitter_card":"summary_large_image","twitter_creator":"@beatopeustaquio","twitter_site":"@beatopeustaquio","twitter_misc":{"Written by":"@sscc","Est. reading time":"2 minutes"},"schema":{"@context":"https:\/\/schema.org","@graph":[{"@type":"Article","@id":"https:\/\/www.padreeustaquio.com.br\/padre-alfredo-elfrink-o-primeiro-vice-postulador-da-causa-de-canonizacao-de-padre-eustaquio\/#article","isPartOf":{"@id":"https:\/\/www.padreeustaquio.com.br\/padre-alfredo-elfrink-o-primeiro-vice-postulador-da-causa-de-canonizacao-de-padre-eustaquio\/"},"author":{"name":"@sscc","@id":"https:\/\/www.padreeustaquio.com.br\/#\/schema\/person\/a2a51db1d00f1a7af0204a0f1ddb1566"},"headline":"Padre Alfredo Elfrink o primeiro vice-postulador da Causa de Canoniza\u00e7\u00e3o de Padre Eust\u00e1quio","datePublished":"2021-02-05T11:10:49+00:00","mainEntityOfPage":{"@id":"https:\/\/www.padreeustaquio.com.br\/padre-alfredo-elfrink-o-primeiro-vice-postulador-da-causa-de-canonizacao-de-padre-eustaquio\/"},"wordCount":322,"commentCount":0,"publisher":{"@id":"https:\/\/www.padreeustaquio.com.br\/#organization"},"image":{"@id":"https:\/\/www.padreeustaquio.com.br\/padre-alfredo-elfrink-o-primeiro-vice-postulador-da-causa-de-canonizacao-de-padre-eustaquio\/#primaryimage"},"thumbnailUrl":"https:\/\/www.padreeustaquio.com.br\/wp-content\/uploads\/2019\/08\/IN\u00cdCIO-PROCESSO-CANONIZA\u00c7\u00c3O.jpg","articleSection":["Not\u00edcias"],"inLanguage":"en-US","potentialAction":[{"@type":"CommentAction","name":"Comment","target":["https:\/\/www.padreeustaquio.com.br\/padre-alfredo-elfrink-o-primeiro-vice-postulador-da-causa-de-canonizacao-de-padre-eustaquio\/#respond"]}]},{"@type":"WebPage","@id":"https:\/\/www.padreeustaquio.com.br\/padre-alfredo-elfrink-o-primeiro-vice-postulador-da-causa-de-canonizacao-de-padre-eustaquio\/","url":"https:\/\/www.padreeustaquio.com.br\/padre-alfredo-elfrink-o-primeiro-vice-postulador-da-causa-de-canonizacao-de-padre-eustaquio\/","name":"Father Alfredo Elfrink, the first vice-postulator of the Cause for Canonization of Father Eust\u00e1quio - Father Eust\u00e1quio","isPartOf":{"@id":"https:\/\/www.padreeustaquio.com.br\/#website"},"primaryImageOfPage":{"@id":"https:\/\/www.padreeustaquio.com.br\/padre-alfredo-elfrink-o-primeiro-vice-postulador-da-causa-de-canonizacao-de-padre-eustaquio\/#primaryimage"},"image":{"@id":"https:\/\/www.padreeustaquio.com.br\/padre-alfredo-elfrink-o-primeiro-vice-postulador-da-causa-de-canonizacao-de-padre-eustaquio\/#primaryimage"},"thumbnailUrl":"https:\/\/www.padreeustaquio.com.br\/wp-content\/uploads\/2019\/08\/IN\u00cdCIO-PROCESSO-CANONIZA\u00c7\u00c3O.jpg","datePublished":"2021-02-05T11:10:49+00:00","breadcrumb":{"@id":"https:\/\/www.padreeustaquio.com.br\/padre-alfredo-elfrink-o-primeiro-vice-postulador-da-causa-de-canonizacao-de-padre-eustaquio\/#breadcrumb"},"inLanguage":"en-US","potentialAction":[{"@type":"ReadAction","target":["https:\/\/www.padreeustaquio.com.br\/padre-alfredo-elfrink-o-primeiro-vice-postulador-da-causa-de-canonizacao-de-padre-eustaquio\/"]}]},{"@type":"ImageObject","inLanguage":"en-US","@id":"https:\/\/www.padreeustaquio.com.br\/padre-alfredo-elfrink-o-primeiro-vice-postulador-da-causa-de-canonizacao-de-padre-eustaquio\/#primaryimage","url":"https:\/\/www.padreeustaquio.com.br\/wp-content\/uploads\/2019\/08\/IN\u00cdCIO-PROCESSO-CANONIZA\u00c7\u00c3O.jpg","contentUrl":"https:\/\/www.padreeustaquio.com.br\/wp-content\/uploads\/2019\/08\/IN\u00cdCIO-PROCESSO-CANONIZA\u00c7\u00c3O.jpg","width":4645,"height":3409,"caption":"Padre Alfredo Elfrink e membros do Tribunal Eclesi\u00e1stico organizando o processo para enviar ao Vaticano."},{"@type":"BreadcrumbList","@id":"https:\/\/www.padreeustaquio.com.br\/padre-alfredo-elfrink-o-primeiro-vice-postulador-da-causa-de-canonizacao-de-padre-eustaquio\/#breadcrumb","itemListElement":[{"@type":"ListItem","position":1,"name":"In\u00edcio","item":"https:\/\/www.padreeustaquio.com.br\/"},{"@type":"ListItem","position":2,"name":"Padre Alfredo Elfrink o primeiro vice-postulador da Causa de Canoniza\u00e7\u00e3o de Padre Eust\u00e1quio"}]},{"@type":"WebSite","@id":"https:\/\/www.padreeustaquio.com.br\/#website","url":"https:\/\/www.padreeustaquio.com.br\/","name":"FATHER EUST\u00c1QUIO","description":"Health and Peace","publisher":{"@id":"https:\/\/www.padreeustaquio.com.br\/#organization"},"potentialAction":[{"@type":"SearchAction","target":{"@type":"EntryPoint","urlTemplate":"https:\/\/www.padreeustaquio.com.br\/?s={search_term_string}"},"query-input":{"@type":"PropertyValueSpecification","valueRequired":true,"valueName":"search_term_string"}}],"inLanguage":"en-US"},{"@type":"Organization","@id":"https:\/\/www.padreeustaquio.com.br\/#organization","name":"FATHER EUST\u00c1QUIO","url":"https:\/\/www.padreeustaquio.com.br\/","logo":{"@type":"ImageObject","inLanguage":"en-US","@id":"https:\/\/www.padreeustaquio.com.br\/#\/schema\/logo\/image\/","url":"https:\/\/www.padreeustaquio.com.br\/wp-content\/uploads\/2019\/08\/marca.png","contentUrl":"https:\/\/www.padreeustaquio.com.br\/wp-content\/uploads\/2019\/08\/marca.png","width":350,"height":400,"caption":"Padre Eust\u00e1quio"},"image":{"@id":"https:\/\/www.padreeustaquio.com.br\/#\/schema\/logo\/image\/"},"sameAs":["https:\/\/www.facebook.com\/beatopadreeustaquio\/","https:\/\/x.com\/beatopeustaquio","https:\/\/www.instagram.com\/beatopadreeustaquio\/","https:\/\/www.youtube.com\/channel\/UCRhw7vfabnajwLxb1ZXMeIw"]},{"@type":"Person","@id":"https:\/\/www.padreeustaquio.com.br\/#\/schema\/person\/a2a51db1d00f1a7af0204a0f1ddb1566","name":"@sscc","image":{"@type":"ImageObject","inLanguage":"en-US","@id":"https:\/\/secure.gravatar.com\/avatar\/68cfafa5f44617fea54071e215026e0ff06be366c3d54a8425f04fdcb86f8c5f?s=96&d=mm&r=g","url":"https:\/\/secure.gravatar.com\/avatar\/68cfafa5f44617fea54071e215026e0ff06be366c3d54a8425f04fdcb86f8c5f?s=96&d=mm&r=g","contentUrl":"https:\/\/secure.gravatar.com\/avatar\/68cfafa5f44617fea54071e215026e0ff06be366c3d54a8425f04fdcb86f8c5f?s=96&d=mm&r=g","caption":"@sscc"},"url":"https:\/\/www.padreeustaquio.com.br\/en\/author\/sscc\/"}]}},"_links":{"self":[{"href":"https:\/\/www.padreeustaquio.com.br\/en\/wp-json\/wp\/v2\/posts\/4971","targetHints":{"allow":["GET"]}}],"collection":[{"href":"https:\/\/www.padreeustaquio.com.br\/en\/wp-json\/wp\/v2\/posts"}],"about":[{"href":"https:\/\/www.padreeustaquio.com.br\/en\/wp-json\/wp\/v2\/types\/post"}],"author":[{"embeddable":true,"href":"https:\/\/www.padreeustaquio.com.br\/en\/wp-json\/wp\/v2\/users\/2"}],"replies":[{"embeddable":true,"href":"https:\/\/www.padreeustaquio.com.br\/en\/wp-json\/wp\/v2\/comments?post=4971"}],"version-history":[{"count":0,"href":"https:\/\/www.padreeustaquio.com.br\/en\/wp-json\/wp\/v2\/posts\/4971\/revisions"}],"wp:featuredmedia":[{"embeddable":true,"href":"https:\/\/www.padreeustaquio.com.br\/en\/wp-json\/wp\/v2\/media\/2709"}],"wp:attachment":[{"href":"https:\/\/www.padreeustaquio.com.br\/en\/wp-json\/wp\/v2\/media?parent=4971"}],"wp:term":[{"taxonomy":"category","embeddable":true,"href":"https:\/\/www.padreeustaquio.com.br\/en\/wp-json\/wp\/v2\/categories?post=4971"},{"taxonomy":"post_tag","embeddable":true,"href":"https:\/\/www.padreeustaquio.com.br\/en\/wp-json\/wp\/v2\/tags?post=4971"}],"curies":[{"name":"wp","href":"https:\/\/api.w.org\/{rel}","templated":true}]}}