{"id":4954,"date":"2021-02-04T09:09:11","date_gmt":"2021-02-04T12:09:11","guid":{"rendered":"https:\/\/www.padreeustaquio.com.br\/?p=4954"},"modified":"2021-02-02T14:33:49","modified_gmt":"2021-02-02T17:33:49","slug":"the-faithful-celebrate-the-sacred-heart-of-jesus-on-the-first-friday-of-the-month","status":"publish","type":"post","link":"https:\/\/www.padreeustaquio.com.br\/en\/the-faithful-celebrate-the-sacred-heart-of-jesus-on-the-first-friday-of-the-month\/","title":{"rendered":"Faithful celebrate the Sacred Heart of Jesus on the first Friday of the month."},"content":{"rendered":"<p>This Friday, February 5th, the Sanctuary of Health and Peace in Belo Horizonte celebrates the Sacred Heart of Jesus with Holy Mass at 4 PM.<\/p>\n<p>As is customary, the Padre Eust\u00e1quio church holds Mass on the first Friday of each month. For this Holy Mass, it is necessary to register in advance at the parish office or online., <a href=\"https:\/\/www.sympla.com.br\/missas-presenciais---igreja-padre-eustaquio---de-02-a-07-de-fevereiro__1113091\">clicking here<\/a>.<\/p>\n<p><strong>Devotion to the Sacred Heart of Jesus<\/strong><\/p>\n<p>The Catholic Church tradition dedicates the first Friday of each month to meditating on the mystery of Christ&#039;s Passion, freely given to the sacrifice of the Cross for our love and for our redemption.<\/p>\n<p>However, it is not only a matter of remembering His pain and suffering, but of celebrating His Love lived to the extreme. It is this Infinite Divine Love that Tradition represents in the Sacred Heart of Jesus, dedicating to Him, obviously, every day and every hour, but, in a very special way, the first Friday of each month.<\/p>\n<p>It is a day when the Church invites us to offer Him, in prayer and action, the same thing that God asks of us every day: the totality of our being, but with an even fuller and deeper awareness of how much Jesus gave Himself for us without reservation.<\/p>\n<p>Therefore, it is recommended that, on the first Friday of each month, we dedicate special time to the Eucharist, either by devoutly participating in Holy Mass or by adoring the Blessed Sacrament, with the particular intention of making reparation for our sins and for the sins of the whole world. If it is not possible to do so in person, one can at least make a spiritual communion and spend a moment exclusively in prayer and meditation on the Love of God in Jesus Christ.<\/p>\n<p>Devotion to the Sacred Heart of Jesus grew significantly among Catholics following Jesus&#039; appeal to Saint Margaret Mary Alacoque in 1675.<\/p>\n<blockquote><p><em>\u201cBehold this Heart which has so loved mankind. From most I receive only ingratitude, contempt, insults, sacrilege, and indifference. Therefore, I ask you that the first Friday after the octave of the Blessed Sacrament (Corpus Christi) be dedicated to a special feast to honor My Heart, receiving Holy Communion on that day and making due reparation through an act of atonement to repair the indignities it has received during the time it has been exposed on the altars. I promise you that My Heart will expand to pour forth in abundance the influences of Its Divine Love upon those who pay this divine honor and who seek that it be rendered to It.\u201d.<\/em><\/p><\/blockquote>\n<div class=\"nativo-inread\"><\/div>\n<p>Saint John Paul II cultivated this devotion with great care and encouraged it in all Catholics. On the Feast of the Sacred Heart in 1980, he stated:<\/p>\n<blockquote><p><em>\u201cOn the Solemnity of the Sacred Heart of Jesus, the Church\u2019s liturgy focuses, with adoration and special love, on the mystery of the Heart of Christ. Today, I want to direct, with all of you, the gaze of our hearts to the mystery of this Heart. It has spoken to me since my youth. Every year, I return to this mystery in the liturgical rhythm of the Church\u2019s calendar.\u201d.<\/em><\/p><\/blockquote>\n<p>Over time, popular devotion came to dedicate not only the first Friday after the octave of Corpus Christi to the Sacred Heart of Jesus, but every first Friday of each month.<\/p>\n<p>&nbsp;<\/p>\n<p>Source: Aleteia (<em>https:\/\/pt.aleteia.org\/2020\/01\/03\/por-que-a-primeira-sexta-feira-de-cada-mes-e-dedicada-ao-sagrado-coracao-de-jesus\/)<\/em><\/p>","protected":false},"excerpt":{"rendered":"<p>Nesta sexta-feira, dia 05 de fevereiro, o Santu\u00e1rio da Sa\u00fade e Paz, em Belo Horizonte, celebra o Sagrado Cora\u00e7\u00e3o de Jesus, com a Santa Missa, \u00e0s 16h. Como j\u00e1 \u00e9 de costume, a igreja do Padre Eust\u00e1quio realiza a celebra\u00e7\u00e3o \u00e0s primeiras sextas-feiras de cada m\u00eas. Para esta Santa Missa \u00e9 necess\u00e1rio fazer a inscri\u00e7\u00e3o antecipadamente na secretaria paroquial ou pela internet, clicando aqui. A devo\u00e7\u00e3o ao Sagrado Cora\u00e7\u00e3o de Jesus A\u00a0Tradi\u00e7\u00e3o da Igreja Cat\u00f3lica\u00a0dedica toda primeira sexta-feira de cada m\u00eas \u00e0 medita\u00e7\u00e3o do mist\u00e9rio da Paix\u00e3o de\u00a0Cristo, livremente entregue ao sacrif\u00edcio da Cruz por nosso amor e para a [&hellip;]<\/p>\n","protected":false},"author":2,"featured_media":4955,"comment_status":"open","ping_status":"open","sticky":false,"template":"","format":"standard","meta":{"_acf_changed":false,"footnotes":""},"categories":[611],"tags":[],"class_list":["post-4954","post","type-post","status-publish","format-standard","has-post-thumbnail","hentry","category-noticias"],"acf":[],"yoast_head":"<!-- This site is optimized with the Yoast SEO plugin v27.2 - https:\/\/yoast.com\/product\/yoast-seo-wordpress\/ -->\n<title>Fi\u00e9is celebram o Sagrado Cora\u00e7\u00e3o de Jesus na primeira sexta do m\u00eas - Padre Eust\u00e1quio<\/title>\n<meta name=\"robots\" content=\"index, follow, max-snippet:-1, max-image-preview:large, max-video-preview:-1\" \/>\n<link rel=\"canonical\" href=\"https:\/\/www.padreeustaquio.com.br\/en\/the-faithful-celebrate-the-sacred-heart-of-jesus-on-the-first-friday-of-the-month\/\" \/>\n<meta property=\"og:locale\" content=\"en_US\" \/>\n<meta property=\"og:type\" content=\"article\" \/>\n<meta property=\"og:title\" content=\"Fi\u00e9is celebram o Sagrado Cora\u00e7\u00e3o de Jesus na primeira sexta do m\u00eas - Padre Eust\u00e1quio\" \/>\n<meta property=\"og:description\" content=\"Nesta sexta-feira, dia 05 de fevereiro, o Santu\u00e1rio da Sa\u00fade e Paz, em Belo Horizonte, celebra o Sagrado Cora\u00e7\u00e3o de Jesus, com a Santa Missa, \u00e0s 16h. Como j\u00e1 \u00e9 de costume, a igreja do Padre Eust\u00e1quio realiza a celebra\u00e7\u00e3o \u00e0s primeiras sextas-feiras de cada m\u00eas. Para esta Santa Missa \u00e9 necess\u00e1rio fazer a inscri\u00e7\u00e3o antecipadamente na secretaria paroquial ou pela internet, clicando aqui. A devo\u00e7\u00e3o ao Sagrado Cora\u00e7\u00e3o de Jesus A\u00a0Tradi\u00e7\u00e3o da Igreja Cat\u00f3lica\u00a0dedica toda primeira sexta-feira de cada m\u00eas \u00e0 medita\u00e7\u00e3o do mist\u00e9rio da Paix\u00e3o de\u00a0Cristo, livremente entregue ao sacrif\u00edcio da Cruz por nosso amor e para a [&hellip;]\" \/>\n<meta property=\"og:url\" content=\"https:\/\/www.padreeustaquio.com.br\/en\/the-faithful-celebrate-the-sacred-heart-of-jesus-on-the-first-friday-of-the-month\/\" \/>\n<meta property=\"og:site_name\" content=\"Padre Eust\u00e1quio\" \/>\n<meta property=\"article:publisher\" content=\"https:\/\/www.facebook.com\/beatopadreeustaquio\/\" \/>\n<meta property=\"article:published_time\" content=\"2021-02-04T12:09:11+00:00\" \/>\n<meta property=\"og:image\" content=\"https:\/\/www.padreeustaquio.com.br\/wp-content\/uploads\/2021\/02\/sagrado-cora\u00e7\u00e3o-de-jesus.jpg\" \/>\n\t<meta property=\"og:image:width\" content=\"748\" \/>\n\t<meta property=\"og:image:height\" content=\"394\" \/>\n\t<meta property=\"og:image:type\" content=\"image\/jpeg\" \/>\n<meta name=\"author\" content=\"@sscc\" \/>\n<meta name=\"twitter:card\" content=\"summary_large_image\" \/>\n<meta name=\"twitter:creator\" content=\"@beatopeustaquio\" \/>\n<meta name=\"twitter:site\" content=\"@beatopeustaquio\" \/>\n<meta name=\"twitter:label1\" content=\"Written by\" \/>\n\t<meta name=\"twitter:data1\" content=\"@sscc\" \/>\n\t<meta name=\"twitter:label2\" content=\"Est. reading time\" \/>\n\t<meta name=\"twitter:data2\" content=\"3 minutes\" \/>\n<script type=\"application\/ld+json\" class=\"yoast-schema-graph\">{\"@context\":\"https:\/\/schema.org\",\"@graph\":[{\"@type\":\"Article\",\"@id\":\"https:\/\/www.padreeustaquio.com.br\/fieis-celebram-o-sagrado-coracao-de-jesus-na-primeira-sexta-do-mes\/#article\",\"isPartOf\":{\"@id\":\"https:\/\/www.padreeustaquio.com.br\/fieis-celebram-o-sagrado-coracao-de-jesus-na-primeira-sexta-do-mes\/\"},\"author\":{\"name\":\"@sscc\",\"@id\":\"https:\/\/www.padreeustaquio.com.br\/#\/schema\/person\/a2a51db1d00f1a7af0204a0f1ddb1566\"},\"headline\":\"Fi\u00e9is celebram o Sagrado Cora\u00e7\u00e3o de Jesus na primeira sexta do m\u00eas\",\"datePublished\":\"2021-02-04T12:09:11+00:00\",\"mainEntityOfPage\":{\"@id\":\"https:\/\/www.padreeustaquio.com.br\/fieis-celebram-o-sagrado-coracao-de-jesus-na-primeira-sexta-do-mes\/\"},\"wordCount\":625,\"commentCount\":0,\"publisher\":{\"@id\":\"https:\/\/www.padreeustaquio.com.br\/#organization\"},\"image\":{\"@id\":\"https:\/\/www.padreeustaquio.com.br\/fieis-celebram-o-sagrado-coracao-de-jesus-na-primeira-sexta-do-mes\/#primaryimage\"},\"thumbnailUrl\":\"https:\/\/www.padreeustaquio.com.br\/wp-content\/uploads\/2021\/02\/sagrado-cora\u00e7\u00e3o-de-jesus.jpg\",\"articleSection\":[\"Not\u00edcias\"],\"inLanguage\":\"en-US\",\"potentialAction\":[{\"@type\":\"CommentAction\",\"name\":\"Comment\",\"target\":[\"https:\/\/www.padreeustaquio.com.br\/fieis-celebram-o-sagrado-coracao-de-jesus-na-primeira-sexta-do-mes\/#respond\"]}]},{\"@type\":\"WebPage\",\"@id\":\"https:\/\/www.padreeustaquio.com.br\/fieis-celebram-o-sagrado-coracao-de-jesus-na-primeira-sexta-do-mes\/\",\"url\":\"https:\/\/www.padreeustaquio.com.br\/fieis-celebram-o-sagrado-coracao-de-jesus-na-primeira-sexta-do-mes\/\",\"name\":\"Fi\u00e9is celebram o Sagrado Cora\u00e7\u00e3o de Jesus na primeira sexta do m\u00eas - Padre Eust\u00e1quio\",\"isPartOf\":{\"@id\":\"https:\/\/www.padreeustaquio.com.br\/#website\"},\"primaryImageOfPage\":{\"@id\":\"https:\/\/www.padreeustaquio.com.br\/fieis-celebram-o-sagrado-coracao-de-jesus-na-primeira-sexta-do-mes\/#primaryimage\"},\"image\":{\"@id\":\"https:\/\/www.padreeustaquio.com.br\/fieis-celebram-o-sagrado-coracao-de-jesus-na-primeira-sexta-do-mes\/#primaryimage\"},\"thumbnailUrl\":\"https:\/\/www.padreeustaquio.com.br\/wp-content\/uploads\/2021\/02\/sagrado-cora\u00e7\u00e3o-de-jesus.jpg\",\"datePublished\":\"2021-02-04T12:09:11+00:00\",\"breadcrumb\":{\"@id\":\"https:\/\/www.padreeustaquio.com.br\/fieis-celebram-o-sagrado-coracao-de-jesus-na-primeira-sexta-do-mes\/#breadcrumb\"},\"inLanguage\":\"en-US\",\"potentialAction\":[{\"@type\":\"ReadAction\",\"target\":[\"https:\/\/www.padreeustaquio.com.br\/fieis-celebram-o-sagrado-coracao-de-jesus-na-primeira-sexta-do-mes\/\"]}]},{\"@type\":\"ImageObject\",\"inLanguage\":\"en-US\",\"@id\":\"https:\/\/www.padreeustaquio.com.br\/fieis-celebram-o-sagrado-coracao-de-jesus-na-primeira-sexta-do-mes\/#primaryimage\",\"url\":\"https:\/\/www.padreeustaquio.com.br\/wp-content\/uploads\/2021\/02\/sagrado-cora\u00e7\u00e3o-de-jesus.jpg\",\"contentUrl\":\"https:\/\/www.padreeustaquio.com.br\/wp-content\/uploads\/2021\/02\/sagrado-cora\u00e7\u00e3o-de-jesus.jpg\",\"width\":748,\"height\":394},{\"@type\":\"BreadcrumbList\",\"@id\":\"https:\/\/www.padreeustaquio.com.br\/fieis-celebram-o-sagrado-coracao-de-jesus-na-primeira-sexta-do-mes\/#breadcrumb\",\"itemListElement\":[{\"@type\":\"ListItem\",\"position\":1,\"name\":\"In\u00edcio\",\"item\":\"https:\/\/www.padreeustaquio.com.br\/\"},{\"@type\":\"ListItem\",\"position\":2,\"name\":\"Fi\u00e9is celebram o Sagrado Cora\u00e7\u00e3o de Jesus na primeira sexta do m\u00eas\"}]},{\"@type\":\"WebSite\",\"@id\":\"https:\/\/www.padreeustaquio.com.br\/#website\",\"url\":\"https:\/\/www.padreeustaquio.com.br\/\",\"name\":\"Padre Eust\u00e1quio\",\"description\":\"Sa\u00fade e Paz\",\"publisher\":{\"@id\":\"https:\/\/www.padreeustaquio.com.br\/#organization\"},\"potentialAction\":[{\"@type\":\"SearchAction\",\"target\":{\"@type\":\"EntryPoint\",\"urlTemplate\":\"https:\/\/www.padreeustaquio.com.br\/?s={search_term_string}\"},\"query-input\":{\"@type\":\"PropertyValueSpecification\",\"valueRequired\":true,\"valueName\":\"search_term_string\"}}],\"inLanguage\":\"en-US\"},{\"@type\":\"Organization\",\"@id\":\"https:\/\/www.padreeustaquio.com.br\/#organization\",\"name\":\"Padre Eust\u00e1quio\",\"url\":\"https:\/\/www.padreeustaquio.com.br\/\",\"logo\":{\"@type\":\"ImageObject\",\"inLanguage\":\"en-US\",\"@id\":\"https:\/\/www.padreeustaquio.com.br\/#\/schema\/logo\/image\/\",\"url\":\"https:\/\/www.padreeustaquio.com.br\/wp-content\/uploads\/2019\/08\/marca.png\",\"contentUrl\":\"https:\/\/www.padreeustaquio.com.br\/wp-content\/uploads\/2019\/08\/marca.png\",\"width\":350,\"height\":400,\"caption\":\"Padre Eust\u00e1quio\"},\"image\":{\"@id\":\"https:\/\/www.padreeustaquio.com.br\/#\/schema\/logo\/image\/\"},\"sameAs\":[\"https:\/\/www.facebook.com\/beatopadreeustaquio\/\",\"https:\/\/x.com\/beatopeustaquio\",\"https:\/\/www.instagram.com\/beatopadreeustaquio\/\",\"https:\/\/www.youtube.com\/channel\/UCRhw7vfabnajwLxb1ZXMeIw\"]},{\"@type\":\"Person\",\"@id\":\"https:\/\/www.padreeustaquio.com.br\/#\/schema\/person\/a2a51db1d00f1a7af0204a0f1ddb1566\",\"name\":\"@sscc\",\"image\":{\"@type\":\"ImageObject\",\"inLanguage\":\"en-US\",\"@id\":\"https:\/\/secure.gravatar.com\/avatar\/68cfafa5f44617fea54071e215026e0ff06be366c3d54a8425f04fdcb86f8c5f?s=96&d=mm&r=g\",\"url\":\"https:\/\/secure.gravatar.com\/avatar\/68cfafa5f44617fea54071e215026e0ff06be366c3d54a8425f04fdcb86f8c5f?s=96&d=mm&r=g\",\"contentUrl\":\"https:\/\/secure.gravatar.com\/avatar\/68cfafa5f44617fea54071e215026e0ff06be366c3d54a8425f04fdcb86f8c5f?s=96&d=mm&r=g\",\"caption\":\"@sscc\"},\"url\":\"https:\/\/www.padreeustaquio.com.br\/en\/author\/sscc\/\"}]}<\/script>\n<!-- \/ Yoast SEO plugin. -->","yoast_head_json":{"title":"Faithful celebrate the Sacred Heart of Jesus on the first Friday of the month - Father Eust\u00e1quio","robots":{"index":"index","follow":"follow","max-snippet":"max-snippet:-1","max-image-preview":"max-image-preview:large","max-video-preview":"max-video-preview:-1"},"canonical":"https:\/\/www.padreeustaquio.com.br\/en\/the-faithful-celebrate-the-sacred-heart-of-jesus-on-the-first-friday-of-the-month\/","og_locale":"en_US","og_type":"article","og_title":"Fi\u00e9is celebram o Sagrado Cora\u00e7\u00e3o de Jesus na primeira sexta do m\u00eas - Padre Eust\u00e1quio","og_description":"Nesta sexta-feira, dia 05 de fevereiro, o Santu\u00e1rio da Sa\u00fade e Paz, em Belo Horizonte, celebra o Sagrado Cora\u00e7\u00e3o de Jesus, com a Santa Missa, \u00e0s 16h. Como j\u00e1 \u00e9 de costume, a igreja do Padre Eust\u00e1quio realiza a celebra\u00e7\u00e3o \u00e0s primeiras sextas-feiras de cada m\u00eas. Para esta Santa Missa \u00e9 necess\u00e1rio fazer a inscri\u00e7\u00e3o antecipadamente na secretaria paroquial ou pela internet, clicando aqui. A devo\u00e7\u00e3o ao Sagrado Cora\u00e7\u00e3o de Jesus A\u00a0Tradi\u00e7\u00e3o da Igreja Cat\u00f3lica\u00a0dedica toda primeira sexta-feira de cada m\u00eas \u00e0 medita\u00e7\u00e3o do mist\u00e9rio da Paix\u00e3o de\u00a0Cristo, livremente entregue ao sacrif\u00edcio da Cruz por nosso amor e para a [&hellip;]","og_url":"https:\/\/www.padreeustaquio.com.br\/en\/the-faithful-celebrate-the-sacred-heart-of-jesus-on-the-first-friday-of-the-month\/","og_site_name":"Padre Eust\u00e1quio","article_publisher":"https:\/\/www.facebook.com\/beatopadreeustaquio\/","article_published_time":"2021-02-04T12:09:11+00:00","og_image":[{"width":748,"height":394,"url":"https:\/\/www.padreeustaquio.com.br\/wp-content\/uploads\/2021\/02\/sagrado-cora\u00e7\u00e3o-de-jesus.jpg","type":"image\/jpeg"}],"author":"@sscc","twitter_card":"summary_large_image","twitter_creator":"@beatopeustaquio","twitter_site":"@beatopeustaquio","twitter_misc":{"Written by":"@sscc","Est. reading time":"3 minutes"},"schema":{"@context":"https:\/\/schema.org","@graph":[{"@type":"Article","@id":"https:\/\/www.padreeustaquio.com.br\/fieis-celebram-o-sagrado-coracao-de-jesus-na-primeira-sexta-do-mes\/#article","isPartOf":{"@id":"https:\/\/www.padreeustaquio.com.br\/fieis-celebram-o-sagrado-coracao-de-jesus-na-primeira-sexta-do-mes\/"},"author":{"name":"@sscc","@id":"https:\/\/www.padreeustaquio.com.br\/#\/schema\/person\/a2a51db1d00f1a7af0204a0f1ddb1566"},"headline":"Fi\u00e9is celebram o Sagrado Cora\u00e7\u00e3o de Jesus na primeira sexta do m\u00eas","datePublished":"2021-02-04T12:09:11+00:00","mainEntityOfPage":{"@id":"https:\/\/www.padreeustaquio.com.br\/fieis-celebram-o-sagrado-coracao-de-jesus-na-primeira-sexta-do-mes\/"},"wordCount":625,"commentCount":0,"publisher":{"@id":"https:\/\/www.padreeustaquio.com.br\/#organization"},"image":{"@id":"https:\/\/www.padreeustaquio.com.br\/fieis-celebram-o-sagrado-coracao-de-jesus-na-primeira-sexta-do-mes\/#primaryimage"},"thumbnailUrl":"https:\/\/www.padreeustaquio.com.br\/wp-content\/uploads\/2021\/02\/sagrado-cora\u00e7\u00e3o-de-jesus.jpg","articleSection":["Not\u00edcias"],"inLanguage":"en-US","potentialAction":[{"@type":"CommentAction","name":"Comment","target":["https:\/\/www.padreeustaquio.com.br\/fieis-celebram-o-sagrado-coracao-de-jesus-na-primeira-sexta-do-mes\/#respond"]}]},{"@type":"WebPage","@id":"https:\/\/www.padreeustaquio.com.br\/fieis-celebram-o-sagrado-coracao-de-jesus-na-primeira-sexta-do-mes\/","url":"https:\/\/www.padreeustaquio.com.br\/fieis-celebram-o-sagrado-coracao-de-jesus-na-primeira-sexta-do-mes\/","name":"Faithful celebrate the Sacred Heart of Jesus on the first Friday of the month - Father Eust\u00e1quio","isPartOf":{"@id":"https:\/\/www.padreeustaquio.com.br\/#website"},"primaryImageOfPage":{"@id":"https:\/\/www.padreeustaquio.com.br\/fieis-celebram-o-sagrado-coracao-de-jesus-na-primeira-sexta-do-mes\/#primaryimage"},"image":{"@id":"https:\/\/www.padreeustaquio.com.br\/fieis-celebram-o-sagrado-coracao-de-jesus-na-primeira-sexta-do-mes\/#primaryimage"},"thumbnailUrl":"https:\/\/www.padreeustaquio.com.br\/wp-content\/uploads\/2021\/02\/sagrado-cora\u00e7\u00e3o-de-jesus.jpg","datePublished":"2021-02-04T12:09:11+00:00","breadcrumb":{"@id":"https:\/\/www.padreeustaquio.com.br\/fieis-celebram-o-sagrado-coracao-de-jesus-na-primeira-sexta-do-mes\/#breadcrumb"},"inLanguage":"en-US","potentialAction":[{"@type":"ReadAction","target":["https:\/\/www.padreeustaquio.com.br\/fieis-celebram-o-sagrado-coracao-de-jesus-na-primeira-sexta-do-mes\/"]}]},{"@type":"ImageObject","inLanguage":"en-US","@id":"https:\/\/www.padreeustaquio.com.br\/fieis-celebram-o-sagrado-coracao-de-jesus-na-primeira-sexta-do-mes\/#primaryimage","url":"https:\/\/www.padreeustaquio.com.br\/wp-content\/uploads\/2021\/02\/sagrado-cora\u00e7\u00e3o-de-jesus.jpg","contentUrl":"https:\/\/www.padreeustaquio.com.br\/wp-content\/uploads\/2021\/02\/sagrado-cora\u00e7\u00e3o-de-jesus.jpg","width":748,"height":394},{"@type":"BreadcrumbList","@id":"https:\/\/www.padreeustaquio.com.br\/fieis-celebram-o-sagrado-coracao-de-jesus-na-primeira-sexta-do-mes\/#breadcrumb","itemListElement":[{"@type":"ListItem","position":1,"name":"In\u00edcio","item":"https:\/\/www.padreeustaquio.com.br\/"},{"@type":"ListItem","position":2,"name":"Fi\u00e9is celebram o Sagrado Cora\u00e7\u00e3o de Jesus na primeira sexta do m\u00eas"}]},{"@type":"WebSite","@id":"https:\/\/www.padreeustaquio.com.br\/#website","url":"https:\/\/www.padreeustaquio.com.br\/","name":"FATHER EUST\u00c1QUIO","description":"Health and Peace","publisher":{"@id":"https:\/\/www.padreeustaquio.com.br\/#organization"},"potentialAction":[{"@type":"SearchAction","target":{"@type":"EntryPoint","urlTemplate":"https:\/\/www.padreeustaquio.com.br\/?s={search_term_string}"},"query-input":{"@type":"PropertyValueSpecification","valueRequired":true,"valueName":"search_term_string"}}],"inLanguage":"en-US"},{"@type":"Organization","@id":"https:\/\/www.padreeustaquio.com.br\/#organization","name":"FATHER EUST\u00c1QUIO","url":"https:\/\/www.padreeustaquio.com.br\/","logo":{"@type":"ImageObject","inLanguage":"en-US","@id":"https:\/\/www.padreeustaquio.com.br\/#\/schema\/logo\/image\/","url":"https:\/\/www.padreeustaquio.com.br\/wp-content\/uploads\/2019\/08\/marca.png","contentUrl":"https:\/\/www.padreeustaquio.com.br\/wp-content\/uploads\/2019\/08\/marca.png","width":350,"height":400,"caption":"Padre Eust\u00e1quio"},"image":{"@id":"https:\/\/www.padreeustaquio.com.br\/#\/schema\/logo\/image\/"},"sameAs":["https:\/\/www.facebook.com\/beatopadreeustaquio\/","https:\/\/x.com\/beatopeustaquio","https:\/\/www.instagram.com\/beatopadreeustaquio\/","https:\/\/www.youtube.com\/channel\/UCRhw7vfabnajwLxb1ZXMeIw"]},{"@type":"Person","@id":"https:\/\/www.padreeustaquio.com.br\/#\/schema\/person\/a2a51db1d00f1a7af0204a0f1ddb1566","name":"@sscc","image":{"@type":"ImageObject","inLanguage":"en-US","@id":"https:\/\/secure.gravatar.com\/avatar\/68cfafa5f44617fea54071e215026e0ff06be366c3d54a8425f04fdcb86f8c5f?s=96&d=mm&r=g","url":"https:\/\/secure.gravatar.com\/avatar\/68cfafa5f44617fea54071e215026e0ff06be366c3d54a8425f04fdcb86f8c5f?s=96&d=mm&r=g","contentUrl":"https:\/\/secure.gravatar.com\/avatar\/68cfafa5f44617fea54071e215026e0ff06be366c3d54a8425f04fdcb86f8c5f?s=96&d=mm&r=g","caption":"@sscc"},"url":"https:\/\/www.padreeustaquio.com.br\/en\/author\/sscc\/"}]}},"_links":{"self":[{"href":"https:\/\/www.padreeustaquio.com.br\/en\/wp-json\/wp\/v2\/posts\/4954","targetHints":{"allow":["GET"]}}],"collection":[{"href":"https:\/\/www.padreeustaquio.com.br\/en\/wp-json\/wp\/v2\/posts"}],"about":[{"href":"https:\/\/www.padreeustaquio.com.br\/en\/wp-json\/wp\/v2\/types\/post"}],"author":[{"embeddable":true,"href":"https:\/\/www.padreeustaquio.com.br\/en\/wp-json\/wp\/v2\/users\/2"}],"replies":[{"embeddable":true,"href":"https:\/\/www.padreeustaquio.com.br\/en\/wp-json\/wp\/v2\/comments?post=4954"}],"version-history":[{"count":0,"href":"https:\/\/www.padreeustaquio.com.br\/en\/wp-json\/wp\/v2\/posts\/4954\/revisions"}],"wp:featuredmedia":[{"embeddable":true,"href":"https:\/\/www.padreeustaquio.com.br\/en\/wp-json\/wp\/v2\/media\/4955"}],"wp:attachment":[{"href":"https:\/\/www.padreeustaquio.com.br\/en\/wp-json\/wp\/v2\/media?parent=4954"}],"wp:term":[{"taxonomy":"category","embeddable":true,"href":"https:\/\/www.padreeustaquio.com.br\/en\/wp-json\/wp\/v2\/categories?post=4954"},{"taxonomy":"post_tag","embeddable":true,"href":"https:\/\/www.padreeustaquio.com.br\/en\/wp-json\/wp\/v2\/tags?post=4954"}],"curies":[{"name":"wp","href":"https:\/\/api.w.org\/{rel}","templated":true}]}}