{"id":4951,"date":"2021-02-03T08:00:08","date_gmt":"2021-02-03T11:00:08","guid":{"rendered":"https:\/\/www.padreeustaquio.com.br\/?p=4951"},"modified":"2021-02-03T21:00:44","modified_gmt":"2021-02-04T00:00:44","slug":"the-parish-where-father-eustaquio-worked-in-porto-alegre-sp-begins-its-patron-saints-festival","status":"publish","type":"post","link":"https:\/\/www.padreeustaquio.com.br\/en\/the-parish-where-father-eustaquio-worked-in-porto-alegre-sp-begins-its-patron-saints-festival\/","title":{"rendered":"The parish where Father Eust\u00e1quio worked, in Po\u00e1-SP, begins the patron saint&#039;s festival."},"content":{"rendered":"<p>The parishioners of the Our Lady of Lourdes Church in Po\u00e1, in Greater S\u00e3o Paulo, began the festivities for their patron saint yesterday, February 2nd. The opening mass was celebrated by the parish priest, Father Reginaldo Martins da Silva.<\/p>\n<p>During the nine days of the novena, Holy Mass will be celebrated by invited priests. Check it out:<\/p>\n<p>Day 2 \u2013 Fr. Reginaldo Martins da Silva<br \/>\nDay 03 \u2013 Father Rafael Rodrigues Xavier<br \/>\nDay 4 \u2013 Fr. Victor Almeida Moreira<br \/>\nDay 5 \u2013 Father Ant\u00f4nio Carlos Fernandes<br \/>\nDay 6 \u2013 Fr. Thiago Cosmo da Silva<br \/>\nDay 7 \u2013 Fr. Marco Aur\u00e9lio de Aguiar<br \/>\nDay 8 \u2013 Fr. Leonardo F\u00e9lix dos Santos<br \/>\nDay 9 \u2013 Fr. Rui Galdino<br \/>\nDay 10 \u2013 Father Beniamino Resta<\/p>\n<p>On the 11th, the day of Our Lady of Lourdes, the Eucharist will be presided over by the parish priest, Father Reginaldo. Masses will always be held at 7:30 PM, both in person and via live stream on the parish&#039;s Facebook page. <a href=\"https:\/\/www.facebook.com\/paroquianossasralourdes\">(follow here)<\/a>.<\/p>\n<p>This year Jefferson Reynaldo Lopes and Katia Itamara de Almeida Lopes will be the festival organizers. The flag bearers will be Andr\u00e9 Marques Gon\u00e7alves and Luciana Remigio Gon\u00e7alves.<\/p>\n<p>Father Eust\u00e1quio was parish priest at Our Lady of Lourdes parish in Po\u00e1, S\u00e3o Paulo, from 1935 to 1941. He had a special affection for the sick and suffering. He built a grotto in honor of Our Lady of Lourdes and made available holy water mixed with water he himself had brought from France during his pilgrimage to Lourdes while on vacation in the Netherlands in 1935. To learn more about Father Eust\u00e1quio&#039;s time in Po\u00e1, <a href=\"https:\/\/www.padreeustaquio.com.br\/en\/life-and-history02\/\">Click here<\/a> and access the life and history of the Blessed.<\/p>","protected":false},"excerpt":{"rendered":"<p>Os paroquianos da Matriz de Nossa Senhora de Lourdes, em Po\u00e1 na grande S\u00e3o Paulo, deram in\u00edcio ontem, dia 02 de fevereiro, \u00e0s festividades da Padroeira. A missa de abertura foi celebrada pelo p\u00e1roco, Pe. Reginaldo Martins da Silva. Durante os nove dias da novena, a Santa Missa ser\u00e1 celebrada por padres convidados. Confira: Dia 02 &#8211; Pe. Reginaldo Martins da Silva Dia 03 &#8211; Pe. Rafael Rodrigues Xavier Dia 04 &#8211; Pe. Victor Almeida Moreira Dia 05 &#8211;\u00a0Pe. Ant\u00f4nio Carlos Fernandes Dia 06 &#8211;\u00a0Pe. Thiago Cosmo da Silva Dia 07 &#8211;\u00a0Pe. Marco Aur\u00e9lio de Aguiar Dia 08 &#8211;\u00a0Pe. Leonardo [&hellip;]<\/p>\n","protected":false},"author":2,"featured_media":4961,"comment_status":"open","ping_status":"open","sticky":false,"template":"","format":"standard","meta":{"_acf_changed":false,"footnotes":""},"categories":[611],"tags":[],"class_list":["post-4951","post","type-post","status-publish","format-standard","has-post-thumbnail","hentry","category-noticias"],"acf":[],"yoast_head":"<!-- This site is optimized with the Yoast SEO plugin v27.2 - https:\/\/yoast.com\/product\/yoast-seo-wordpress\/ -->\n<title>Par\u00f3quia onde Padre Eust\u00e1quio trabalhou, em Po\u00e1-SP, inicia festa da Padroeira - Padre Eust\u00e1quio<\/title>\n<meta name=\"robots\" content=\"index, follow, max-snippet:-1, max-image-preview:large, max-video-preview:-1\" \/>\n<link rel=\"canonical\" href=\"https:\/\/www.padreeustaquio.com.br\/en\/the-parish-where-father-eustaquio-worked-in-porto-alegre-sp-begins-its-patron-saints-festival\/\" \/>\n<meta property=\"og:locale\" content=\"en_US\" \/>\n<meta property=\"og:type\" content=\"article\" \/>\n<meta property=\"og:title\" content=\"Par\u00f3quia onde Padre Eust\u00e1quio trabalhou, em Po\u00e1-SP, inicia festa da Padroeira - Padre Eust\u00e1quio\" \/>\n<meta property=\"og:description\" content=\"Os paroquianos da Matriz de Nossa Senhora de Lourdes, em Po\u00e1 na grande S\u00e3o Paulo, deram in\u00edcio ontem, dia 02 de fevereiro, \u00e0s festividades da Padroeira. A missa de abertura foi celebrada pelo p\u00e1roco, Pe. Reginaldo Martins da Silva. Durante os nove dias da novena, a Santa Missa ser\u00e1 celebrada por padres convidados. Confira: Dia 02 &#8211; Pe. Reginaldo Martins da Silva Dia 03 &#8211; Pe. Rafael Rodrigues Xavier Dia 04 &#8211; Pe. Victor Almeida Moreira Dia 05 &#8211;\u00a0Pe. Ant\u00f4nio Carlos Fernandes Dia 06 &#8211;\u00a0Pe. Thiago Cosmo da Silva Dia 07 &#8211;\u00a0Pe. Marco Aur\u00e9lio de Aguiar Dia 08 &#8211;\u00a0Pe. Leonardo [&hellip;]\" \/>\n<meta property=\"og:url\" content=\"https:\/\/www.padreeustaquio.com.br\/en\/the-parish-where-father-eustaquio-worked-in-porto-alegre-sp-begins-its-patron-saints-festival\/\" \/>\n<meta property=\"og:site_name\" content=\"Padre Eust\u00e1quio\" \/>\n<meta property=\"article:publisher\" content=\"https:\/\/www.facebook.com\/beatopadreeustaquio\/\" \/>\n<meta property=\"article:published_time\" content=\"2021-02-03T11:00:08+00:00\" \/>\n<meta property=\"article:modified_time\" content=\"2021-02-04T00:00:44+00:00\" \/>\n<meta property=\"og:image\" content=\"https:\/\/www.padreeustaquio.com.br\/wp-content\/uploads\/2021\/02\/festa-lourdes-2020.jpg\" \/>\n\t<meta property=\"og:image:width\" content=\"748\" \/>\n\t<meta property=\"og:image:height\" content=\"394\" \/>\n\t<meta property=\"og:image:type\" content=\"image\/jpeg\" \/>\n<meta name=\"author\" content=\"@sscc\" \/>\n<meta name=\"twitter:card\" content=\"summary_large_image\" \/>\n<meta name=\"twitter:creator\" content=\"@beatopeustaquio\" \/>\n<meta name=\"twitter:site\" content=\"@beatopeustaquio\" \/>\n<meta name=\"twitter:label1\" content=\"Written by\" \/>\n\t<meta name=\"twitter:data1\" content=\"@sscc\" \/>\n\t<meta name=\"twitter:label2\" content=\"Est. reading time\" \/>\n\t<meta name=\"twitter:data2\" content=\"1 minute\" \/>\n<script type=\"application\/ld+json\" class=\"yoast-schema-graph\">{\"@context\":\"https:\/\/schema.org\",\"@graph\":[{\"@type\":\"Article\",\"@id\":\"https:\/\/www.padreeustaquio.com.br\/paroquia-onde-padre-eustaquio-trabalhou-em-poa-sp-inicia-festa-da-padroeira\/#article\",\"isPartOf\":{\"@id\":\"https:\/\/www.padreeustaquio.com.br\/paroquia-onde-padre-eustaquio-trabalhou-em-poa-sp-inicia-festa-da-padroeira\/\"},\"author\":{\"name\":\"@sscc\",\"@id\":\"https:\/\/www.padreeustaquio.com.br\/#\/schema\/person\/a2a51db1d00f1a7af0204a0f1ddb1566\"},\"headline\":\"Par\u00f3quia onde Padre Eust\u00e1quio trabalhou, em Po\u00e1-SP, inicia festa da Padroeira\",\"datePublished\":\"2021-02-03T11:00:08+00:00\",\"dateModified\":\"2021-02-04T00:00:44+00:00\",\"mainEntityOfPage\":{\"@id\":\"https:\/\/www.padreeustaquio.com.br\/paroquia-onde-padre-eustaquio-trabalhou-em-poa-sp-inicia-festa-da-padroeira\/\"},\"wordCount\":295,\"commentCount\":0,\"publisher\":{\"@id\":\"https:\/\/www.padreeustaquio.com.br\/#organization\"},\"image\":{\"@id\":\"https:\/\/www.padreeustaquio.com.br\/paroquia-onde-padre-eustaquio-trabalhou-em-poa-sp-inicia-festa-da-padroeira\/#primaryimage\"},\"thumbnailUrl\":\"https:\/\/www.padreeustaquio.com.br\/wp-content\/uploads\/2021\/02\/festa-lourdes-2020.jpg\",\"articleSection\":[\"Not\u00edcias\"],\"inLanguage\":\"en-US\",\"potentialAction\":[{\"@type\":\"CommentAction\",\"name\":\"Comment\",\"target\":[\"https:\/\/www.padreeustaquio.com.br\/paroquia-onde-padre-eustaquio-trabalhou-em-poa-sp-inicia-festa-da-padroeira\/#respond\"]}]},{\"@type\":\"WebPage\",\"@id\":\"https:\/\/www.padreeustaquio.com.br\/paroquia-onde-padre-eustaquio-trabalhou-em-poa-sp-inicia-festa-da-padroeira\/\",\"url\":\"https:\/\/www.padreeustaquio.com.br\/paroquia-onde-padre-eustaquio-trabalhou-em-poa-sp-inicia-festa-da-padroeira\/\",\"name\":\"Par\u00f3quia onde Padre Eust\u00e1quio trabalhou, em Po\u00e1-SP, inicia festa da Padroeira - Padre Eust\u00e1quio\",\"isPartOf\":{\"@id\":\"https:\/\/www.padreeustaquio.com.br\/#website\"},\"primaryImageOfPage\":{\"@id\":\"https:\/\/www.padreeustaquio.com.br\/paroquia-onde-padre-eustaquio-trabalhou-em-poa-sp-inicia-festa-da-padroeira\/#primaryimage\"},\"image\":{\"@id\":\"https:\/\/www.padreeustaquio.com.br\/paroquia-onde-padre-eustaquio-trabalhou-em-poa-sp-inicia-festa-da-padroeira\/#primaryimage\"},\"thumbnailUrl\":\"https:\/\/www.padreeustaquio.com.br\/wp-content\/uploads\/2021\/02\/festa-lourdes-2020.jpg\",\"datePublished\":\"2021-02-03T11:00:08+00:00\",\"dateModified\":\"2021-02-04T00:00:44+00:00\",\"breadcrumb\":{\"@id\":\"https:\/\/www.padreeustaquio.com.br\/paroquia-onde-padre-eustaquio-trabalhou-em-poa-sp-inicia-festa-da-padroeira\/#breadcrumb\"},\"inLanguage\":\"en-US\",\"potentialAction\":[{\"@type\":\"ReadAction\",\"target\":[\"https:\/\/www.padreeustaquio.com.br\/paroquia-onde-padre-eustaquio-trabalhou-em-poa-sp-inicia-festa-da-padroeira\/\"]}]},{\"@type\":\"ImageObject\",\"inLanguage\":\"en-US\",\"@id\":\"https:\/\/www.padreeustaquio.com.br\/paroquia-onde-padre-eustaquio-trabalhou-em-poa-sp-inicia-festa-da-padroeira\/#primaryimage\",\"url\":\"https:\/\/www.padreeustaquio.com.br\/wp-content\/uploads\/2021\/02\/festa-lourdes-2020.jpg\",\"contentUrl\":\"https:\/\/www.padreeustaquio.com.br\/wp-content\/uploads\/2021\/02\/festa-lourdes-2020.jpg\",\"width\":748,\"height\":394,\"caption\":\"Padres, festeiros e capit\u00e3es de mastro na abertura das Festividades de Nossa Senhora de Lourdes em Po\u00e1, S\u00e3o Paulo\"},{\"@type\":\"BreadcrumbList\",\"@id\":\"https:\/\/www.padreeustaquio.com.br\/paroquia-onde-padre-eustaquio-trabalhou-em-poa-sp-inicia-festa-da-padroeira\/#breadcrumb\",\"itemListElement\":[{\"@type\":\"ListItem\",\"position\":1,\"name\":\"In\u00edcio\",\"item\":\"https:\/\/www.padreeustaquio.com.br\/\"},{\"@type\":\"ListItem\",\"position\":2,\"name\":\"Par\u00f3quia onde Padre Eust\u00e1quio trabalhou, em Po\u00e1-SP, inicia festa da Padroeira\"}]},{\"@type\":\"WebSite\",\"@id\":\"https:\/\/www.padreeustaquio.com.br\/#website\",\"url\":\"https:\/\/www.padreeustaquio.com.br\/\",\"name\":\"Padre Eust\u00e1quio\",\"description\":\"Sa\u00fade e Paz\",\"publisher\":{\"@id\":\"https:\/\/www.padreeustaquio.com.br\/#organization\"},\"potentialAction\":[{\"@type\":\"SearchAction\",\"target\":{\"@type\":\"EntryPoint\",\"urlTemplate\":\"https:\/\/www.padreeustaquio.com.br\/?s={search_term_string}\"},\"query-input\":{\"@type\":\"PropertyValueSpecification\",\"valueRequired\":true,\"valueName\":\"search_term_string\"}}],\"inLanguage\":\"en-US\"},{\"@type\":\"Organization\",\"@id\":\"https:\/\/www.padreeustaquio.com.br\/#organization\",\"name\":\"Padre Eust\u00e1quio\",\"url\":\"https:\/\/www.padreeustaquio.com.br\/\",\"logo\":{\"@type\":\"ImageObject\",\"inLanguage\":\"en-US\",\"@id\":\"https:\/\/www.padreeustaquio.com.br\/#\/schema\/logo\/image\/\",\"url\":\"https:\/\/www.padreeustaquio.com.br\/wp-content\/uploads\/2019\/08\/marca.png\",\"contentUrl\":\"https:\/\/www.padreeustaquio.com.br\/wp-content\/uploads\/2019\/08\/marca.png\",\"width\":350,\"height\":400,\"caption\":\"Padre Eust\u00e1quio\"},\"image\":{\"@id\":\"https:\/\/www.padreeustaquio.com.br\/#\/schema\/logo\/image\/\"},\"sameAs\":[\"https:\/\/www.facebook.com\/beatopadreeustaquio\/\",\"https:\/\/x.com\/beatopeustaquio\",\"https:\/\/www.instagram.com\/beatopadreeustaquio\/\",\"https:\/\/www.youtube.com\/channel\/UCRhw7vfabnajwLxb1ZXMeIw\"]},{\"@type\":\"Person\",\"@id\":\"https:\/\/www.padreeustaquio.com.br\/#\/schema\/person\/a2a51db1d00f1a7af0204a0f1ddb1566\",\"name\":\"@sscc\",\"image\":{\"@type\":\"ImageObject\",\"inLanguage\":\"en-US\",\"@id\":\"https:\/\/secure.gravatar.com\/avatar\/68cfafa5f44617fea54071e215026e0ff06be366c3d54a8425f04fdcb86f8c5f?s=96&d=mm&r=g\",\"url\":\"https:\/\/secure.gravatar.com\/avatar\/68cfafa5f44617fea54071e215026e0ff06be366c3d54a8425f04fdcb86f8c5f?s=96&d=mm&r=g\",\"contentUrl\":\"https:\/\/secure.gravatar.com\/avatar\/68cfafa5f44617fea54071e215026e0ff06be366c3d54a8425f04fdcb86f8c5f?s=96&d=mm&r=g\",\"caption\":\"@sscc\"},\"url\":\"https:\/\/www.padreeustaquio.com.br\/en\/author\/sscc\/\"}]}<\/script>\n<!-- \/ Yoast SEO plugin. -->","yoast_head_json":{"title":"The parish where Father Eust\u00e1quio worked, in Po\u00e1-SP, begins the patron saint&#039;s festival - Father Eust\u00e1quio","robots":{"index":"index","follow":"follow","max-snippet":"max-snippet:-1","max-image-preview":"max-image-preview:large","max-video-preview":"max-video-preview:-1"},"canonical":"https:\/\/www.padreeustaquio.com.br\/en\/the-parish-where-father-eustaquio-worked-in-porto-alegre-sp-begins-its-patron-saints-festival\/","og_locale":"en_US","og_type":"article","og_title":"Par\u00f3quia onde Padre Eust\u00e1quio trabalhou, em Po\u00e1-SP, inicia festa da Padroeira - Padre Eust\u00e1quio","og_description":"Os paroquianos da Matriz de Nossa Senhora de Lourdes, em Po\u00e1 na grande S\u00e3o Paulo, deram in\u00edcio ontem, dia 02 de fevereiro, \u00e0s festividades da Padroeira. A missa de abertura foi celebrada pelo p\u00e1roco, Pe. Reginaldo Martins da Silva. Durante os nove dias da novena, a Santa Missa ser\u00e1 celebrada por padres convidados. Confira: Dia 02 &#8211; Pe. Reginaldo Martins da Silva Dia 03 &#8211; Pe. Rafael Rodrigues Xavier Dia 04 &#8211; Pe. Victor Almeida Moreira Dia 05 &#8211;\u00a0Pe. Ant\u00f4nio Carlos Fernandes Dia 06 &#8211;\u00a0Pe. Thiago Cosmo da Silva Dia 07 &#8211;\u00a0Pe. Marco Aur\u00e9lio de Aguiar Dia 08 &#8211;\u00a0Pe. Leonardo [&hellip;]","og_url":"https:\/\/www.padreeustaquio.com.br\/en\/the-parish-where-father-eustaquio-worked-in-porto-alegre-sp-begins-its-patron-saints-festival\/","og_site_name":"Padre Eust\u00e1quio","article_publisher":"https:\/\/www.facebook.com\/beatopadreeustaquio\/","article_published_time":"2021-02-03T11:00:08+00:00","article_modified_time":"2021-02-04T00:00:44+00:00","og_image":[{"width":748,"height":394,"url":"https:\/\/www.padreeustaquio.com.br\/wp-content\/uploads\/2021\/02\/festa-lourdes-2020.jpg","type":"image\/jpeg"}],"author":"@sscc","twitter_card":"summary_large_image","twitter_creator":"@beatopeustaquio","twitter_site":"@beatopeustaquio","twitter_misc":{"Written by":"@sscc","Est. reading time":"1 minute"},"schema":{"@context":"https:\/\/schema.org","@graph":[{"@type":"Article","@id":"https:\/\/www.padreeustaquio.com.br\/paroquia-onde-padre-eustaquio-trabalhou-em-poa-sp-inicia-festa-da-padroeira\/#article","isPartOf":{"@id":"https:\/\/www.padreeustaquio.com.br\/paroquia-onde-padre-eustaquio-trabalhou-em-poa-sp-inicia-festa-da-padroeira\/"},"author":{"name":"@sscc","@id":"https:\/\/www.padreeustaquio.com.br\/#\/schema\/person\/a2a51db1d00f1a7af0204a0f1ddb1566"},"headline":"Par\u00f3quia onde Padre Eust\u00e1quio trabalhou, em Po\u00e1-SP, inicia festa da Padroeira","datePublished":"2021-02-03T11:00:08+00:00","dateModified":"2021-02-04T00:00:44+00:00","mainEntityOfPage":{"@id":"https:\/\/www.padreeustaquio.com.br\/paroquia-onde-padre-eustaquio-trabalhou-em-poa-sp-inicia-festa-da-padroeira\/"},"wordCount":295,"commentCount":0,"publisher":{"@id":"https:\/\/www.padreeustaquio.com.br\/#organization"},"image":{"@id":"https:\/\/www.padreeustaquio.com.br\/paroquia-onde-padre-eustaquio-trabalhou-em-poa-sp-inicia-festa-da-padroeira\/#primaryimage"},"thumbnailUrl":"https:\/\/www.padreeustaquio.com.br\/wp-content\/uploads\/2021\/02\/festa-lourdes-2020.jpg","articleSection":["Not\u00edcias"],"inLanguage":"en-US","potentialAction":[{"@type":"CommentAction","name":"Comment","target":["https:\/\/www.padreeustaquio.com.br\/paroquia-onde-padre-eustaquio-trabalhou-em-poa-sp-inicia-festa-da-padroeira\/#respond"]}]},{"@type":"WebPage","@id":"https:\/\/www.padreeustaquio.com.br\/paroquia-onde-padre-eustaquio-trabalhou-em-poa-sp-inicia-festa-da-padroeira\/","url":"https:\/\/www.padreeustaquio.com.br\/paroquia-onde-padre-eustaquio-trabalhou-em-poa-sp-inicia-festa-da-padroeira\/","name":"The parish where Father Eust\u00e1quio worked, in Po\u00e1-SP, begins the patron saint&#039;s festival - Father Eust\u00e1quio","isPartOf":{"@id":"https:\/\/www.padreeustaquio.com.br\/#website"},"primaryImageOfPage":{"@id":"https:\/\/www.padreeustaquio.com.br\/paroquia-onde-padre-eustaquio-trabalhou-em-poa-sp-inicia-festa-da-padroeira\/#primaryimage"},"image":{"@id":"https:\/\/www.padreeustaquio.com.br\/paroquia-onde-padre-eustaquio-trabalhou-em-poa-sp-inicia-festa-da-padroeira\/#primaryimage"},"thumbnailUrl":"https:\/\/www.padreeustaquio.com.br\/wp-content\/uploads\/2021\/02\/festa-lourdes-2020.jpg","datePublished":"2021-02-03T11:00:08+00:00","dateModified":"2021-02-04T00:00:44+00:00","breadcrumb":{"@id":"https:\/\/www.padreeustaquio.com.br\/paroquia-onde-padre-eustaquio-trabalhou-em-poa-sp-inicia-festa-da-padroeira\/#breadcrumb"},"inLanguage":"en-US","potentialAction":[{"@type":"ReadAction","target":["https:\/\/www.padreeustaquio.com.br\/paroquia-onde-padre-eustaquio-trabalhou-em-poa-sp-inicia-festa-da-padroeira\/"]}]},{"@type":"ImageObject","inLanguage":"en-US","@id":"https:\/\/www.padreeustaquio.com.br\/paroquia-onde-padre-eustaquio-trabalhou-em-poa-sp-inicia-festa-da-padroeira\/#primaryimage","url":"https:\/\/www.padreeustaquio.com.br\/wp-content\/uploads\/2021\/02\/festa-lourdes-2020.jpg","contentUrl":"https:\/\/www.padreeustaquio.com.br\/wp-content\/uploads\/2021\/02\/festa-lourdes-2020.jpg","width":748,"height":394,"caption":"Padres, festeiros e capit\u00e3es de mastro na abertura das Festividades de Nossa Senhora de Lourdes em Po\u00e1, S\u00e3o Paulo"},{"@type":"BreadcrumbList","@id":"https:\/\/www.padreeustaquio.com.br\/paroquia-onde-padre-eustaquio-trabalhou-em-poa-sp-inicia-festa-da-padroeira\/#breadcrumb","itemListElement":[{"@type":"ListItem","position":1,"name":"In\u00edcio","item":"https:\/\/www.padreeustaquio.com.br\/"},{"@type":"ListItem","position":2,"name":"Par\u00f3quia onde Padre Eust\u00e1quio trabalhou, em Po\u00e1-SP, inicia festa da Padroeira"}]},{"@type":"WebSite","@id":"https:\/\/www.padreeustaquio.com.br\/#website","url":"https:\/\/www.padreeustaquio.com.br\/","name":"FATHER EUST\u00c1QUIO","description":"Health and Peace","publisher":{"@id":"https:\/\/www.padreeustaquio.com.br\/#organization"},"potentialAction":[{"@type":"SearchAction","target":{"@type":"EntryPoint","urlTemplate":"https:\/\/www.padreeustaquio.com.br\/?s={search_term_string}"},"query-input":{"@type":"PropertyValueSpecification","valueRequired":true,"valueName":"search_term_string"}}],"inLanguage":"en-US"},{"@type":"Organization","@id":"https:\/\/www.padreeustaquio.com.br\/#organization","name":"FATHER EUST\u00c1QUIO","url":"https:\/\/www.padreeustaquio.com.br\/","logo":{"@type":"ImageObject","inLanguage":"en-US","@id":"https:\/\/www.padreeustaquio.com.br\/#\/schema\/logo\/image\/","url":"https:\/\/www.padreeustaquio.com.br\/wp-content\/uploads\/2019\/08\/marca.png","contentUrl":"https:\/\/www.padreeustaquio.com.br\/wp-content\/uploads\/2019\/08\/marca.png","width":350,"height":400,"caption":"Padre Eust\u00e1quio"},"image":{"@id":"https:\/\/www.padreeustaquio.com.br\/#\/schema\/logo\/image\/"},"sameAs":["https:\/\/www.facebook.com\/beatopadreeustaquio\/","https:\/\/x.com\/beatopeustaquio","https:\/\/www.instagram.com\/beatopadreeustaquio\/","https:\/\/www.youtube.com\/channel\/UCRhw7vfabnajwLxb1ZXMeIw"]},{"@type":"Person","@id":"https:\/\/www.padreeustaquio.com.br\/#\/schema\/person\/a2a51db1d00f1a7af0204a0f1ddb1566","name":"@sscc","image":{"@type":"ImageObject","inLanguage":"en-US","@id":"https:\/\/secure.gravatar.com\/avatar\/68cfafa5f44617fea54071e215026e0ff06be366c3d54a8425f04fdcb86f8c5f?s=96&d=mm&r=g","url":"https:\/\/secure.gravatar.com\/avatar\/68cfafa5f44617fea54071e215026e0ff06be366c3d54a8425f04fdcb86f8c5f?s=96&d=mm&r=g","contentUrl":"https:\/\/secure.gravatar.com\/avatar\/68cfafa5f44617fea54071e215026e0ff06be366c3d54a8425f04fdcb86f8c5f?s=96&d=mm&r=g","caption":"@sscc"},"url":"https:\/\/www.padreeustaquio.com.br\/en\/author\/sscc\/"}]}},"_links":{"self":[{"href":"https:\/\/www.padreeustaquio.com.br\/en\/wp-json\/wp\/v2\/posts\/4951","targetHints":{"allow":["GET"]}}],"collection":[{"href":"https:\/\/www.padreeustaquio.com.br\/en\/wp-json\/wp\/v2\/posts"}],"about":[{"href":"https:\/\/www.padreeustaquio.com.br\/en\/wp-json\/wp\/v2\/types\/post"}],"author":[{"embeddable":true,"href":"https:\/\/www.padreeustaquio.com.br\/en\/wp-json\/wp\/v2\/users\/2"}],"replies":[{"embeddable":true,"href":"https:\/\/www.padreeustaquio.com.br\/en\/wp-json\/wp\/v2\/comments?post=4951"}],"version-history":[{"count":0,"href":"https:\/\/www.padreeustaquio.com.br\/en\/wp-json\/wp\/v2\/posts\/4951\/revisions"}],"wp:featuredmedia":[{"embeddable":true,"href":"https:\/\/www.padreeustaquio.com.br\/en\/wp-json\/wp\/v2\/media\/4961"}],"wp:attachment":[{"href":"https:\/\/www.padreeustaquio.com.br\/en\/wp-json\/wp\/v2\/media?parent=4951"}],"wp:term":[{"taxonomy":"category","embeddable":true,"href":"https:\/\/www.padreeustaquio.com.br\/en\/wp-json\/wp\/v2\/categories?post=4951"},{"taxonomy":"post_tag","embeddable":true,"href":"https:\/\/www.padreeustaquio.com.br\/en\/wp-json\/wp\/v2\/tags?post=4951"}],"curies":[{"name":"wp","href":"https:\/\/api.w.org\/{rel}","templated":true}]}}