{"id":4944,"date":"2021-02-01T17:17:54","date_gmt":"2021-02-01T20:17:54","guid":{"rendered":"https:\/\/www.padreeustaquio.com.br\/?p=4944"},"modified":"2021-02-01T17:17:54","modified_gmt":"2021-02-01T20:17:54","slug":"the-blessing-of-the-throat-will-be-done-virtually-at-the-padre-eustaquio-church","status":"publish","type":"post","link":"https:\/\/www.padreeustaquio.com.br\/en\/the-blessing-of-the-throat-will-be-done-virtually-at-the-padre-eustaquio-church\/","title":{"rendered":"The blessing of the throat will be done virtually at the Padre Eust\u00e1quio church."},"content":{"rendered":"<p>Next Wednesday, February 3rd, is Saint Blaise&#039;s Day. Bishop and martyr, he became known as the patron saint of the throat. On this date, churches around the world hold a blessing ceremony with blessed candles. The same occurs annually at the Sanctuary of Health and Peace, the church of Father Eust\u00e1quio, but 2021 will be different.<\/p>\n<p>Since there is no Mass with the congregation present on Wednesdays, the celebration will take place in the chapel of the Provincial House of the Sacred Hearts in Belo Horizonte and will be broadcast online. <a href=\"https:\/\/www.youtube.com\/channel\/UCRhw7vfabnajwLxb1ZXMeIw\">Padre Eust\u00e1quio Channel<\/a>.<\/p>\n<p>During Holy Mass, the celebrant will proceed as instructed by the CNBB&#039;s Commission for the Liturgy. Due to health precautions related to the coronavirus pandemic, the<span style=\"font-size: 1.21429rem;\">\u00a0\u201cThe &quot;throat blessing,&quot; as it is known, should be performed as follows:<\/span><\/p>\n<p>After the homily, two large candles, joined by a red ribbon, are blessed. After the blessing prayer and sprinkling the candles without saying anything, the priest will invite those present to remain in a spirit of prayer.<\/p>\n<p>Next, the presiding person raises the candles in the shape of a cross (or crosses), joined by a red ribbon, towards the Assembly, and says the prayer once:\u201c<em>Through the intercession of Saint Blaise, Bishop and Martyr, may God deliver you from throat ailments and any other illness. In the name of the Father, and of the Son, and of the Holy Spirit.<\/em>\u201d. <em>Amen<\/em>.\u201d<\/p>\n<p>According to the guidelines of <a href=\"https:\/\/www.cnbb.org.br\/comissao-para-a-liturgia-divulga-orientacoes-para-a-bencao-das-velas-no-dia-de-sao-bras\/\">CNBB<\/a>, This year, the gesture of touching people&#039;s necks with candles for blessing will not be performed, even in places where there will be in-person Mass.<\/p>\n<p>The Holy Mass via the Padre Eust\u00e1quio Channel begins at 7 PM and can also be accessed via Facebook: <a href=\"https:\/\/pt-br.facebook.com\/beatopadreeustaquio\/\">@beatopadreeustaquio<\/a>.<\/p>","protected":false},"excerpt":{"rendered":"<p>Na pr\u00f3xima quarta-feira, dia 03 de fevereiro, \u00e9 dia de S\u00e3o Br\u00e1s. Bispo e m\u00e1rtir, ele ficou conhecido como padroeiro da garganta. Na data, as igrejas de todo o mundo promovem a b\u00ean\u00e7\u00e3o com as velas aben\u00e7oadas. O mesmo ocorre anualmente no Santu\u00e1rio da Sa\u00fade e Paz, a igreja do Padre Eust\u00e1quio, mas em 2021 ser\u00e1 diferente. Como \u00e0s quartas-feiras n\u00e3o h\u00e1 missa com a presen\u00e7a da assembleia, a celebra\u00e7\u00e3o ocorrer\u00e1 na capela da Casa Provincial dos Sagrados Cora\u00e7\u00f5es em Belo Horizonte e ser\u00e1 transmitida pelo Canal Padre Eust\u00e1quio. Durante a Santa Missa, o presidente da celebra\u00e7\u00e3o vai proceder assim [&hellip;]<\/p>\n","protected":false},"author":2,"featured_media":4946,"comment_status":"open","ping_status":"open","sticky":false,"template":"","format":"standard","meta":{"_acf_changed":false,"footnotes":""},"categories":[611],"tags":[],"class_list":["post-4944","post","type-post","status-publish","format-standard","has-post-thumbnail","hentry","category-noticias"],"acf":[],"yoast_head":"<!-- This site is optimized with the Yoast SEO plugin v27.2 - https:\/\/yoast.com\/product\/yoast-seo-wordpress\/ -->\n<title>B\u00ean\u00e7\u00e3o da garganta ser\u00e1 feita de forma virtual na igreja Padre Eust\u00e1quio - Padre Eust\u00e1quio<\/title>\n<meta name=\"robots\" content=\"index, follow, max-snippet:-1, max-image-preview:large, max-video-preview:-1\" \/>\n<link rel=\"canonical\" href=\"https:\/\/www.padreeustaquio.com.br\/en\/the-blessing-of-the-throat-will-be-done-virtually-at-the-padre-eustaquio-church\/\" \/>\n<meta property=\"og:locale\" content=\"en_US\" \/>\n<meta property=\"og:type\" content=\"article\" \/>\n<meta property=\"og:title\" content=\"B\u00ean\u00e7\u00e3o da garganta ser\u00e1 feita de forma virtual na igreja Padre Eust\u00e1quio - Padre Eust\u00e1quio\" \/>\n<meta property=\"og:description\" content=\"Na pr\u00f3xima quarta-feira, dia 03 de fevereiro, \u00e9 dia de S\u00e3o Br\u00e1s. Bispo e m\u00e1rtir, ele ficou conhecido como padroeiro da garganta. Na data, as igrejas de todo o mundo promovem a b\u00ean\u00e7\u00e3o com as velas aben\u00e7oadas. O mesmo ocorre anualmente no Santu\u00e1rio da Sa\u00fade e Paz, a igreja do Padre Eust\u00e1quio, mas em 2021 ser\u00e1 diferente. Como \u00e0s quartas-feiras n\u00e3o h\u00e1 missa com a presen\u00e7a da assembleia, a celebra\u00e7\u00e3o ocorrer\u00e1 na capela da Casa Provincial dos Sagrados Cora\u00e7\u00f5es em Belo Horizonte e ser\u00e1 transmitida pelo Canal Padre Eust\u00e1quio. Durante a Santa Missa, o presidente da celebra\u00e7\u00e3o vai proceder assim [&hellip;]\" \/>\n<meta property=\"og:url\" content=\"https:\/\/www.padreeustaquio.com.br\/en\/the-blessing-of-the-throat-will-be-done-virtually-at-the-padre-eustaquio-church\/\" \/>\n<meta property=\"og:site_name\" content=\"Padre Eust\u00e1quio\" \/>\n<meta property=\"article:publisher\" content=\"https:\/\/www.facebook.com\/beatopadreeustaquio\/\" \/>\n<meta property=\"article:published_time\" content=\"2021-02-01T20:17:54+00:00\" \/>\n<meta property=\"og:image\" content=\"https:\/\/www.padreeustaquio.com.br\/wp-content\/uploads\/2021\/02\/s\u00e3o-bras-1.jpg\" \/>\n\t<meta property=\"og:image:width\" content=\"748\" \/>\n\t<meta property=\"og:image:height\" content=\"394\" \/>\n\t<meta property=\"og:image:type\" content=\"image\/jpeg\" \/>\n<meta name=\"author\" content=\"@sscc\" \/>\n<meta name=\"twitter:card\" content=\"summary_large_image\" \/>\n<meta name=\"twitter:creator\" content=\"@beatopeustaquio\" \/>\n<meta name=\"twitter:site\" content=\"@beatopeustaquio\" \/>\n<meta name=\"twitter:label1\" content=\"Written by\" \/>\n\t<meta name=\"twitter:data1\" content=\"@sscc\" \/>\n\t<meta name=\"twitter:label2\" content=\"Est. reading time\" \/>\n\t<meta name=\"twitter:data2\" content=\"2 minutes\" \/>\n<script type=\"application\/ld+json\" class=\"yoast-schema-graph\">{\"@context\":\"https:\/\/schema.org\",\"@graph\":[{\"@type\":\"Article\",\"@id\":\"https:\/\/www.padreeustaquio.com.br\/bencao-da-garganta-sera-feita-de-forma-virtual-na-igreja-padre-eustaquio\/#article\",\"isPartOf\":{\"@id\":\"https:\/\/www.padreeustaquio.com.br\/bencao-da-garganta-sera-feita-de-forma-virtual-na-igreja-padre-eustaquio\/\"},\"author\":{\"name\":\"@sscc\",\"@id\":\"https:\/\/www.padreeustaquio.com.br\/#\/schema\/person\/a2a51db1d00f1a7af0204a0f1ddb1566\"},\"headline\":\"B\u00ean\u00e7\u00e3o da garganta ser\u00e1 feita de forma virtual na igreja Padre Eust\u00e1quio\",\"datePublished\":\"2021-02-01T20:17:54+00:00\",\"mainEntityOfPage\":{\"@id\":\"https:\/\/www.padreeustaquio.com.br\/bencao-da-garganta-sera-feita-de-forma-virtual-na-igreja-padre-eustaquio\/\"},\"wordCount\":345,\"commentCount\":0,\"publisher\":{\"@id\":\"https:\/\/www.padreeustaquio.com.br\/#organization\"},\"image\":{\"@id\":\"https:\/\/www.padreeustaquio.com.br\/bencao-da-garganta-sera-feita-de-forma-virtual-na-igreja-padre-eustaquio\/#primaryimage\"},\"thumbnailUrl\":\"https:\/\/www.padreeustaquio.com.br\/wp-content\/uploads\/2021\/02\/s\u00e3o-bras-1.jpg\",\"articleSection\":[\"Not\u00edcias\"],\"inLanguage\":\"en-US\",\"potentialAction\":[{\"@type\":\"CommentAction\",\"name\":\"Comment\",\"target\":[\"https:\/\/www.padreeustaquio.com.br\/bencao-da-garganta-sera-feita-de-forma-virtual-na-igreja-padre-eustaquio\/#respond\"]}]},{\"@type\":\"WebPage\",\"@id\":\"https:\/\/www.padreeustaquio.com.br\/bencao-da-garganta-sera-feita-de-forma-virtual-na-igreja-padre-eustaquio\/\",\"url\":\"https:\/\/www.padreeustaquio.com.br\/bencao-da-garganta-sera-feita-de-forma-virtual-na-igreja-padre-eustaquio\/\",\"name\":\"B\u00ean\u00e7\u00e3o da garganta ser\u00e1 feita de forma virtual na igreja Padre Eust\u00e1quio - Padre Eust\u00e1quio\",\"isPartOf\":{\"@id\":\"https:\/\/www.padreeustaquio.com.br\/#website\"},\"primaryImageOfPage\":{\"@id\":\"https:\/\/www.padreeustaquio.com.br\/bencao-da-garganta-sera-feita-de-forma-virtual-na-igreja-padre-eustaquio\/#primaryimage\"},\"image\":{\"@id\":\"https:\/\/www.padreeustaquio.com.br\/bencao-da-garganta-sera-feita-de-forma-virtual-na-igreja-padre-eustaquio\/#primaryimage\"},\"thumbnailUrl\":\"https:\/\/www.padreeustaquio.com.br\/wp-content\/uploads\/2021\/02\/s\u00e3o-bras-1.jpg\",\"datePublished\":\"2021-02-01T20:17:54+00:00\",\"breadcrumb\":{\"@id\":\"https:\/\/www.padreeustaquio.com.br\/bencao-da-garganta-sera-feita-de-forma-virtual-na-igreja-padre-eustaquio\/#breadcrumb\"},\"inLanguage\":\"en-US\",\"potentialAction\":[{\"@type\":\"ReadAction\",\"target\":[\"https:\/\/www.padreeustaquio.com.br\/bencao-da-garganta-sera-feita-de-forma-virtual-na-igreja-padre-eustaquio\/\"]}]},{\"@type\":\"ImageObject\",\"inLanguage\":\"en-US\",\"@id\":\"https:\/\/www.padreeustaquio.com.br\/bencao-da-garganta-sera-feita-de-forma-virtual-na-igreja-padre-eustaquio\/#primaryimage\",\"url\":\"https:\/\/www.padreeustaquio.com.br\/wp-content\/uploads\/2021\/02\/s\u00e3o-bras-1.jpg\",\"contentUrl\":\"https:\/\/www.padreeustaquio.com.br\/wp-content\/uploads\/2021\/02\/s\u00e3o-bras-1.jpg\",\"width\":748,\"height\":394,\"caption\":\"S\u00e3o Br\u00e1s: bispo, m\u00e1rtir e padroeiro da garganta\"},{\"@type\":\"BreadcrumbList\",\"@id\":\"https:\/\/www.padreeustaquio.com.br\/bencao-da-garganta-sera-feita-de-forma-virtual-na-igreja-padre-eustaquio\/#breadcrumb\",\"itemListElement\":[{\"@type\":\"ListItem\",\"position\":1,\"name\":\"In\u00edcio\",\"item\":\"https:\/\/www.padreeustaquio.com.br\/\"},{\"@type\":\"ListItem\",\"position\":2,\"name\":\"B\u00ean\u00e7\u00e3o da garganta ser\u00e1 feita de forma virtual na igreja Padre Eust\u00e1quio\"}]},{\"@type\":\"WebSite\",\"@id\":\"https:\/\/www.padreeustaquio.com.br\/#website\",\"url\":\"https:\/\/www.padreeustaquio.com.br\/\",\"name\":\"Padre Eust\u00e1quio\",\"description\":\"Sa\u00fade e Paz\",\"publisher\":{\"@id\":\"https:\/\/www.padreeustaquio.com.br\/#organization\"},\"potentialAction\":[{\"@type\":\"SearchAction\",\"target\":{\"@type\":\"EntryPoint\",\"urlTemplate\":\"https:\/\/www.padreeustaquio.com.br\/?s={search_term_string}\"},\"query-input\":{\"@type\":\"PropertyValueSpecification\",\"valueRequired\":true,\"valueName\":\"search_term_string\"}}],\"inLanguage\":\"en-US\"},{\"@type\":\"Organization\",\"@id\":\"https:\/\/www.padreeustaquio.com.br\/#organization\",\"name\":\"Padre Eust\u00e1quio\",\"url\":\"https:\/\/www.padreeustaquio.com.br\/\",\"logo\":{\"@type\":\"ImageObject\",\"inLanguage\":\"en-US\",\"@id\":\"https:\/\/www.padreeustaquio.com.br\/#\/schema\/logo\/image\/\",\"url\":\"https:\/\/www.padreeustaquio.com.br\/wp-content\/uploads\/2019\/08\/marca.png\",\"contentUrl\":\"https:\/\/www.padreeustaquio.com.br\/wp-content\/uploads\/2019\/08\/marca.png\",\"width\":350,\"height\":400,\"caption\":\"Padre Eust\u00e1quio\"},\"image\":{\"@id\":\"https:\/\/www.padreeustaquio.com.br\/#\/schema\/logo\/image\/\"},\"sameAs\":[\"https:\/\/www.facebook.com\/beatopadreeustaquio\/\",\"https:\/\/x.com\/beatopeustaquio\",\"https:\/\/www.instagram.com\/beatopadreeustaquio\/\",\"https:\/\/www.youtube.com\/channel\/UCRhw7vfabnajwLxb1ZXMeIw\"]},{\"@type\":\"Person\",\"@id\":\"https:\/\/www.padreeustaquio.com.br\/#\/schema\/person\/a2a51db1d00f1a7af0204a0f1ddb1566\",\"name\":\"@sscc\",\"image\":{\"@type\":\"ImageObject\",\"inLanguage\":\"en-US\",\"@id\":\"https:\/\/secure.gravatar.com\/avatar\/68cfafa5f44617fea54071e215026e0ff06be366c3d54a8425f04fdcb86f8c5f?s=96&d=mm&r=g\",\"url\":\"https:\/\/secure.gravatar.com\/avatar\/68cfafa5f44617fea54071e215026e0ff06be366c3d54a8425f04fdcb86f8c5f?s=96&d=mm&r=g\",\"contentUrl\":\"https:\/\/secure.gravatar.com\/avatar\/68cfafa5f44617fea54071e215026e0ff06be366c3d54a8425f04fdcb86f8c5f?s=96&d=mm&r=g\",\"caption\":\"@sscc\"},\"url\":\"https:\/\/www.padreeustaquio.com.br\/en\/author\/sscc\/\"}]}<\/script>\n<!-- \/ Yoast SEO plugin. -->","yoast_head_json":{"title":"The blessing of the throat will be done virtually at the Padre Eust\u00e1quio church - Padre Eust\u00e1quio","robots":{"index":"index","follow":"follow","max-snippet":"max-snippet:-1","max-image-preview":"max-image-preview:large","max-video-preview":"max-video-preview:-1"},"canonical":"https:\/\/www.padreeustaquio.com.br\/en\/the-blessing-of-the-throat-will-be-done-virtually-at-the-padre-eustaquio-church\/","og_locale":"en_US","og_type":"article","og_title":"B\u00ean\u00e7\u00e3o da garganta ser\u00e1 feita de forma virtual na igreja Padre Eust\u00e1quio - Padre Eust\u00e1quio","og_description":"Na pr\u00f3xima quarta-feira, dia 03 de fevereiro, \u00e9 dia de S\u00e3o Br\u00e1s. Bispo e m\u00e1rtir, ele ficou conhecido como padroeiro da garganta. Na data, as igrejas de todo o mundo promovem a b\u00ean\u00e7\u00e3o com as velas aben\u00e7oadas. O mesmo ocorre anualmente no Santu\u00e1rio da Sa\u00fade e Paz, a igreja do Padre Eust\u00e1quio, mas em 2021 ser\u00e1 diferente. Como \u00e0s quartas-feiras n\u00e3o h\u00e1 missa com a presen\u00e7a da assembleia, a celebra\u00e7\u00e3o ocorrer\u00e1 na capela da Casa Provincial dos Sagrados Cora\u00e7\u00f5es em Belo Horizonte e ser\u00e1 transmitida pelo Canal Padre Eust\u00e1quio. Durante a Santa Missa, o presidente da celebra\u00e7\u00e3o vai proceder assim [&hellip;]","og_url":"https:\/\/www.padreeustaquio.com.br\/en\/the-blessing-of-the-throat-will-be-done-virtually-at-the-padre-eustaquio-church\/","og_site_name":"Padre Eust\u00e1quio","article_publisher":"https:\/\/www.facebook.com\/beatopadreeustaquio\/","article_published_time":"2021-02-01T20:17:54+00:00","og_image":[{"width":748,"height":394,"url":"https:\/\/www.padreeustaquio.com.br\/wp-content\/uploads\/2021\/02\/s\u00e3o-bras-1.jpg","type":"image\/jpeg"}],"author":"@sscc","twitter_card":"summary_large_image","twitter_creator":"@beatopeustaquio","twitter_site":"@beatopeustaquio","twitter_misc":{"Written by":"@sscc","Est. reading time":"2 minutes"},"schema":{"@context":"https:\/\/schema.org","@graph":[{"@type":"Article","@id":"https:\/\/www.padreeustaquio.com.br\/bencao-da-garganta-sera-feita-de-forma-virtual-na-igreja-padre-eustaquio\/#article","isPartOf":{"@id":"https:\/\/www.padreeustaquio.com.br\/bencao-da-garganta-sera-feita-de-forma-virtual-na-igreja-padre-eustaquio\/"},"author":{"name":"@sscc","@id":"https:\/\/www.padreeustaquio.com.br\/#\/schema\/person\/a2a51db1d00f1a7af0204a0f1ddb1566"},"headline":"B\u00ean\u00e7\u00e3o da garganta ser\u00e1 feita de forma virtual na igreja Padre Eust\u00e1quio","datePublished":"2021-02-01T20:17:54+00:00","mainEntityOfPage":{"@id":"https:\/\/www.padreeustaquio.com.br\/bencao-da-garganta-sera-feita-de-forma-virtual-na-igreja-padre-eustaquio\/"},"wordCount":345,"commentCount":0,"publisher":{"@id":"https:\/\/www.padreeustaquio.com.br\/#organization"},"image":{"@id":"https:\/\/www.padreeustaquio.com.br\/bencao-da-garganta-sera-feita-de-forma-virtual-na-igreja-padre-eustaquio\/#primaryimage"},"thumbnailUrl":"https:\/\/www.padreeustaquio.com.br\/wp-content\/uploads\/2021\/02\/s\u00e3o-bras-1.jpg","articleSection":["Not\u00edcias"],"inLanguage":"en-US","potentialAction":[{"@type":"CommentAction","name":"Comment","target":["https:\/\/www.padreeustaquio.com.br\/bencao-da-garganta-sera-feita-de-forma-virtual-na-igreja-padre-eustaquio\/#respond"]}]},{"@type":"WebPage","@id":"https:\/\/www.padreeustaquio.com.br\/bencao-da-garganta-sera-feita-de-forma-virtual-na-igreja-padre-eustaquio\/","url":"https:\/\/www.padreeustaquio.com.br\/bencao-da-garganta-sera-feita-de-forma-virtual-na-igreja-padre-eustaquio\/","name":"The blessing of the throat will be done virtually at the Padre Eust\u00e1quio church - Padre Eust\u00e1quio","isPartOf":{"@id":"https:\/\/www.padreeustaquio.com.br\/#website"},"primaryImageOfPage":{"@id":"https:\/\/www.padreeustaquio.com.br\/bencao-da-garganta-sera-feita-de-forma-virtual-na-igreja-padre-eustaquio\/#primaryimage"},"image":{"@id":"https:\/\/www.padreeustaquio.com.br\/bencao-da-garganta-sera-feita-de-forma-virtual-na-igreja-padre-eustaquio\/#primaryimage"},"thumbnailUrl":"https:\/\/www.padreeustaquio.com.br\/wp-content\/uploads\/2021\/02\/s\u00e3o-bras-1.jpg","datePublished":"2021-02-01T20:17:54+00:00","breadcrumb":{"@id":"https:\/\/www.padreeustaquio.com.br\/bencao-da-garganta-sera-feita-de-forma-virtual-na-igreja-padre-eustaquio\/#breadcrumb"},"inLanguage":"en-US","potentialAction":[{"@type":"ReadAction","target":["https:\/\/www.padreeustaquio.com.br\/bencao-da-garganta-sera-feita-de-forma-virtual-na-igreja-padre-eustaquio\/"]}]},{"@type":"ImageObject","inLanguage":"en-US","@id":"https:\/\/www.padreeustaquio.com.br\/bencao-da-garganta-sera-feita-de-forma-virtual-na-igreja-padre-eustaquio\/#primaryimage","url":"https:\/\/www.padreeustaquio.com.br\/wp-content\/uploads\/2021\/02\/s\u00e3o-bras-1.jpg","contentUrl":"https:\/\/www.padreeustaquio.com.br\/wp-content\/uploads\/2021\/02\/s\u00e3o-bras-1.jpg","width":748,"height":394,"caption":"S\u00e3o Br\u00e1s: bispo, m\u00e1rtir e padroeiro da garganta"},{"@type":"BreadcrumbList","@id":"https:\/\/www.padreeustaquio.com.br\/bencao-da-garganta-sera-feita-de-forma-virtual-na-igreja-padre-eustaquio\/#breadcrumb","itemListElement":[{"@type":"ListItem","position":1,"name":"In\u00edcio","item":"https:\/\/www.padreeustaquio.com.br\/"},{"@type":"ListItem","position":2,"name":"B\u00ean\u00e7\u00e3o da garganta ser\u00e1 feita de forma virtual na igreja Padre Eust\u00e1quio"}]},{"@type":"WebSite","@id":"https:\/\/www.padreeustaquio.com.br\/#website","url":"https:\/\/www.padreeustaquio.com.br\/","name":"FATHER EUST\u00c1QUIO","description":"Health and Peace","publisher":{"@id":"https:\/\/www.padreeustaquio.com.br\/#organization"},"potentialAction":[{"@type":"SearchAction","target":{"@type":"EntryPoint","urlTemplate":"https:\/\/www.padreeustaquio.com.br\/?s={search_term_string}"},"query-input":{"@type":"PropertyValueSpecification","valueRequired":true,"valueName":"search_term_string"}}],"inLanguage":"en-US"},{"@type":"Organization","@id":"https:\/\/www.padreeustaquio.com.br\/#organization","name":"FATHER EUST\u00c1QUIO","url":"https:\/\/www.padreeustaquio.com.br\/","logo":{"@type":"ImageObject","inLanguage":"en-US","@id":"https:\/\/www.padreeustaquio.com.br\/#\/schema\/logo\/image\/","url":"https:\/\/www.padreeustaquio.com.br\/wp-content\/uploads\/2019\/08\/marca.png","contentUrl":"https:\/\/www.padreeustaquio.com.br\/wp-content\/uploads\/2019\/08\/marca.png","width":350,"height":400,"caption":"Padre Eust\u00e1quio"},"image":{"@id":"https:\/\/www.padreeustaquio.com.br\/#\/schema\/logo\/image\/"},"sameAs":["https:\/\/www.facebook.com\/beatopadreeustaquio\/","https:\/\/x.com\/beatopeustaquio","https:\/\/www.instagram.com\/beatopadreeustaquio\/","https:\/\/www.youtube.com\/channel\/UCRhw7vfabnajwLxb1ZXMeIw"]},{"@type":"Person","@id":"https:\/\/www.padreeustaquio.com.br\/#\/schema\/person\/a2a51db1d00f1a7af0204a0f1ddb1566","name":"@sscc","image":{"@type":"ImageObject","inLanguage":"en-US","@id":"https:\/\/secure.gravatar.com\/avatar\/68cfafa5f44617fea54071e215026e0ff06be366c3d54a8425f04fdcb86f8c5f?s=96&d=mm&r=g","url":"https:\/\/secure.gravatar.com\/avatar\/68cfafa5f44617fea54071e215026e0ff06be366c3d54a8425f04fdcb86f8c5f?s=96&d=mm&r=g","contentUrl":"https:\/\/secure.gravatar.com\/avatar\/68cfafa5f44617fea54071e215026e0ff06be366c3d54a8425f04fdcb86f8c5f?s=96&d=mm&r=g","caption":"@sscc"},"url":"https:\/\/www.padreeustaquio.com.br\/en\/author\/sscc\/"}]}},"_links":{"self":[{"href":"https:\/\/www.padreeustaquio.com.br\/en\/wp-json\/wp\/v2\/posts\/4944","targetHints":{"allow":["GET"]}}],"collection":[{"href":"https:\/\/www.padreeustaquio.com.br\/en\/wp-json\/wp\/v2\/posts"}],"about":[{"href":"https:\/\/www.padreeustaquio.com.br\/en\/wp-json\/wp\/v2\/types\/post"}],"author":[{"embeddable":true,"href":"https:\/\/www.padreeustaquio.com.br\/en\/wp-json\/wp\/v2\/users\/2"}],"replies":[{"embeddable":true,"href":"https:\/\/www.padreeustaquio.com.br\/en\/wp-json\/wp\/v2\/comments?post=4944"}],"version-history":[{"count":0,"href":"https:\/\/www.padreeustaquio.com.br\/en\/wp-json\/wp\/v2\/posts\/4944\/revisions"}],"wp:featuredmedia":[{"embeddable":true,"href":"https:\/\/www.padreeustaquio.com.br\/en\/wp-json\/wp\/v2\/media\/4946"}],"wp:attachment":[{"href":"https:\/\/www.padreeustaquio.com.br\/en\/wp-json\/wp\/v2\/media?parent=4944"}],"wp:term":[{"taxonomy":"category","embeddable":true,"href":"https:\/\/www.padreeustaquio.com.br\/en\/wp-json\/wp\/v2\/categories?post=4944"},{"taxonomy":"post_tag","embeddable":true,"href":"https:\/\/www.padreeustaquio.com.br\/en\/wp-json\/wp\/v2\/tags?post=4944"}],"curies":[{"name":"wp","href":"https:\/\/api.w.org\/{rel}","templated":true}]}}