{"id":4938,"date":"2021-01-31T09:15:55","date_gmt":"2021-01-31T12:15:55","guid":{"rendered":"https:\/\/www.padreeustaquio.com.br\/?p=4938"},"modified":"2021-02-03T13:26:16","modified_gmt":"2021-02-03T16:26:16","slug":"72-years-ago-father-eustaquios-tomb-was-transferred-to-the-new-parish-church","status":"publish","type":"post","link":"https:\/\/www.padreeustaquio.com.br\/en\/72-years-ago-father-eustaquios-tomb-was-transferred-to-the-new-parish-church\/","title":{"rendered":"Seventy-two years ago, Father Eust\u00e1quio&#039;s tomb was moved to the new church."},"content":{"rendered":"<p>It was on January 31, 1949, with the completion of the new Sacred Hearts church, designed by Father Eust\u00e1quio himself, that his mortal remains were transferred from the Bonfim Cemetery to the new church.<\/p>\n<p>During the construction of the temple, a space right at the entrance of the church was reserved to receive the mortal remains of the priest. Days before the transfer of the bones, a commission with priests from the Congregation and experts went to the Bonfim Cemetery to open the tomb and perform the exhumation. Everything was recorded by the press at the time.<\/p>\n<p>Then, on the 31st, the relics of the Blessed One were taken to the new Sacred Hearts Parish Church. There was a moment of prayer with the participation of two of Father Eust\u00e1quio&#039;s brothers, who came from Holland to accompany the entire process. Following this, the box containing the mortal remains was placed there, remaining until 2007 when the new Memorial was built, attached to the church.<\/p>","protected":false},"excerpt":{"rendered":"<p>Foi no dia 31 de janeiro de 1949, com a conclus\u00e3o da nova matriz dos Sagrados Cora\u00e7\u00f5es, projetada pelo pr\u00f3prio Padre Eust\u00e1quio, que os restos mortais dele foram trasladados do Cemit\u00e9rio do Bonfim para a nova igreja. Durante a constru\u00e7\u00e3o do templo, um espa\u00e7o logo na entrada da igreja foi reservado para receber os restos mortais do padre. Dias antes do traslado dos ossos, uma comiss\u00e3o com padres da Congrega\u00e7\u00e3o e peritos foi at\u00e9 o Cemit\u00e9rio do Bonfim para abrir o t\u00famulo e fazer a exuma\u00e7\u00e3o. Tudo foi registrado pela imprensa \u00e0 \u00e9poca. Em seguida, no dia 31, as rel\u00edquias [&hellip;]<\/p>\n","protected":false},"author":2,"featured_media":4939,"comment_status":"open","ping_status":"open","sticky":false,"template":"","format":"standard","meta":{"_acf_changed":false,"footnotes":""},"categories":[611],"tags":[],"class_list":["post-4938","post","type-post","status-publish","format-standard","has-post-thumbnail","hentry","category-noticias"],"acf":[],"yoast_head":"<!-- This site is optimized with the Yoast SEO plugin v27.2 - https:\/\/yoast.com\/product\/yoast-seo-wordpress\/ -->\n<title>H\u00e1 72 anos o t\u00famulo de Padre Eust\u00e1quio era transferido para a nova matriz - Padre Eust\u00e1quio<\/title>\n<meta name=\"robots\" content=\"index, follow, max-snippet:-1, max-image-preview:large, max-video-preview:-1\" \/>\n<link rel=\"canonical\" href=\"https:\/\/www.padreeustaquio.com.br\/en\/72-years-ago-father-eustaquios-tomb-was-transferred-to-the-new-parish-church\/\" \/>\n<meta property=\"og:locale\" content=\"en_US\" \/>\n<meta property=\"og:type\" content=\"article\" \/>\n<meta property=\"og:title\" content=\"H\u00e1 72 anos o t\u00famulo de Padre Eust\u00e1quio era transferido para a nova matriz - Padre Eust\u00e1quio\" \/>\n<meta property=\"og:description\" content=\"Foi no dia 31 de janeiro de 1949, com a conclus\u00e3o da nova matriz dos Sagrados Cora\u00e7\u00f5es, projetada pelo pr\u00f3prio Padre Eust\u00e1quio, que os restos mortais dele foram trasladados do Cemit\u00e9rio do Bonfim para a nova igreja. Durante a constru\u00e7\u00e3o do templo, um espa\u00e7o logo na entrada da igreja foi reservado para receber os restos mortais do padre. Dias antes do traslado dos ossos, uma comiss\u00e3o com padres da Congrega\u00e7\u00e3o e peritos foi at\u00e9 o Cemit\u00e9rio do Bonfim para abrir o t\u00famulo e fazer a exuma\u00e7\u00e3o. Tudo foi registrado pela imprensa \u00e0 \u00e9poca. Em seguida, no dia 31, as rel\u00edquias [&hellip;]\" \/>\n<meta property=\"og:url\" content=\"https:\/\/www.padreeustaquio.com.br\/en\/72-years-ago-father-eustaquios-tomb-was-transferred-to-the-new-parish-church\/\" \/>\n<meta property=\"og:site_name\" content=\"Padre Eust\u00e1quio\" \/>\n<meta property=\"article:publisher\" content=\"https:\/\/www.facebook.com\/beatopadreeustaquio\/\" \/>\n<meta property=\"article:published_time\" content=\"2021-01-31T12:15:55+00:00\" \/>\n<meta property=\"article:modified_time\" content=\"2021-02-03T16:26:16+00:00\" \/>\n<meta property=\"og:image\" content=\"https:\/\/www.padreeustaquio.com.br\/wp-content\/uploads\/2021\/01\/Adriana-irm\u00e3-de-PE-no-traslado.jpg\" \/>\n\t<meta property=\"og:image:width\" content=\"748\" \/>\n\t<meta property=\"og:image:height\" content=\"394\" \/>\n\t<meta property=\"og:image:type\" content=\"image\/jpeg\" \/>\n<meta name=\"author\" content=\"@sscc\" \/>\n<meta name=\"twitter:card\" content=\"summary_large_image\" \/>\n<meta name=\"twitter:creator\" content=\"@beatopeustaquio\" \/>\n<meta name=\"twitter:site\" content=\"@beatopeustaquio\" \/>\n<meta name=\"twitter:label1\" content=\"Written by\" \/>\n\t<meta name=\"twitter:data1\" content=\"@sscc\" \/>\n\t<meta name=\"twitter:label2\" content=\"Est. reading time\" \/>\n\t<meta name=\"twitter:data2\" content=\"1 minute\" \/>\n<script type=\"application\/ld+json\" class=\"yoast-schema-graph\">{\"@context\":\"https:\/\/schema.org\",\"@graph\":[{\"@type\":\"Article\",\"@id\":\"https:\/\/www.padreeustaquio.com.br\/ha-72-anos-o-tumulo-de-padre-eustaquio-era-transferido-para-a-nova-matriz\/#article\",\"isPartOf\":{\"@id\":\"https:\/\/www.padreeustaquio.com.br\/ha-72-anos-o-tumulo-de-padre-eustaquio-era-transferido-para-a-nova-matriz\/\"},\"author\":{\"name\":\"@sscc\",\"@id\":\"https:\/\/www.padreeustaquio.com.br\/#\/schema\/person\/a2a51db1d00f1a7af0204a0f1ddb1566\"},\"headline\":\"H\u00e1 72 anos o t\u00famulo de Padre Eust\u00e1quio era transferido para a nova matriz\",\"datePublished\":\"2021-01-31T12:15:55+00:00\",\"dateModified\":\"2021-02-03T16:26:16+00:00\",\"mainEntityOfPage\":{\"@id\":\"https:\/\/www.padreeustaquio.com.br\/ha-72-anos-o-tumulo-de-padre-eustaquio-era-transferido-para-a-nova-matriz\/\"},\"wordCount\":190,\"commentCount\":0,\"publisher\":{\"@id\":\"https:\/\/www.padreeustaquio.com.br\/#organization\"},\"image\":{\"@id\":\"https:\/\/www.padreeustaquio.com.br\/ha-72-anos-o-tumulo-de-padre-eustaquio-era-transferido-para-a-nova-matriz\/#primaryimage\"},\"thumbnailUrl\":\"https:\/\/www.padreeustaquio.com.br\/wp-content\/uploads\/2021\/01\/Adriana-irm\u00e3-de-PE-no-traslado.jpg\",\"articleSection\":[\"Not\u00edcias\"],\"inLanguage\":\"en-US\",\"potentialAction\":[{\"@type\":\"CommentAction\",\"name\":\"Comment\",\"target\":[\"https:\/\/www.padreeustaquio.com.br\/ha-72-anos-o-tumulo-de-padre-eustaquio-era-transferido-para-a-nova-matriz\/#respond\"]}]},{\"@type\":\"WebPage\",\"@id\":\"https:\/\/www.padreeustaquio.com.br\/ha-72-anos-o-tumulo-de-padre-eustaquio-era-transferido-para-a-nova-matriz\/\",\"url\":\"https:\/\/www.padreeustaquio.com.br\/ha-72-anos-o-tumulo-de-padre-eustaquio-era-transferido-para-a-nova-matriz\/\",\"name\":\"H\u00e1 72 anos o t\u00famulo de Padre Eust\u00e1quio era transferido para a nova matriz - Padre Eust\u00e1quio\",\"isPartOf\":{\"@id\":\"https:\/\/www.padreeustaquio.com.br\/#website\"},\"primaryImageOfPage\":{\"@id\":\"https:\/\/www.padreeustaquio.com.br\/ha-72-anos-o-tumulo-de-padre-eustaquio-era-transferido-para-a-nova-matriz\/#primaryimage\"},\"image\":{\"@id\":\"https:\/\/www.padreeustaquio.com.br\/ha-72-anos-o-tumulo-de-padre-eustaquio-era-transferido-para-a-nova-matriz\/#primaryimage\"},\"thumbnailUrl\":\"https:\/\/www.padreeustaquio.com.br\/wp-content\/uploads\/2021\/01\/Adriana-irm\u00e3-de-PE-no-traslado.jpg\",\"datePublished\":\"2021-01-31T12:15:55+00:00\",\"dateModified\":\"2021-02-03T16:26:16+00:00\",\"breadcrumb\":{\"@id\":\"https:\/\/www.padreeustaquio.com.br\/ha-72-anos-o-tumulo-de-padre-eustaquio-era-transferido-para-a-nova-matriz\/#breadcrumb\"},\"inLanguage\":\"en-US\",\"potentialAction\":[{\"@type\":\"ReadAction\",\"target\":[\"https:\/\/www.padreeustaquio.com.br\/ha-72-anos-o-tumulo-de-padre-eustaquio-era-transferido-para-a-nova-matriz\/\"]}]},{\"@type\":\"ImageObject\",\"inLanguage\":\"en-US\",\"@id\":\"https:\/\/www.padreeustaquio.com.br\/ha-72-anos-o-tumulo-de-padre-eustaquio-era-transferido-para-a-nova-matriz\/#primaryimage\",\"url\":\"https:\/\/www.padreeustaquio.com.br\/wp-content\/uploads\/2021\/01\/Adriana-irm\u00e3-de-PE-no-traslado.jpg\",\"contentUrl\":\"https:\/\/www.padreeustaquio.com.br\/wp-content\/uploads\/2021\/01\/Adriana-irm\u00e3-de-PE-no-traslado.jpg\",\"width\":748,\"height\":394,\"caption\":\"Dois dos irm\u00e3os de Padre Eust\u00e1quio ao lado do caix\u00e3o com as rel\u00edquias.\"},{\"@type\":\"BreadcrumbList\",\"@id\":\"https:\/\/www.padreeustaquio.com.br\/ha-72-anos-o-tumulo-de-padre-eustaquio-era-transferido-para-a-nova-matriz\/#breadcrumb\",\"itemListElement\":[{\"@type\":\"ListItem\",\"position\":1,\"name\":\"In\u00edcio\",\"item\":\"https:\/\/www.padreeustaquio.com.br\/\"},{\"@type\":\"ListItem\",\"position\":2,\"name\":\"H\u00e1 72 anos o t\u00famulo de Padre Eust\u00e1quio era transferido para a nova matriz\"}]},{\"@type\":\"WebSite\",\"@id\":\"https:\/\/www.padreeustaquio.com.br\/#website\",\"url\":\"https:\/\/www.padreeustaquio.com.br\/\",\"name\":\"Padre Eust\u00e1quio\",\"description\":\"Sa\u00fade e Paz\",\"publisher\":{\"@id\":\"https:\/\/www.padreeustaquio.com.br\/#organization\"},\"potentialAction\":[{\"@type\":\"SearchAction\",\"target\":{\"@type\":\"EntryPoint\",\"urlTemplate\":\"https:\/\/www.padreeustaquio.com.br\/?s={search_term_string}\"},\"query-input\":{\"@type\":\"PropertyValueSpecification\",\"valueRequired\":true,\"valueName\":\"search_term_string\"}}],\"inLanguage\":\"en-US\"},{\"@type\":\"Organization\",\"@id\":\"https:\/\/www.padreeustaquio.com.br\/#organization\",\"name\":\"Padre Eust\u00e1quio\",\"url\":\"https:\/\/www.padreeustaquio.com.br\/\",\"logo\":{\"@type\":\"ImageObject\",\"inLanguage\":\"en-US\",\"@id\":\"https:\/\/www.padreeustaquio.com.br\/#\/schema\/logo\/image\/\",\"url\":\"https:\/\/www.padreeustaquio.com.br\/wp-content\/uploads\/2019\/08\/marca.png\",\"contentUrl\":\"https:\/\/www.padreeustaquio.com.br\/wp-content\/uploads\/2019\/08\/marca.png\",\"width\":350,\"height\":400,\"caption\":\"Padre Eust\u00e1quio\"},\"image\":{\"@id\":\"https:\/\/www.padreeustaquio.com.br\/#\/schema\/logo\/image\/\"},\"sameAs\":[\"https:\/\/www.facebook.com\/beatopadreeustaquio\/\",\"https:\/\/x.com\/beatopeustaquio\",\"https:\/\/www.instagram.com\/beatopadreeustaquio\/\",\"https:\/\/www.youtube.com\/channel\/UCRhw7vfabnajwLxb1ZXMeIw\"]},{\"@type\":\"Person\",\"@id\":\"https:\/\/www.padreeustaquio.com.br\/#\/schema\/person\/a2a51db1d00f1a7af0204a0f1ddb1566\",\"name\":\"@sscc\",\"image\":{\"@type\":\"ImageObject\",\"inLanguage\":\"en-US\",\"@id\":\"https:\/\/secure.gravatar.com\/avatar\/68cfafa5f44617fea54071e215026e0ff06be366c3d54a8425f04fdcb86f8c5f?s=96&d=mm&r=g\",\"url\":\"https:\/\/secure.gravatar.com\/avatar\/68cfafa5f44617fea54071e215026e0ff06be366c3d54a8425f04fdcb86f8c5f?s=96&d=mm&r=g\",\"contentUrl\":\"https:\/\/secure.gravatar.com\/avatar\/68cfafa5f44617fea54071e215026e0ff06be366c3d54a8425f04fdcb86f8c5f?s=96&d=mm&r=g\",\"caption\":\"@sscc\"},\"url\":\"https:\/\/www.padreeustaquio.com.br\/en\/author\/sscc\/\"}]}<\/script>\n<!-- \/ Yoast SEO plugin. -->","yoast_head_json":{"title":"72 years ago, the tomb of Father Eust\u00e1quio was transferred to the new parish church - Father Eust\u00e1quio","robots":{"index":"index","follow":"follow","max-snippet":"max-snippet:-1","max-image-preview":"max-image-preview:large","max-video-preview":"max-video-preview:-1"},"canonical":"https:\/\/www.padreeustaquio.com.br\/en\/72-years-ago-father-eustaquios-tomb-was-transferred-to-the-new-parish-church\/","og_locale":"en_US","og_type":"article","og_title":"H\u00e1 72 anos o t\u00famulo de Padre Eust\u00e1quio era transferido para a nova matriz - Padre Eust\u00e1quio","og_description":"Foi no dia 31 de janeiro de 1949, com a conclus\u00e3o da nova matriz dos Sagrados Cora\u00e7\u00f5es, projetada pelo pr\u00f3prio Padre Eust\u00e1quio, que os restos mortais dele foram trasladados do Cemit\u00e9rio do Bonfim para a nova igreja. Durante a constru\u00e7\u00e3o do templo, um espa\u00e7o logo na entrada da igreja foi reservado para receber os restos mortais do padre. Dias antes do traslado dos ossos, uma comiss\u00e3o com padres da Congrega\u00e7\u00e3o e peritos foi at\u00e9 o Cemit\u00e9rio do Bonfim para abrir o t\u00famulo e fazer a exuma\u00e7\u00e3o. Tudo foi registrado pela imprensa \u00e0 \u00e9poca. Em seguida, no dia 31, as rel\u00edquias [&hellip;]","og_url":"https:\/\/www.padreeustaquio.com.br\/en\/72-years-ago-father-eustaquios-tomb-was-transferred-to-the-new-parish-church\/","og_site_name":"Padre Eust\u00e1quio","article_publisher":"https:\/\/www.facebook.com\/beatopadreeustaquio\/","article_published_time":"2021-01-31T12:15:55+00:00","article_modified_time":"2021-02-03T16:26:16+00:00","og_image":[{"width":748,"height":394,"url":"https:\/\/www.padreeustaquio.com.br\/wp-content\/uploads\/2021\/01\/Adriana-irm\u00e3-de-PE-no-traslado.jpg","type":"image\/jpeg"}],"author":"@sscc","twitter_card":"summary_large_image","twitter_creator":"@beatopeustaquio","twitter_site":"@beatopeustaquio","twitter_misc":{"Written by":"@sscc","Est. reading time":"1 minute"},"schema":{"@context":"https:\/\/schema.org","@graph":[{"@type":"Article","@id":"https:\/\/www.padreeustaquio.com.br\/ha-72-anos-o-tumulo-de-padre-eustaquio-era-transferido-para-a-nova-matriz\/#article","isPartOf":{"@id":"https:\/\/www.padreeustaquio.com.br\/ha-72-anos-o-tumulo-de-padre-eustaquio-era-transferido-para-a-nova-matriz\/"},"author":{"name":"@sscc","@id":"https:\/\/www.padreeustaquio.com.br\/#\/schema\/person\/a2a51db1d00f1a7af0204a0f1ddb1566"},"headline":"H\u00e1 72 anos o t\u00famulo de Padre Eust\u00e1quio era transferido para a nova matriz","datePublished":"2021-01-31T12:15:55+00:00","dateModified":"2021-02-03T16:26:16+00:00","mainEntityOfPage":{"@id":"https:\/\/www.padreeustaquio.com.br\/ha-72-anos-o-tumulo-de-padre-eustaquio-era-transferido-para-a-nova-matriz\/"},"wordCount":190,"commentCount":0,"publisher":{"@id":"https:\/\/www.padreeustaquio.com.br\/#organization"},"image":{"@id":"https:\/\/www.padreeustaquio.com.br\/ha-72-anos-o-tumulo-de-padre-eustaquio-era-transferido-para-a-nova-matriz\/#primaryimage"},"thumbnailUrl":"https:\/\/www.padreeustaquio.com.br\/wp-content\/uploads\/2021\/01\/Adriana-irm\u00e3-de-PE-no-traslado.jpg","articleSection":["Not\u00edcias"],"inLanguage":"en-US","potentialAction":[{"@type":"CommentAction","name":"Comment","target":["https:\/\/www.padreeustaquio.com.br\/ha-72-anos-o-tumulo-de-padre-eustaquio-era-transferido-para-a-nova-matriz\/#respond"]}]},{"@type":"WebPage","@id":"https:\/\/www.padreeustaquio.com.br\/ha-72-anos-o-tumulo-de-padre-eustaquio-era-transferido-para-a-nova-matriz\/","url":"https:\/\/www.padreeustaquio.com.br\/ha-72-anos-o-tumulo-de-padre-eustaquio-era-transferido-para-a-nova-matriz\/","name":"72 years ago, the tomb of Father Eust\u00e1quio was transferred to the new parish church - Father Eust\u00e1quio","isPartOf":{"@id":"https:\/\/www.padreeustaquio.com.br\/#website"},"primaryImageOfPage":{"@id":"https:\/\/www.padreeustaquio.com.br\/ha-72-anos-o-tumulo-de-padre-eustaquio-era-transferido-para-a-nova-matriz\/#primaryimage"},"image":{"@id":"https:\/\/www.padreeustaquio.com.br\/ha-72-anos-o-tumulo-de-padre-eustaquio-era-transferido-para-a-nova-matriz\/#primaryimage"},"thumbnailUrl":"https:\/\/www.padreeustaquio.com.br\/wp-content\/uploads\/2021\/01\/Adriana-irm\u00e3-de-PE-no-traslado.jpg","datePublished":"2021-01-31T12:15:55+00:00","dateModified":"2021-02-03T16:26:16+00:00","breadcrumb":{"@id":"https:\/\/www.padreeustaquio.com.br\/ha-72-anos-o-tumulo-de-padre-eustaquio-era-transferido-para-a-nova-matriz\/#breadcrumb"},"inLanguage":"en-US","potentialAction":[{"@type":"ReadAction","target":["https:\/\/www.padreeustaquio.com.br\/ha-72-anos-o-tumulo-de-padre-eustaquio-era-transferido-para-a-nova-matriz\/"]}]},{"@type":"ImageObject","inLanguage":"en-US","@id":"https:\/\/www.padreeustaquio.com.br\/ha-72-anos-o-tumulo-de-padre-eustaquio-era-transferido-para-a-nova-matriz\/#primaryimage","url":"https:\/\/www.padreeustaquio.com.br\/wp-content\/uploads\/2021\/01\/Adriana-irm\u00e3-de-PE-no-traslado.jpg","contentUrl":"https:\/\/www.padreeustaquio.com.br\/wp-content\/uploads\/2021\/01\/Adriana-irm\u00e3-de-PE-no-traslado.jpg","width":748,"height":394,"caption":"Dois dos irm\u00e3os de Padre Eust\u00e1quio ao lado do caix\u00e3o com as rel\u00edquias."},{"@type":"BreadcrumbList","@id":"https:\/\/www.padreeustaquio.com.br\/ha-72-anos-o-tumulo-de-padre-eustaquio-era-transferido-para-a-nova-matriz\/#breadcrumb","itemListElement":[{"@type":"ListItem","position":1,"name":"In\u00edcio","item":"https:\/\/www.padreeustaquio.com.br\/"},{"@type":"ListItem","position":2,"name":"H\u00e1 72 anos o t\u00famulo de Padre Eust\u00e1quio era transferido para a nova matriz"}]},{"@type":"WebSite","@id":"https:\/\/www.padreeustaquio.com.br\/#website","url":"https:\/\/www.padreeustaquio.com.br\/","name":"FATHER EUST\u00c1QUIO","description":"Health and Peace","publisher":{"@id":"https:\/\/www.padreeustaquio.com.br\/#organization"},"potentialAction":[{"@type":"SearchAction","target":{"@type":"EntryPoint","urlTemplate":"https:\/\/www.padreeustaquio.com.br\/?s={search_term_string}"},"query-input":{"@type":"PropertyValueSpecification","valueRequired":true,"valueName":"search_term_string"}}],"inLanguage":"en-US"},{"@type":"Organization","@id":"https:\/\/www.padreeustaquio.com.br\/#organization","name":"FATHER EUST\u00c1QUIO","url":"https:\/\/www.padreeustaquio.com.br\/","logo":{"@type":"ImageObject","inLanguage":"en-US","@id":"https:\/\/www.padreeustaquio.com.br\/#\/schema\/logo\/image\/","url":"https:\/\/www.padreeustaquio.com.br\/wp-content\/uploads\/2019\/08\/marca.png","contentUrl":"https:\/\/www.padreeustaquio.com.br\/wp-content\/uploads\/2019\/08\/marca.png","width":350,"height":400,"caption":"Padre Eust\u00e1quio"},"image":{"@id":"https:\/\/www.padreeustaquio.com.br\/#\/schema\/logo\/image\/"},"sameAs":["https:\/\/www.facebook.com\/beatopadreeustaquio\/","https:\/\/x.com\/beatopeustaquio","https:\/\/www.instagram.com\/beatopadreeustaquio\/","https:\/\/www.youtube.com\/channel\/UCRhw7vfabnajwLxb1ZXMeIw"]},{"@type":"Person","@id":"https:\/\/www.padreeustaquio.com.br\/#\/schema\/person\/a2a51db1d00f1a7af0204a0f1ddb1566","name":"@sscc","image":{"@type":"ImageObject","inLanguage":"en-US","@id":"https:\/\/secure.gravatar.com\/avatar\/68cfafa5f44617fea54071e215026e0ff06be366c3d54a8425f04fdcb86f8c5f?s=96&d=mm&r=g","url":"https:\/\/secure.gravatar.com\/avatar\/68cfafa5f44617fea54071e215026e0ff06be366c3d54a8425f04fdcb86f8c5f?s=96&d=mm&r=g","contentUrl":"https:\/\/secure.gravatar.com\/avatar\/68cfafa5f44617fea54071e215026e0ff06be366c3d54a8425f04fdcb86f8c5f?s=96&d=mm&r=g","caption":"@sscc"},"url":"https:\/\/www.padreeustaquio.com.br\/en\/author\/sscc\/"}]}},"_links":{"self":[{"href":"https:\/\/www.padreeustaquio.com.br\/en\/wp-json\/wp\/v2\/posts\/4938","targetHints":{"allow":["GET"]}}],"collection":[{"href":"https:\/\/www.padreeustaquio.com.br\/en\/wp-json\/wp\/v2\/posts"}],"about":[{"href":"https:\/\/www.padreeustaquio.com.br\/en\/wp-json\/wp\/v2\/types\/post"}],"author":[{"embeddable":true,"href":"https:\/\/www.padreeustaquio.com.br\/en\/wp-json\/wp\/v2\/users\/2"}],"replies":[{"embeddable":true,"href":"https:\/\/www.padreeustaquio.com.br\/en\/wp-json\/wp\/v2\/comments?post=4938"}],"version-history":[{"count":0,"href":"https:\/\/www.padreeustaquio.com.br\/en\/wp-json\/wp\/v2\/posts\/4938\/revisions"}],"wp:featuredmedia":[{"embeddable":true,"href":"https:\/\/www.padreeustaquio.com.br\/en\/wp-json\/wp\/v2\/media\/4939"}],"wp:attachment":[{"href":"https:\/\/www.padreeustaquio.com.br\/en\/wp-json\/wp\/v2\/media?parent=4938"}],"wp:term":[{"taxonomy":"category","embeddable":true,"href":"https:\/\/www.padreeustaquio.com.br\/en\/wp-json\/wp\/v2\/categories?post=4938"},{"taxonomy":"post_tag","embeddable":true,"href":"https:\/\/www.padreeustaquio.com.br\/en\/wp-json\/wp\/v2\/tags?post=4938"}],"curies":[{"name":"wp","href":"https:\/\/api.w.org\/{rel}","templated":true}]}}