{"id":4930,"date":"2021-01-29T14:36:07","date_gmt":"2021-01-29T17:36:07","guid":{"rendered":"https:\/\/www.padreeustaquio.com.br\/?p=4930"},"modified":"2021-01-29T14:36:07","modified_gmt":"2021-01-29T17:36:07","slug":"portugal-launches-anthem-for-world-youth-day-2023","status":"publish","type":"post","link":"https:\/\/www.padreeustaquio.com.br\/en\/portugal-launches-anthem-for-world-youth-day-2023\/","title":{"rendered":"Portugal launches anthem for World Youth Day \u2013 WYD 2023"},"content":{"rendered":"<p>The official anthem for World Youth Day \/ Lisbon-2023 was presented this week. The lyrics are by Father Jo\u00e3o Paulo Vaz, from the diocese of Coimbra, and the music is by Pedro Ferreira.<\/p>\n<p>Over one hundred groups from all regions of Portugal competed in the contest to choose the winning song. The selection was made by a jury of music and arts professionals, who made the first selection, with the final choice being made by the Dicastery for the Laity, Family and Life in the Vatican.<\/p>\n<p>The music video showcases the beauty of the Portuguese capital, expressed in the city&#039;s architecture and the joy of young people meeting up. Past\u00e9is de Bel\u00e9m, a staple of Portuguese cuisine, also feature prominently in the video.<\/p>\n<p><strong>Authors<\/strong><\/p>\n<p>Father Jo\u00e3o Paulo Vaz, from the diocese of Coimbra, received the news that the song he composed had been chosen in the month he celebrated 25 years of priesthood. He shared that he was overcome with immense joy upon receiving the phone call with the news. &quot;The World Youth Days are, for me, a milestone in my life,&quot; he revealed.<\/p>\n<p>Musician Pedro Ferreira, who has been involved with music since he was 13, stated that receiving the news of his selection &quot;was an overflowing emotion, it was seeing that something that had emerged in a small room, in a small space, was going to take flight, it was going to fly.&quot;.<\/p>\n<p><strong>He left in a hurry.<\/strong><\/p>\n<p>\u00ab&quot;Mary arose and went with haste&quot; (Luke 1:39) is the biblical quote chosen by Pope Francis as the motto for the XXVIII World Youth Day in 2023. The biblical phrase begins the account of Mary&#039;s Visitation to her cousin Elizabeth, a biblical episode that follows the Annunciation, the theme of the last WYD in Panama City.<\/p>\n<p>In composing the lyrics, Father Jo\u00e3o Paulo wanted to make a connection with the World Youth Day in Panama, which also had a Marian theme, and he also used the themes proposed for each year. The music underwent further adjustments, but the lyrics remained the same. Later, the inclusion of another verse with a reference to Elizabeth was suggested. Mary hurried to meet her relative, &quot;and we hurry to meet so many others with so many names as well,&quot; he emphasized.<\/p>\n<p><strong>The chorus<\/strong><\/p>\n<p>Everyone will hear our voice.<br \/>\nLet&#039;s raise our arms, there&#039;s a rush in the air.<br \/>\nJesus lives, he does not leave us alone.<br \/>\nWe will never stop loving again.<\/p>\n<p>The song was recorded in two versions: one in Portuguese and an international version in five languages (Portuguese, English, Spanish, French, and Italian).<\/p>\n<p>By singing this hymn, young people around the world are invited to identify with Mary, making themselves available for service, mission, and the transformation of the world. The lyrics also evoke the celebration of World Youth Day and the joy centered on the relationship with God.<\/p>\n<p><a href=\"https:\/\/www.youtube.com\/watch?v=H1x2t2EstlI\"><strong>Watch the video and listen to the WYD2023 Anthem.<\/strong><\/a><\/p>\n<p>Source: <a href=\"https:\/\/arquidiocesebh.org.br\/noticias\/conheca-o-hino-da-jornada-mundial-da-juventude-2023\/\"><em>arquidiocesebh.org.br<\/em><\/a><\/p>","protected":false},"excerpt":{"rendered":"<p>O hino oficial da Jornada Mundial da Juventude \/ Lisboa-2023 foi apresentado essa semana. A letra \u00e9 de autoria do padre Jo\u00e3o Paulo Vaz, da diocese de Coimbra, e a m\u00fasica de Pedro Ferreira. Concorreram no concurso para a escolha da can\u00e7\u00e3o mais de cem grupos de todas as regi\u00f5es de Portugal. A elei\u00e7\u00e3o foi feita por um j\u00fari formado por profissionais da m\u00fasica e das artes, que fez a primeira sele\u00e7\u00e3o, com a escolha final do Dicast\u00e9rio para os Leigos, a Fam\u00edlia e a Vida no Vaticano. O videoclipe apresenta a beleza da capital portuguesa expressa na arquitetura da [&hellip;]<\/p>\n","protected":false},"author":2,"featured_media":4931,"comment_status":"open","ping_status":"open","sticky":false,"template":"","format":"standard","meta":{"_acf_changed":false,"footnotes":""},"categories":[611],"tags":[],"class_list":["post-4930","post","type-post","status-publish","format-standard","has-post-thumbnail","hentry","category-noticias"],"acf":[],"yoast_head":"<!-- This site is optimized with the Yoast SEO plugin v27.2 - https:\/\/yoast.com\/product\/yoast-seo-wordpress\/ -->\n<title>Portugal lan\u00e7a hino da Jornada Mundial da Juventude - JMJ 2023 - Padre Eust\u00e1quio<\/title>\n<meta name=\"robots\" content=\"index, follow, max-snippet:-1, max-image-preview:large, max-video-preview:-1\" \/>\n<link rel=\"canonical\" href=\"https:\/\/www.padreeustaquio.com.br\/en\/portugal-launches-anthem-for-world-youth-day-2023\/\" \/>\n<meta property=\"og:locale\" content=\"en_US\" \/>\n<meta property=\"og:type\" content=\"article\" \/>\n<meta property=\"og:title\" content=\"Portugal lan\u00e7a hino da Jornada Mundial da Juventude - JMJ 2023 - Padre Eust\u00e1quio\" \/>\n<meta property=\"og:description\" content=\"O hino oficial da Jornada Mundial da Juventude \/ Lisboa-2023 foi apresentado essa semana. A letra \u00e9 de autoria do padre Jo\u00e3o Paulo Vaz, da diocese de Coimbra, e a m\u00fasica de Pedro Ferreira. Concorreram no concurso para a escolha da can\u00e7\u00e3o mais de cem grupos de todas as regi\u00f5es de Portugal. A elei\u00e7\u00e3o foi feita por um j\u00fari formado por profissionais da m\u00fasica e das artes, que fez a primeira sele\u00e7\u00e3o, com a escolha final do Dicast\u00e9rio para os Leigos, a Fam\u00edlia e a Vida no Vaticano. O videoclipe apresenta a beleza da capital portuguesa expressa na arquitetura da [&hellip;]\" \/>\n<meta property=\"og:url\" content=\"https:\/\/www.padreeustaquio.com.br\/en\/portugal-launches-anthem-for-world-youth-day-2023\/\" \/>\n<meta property=\"og:site_name\" content=\"Padre Eust\u00e1quio\" \/>\n<meta property=\"article:publisher\" content=\"https:\/\/www.facebook.com\/beatopadreeustaquio\/\" \/>\n<meta property=\"article:published_time\" content=\"2021-01-29T17:36:07+00:00\" \/>\n<meta property=\"og:image\" content=\"https:\/\/www.padreeustaquio.com.br\/wp-content\/uploads\/2021\/01\/logo-jmj.jpeg\" \/>\n\t<meta property=\"og:image:width\" content=\"1280\" \/>\n\t<meta property=\"og:image:height\" content=\"720\" \/>\n\t<meta property=\"og:image:type\" content=\"image\/jpeg\" \/>\n<meta name=\"author\" content=\"@sscc\" \/>\n<meta name=\"twitter:card\" content=\"summary_large_image\" \/>\n<meta name=\"twitter:creator\" content=\"@beatopeustaquio\" \/>\n<meta name=\"twitter:site\" content=\"@beatopeustaquio\" \/>\n<meta name=\"twitter:label1\" content=\"Written by\" \/>\n\t<meta name=\"twitter:data1\" content=\"@sscc\" \/>\n\t<meta name=\"twitter:label2\" content=\"Est. reading time\" \/>\n\t<meta name=\"twitter:data2\" content=\"3 minutes\" \/>\n<script type=\"application\/ld+json\" class=\"yoast-schema-graph\">{\"@context\":\"https:\/\/schema.org\",\"@graph\":[{\"@type\":\"Article\",\"@id\":\"https:\/\/www.padreeustaquio.com.br\/portugal-lanca-hino-da-jornada-mundial-da-juventude-jmj-2023\/#article\",\"isPartOf\":{\"@id\":\"https:\/\/www.padreeustaquio.com.br\/portugal-lanca-hino-da-jornada-mundial-da-juventude-jmj-2023\/\"},\"author\":{\"name\":\"@sscc\",\"@id\":\"https:\/\/www.padreeustaquio.com.br\/#\/schema\/person\/a2a51db1d00f1a7af0204a0f1ddb1566\"},\"headline\":\"Portugal lan\u00e7a hino da Jornada Mundial da Juventude &#8211; JMJ 2023\",\"datePublished\":\"2021-01-29T17:36:07+00:00\",\"mainEntityOfPage\":{\"@id\":\"https:\/\/www.padreeustaquio.com.br\/portugal-lanca-hino-da-jornada-mundial-da-juventude-jmj-2023\/\"},\"wordCount\":531,\"commentCount\":0,\"publisher\":{\"@id\":\"https:\/\/www.padreeustaquio.com.br\/#organization\"},\"image\":{\"@id\":\"https:\/\/www.padreeustaquio.com.br\/portugal-lanca-hino-da-jornada-mundial-da-juventude-jmj-2023\/#primaryimage\"},\"thumbnailUrl\":\"https:\/\/www.padreeustaquio.com.br\/wp-content\/uploads\/2021\/01\/logo-jmj.jpeg\",\"articleSection\":[\"Not\u00edcias\"],\"inLanguage\":\"en-US\",\"potentialAction\":[{\"@type\":\"CommentAction\",\"name\":\"Comment\",\"target\":[\"https:\/\/www.padreeustaquio.com.br\/portugal-lanca-hino-da-jornada-mundial-da-juventude-jmj-2023\/#respond\"]}]},{\"@type\":\"WebPage\",\"@id\":\"https:\/\/www.padreeustaquio.com.br\/portugal-lanca-hino-da-jornada-mundial-da-juventude-jmj-2023\/\",\"url\":\"https:\/\/www.padreeustaquio.com.br\/portugal-lanca-hino-da-jornada-mundial-da-juventude-jmj-2023\/\",\"name\":\"Portugal lan\u00e7a hino da Jornada Mundial da Juventude - JMJ 2023 - Padre Eust\u00e1quio\",\"isPartOf\":{\"@id\":\"https:\/\/www.padreeustaquio.com.br\/#website\"},\"primaryImageOfPage\":{\"@id\":\"https:\/\/www.padreeustaquio.com.br\/portugal-lanca-hino-da-jornada-mundial-da-juventude-jmj-2023\/#primaryimage\"},\"image\":{\"@id\":\"https:\/\/www.padreeustaquio.com.br\/portugal-lanca-hino-da-jornada-mundial-da-juventude-jmj-2023\/#primaryimage\"},\"thumbnailUrl\":\"https:\/\/www.padreeustaquio.com.br\/wp-content\/uploads\/2021\/01\/logo-jmj.jpeg\",\"datePublished\":\"2021-01-29T17:36:07+00:00\",\"breadcrumb\":{\"@id\":\"https:\/\/www.padreeustaquio.com.br\/portugal-lanca-hino-da-jornada-mundial-da-juventude-jmj-2023\/#breadcrumb\"},\"inLanguage\":\"en-US\",\"potentialAction\":[{\"@type\":\"ReadAction\",\"target\":[\"https:\/\/www.padreeustaquio.com.br\/portugal-lanca-hino-da-jornada-mundial-da-juventude-jmj-2023\/\"]}]},{\"@type\":\"ImageObject\",\"inLanguage\":\"en-US\",\"@id\":\"https:\/\/www.padreeustaquio.com.br\/portugal-lanca-hino-da-jornada-mundial-da-juventude-jmj-2023\/#primaryimage\",\"url\":\"https:\/\/www.padreeustaquio.com.br\/wp-content\/uploads\/2021\/01\/logo-jmj.jpeg\",\"contentUrl\":\"https:\/\/www.padreeustaquio.com.br\/wp-content\/uploads\/2021\/01\/logo-jmj.jpeg\",\"width\":1280,\"height\":720},{\"@type\":\"BreadcrumbList\",\"@id\":\"https:\/\/www.padreeustaquio.com.br\/portugal-lanca-hino-da-jornada-mundial-da-juventude-jmj-2023\/#breadcrumb\",\"itemListElement\":[{\"@type\":\"ListItem\",\"position\":1,\"name\":\"In\u00edcio\",\"item\":\"https:\/\/www.padreeustaquio.com.br\/\"},{\"@type\":\"ListItem\",\"position\":2,\"name\":\"Portugal lan\u00e7a hino da Jornada Mundial da Juventude &#8211; JMJ 2023\"}]},{\"@type\":\"WebSite\",\"@id\":\"https:\/\/www.padreeustaquio.com.br\/#website\",\"url\":\"https:\/\/www.padreeustaquio.com.br\/\",\"name\":\"Padre Eust\u00e1quio\",\"description\":\"Sa\u00fade e Paz\",\"publisher\":{\"@id\":\"https:\/\/www.padreeustaquio.com.br\/#organization\"},\"potentialAction\":[{\"@type\":\"SearchAction\",\"target\":{\"@type\":\"EntryPoint\",\"urlTemplate\":\"https:\/\/www.padreeustaquio.com.br\/?s={search_term_string}\"},\"query-input\":{\"@type\":\"PropertyValueSpecification\",\"valueRequired\":true,\"valueName\":\"search_term_string\"}}],\"inLanguage\":\"en-US\"},{\"@type\":\"Organization\",\"@id\":\"https:\/\/www.padreeustaquio.com.br\/#organization\",\"name\":\"Padre Eust\u00e1quio\",\"url\":\"https:\/\/www.padreeustaquio.com.br\/\",\"logo\":{\"@type\":\"ImageObject\",\"inLanguage\":\"en-US\",\"@id\":\"https:\/\/www.padreeustaquio.com.br\/#\/schema\/logo\/image\/\",\"url\":\"https:\/\/www.padreeustaquio.com.br\/wp-content\/uploads\/2019\/08\/marca.png\",\"contentUrl\":\"https:\/\/www.padreeustaquio.com.br\/wp-content\/uploads\/2019\/08\/marca.png\",\"width\":350,\"height\":400,\"caption\":\"Padre Eust\u00e1quio\"},\"image\":{\"@id\":\"https:\/\/www.padreeustaquio.com.br\/#\/schema\/logo\/image\/\"},\"sameAs\":[\"https:\/\/www.facebook.com\/beatopadreeustaquio\/\",\"https:\/\/x.com\/beatopeustaquio\",\"https:\/\/www.instagram.com\/beatopadreeustaquio\/\",\"https:\/\/www.youtube.com\/channel\/UCRhw7vfabnajwLxb1ZXMeIw\"]},{\"@type\":\"Person\",\"@id\":\"https:\/\/www.padreeustaquio.com.br\/#\/schema\/person\/a2a51db1d00f1a7af0204a0f1ddb1566\",\"name\":\"@sscc\",\"image\":{\"@type\":\"ImageObject\",\"inLanguage\":\"en-US\",\"@id\":\"https:\/\/secure.gravatar.com\/avatar\/68cfafa5f44617fea54071e215026e0ff06be366c3d54a8425f04fdcb86f8c5f?s=96&d=mm&r=g\",\"url\":\"https:\/\/secure.gravatar.com\/avatar\/68cfafa5f44617fea54071e215026e0ff06be366c3d54a8425f04fdcb86f8c5f?s=96&d=mm&r=g\",\"contentUrl\":\"https:\/\/secure.gravatar.com\/avatar\/68cfafa5f44617fea54071e215026e0ff06be366c3d54a8425f04fdcb86f8c5f?s=96&d=mm&r=g\",\"caption\":\"@sscc\"},\"url\":\"https:\/\/www.padreeustaquio.com.br\/en\/author\/sscc\/\"}]}<\/script>\n<!-- \/ Yoast SEO plugin. -->","yoast_head_json":{"title":"Portugal launches anthem for World Youth Day - WYD 2023 - Father Eust\u00e1quio","robots":{"index":"index","follow":"follow","max-snippet":"max-snippet:-1","max-image-preview":"max-image-preview:large","max-video-preview":"max-video-preview:-1"},"canonical":"https:\/\/www.padreeustaquio.com.br\/en\/portugal-launches-anthem-for-world-youth-day-2023\/","og_locale":"en_US","og_type":"article","og_title":"Portugal lan\u00e7a hino da Jornada Mundial da Juventude - JMJ 2023 - Padre Eust\u00e1quio","og_description":"O hino oficial da Jornada Mundial da Juventude \/ Lisboa-2023 foi apresentado essa semana. A letra \u00e9 de autoria do padre Jo\u00e3o Paulo Vaz, da diocese de Coimbra, e a m\u00fasica de Pedro Ferreira. Concorreram no concurso para a escolha da can\u00e7\u00e3o mais de cem grupos de todas as regi\u00f5es de Portugal. A elei\u00e7\u00e3o foi feita por um j\u00fari formado por profissionais da m\u00fasica e das artes, que fez a primeira sele\u00e7\u00e3o, com a escolha final do Dicast\u00e9rio para os Leigos, a Fam\u00edlia e a Vida no Vaticano. O videoclipe apresenta a beleza da capital portuguesa expressa na arquitetura da [&hellip;]","og_url":"https:\/\/www.padreeustaquio.com.br\/en\/portugal-launches-anthem-for-world-youth-day-2023\/","og_site_name":"Padre Eust\u00e1quio","article_publisher":"https:\/\/www.facebook.com\/beatopadreeustaquio\/","article_published_time":"2021-01-29T17:36:07+00:00","og_image":[{"width":1280,"height":720,"url":"https:\/\/www.padreeustaquio.com.br\/wp-content\/uploads\/2021\/01\/logo-jmj.jpeg","type":"image\/jpeg"}],"author":"@sscc","twitter_card":"summary_large_image","twitter_creator":"@beatopeustaquio","twitter_site":"@beatopeustaquio","twitter_misc":{"Written by":"@sscc","Est. reading time":"3 minutes"},"schema":{"@context":"https:\/\/schema.org","@graph":[{"@type":"Article","@id":"https:\/\/www.padreeustaquio.com.br\/portugal-lanca-hino-da-jornada-mundial-da-juventude-jmj-2023\/#article","isPartOf":{"@id":"https:\/\/www.padreeustaquio.com.br\/portugal-lanca-hino-da-jornada-mundial-da-juventude-jmj-2023\/"},"author":{"name":"@sscc","@id":"https:\/\/www.padreeustaquio.com.br\/#\/schema\/person\/a2a51db1d00f1a7af0204a0f1ddb1566"},"headline":"Portugal lan\u00e7a hino da Jornada Mundial da Juventude &#8211; JMJ 2023","datePublished":"2021-01-29T17:36:07+00:00","mainEntityOfPage":{"@id":"https:\/\/www.padreeustaquio.com.br\/portugal-lanca-hino-da-jornada-mundial-da-juventude-jmj-2023\/"},"wordCount":531,"commentCount":0,"publisher":{"@id":"https:\/\/www.padreeustaquio.com.br\/#organization"},"image":{"@id":"https:\/\/www.padreeustaquio.com.br\/portugal-lanca-hino-da-jornada-mundial-da-juventude-jmj-2023\/#primaryimage"},"thumbnailUrl":"https:\/\/www.padreeustaquio.com.br\/wp-content\/uploads\/2021\/01\/logo-jmj.jpeg","articleSection":["Not\u00edcias"],"inLanguage":"en-US","potentialAction":[{"@type":"CommentAction","name":"Comment","target":["https:\/\/www.padreeustaquio.com.br\/portugal-lanca-hino-da-jornada-mundial-da-juventude-jmj-2023\/#respond"]}]},{"@type":"WebPage","@id":"https:\/\/www.padreeustaquio.com.br\/portugal-lanca-hino-da-jornada-mundial-da-juventude-jmj-2023\/","url":"https:\/\/www.padreeustaquio.com.br\/portugal-lanca-hino-da-jornada-mundial-da-juventude-jmj-2023\/","name":"Portugal launches anthem for World Youth Day - WYD 2023 - Father Eust\u00e1quio","isPartOf":{"@id":"https:\/\/www.padreeustaquio.com.br\/#website"},"primaryImageOfPage":{"@id":"https:\/\/www.padreeustaquio.com.br\/portugal-lanca-hino-da-jornada-mundial-da-juventude-jmj-2023\/#primaryimage"},"image":{"@id":"https:\/\/www.padreeustaquio.com.br\/portugal-lanca-hino-da-jornada-mundial-da-juventude-jmj-2023\/#primaryimage"},"thumbnailUrl":"https:\/\/www.padreeustaquio.com.br\/wp-content\/uploads\/2021\/01\/logo-jmj.jpeg","datePublished":"2021-01-29T17:36:07+00:00","breadcrumb":{"@id":"https:\/\/www.padreeustaquio.com.br\/portugal-lanca-hino-da-jornada-mundial-da-juventude-jmj-2023\/#breadcrumb"},"inLanguage":"en-US","potentialAction":[{"@type":"ReadAction","target":["https:\/\/www.padreeustaquio.com.br\/portugal-lanca-hino-da-jornada-mundial-da-juventude-jmj-2023\/"]}]},{"@type":"ImageObject","inLanguage":"en-US","@id":"https:\/\/www.padreeustaquio.com.br\/portugal-lanca-hino-da-jornada-mundial-da-juventude-jmj-2023\/#primaryimage","url":"https:\/\/www.padreeustaquio.com.br\/wp-content\/uploads\/2021\/01\/logo-jmj.jpeg","contentUrl":"https:\/\/www.padreeustaquio.com.br\/wp-content\/uploads\/2021\/01\/logo-jmj.jpeg","width":1280,"height":720},{"@type":"BreadcrumbList","@id":"https:\/\/www.padreeustaquio.com.br\/portugal-lanca-hino-da-jornada-mundial-da-juventude-jmj-2023\/#breadcrumb","itemListElement":[{"@type":"ListItem","position":1,"name":"In\u00edcio","item":"https:\/\/www.padreeustaquio.com.br\/"},{"@type":"ListItem","position":2,"name":"Portugal lan\u00e7a hino da Jornada Mundial da Juventude &#8211; JMJ 2023"}]},{"@type":"WebSite","@id":"https:\/\/www.padreeustaquio.com.br\/#website","url":"https:\/\/www.padreeustaquio.com.br\/","name":"FATHER EUST\u00c1QUIO","description":"Health and Peace","publisher":{"@id":"https:\/\/www.padreeustaquio.com.br\/#organization"},"potentialAction":[{"@type":"SearchAction","target":{"@type":"EntryPoint","urlTemplate":"https:\/\/www.padreeustaquio.com.br\/?s={search_term_string}"},"query-input":{"@type":"PropertyValueSpecification","valueRequired":true,"valueName":"search_term_string"}}],"inLanguage":"en-US"},{"@type":"Organization","@id":"https:\/\/www.padreeustaquio.com.br\/#organization","name":"FATHER EUST\u00c1QUIO","url":"https:\/\/www.padreeustaquio.com.br\/","logo":{"@type":"ImageObject","inLanguage":"en-US","@id":"https:\/\/www.padreeustaquio.com.br\/#\/schema\/logo\/image\/","url":"https:\/\/www.padreeustaquio.com.br\/wp-content\/uploads\/2019\/08\/marca.png","contentUrl":"https:\/\/www.padreeustaquio.com.br\/wp-content\/uploads\/2019\/08\/marca.png","width":350,"height":400,"caption":"Padre Eust\u00e1quio"},"image":{"@id":"https:\/\/www.padreeustaquio.com.br\/#\/schema\/logo\/image\/"},"sameAs":["https:\/\/www.facebook.com\/beatopadreeustaquio\/","https:\/\/x.com\/beatopeustaquio","https:\/\/www.instagram.com\/beatopadreeustaquio\/","https:\/\/www.youtube.com\/channel\/UCRhw7vfabnajwLxb1ZXMeIw"]},{"@type":"Person","@id":"https:\/\/www.padreeustaquio.com.br\/#\/schema\/person\/a2a51db1d00f1a7af0204a0f1ddb1566","name":"@sscc","image":{"@type":"ImageObject","inLanguage":"en-US","@id":"https:\/\/secure.gravatar.com\/avatar\/68cfafa5f44617fea54071e215026e0ff06be366c3d54a8425f04fdcb86f8c5f?s=96&d=mm&r=g","url":"https:\/\/secure.gravatar.com\/avatar\/68cfafa5f44617fea54071e215026e0ff06be366c3d54a8425f04fdcb86f8c5f?s=96&d=mm&r=g","contentUrl":"https:\/\/secure.gravatar.com\/avatar\/68cfafa5f44617fea54071e215026e0ff06be366c3d54a8425f04fdcb86f8c5f?s=96&d=mm&r=g","caption":"@sscc"},"url":"https:\/\/www.padreeustaquio.com.br\/en\/author\/sscc\/"}]}},"_links":{"self":[{"href":"https:\/\/www.padreeustaquio.com.br\/en\/wp-json\/wp\/v2\/posts\/4930","targetHints":{"allow":["GET"]}}],"collection":[{"href":"https:\/\/www.padreeustaquio.com.br\/en\/wp-json\/wp\/v2\/posts"}],"about":[{"href":"https:\/\/www.padreeustaquio.com.br\/en\/wp-json\/wp\/v2\/types\/post"}],"author":[{"embeddable":true,"href":"https:\/\/www.padreeustaquio.com.br\/en\/wp-json\/wp\/v2\/users\/2"}],"replies":[{"embeddable":true,"href":"https:\/\/www.padreeustaquio.com.br\/en\/wp-json\/wp\/v2\/comments?post=4930"}],"version-history":[{"count":0,"href":"https:\/\/www.padreeustaquio.com.br\/en\/wp-json\/wp\/v2\/posts\/4930\/revisions"}],"wp:featuredmedia":[{"embeddable":true,"href":"https:\/\/www.padreeustaquio.com.br\/en\/wp-json\/wp\/v2\/media\/4931"}],"wp:attachment":[{"href":"https:\/\/www.padreeustaquio.com.br\/en\/wp-json\/wp\/v2\/media?parent=4930"}],"wp:term":[{"taxonomy":"category","embeddable":true,"href":"https:\/\/www.padreeustaquio.com.br\/en\/wp-json\/wp\/v2\/categories?post=4930"},{"taxonomy":"post_tag","embeddable":true,"href":"https:\/\/www.padreeustaquio.com.br\/en\/wp-json\/wp\/v2\/tags?post=4930"}],"curies":[{"name":"wp","href":"https:\/\/api.w.org\/{rel}","templated":true}]}}