{"id":4918,"date":"2021-01-27T12:49:56","date_gmt":"2021-01-27T15:49:56","guid":{"rendered":"https:\/\/www.padreeustaquio.com.br\/?p=4918"},"modified":"2021-01-27T12:49:56","modified_gmt":"2021-01-27T15:49:56","slug":"106-years-ago-father-eustace-professed-his-first-vows","status":"publish","type":"post","link":"https:\/\/www.padreeustaquio.com.br\/en\/106-years-ago-father-eustace-professed-his-first-vows\/","title":{"rendered":"106 years ago, Father Eust\u00e1quio professed his first vows."},"content":{"rendered":"<p>It was on January 27, 1915, in the Netherlands, that the young Humberto van Lieshout, or Frater Eust\u00e1quio as he was already called, professed his temporary vows in the Congregation of the Sacred Hearts.<\/p>\n<p>Eust\u00e1quio was 24 years old when he temporarily professed vows of Poverty, Chastity, and Obedience. A year and a half earlier, in July 1913, the young man had entered the novitiate and identified with the Congregation. In the book &quot;The Vicar of Po\u00e1,&quot; Fr. Ven\u00e2ncio Hulselmans, ss.cc., writes:<\/p>\n<blockquote><p><em>\u201c&quot;Humberto van Lieshout, even as a student, loved this Congregation and throughout his life sought to fully realize its sublime purposes.&quot;\u201d<\/em><\/p><\/blockquote>\n<p>The following year, more precisely on February 9, 1916, Eust\u00e1quio graduated in Theology and later (in 1918) professed his perpetual vows.<\/p>\n<p><strong>RELIGIOUS VOWS<\/strong><\/p>\n<p>The vows made during religious consecration express a path towards the radical experience of the religious person&#039;s dedication to God; their entire life will be fully available for following Christ. The purpose of these vows is to allow the consecrated person to break free from all human conditioning, whether personal, cultural, or ideological, thus becoming authentic in their proclamation of the Gospel. In turn, they are crucial to the consecrated person&#039;s missionary life because, through them, the shackles that prevent us from serving our brothers and sisters with love are broken. They express a gesture of total freedom and availability.<\/p>\n<p><strong>POVERTY, OBEDIENCE AND CHASTITY<\/strong><\/p>\n<p>A\u00a0<strong>poverty<\/strong> Evangelical life signifies the maturity to adapt material goods to the service of the evangelizing mission, so that the consecrated person is qualified in solidarity with their neighbor.\u00a0<strong>obedience<\/strong>\u00a0It aims at the full maturity of the religious person, making them docile to the inspiration of the Spirit and capable of renouncing their very personal desires.\u00a0<strong>chastity<\/strong>,Repentance, understood by some as simply renouncing marriage, means offering God the sacrifice of our bodily desires. Its purpose is to provide the religious person with freedom of affection, enabling them to establish mature and centered relationships that go beyond purely sexual desire.<\/p>\n<p>&nbsp;<\/p>\n<p><em>Source: Vice-postulation of the Cause of Canonization of Father Eust\u00e1quio with information from the book: \u201cO Vig\u00e1rio de Po\u00e1\u201d, by Fr. Ven\u00e2ncio Hulselmans (1944) and information from a12.com (https:\/\/www.a12.com\/redentoristas\/noticias\/o-que-sao-votos-de-pobreza-castidade-obediencia)<\/em><\/p>","protected":false},"excerpt":{"rendered":"<p>Foi no dia 27 de janeiro de 1915, na Holanda, que o jovem Humberto van Lieshout ou Frater Eust\u00e1quio como j\u00e1 era chamado, professou seus votos tempor\u00e1rios na Congrega\u00e7\u00e3o dos Sagrados Cora\u00e7\u00f5es. Eust\u00e1quio tinha 24 anos de idade quando professou os votos de Pobreza, Castidade e Obedi\u00eancia de forma tempor\u00e1ria. Um ano e meio antes, em julho de 1913, o jovem havia entrado para o noviciado e se identificado com a Congrega\u00e7\u00e3o. No livro &#8220;O Vig\u00e1rio de Po\u00e1&#8221;, Pe. Ven\u00e2ncio Hulselmans, ss.cc. escreve: &#8220;Humberto van Lieshout, j\u00e1 como estudante amou esta Congrega\u00e7\u00e3o e durante toda sua vida procurou realizar, integralmente, [&hellip;]<\/p>\n","protected":false},"author":2,"featured_media":4926,"comment_status":"open","ping_status":"open","sticky":false,"template":"","format":"standard","meta":{"_acf_changed":false,"footnotes":""},"categories":[611],"tags":[],"class_list":["post-4918","post","type-post","status-publish","format-standard","has-post-thumbnail","hentry","category-noticias"],"acf":[],"yoast_head":"<!-- This site is optimized with the Yoast SEO plugin v27.2 - https:\/\/yoast.com\/product\/yoast-seo-wordpress\/ -->\n<title>H\u00e1 106 anos Padre Eust\u00e1quio professava seus primeiros votos - Padre Eust\u00e1quio<\/title>\n<meta name=\"robots\" content=\"index, follow, max-snippet:-1, max-image-preview:large, max-video-preview:-1\" \/>\n<link rel=\"canonical\" href=\"https:\/\/www.padreeustaquio.com.br\/en\/106-years-ago-father-eustace-professed-his-first-vows\/\" \/>\n<meta property=\"og:locale\" content=\"en_US\" \/>\n<meta property=\"og:type\" content=\"article\" \/>\n<meta property=\"og:title\" content=\"H\u00e1 106 anos Padre Eust\u00e1quio professava seus primeiros votos - Padre Eust\u00e1quio\" \/>\n<meta property=\"og:description\" content=\"Foi no dia 27 de janeiro de 1915, na Holanda, que o jovem Humberto van Lieshout ou Frater Eust\u00e1quio como j\u00e1 era chamado, professou seus votos tempor\u00e1rios na Congrega\u00e7\u00e3o dos Sagrados Cora\u00e7\u00f5es. Eust\u00e1quio tinha 24 anos de idade quando professou os votos de Pobreza, Castidade e Obedi\u00eancia de forma tempor\u00e1ria. Um ano e meio antes, em julho de 1913, o jovem havia entrado para o noviciado e se identificado com a Congrega\u00e7\u00e3o. No livro &#8220;O Vig\u00e1rio de Po\u00e1&#8221;, Pe. Ven\u00e2ncio Hulselmans, ss.cc. escreve: &#8220;Humberto van Lieshout, j\u00e1 como estudante amou esta Congrega\u00e7\u00e3o e durante toda sua vida procurou realizar, integralmente, [&hellip;]\" \/>\n<meta property=\"og:url\" content=\"https:\/\/www.padreeustaquio.com.br\/en\/106-years-ago-father-eustace-professed-his-first-vows\/\" \/>\n<meta property=\"og:site_name\" content=\"Padre Eust\u00e1quio\" \/>\n<meta property=\"article:publisher\" content=\"https:\/\/www.facebook.com\/beatopadreeustaquio\/\" \/>\n<meta property=\"article:published_time\" content=\"2021-01-27T15:49:56+00:00\" \/>\n<meta property=\"og:image\" content=\"https:\/\/www.padreeustaquio.com.br\/wp-content\/uploads\/2021\/01\/PE-EUSTAQUIO.jpg\" \/>\n\t<meta property=\"og:image:width\" content=\"748\" \/>\n\t<meta property=\"og:image:height\" content=\"394\" \/>\n\t<meta property=\"og:image:type\" content=\"image\/jpeg\" \/>\n<meta name=\"author\" content=\"@sscc\" \/>\n<meta name=\"twitter:card\" content=\"summary_large_image\" \/>\n<meta name=\"twitter:creator\" content=\"@beatopeustaquio\" \/>\n<meta name=\"twitter:site\" content=\"@beatopeustaquio\" \/>\n<meta name=\"twitter:label1\" content=\"Written by\" \/>\n\t<meta name=\"twitter:data1\" content=\"@sscc\" \/>\n\t<meta name=\"twitter:label2\" content=\"Est. reading time\" \/>\n\t<meta name=\"twitter:data2\" content=\"2 minutes\" \/>\n<script type=\"application\/ld+json\" class=\"yoast-schema-graph\">{\"@context\":\"https:\/\/schema.org\",\"@graph\":[{\"@type\":\"Article\",\"@id\":\"https:\/\/www.padreeustaquio.com.br\/ha-106-anos-padre-eustaquio-professava-seus-primeiros-votos\/#article\",\"isPartOf\":{\"@id\":\"https:\/\/www.padreeustaquio.com.br\/ha-106-anos-padre-eustaquio-professava-seus-primeiros-votos\/\"},\"author\":{\"name\":\"@sscc\",\"@id\":\"https:\/\/www.padreeustaquio.com.br\/#\/schema\/person\/a2a51db1d00f1a7af0204a0f1ddb1566\"},\"headline\":\"H\u00e1 106 anos Padre Eust\u00e1quio professava seus primeiros votos\",\"datePublished\":\"2021-01-27T15:49:56+00:00\",\"mainEntityOfPage\":{\"@id\":\"https:\/\/www.padreeustaquio.com.br\/ha-106-anos-padre-eustaquio-professava-seus-primeiros-votos\/\"},\"wordCount\":414,\"commentCount\":0,\"publisher\":{\"@id\":\"https:\/\/www.padreeustaquio.com.br\/#organization\"},\"image\":{\"@id\":\"https:\/\/www.padreeustaquio.com.br\/ha-106-anos-padre-eustaquio-professava-seus-primeiros-votos\/#primaryimage\"},\"thumbnailUrl\":\"https:\/\/www.padreeustaquio.com.br\/wp-content\/uploads\/2021\/01\/PE-EUSTAQUIO.jpg\",\"articleSection\":[\"Not\u00edcias\"],\"inLanguage\":\"en-US\",\"potentialAction\":[{\"@type\":\"CommentAction\",\"name\":\"Comment\",\"target\":[\"https:\/\/www.padreeustaquio.com.br\/ha-106-anos-padre-eustaquio-professava-seus-primeiros-votos\/#respond\"]}]},{\"@type\":\"WebPage\",\"@id\":\"https:\/\/www.padreeustaquio.com.br\/ha-106-anos-padre-eustaquio-professava-seus-primeiros-votos\/\",\"url\":\"https:\/\/www.padreeustaquio.com.br\/ha-106-anos-padre-eustaquio-professava-seus-primeiros-votos\/\",\"name\":\"H\u00e1 106 anos Padre Eust\u00e1quio professava seus primeiros votos - Padre Eust\u00e1quio\",\"isPartOf\":{\"@id\":\"https:\/\/www.padreeustaquio.com.br\/#website\"},\"primaryImageOfPage\":{\"@id\":\"https:\/\/www.padreeustaquio.com.br\/ha-106-anos-padre-eustaquio-professava-seus-primeiros-votos\/#primaryimage\"},\"image\":{\"@id\":\"https:\/\/www.padreeustaquio.com.br\/ha-106-anos-padre-eustaquio-professava-seus-primeiros-votos\/#primaryimage\"},\"thumbnailUrl\":\"https:\/\/www.padreeustaquio.com.br\/wp-content\/uploads\/2021\/01\/PE-EUSTAQUIO.jpg\",\"datePublished\":\"2021-01-27T15:49:56+00:00\",\"breadcrumb\":{\"@id\":\"https:\/\/www.padreeustaquio.com.br\/ha-106-anos-padre-eustaquio-professava-seus-primeiros-votos\/#breadcrumb\"},\"inLanguage\":\"en-US\",\"potentialAction\":[{\"@type\":\"ReadAction\",\"target\":[\"https:\/\/www.padreeustaquio.com.br\/ha-106-anos-padre-eustaquio-professava-seus-primeiros-votos\/\"]}]},{\"@type\":\"ImageObject\",\"inLanguage\":\"en-US\",\"@id\":\"https:\/\/www.padreeustaquio.com.br\/ha-106-anos-padre-eustaquio-professava-seus-primeiros-votos\/#primaryimage\",\"url\":\"https:\/\/www.padreeustaquio.com.br\/wp-content\/uploads\/2021\/01\/PE-EUSTAQUIO.jpg\",\"contentUrl\":\"https:\/\/www.padreeustaquio.com.br\/wp-content\/uploads\/2021\/01\/PE-EUSTAQUIO.jpg\",\"width\":748,\"height\":394},{\"@type\":\"BreadcrumbList\",\"@id\":\"https:\/\/www.padreeustaquio.com.br\/ha-106-anos-padre-eustaquio-professava-seus-primeiros-votos\/#breadcrumb\",\"itemListElement\":[{\"@type\":\"ListItem\",\"position\":1,\"name\":\"In\u00edcio\",\"item\":\"https:\/\/www.padreeustaquio.com.br\/\"},{\"@type\":\"ListItem\",\"position\":2,\"name\":\"H\u00e1 106 anos Padre Eust\u00e1quio professava seus primeiros votos\"}]},{\"@type\":\"WebSite\",\"@id\":\"https:\/\/www.padreeustaquio.com.br\/#website\",\"url\":\"https:\/\/www.padreeustaquio.com.br\/\",\"name\":\"Padre Eust\u00e1quio\",\"description\":\"Sa\u00fade e Paz\",\"publisher\":{\"@id\":\"https:\/\/www.padreeustaquio.com.br\/#organization\"},\"potentialAction\":[{\"@type\":\"SearchAction\",\"target\":{\"@type\":\"EntryPoint\",\"urlTemplate\":\"https:\/\/www.padreeustaquio.com.br\/?s={search_term_string}\"},\"query-input\":{\"@type\":\"PropertyValueSpecification\",\"valueRequired\":true,\"valueName\":\"search_term_string\"}}],\"inLanguage\":\"en-US\"},{\"@type\":\"Organization\",\"@id\":\"https:\/\/www.padreeustaquio.com.br\/#organization\",\"name\":\"Padre Eust\u00e1quio\",\"url\":\"https:\/\/www.padreeustaquio.com.br\/\",\"logo\":{\"@type\":\"ImageObject\",\"inLanguage\":\"en-US\",\"@id\":\"https:\/\/www.padreeustaquio.com.br\/#\/schema\/logo\/image\/\",\"url\":\"https:\/\/www.padreeustaquio.com.br\/wp-content\/uploads\/2019\/08\/marca.png\",\"contentUrl\":\"https:\/\/www.padreeustaquio.com.br\/wp-content\/uploads\/2019\/08\/marca.png\",\"width\":350,\"height\":400,\"caption\":\"Padre Eust\u00e1quio\"},\"image\":{\"@id\":\"https:\/\/www.padreeustaquio.com.br\/#\/schema\/logo\/image\/\"},\"sameAs\":[\"https:\/\/www.facebook.com\/beatopadreeustaquio\/\",\"https:\/\/x.com\/beatopeustaquio\",\"https:\/\/www.instagram.com\/beatopadreeustaquio\/\",\"https:\/\/www.youtube.com\/channel\/UCRhw7vfabnajwLxb1ZXMeIw\"]},{\"@type\":\"Person\",\"@id\":\"https:\/\/www.padreeustaquio.com.br\/#\/schema\/person\/a2a51db1d00f1a7af0204a0f1ddb1566\",\"name\":\"@sscc\",\"image\":{\"@type\":\"ImageObject\",\"inLanguage\":\"en-US\",\"@id\":\"https:\/\/secure.gravatar.com\/avatar\/68cfafa5f44617fea54071e215026e0ff06be366c3d54a8425f04fdcb86f8c5f?s=96&d=mm&r=g\",\"url\":\"https:\/\/secure.gravatar.com\/avatar\/68cfafa5f44617fea54071e215026e0ff06be366c3d54a8425f04fdcb86f8c5f?s=96&d=mm&r=g\",\"contentUrl\":\"https:\/\/secure.gravatar.com\/avatar\/68cfafa5f44617fea54071e215026e0ff06be366c3d54a8425f04fdcb86f8c5f?s=96&d=mm&r=g\",\"caption\":\"@sscc\"},\"url\":\"https:\/\/www.padreeustaquio.com.br\/en\/author\/sscc\/\"}]}<\/script>\n<!-- \/ Yoast SEO plugin. -->","yoast_head_json":{"title":"106 years ago, Father Eust\u00e1quio professed his first vows - Father Eust\u00e1quio","robots":{"index":"index","follow":"follow","max-snippet":"max-snippet:-1","max-image-preview":"max-image-preview:large","max-video-preview":"max-video-preview:-1"},"canonical":"https:\/\/www.padreeustaquio.com.br\/en\/106-years-ago-father-eustace-professed-his-first-vows\/","og_locale":"en_US","og_type":"article","og_title":"H\u00e1 106 anos Padre Eust\u00e1quio professava seus primeiros votos - Padre Eust\u00e1quio","og_description":"Foi no dia 27 de janeiro de 1915, na Holanda, que o jovem Humberto van Lieshout ou Frater Eust\u00e1quio como j\u00e1 era chamado, professou seus votos tempor\u00e1rios na Congrega\u00e7\u00e3o dos Sagrados Cora\u00e7\u00f5es. Eust\u00e1quio tinha 24 anos de idade quando professou os votos de Pobreza, Castidade e Obedi\u00eancia de forma tempor\u00e1ria. Um ano e meio antes, em julho de 1913, o jovem havia entrado para o noviciado e se identificado com a Congrega\u00e7\u00e3o. No livro &#8220;O Vig\u00e1rio de Po\u00e1&#8221;, Pe. Ven\u00e2ncio Hulselmans, ss.cc. escreve: &#8220;Humberto van Lieshout, j\u00e1 como estudante amou esta Congrega\u00e7\u00e3o e durante toda sua vida procurou realizar, integralmente, [&hellip;]","og_url":"https:\/\/www.padreeustaquio.com.br\/en\/106-years-ago-father-eustace-professed-his-first-vows\/","og_site_name":"Padre Eust\u00e1quio","article_publisher":"https:\/\/www.facebook.com\/beatopadreeustaquio\/","article_published_time":"2021-01-27T15:49:56+00:00","og_image":[{"width":748,"height":394,"url":"https:\/\/www.padreeustaquio.com.br\/wp-content\/uploads\/2021\/01\/PE-EUSTAQUIO.jpg","type":"image\/jpeg"}],"author":"@sscc","twitter_card":"summary_large_image","twitter_creator":"@beatopeustaquio","twitter_site":"@beatopeustaquio","twitter_misc":{"Written by":"@sscc","Est. reading time":"2 minutes"},"schema":{"@context":"https:\/\/schema.org","@graph":[{"@type":"Article","@id":"https:\/\/www.padreeustaquio.com.br\/ha-106-anos-padre-eustaquio-professava-seus-primeiros-votos\/#article","isPartOf":{"@id":"https:\/\/www.padreeustaquio.com.br\/ha-106-anos-padre-eustaquio-professava-seus-primeiros-votos\/"},"author":{"name":"@sscc","@id":"https:\/\/www.padreeustaquio.com.br\/#\/schema\/person\/a2a51db1d00f1a7af0204a0f1ddb1566"},"headline":"H\u00e1 106 anos Padre Eust\u00e1quio professava seus primeiros votos","datePublished":"2021-01-27T15:49:56+00:00","mainEntityOfPage":{"@id":"https:\/\/www.padreeustaquio.com.br\/ha-106-anos-padre-eustaquio-professava-seus-primeiros-votos\/"},"wordCount":414,"commentCount":0,"publisher":{"@id":"https:\/\/www.padreeustaquio.com.br\/#organization"},"image":{"@id":"https:\/\/www.padreeustaquio.com.br\/ha-106-anos-padre-eustaquio-professava-seus-primeiros-votos\/#primaryimage"},"thumbnailUrl":"https:\/\/www.padreeustaquio.com.br\/wp-content\/uploads\/2021\/01\/PE-EUSTAQUIO.jpg","articleSection":["Not\u00edcias"],"inLanguage":"en-US","potentialAction":[{"@type":"CommentAction","name":"Comment","target":["https:\/\/www.padreeustaquio.com.br\/ha-106-anos-padre-eustaquio-professava-seus-primeiros-votos\/#respond"]}]},{"@type":"WebPage","@id":"https:\/\/www.padreeustaquio.com.br\/ha-106-anos-padre-eustaquio-professava-seus-primeiros-votos\/","url":"https:\/\/www.padreeustaquio.com.br\/ha-106-anos-padre-eustaquio-professava-seus-primeiros-votos\/","name":"106 years ago, Father Eust\u00e1quio professed his first vows - Father Eust\u00e1quio","isPartOf":{"@id":"https:\/\/www.padreeustaquio.com.br\/#website"},"primaryImageOfPage":{"@id":"https:\/\/www.padreeustaquio.com.br\/ha-106-anos-padre-eustaquio-professava-seus-primeiros-votos\/#primaryimage"},"image":{"@id":"https:\/\/www.padreeustaquio.com.br\/ha-106-anos-padre-eustaquio-professava-seus-primeiros-votos\/#primaryimage"},"thumbnailUrl":"https:\/\/www.padreeustaquio.com.br\/wp-content\/uploads\/2021\/01\/PE-EUSTAQUIO.jpg","datePublished":"2021-01-27T15:49:56+00:00","breadcrumb":{"@id":"https:\/\/www.padreeustaquio.com.br\/ha-106-anos-padre-eustaquio-professava-seus-primeiros-votos\/#breadcrumb"},"inLanguage":"en-US","potentialAction":[{"@type":"ReadAction","target":["https:\/\/www.padreeustaquio.com.br\/ha-106-anos-padre-eustaquio-professava-seus-primeiros-votos\/"]}]},{"@type":"ImageObject","inLanguage":"en-US","@id":"https:\/\/www.padreeustaquio.com.br\/ha-106-anos-padre-eustaquio-professava-seus-primeiros-votos\/#primaryimage","url":"https:\/\/www.padreeustaquio.com.br\/wp-content\/uploads\/2021\/01\/PE-EUSTAQUIO.jpg","contentUrl":"https:\/\/www.padreeustaquio.com.br\/wp-content\/uploads\/2021\/01\/PE-EUSTAQUIO.jpg","width":748,"height":394},{"@type":"BreadcrumbList","@id":"https:\/\/www.padreeustaquio.com.br\/ha-106-anos-padre-eustaquio-professava-seus-primeiros-votos\/#breadcrumb","itemListElement":[{"@type":"ListItem","position":1,"name":"In\u00edcio","item":"https:\/\/www.padreeustaquio.com.br\/"},{"@type":"ListItem","position":2,"name":"H\u00e1 106 anos Padre Eust\u00e1quio professava seus primeiros votos"}]},{"@type":"WebSite","@id":"https:\/\/www.padreeustaquio.com.br\/#website","url":"https:\/\/www.padreeustaquio.com.br\/","name":"FATHER EUST\u00c1QUIO","description":"Health and Peace","publisher":{"@id":"https:\/\/www.padreeustaquio.com.br\/#organization"},"potentialAction":[{"@type":"SearchAction","target":{"@type":"EntryPoint","urlTemplate":"https:\/\/www.padreeustaquio.com.br\/?s={search_term_string}"},"query-input":{"@type":"PropertyValueSpecification","valueRequired":true,"valueName":"search_term_string"}}],"inLanguage":"en-US"},{"@type":"Organization","@id":"https:\/\/www.padreeustaquio.com.br\/#organization","name":"FATHER EUST\u00c1QUIO","url":"https:\/\/www.padreeustaquio.com.br\/","logo":{"@type":"ImageObject","inLanguage":"en-US","@id":"https:\/\/www.padreeustaquio.com.br\/#\/schema\/logo\/image\/","url":"https:\/\/www.padreeustaquio.com.br\/wp-content\/uploads\/2019\/08\/marca.png","contentUrl":"https:\/\/www.padreeustaquio.com.br\/wp-content\/uploads\/2019\/08\/marca.png","width":350,"height":400,"caption":"Padre Eust\u00e1quio"},"image":{"@id":"https:\/\/www.padreeustaquio.com.br\/#\/schema\/logo\/image\/"},"sameAs":["https:\/\/www.facebook.com\/beatopadreeustaquio\/","https:\/\/x.com\/beatopeustaquio","https:\/\/www.instagram.com\/beatopadreeustaquio\/","https:\/\/www.youtube.com\/channel\/UCRhw7vfabnajwLxb1ZXMeIw"]},{"@type":"Person","@id":"https:\/\/www.padreeustaquio.com.br\/#\/schema\/person\/a2a51db1d00f1a7af0204a0f1ddb1566","name":"@sscc","image":{"@type":"ImageObject","inLanguage":"en-US","@id":"https:\/\/secure.gravatar.com\/avatar\/68cfafa5f44617fea54071e215026e0ff06be366c3d54a8425f04fdcb86f8c5f?s=96&d=mm&r=g","url":"https:\/\/secure.gravatar.com\/avatar\/68cfafa5f44617fea54071e215026e0ff06be366c3d54a8425f04fdcb86f8c5f?s=96&d=mm&r=g","contentUrl":"https:\/\/secure.gravatar.com\/avatar\/68cfafa5f44617fea54071e215026e0ff06be366c3d54a8425f04fdcb86f8c5f?s=96&d=mm&r=g","caption":"@sscc"},"url":"https:\/\/www.padreeustaquio.com.br\/en\/author\/sscc\/"}]}},"_links":{"self":[{"href":"https:\/\/www.padreeustaquio.com.br\/en\/wp-json\/wp\/v2\/posts\/4918","targetHints":{"allow":["GET"]}}],"collection":[{"href":"https:\/\/www.padreeustaquio.com.br\/en\/wp-json\/wp\/v2\/posts"}],"about":[{"href":"https:\/\/www.padreeustaquio.com.br\/en\/wp-json\/wp\/v2\/types\/post"}],"author":[{"embeddable":true,"href":"https:\/\/www.padreeustaquio.com.br\/en\/wp-json\/wp\/v2\/users\/2"}],"replies":[{"embeddable":true,"href":"https:\/\/www.padreeustaquio.com.br\/en\/wp-json\/wp\/v2\/comments?post=4918"}],"version-history":[{"count":0,"href":"https:\/\/www.padreeustaquio.com.br\/en\/wp-json\/wp\/v2\/posts\/4918\/revisions"}],"wp:featuredmedia":[{"embeddable":true,"href":"https:\/\/www.padreeustaquio.com.br\/en\/wp-json\/wp\/v2\/media\/4926"}],"wp:attachment":[{"href":"https:\/\/www.padreeustaquio.com.br\/en\/wp-json\/wp\/v2\/media?parent=4918"}],"wp:term":[{"taxonomy":"category","embeddable":true,"href":"https:\/\/www.padreeustaquio.com.br\/en\/wp-json\/wp\/v2\/categories?post=4918"},{"taxonomy":"post_tag","embeddable":true,"href":"https:\/\/www.padreeustaquio.com.br\/en\/wp-json\/wp\/v2\/tags?post=4918"}],"curies":[{"name":"wp","href":"https:\/\/api.w.org\/{rel}","templated":true}]}}