{"id":4915,"date":"2021-01-26T09:36:53","date_gmt":"2021-01-26T12:36:53","guid":{"rendered":"https:\/\/www.padreeustaquio.com.br\/?p=4915"},"modified":"2021-01-26T09:36:53","modified_gmt":"2021-01-26T12:36:53","slug":"prayers-at-father-eustaquio-church-mark-two-years-since-the-tragedy-in-brumadinho","status":"publish","type":"post","link":"https:\/\/www.padreeustaquio.com.br\/en\/prayers-at-father-eustaquio-church-mark-two-years-since-the-tragedy-in-brumadinho\/","title":{"rendered":"Prayers at Father Eust\u00e1quio Church mark two years since the tragedy in Brumadinho."},"content":{"rendered":"<p>This Monday, January 25, 2021, marked two years since the collapse of the Vale dam in the community of C\u00f3rrego do Feij\u00e3o, in Brumadinho, metropolitan region of Belo Horizonte. During the Holy Mass, celebrated in the chapel of the Provincial House of the Sacred Hearts, broadcast by the Padre Eust\u00e1quio Channel, the victims were remembered and included in the intentions of the celebration.<\/p>\n<p>Last year, a memorial was set up at the Sanctuary&#039;s Community Center by a team from the Sacred Hearts parish.\u00a0<span style=\"font-size: 1.21429rem;\">Featuring a photo of the 272 victims of the disaster (270 confirmed deaths and two unborn babies) and an altar marking the exact time of the dam collapse, the space pays homage to all those affected and, especially, to those who lost their lives on January 25, 2019.<\/span><\/p>\n<p>The space was open to visitors during the months of January and February.<\/p>","protected":false},"excerpt":{"rendered":"<p>Essa segunda-feira, dia 25 de janeiro de 2021, marcou os dois anos do rompimento da barragem da Vale na comunidade de C\u00f3rrego do Feij\u00e3o, em Brumadinho, regi\u00e3o metropolitana de Belo Horizonte. Durante a Santa Missa, celebrada na capela da Casa Provincial dos Sagrados Cora\u00e7\u00f5es, transmitida pelo Canal Padre Eust\u00e1quio, as v\u00edtimas foram lembradas e colocadas nas inten\u00e7\u00f5es da celebra\u00e7\u00e3o. No ano passado um memorial foi montado no Centro Comunit\u00e1rio do Santu\u00e1rio, por uma equipe da par\u00f3quia dos Sagrados Cora\u00e7\u00f5es.\u00a0Com a foto das 272 v\u00edtimas do desastre (270 confirmadas e dois beb\u00eas que ainda gestavam) e um altar com a hora [&hellip;]<\/p>\n","protected":false},"author":2,"featured_media":4916,"comment_status":"open","ping_status":"open","sticky":false,"template":"","format":"standard","meta":{"_acf_changed":false,"footnotes":""},"categories":[611],"tags":[],"class_list":["post-4915","post","type-post","status-publish","format-standard","has-post-thumbnail","hentry","category-noticias"],"acf":[],"yoast_head":"<!-- This site is optimized with the Yoast SEO plugin v27.2 - https:\/\/yoast.com\/product\/yoast-seo-wordpress\/ -->\n<title>Ora\u00e7\u00f5es na igreja Pe. Eust\u00e1quio marcam dois anos da trag\u00e9dia em Brumadinho - Padre Eust\u00e1quio<\/title>\n<meta name=\"robots\" content=\"index, follow, max-snippet:-1, max-image-preview:large, max-video-preview:-1\" \/>\n<link rel=\"canonical\" href=\"https:\/\/www.padreeustaquio.com.br\/en\/prayers-at-father-eustaquio-church-mark-two-years-since-the-tragedy-in-brumadinho\/\" \/>\n<meta property=\"og:locale\" content=\"en_US\" \/>\n<meta property=\"og:type\" content=\"article\" \/>\n<meta property=\"og:title\" content=\"Ora\u00e7\u00f5es na igreja Pe. Eust\u00e1quio marcam dois anos da trag\u00e9dia em Brumadinho - Padre Eust\u00e1quio\" \/>\n<meta property=\"og:description\" content=\"Essa segunda-feira, dia 25 de janeiro de 2021, marcou os dois anos do rompimento da barragem da Vale na comunidade de C\u00f3rrego do Feij\u00e3o, em Brumadinho, regi\u00e3o metropolitana de Belo Horizonte. Durante a Santa Missa, celebrada na capela da Casa Provincial dos Sagrados Cora\u00e7\u00f5es, transmitida pelo Canal Padre Eust\u00e1quio, as v\u00edtimas foram lembradas e colocadas nas inten\u00e7\u00f5es da celebra\u00e7\u00e3o. No ano passado um memorial foi montado no Centro Comunit\u00e1rio do Santu\u00e1rio, por uma equipe da par\u00f3quia dos Sagrados Cora\u00e7\u00f5es.\u00a0Com a foto das 272 v\u00edtimas do desastre (270 confirmadas e dois beb\u00eas que ainda gestavam) e um altar com a hora [&hellip;]\" \/>\n<meta property=\"og:url\" content=\"https:\/\/www.padreeustaquio.com.br\/en\/prayers-at-father-eustaquio-church-mark-two-years-since-the-tragedy-in-brumadinho\/\" \/>\n<meta property=\"og:site_name\" content=\"Padre Eust\u00e1quio\" \/>\n<meta property=\"article:publisher\" content=\"https:\/\/www.facebook.com\/beatopadreeustaquio\/\" \/>\n<meta property=\"article:published_time\" content=\"2021-01-26T12:36:53+00:00\" \/>\n<meta property=\"og:image\" content=\"https:\/\/www.padreeustaquio.com.br\/wp-content\/uploads\/2021\/01\/20200127_082804.jpg\" \/>\n\t<meta property=\"og:image:width\" content=\"715\" \/>\n\t<meta property=\"og:image:height\" content=\"510\" \/>\n\t<meta property=\"og:image:type\" content=\"image\/jpeg\" \/>\n<meta name=\"author\" content=\"@sscc\" \/>\n<meta name=\"twitter:card\" content=\"summary_large_image\" \/>\n<meta name=\"twitter:creator\" content=\"@beatopeustaquio\" \/>\n<meta name=\"twitter:site\" content=\"@beatopeustaquio\" \/>\n<meta name=\"twitter:label1\" content=\"Written by\" \/>\n\t<meta name=\"twitter:data1\" content=\"@sscc\" \/>\n\t<meta name=\"twitter:label2\" content=\"Est. reading time\" \/>\n\t<meta name=\"twitter:data2\" content=\"1 minute\" \/>\n<script type=\"application\/ld+json\" class=\"yoast-schema-graph\">{\"@context\":\"https:\/\/schema.org\",\"@graph\":[{\"@type\":\"Article\",\"@id\":\"https:\/\/www.padreeustaquio.com.br\/oracoes-na-igreja-pe-eustaquio-marcam-dois-anos-da-tragedia-em-brumadinho\/#article\",\"isPartOf\":{\"@id\":\"https:\/\/www.padreeustaquio.com.br\/oracoes-na-igreja-pe-eustaquio-marcam-dois-anos-da-tragedia-em-brumadinho\/\"},\"author\":{\"name\":\"@sscc\",\"@id\":\"https:\/\/www.padreeustaquio.com.br\/#\/schema\/person\/a2a51db1d00f1a7af0204a0f1ddb1566\"},\"headline\":\"Ora\u00e7\u00f5es na igreja Pe. Eust\u00e1quio marcam dois anos da trag\u00e9dia em Brumadinho\",\"datePublished\":\"2021-01-26T12:36:53+00:00\",\"mainEntityOfPage\":{\"@id\":\"https:\/\/www.padreeustaquio.com.br\/oracoes-na-igreja-pe-eustaquio-marcam-dois-anos-da-tragedia-em-brumadinho\/\"},\"wordCount\":167,\"commentCount\":0,\"publisher\":{\"@id\":\"https:\/\/www.padreeustaquio.com.br\/#organization\"},\"image\":{\"@id\":\"https:\/\/www.padreeustaquio.com.br\/oracoes-na-igreja-pe-eustaquio-marcam-dois-anos-da-tragedia-em-brumadinho\/#primaryimage\"},\"thumbnailUrl\":\"https:\/\/www.padreeustaquio.com.br\/wp-content\/uploads\/2021\/01\/20200127_082804.jpg\",\"articleSection\":[\"Not\u00edcias\"],\"inLanguage\":\"en-US\",\"potentialAction\":[{\"@type\":\"CommentAction\",\"name\":\"Comment\",\"target\":[\"https:\/\/www.padreeustaquio.com.br\/oracoes-na-igreja-pe-eustaquio-marcam-dois-anos-da-tragedia-em-brumadinho\/#respond\"]}]},{\"@type\":\"WebPage\",\"@id\":\"https:\/\/www.padreeustaquio.com.br\/oracoes-na-igreja-pe-eustaquio-marcam-dois-anos-da-tragedia-em-brumadinho\/\",\"url\":\"https:\/\/www.padreeustaquio.com.br\/oracoes-na-igreja-pe-eustaquio-marcam-dois-anos-da-tragedia-em-brumadinho\/\",\"name\":\"Ora\u00e7\u00f5es na igreja Pe. Eust\u00e1quio marcam dois anos da trag\u00e9dia em Brumadinho - Padre Eust\u00e1quio\",\"isPartOf\":{\"@id\":\"https:\/\/www.padreeustaquio.com.br\/#website\"},\"primaryImageOfPage\":{\"@id\":\"https:\/\/www.padreeustaquio.com.br\/oracoes-na-igreja-pe-eustaquio-marcam-dois-anos-da-tragedia-em-brumadinho\/#primaryimage\"},\"image\":{\"@id\":\"https:\/\/www.padreeustaquio.com.br\/oracoes-na-igreja-pe-eustaquio-marcam-dois-anos-da-tragedia-em-brumadinho\/#primaryimage\"},\"thumbnailUrl\":\"https:\/\/www.padreeustaquio.com.br\/wp-content\/uploads\/2021\/01\/20200127_082804.jpg\",\"datePublished\":\"2021-01-26T12:36:53+00:00\",\"breadcrumb\":{\"@id\":\"https:\/\/www.padreeustaquio.com.br\/oracoes-na-igreja-pe-eustaquio-marcam-dois-anos-da-tragedia-em-brumadinho\/#breadcrumb\"},\"inLanguage\":\"en-US\",\"potentialAction\":[{\"@type\":\"ReadAction\",\"target\":[\"https:\/\/www.padreeustaquio.com.br\/oracoes-na-igreja-pe-eustaquio-marcam-dois-anos-da-tragedia-em-brumadinho\/\"]}]},{\"@type\":\"ImageObject\",\"inLanguage\":\"en-US\",\"@id\":\"https:\/\/www.padreeustaquio.com.br\/oracoes-na-igreja-pe-eustaquio-marcam-dois-anos-da-tragedia-em-brumadinho\/#primaryimage\",\"url\":\"https:\/\/www.padreeustaquio.com.br\/wp-content\/uploads\/2021\/01\/20200127_082804.jpg\",\"contentUrl\":\"https:\/\/www.padreeustaquio.com.br\/wp-content\/uploads\/2021\/01\/20200127_082804.jpg\",\"width\":715,\"height\":510},{\"@type\":\"BreadcrumbList\",\"@id\":\"https:\/\/www.padreeustaquio.com.br\/oracoes-na-igreja-pe-eustaquio-marcam-dois-anos-da-tragedia-em-brumadinho\/#breadcrumb\",\"itemListElement\":[{\"@type\":\"ListItem\",\"position\":1,\"name\":\"In\u00edcio\",\"item\":\"https:\/\/www.padreeustaquio.com.br\/\"},{\"@type\":\"ListItem\",\"position\":2,\"name\":\"Ora\u00e7\u00f5es na igreja Pe. Eust\u00e1quio marcam dois anos da trag\u00e9dia em Brumadinho\"}]},{\"@type\":\"WebSite\",\"@id\":\"https:\/\/www.padreeustaquio.com.br\/#website\",\"url\":\"https:\/\/www.padreeustaquio.com.br\/\",\"name\":\"Padre Eust\u00e1quio\",\"description\":\"Sa\u00fade e Paz\",\"publisher\":{\"@id\":\"https:\/\/www.padreeustaquio.com.br\/#organization\"},\"potentialAction\":[{\"@type\":\"SearchAction\",\"target\":{\"@type\":\"EntryPoint\",\"urlTemplate\":\"https:\/\/www.padreeustaquio.com.br\/?s={search_term_string}\"},\"query-input\":{\"@type\":\"PropertyValueSpecification\",\"valueRequired\":true,\"valueName\":\"search_term_string\"}}],\"inLanguage\":\"en-US\"},{\"@type\":\"Organization\",\"@id\":\"https:\/\/www.padreeustaquio.com.br\/#organization\",\"name\":\"Padre Eust\u00e1quio\",\"url\":\"https:\/\/www.padreeustaquio.com.br\/\",\"logo\":{\"@type\":\"ImageObject\",\"inLanguage\":\"en-US\",\"@id\":\"https:\/\/www.padreeustaquio.com.br\/#\/schema\/logo\/image\/\",\"url\":\"https:\/\/www.padreeustaquio.com.br\/wp-content\/uploads\/2019\/08\/marca.png\",\"contentUrl\":\"https:\/\/www.padreeustaquio.com.br\/wp-content\/uploads\/2019\/08\/marca.png\",\"width\":350,\"height\":400,\"caption\":\"Padre Eust\u00e1quio\"},\"image\":{\"@id\":\"https:\/\/www.padreeustaquio.com.br\/#\/schema\/logo\/image\/\"},\"sameAs\":[\"https:\/\/www.facebook.com\/beatopadreeustaquio\/\",\"https:\/\/x.com\/beatopeustaquio\",\"https:\/\/www.instagram.com\/beatopadreeustaquio\/\",\"https:\/\/www.youtube.com\/channel\/UCRhw7vfabnajwLxb1ZXMeIw\"]},{\"@type\":\"Person\",\"@id\":\"https:\/\/www.padreeustaquio.com.br\/#\/schema\/person\/a2a51db1d00f1a7af0204a0f1ddb1566\",\"name\":\"@sscc\",\"image\":{\"@type\":\"ImageObject\",\"inLanguage\":\"en-US\",\"@id\":\"https:\/\/secure.gravatar.com\/avatar\/68cfafa5f44617fea54071e215026e0ff06be366c3d54a8425f04fdcb86f8c5f?s=96&d=mm&r=g\",\"url\":\"https:\/\/secure.gravatar.com\/avatar\/68cfafa5f44617fea54071e215026e0ff06be366c3d54a8425f04fdcb86f8c5f?s=96&d=mm&r=g\",\"contentUrl\":\"https:\/\/secure.gravatar.com\/avatar\/68cfafa5f44617fea54071e215026e0ff06be366c3d54a8425f04fdcb86f8c5f?s=96&d=mm&r=g\",\"caption\":\"@sscc\"},\"url\":\"https:\/\/www.padreeustaquio.com.br\/en\/author\/sscc\/\"}]}<\/script>\n<!-- \/ Yoast SEO plugin. -->","yoast_head_json":{"title":"Prayers at Father Eust\u00e1quio&#039;s church mark two years since the tragedy in Brumadinho - Father Eust\u00e1quio","robots":{"index":"index","follow":"follow","max-snippet":"max-snippet:-1","max-image-preview":"max-image-preview:large","max-video-preview":"max-video-preview:-1"},"canonical":"https:\/\/www.padreeustaquio.com.br\/en\/prayers-at-father-eustaquio-church-mark-two-years-since-the-tragedy-in-brumadinho\/","og_locale":"en_US","og_type":"article","og_title":"Ora\u00e7\u00f5es na igreja Pe. Eust\u00e1quio marcam dois anos da trag\u00e9dia em Brumadinho - Padre Eust\u00e1quio","og_description":"Essa segunda-feira, dia 25 de janeiro de 2021, marcou os dois anos do rompimento da barragem da Vale na comunidade de C\u00f3rrego do Feij\u00e3o, em Brumadinho, regi\u00e3o metropolitana de Belo Horizonte. Durante a Santa Missa, celebrada na capela da Casa Provincial dos Sagrados Cora\u00e7\u00f5es, transmitida pelo Canal Padre Eust\u00e1quio, as v\u00edtimas foram lembradas e colocadas nas inten\u00e7\u00f5es da celebra\u00e7\u00e3o. No ano passado um memorial foi montado no Centro Comunit\u00e1rio do Santu\u00e1rio, por uma equipe da par\u00f3quia dos Sagrados Cora\u00e7\u00f5es.\u00a0Com a foto das 272 v\u00edtimas do desastre (270 confirmadas e dois beb\u00eas que ainda gestavam) e um altar com a hora [&hellip;]","og_url":"https:\/\/www.padreeustaquio.com.br\/en\/prayers-at-father-eustaquio-church-mark-two-years-since-the-tragedy-in-brumadinho\/","og_site_name":"Padre Eust\u00e1quio","article_publisher":"https:\/\/www.facebook.com\/beatopadreeustaquio\/","article_published_time":"2021-01-26T12:36:53+00:00","og_image":[{"width":715,"height":510,"url":"https:\/\/www.padreeustaquio.com.br\/wp-content\/uploads\/2021\/01\/20200127_082804.jpg","type":"image\/jpeg"}],"author":"@sscc","twitter_card":"summary_large_image","twitter_creator":"@beatopeustaquio","twitter_site":"@beatopeustaquio","twitter_misc":{"Written by":"@sscc","Est. reading time":"1 minute"},"schema":{"@context":"https:\/\/schema.org","@graph":[{"@type":"Article","@id":"https:\/\/www.padreeustaquio.com.br\/oracoes-na-igreja-pe-eustaquio-marcam-dois-anos-da-tragedia-em-brumadinho\/#article","isPartOf":{"@id":"https:\/\/www.padreeustaquio.com.br\/oracoes-na-igreja-pe-eustaquio-marcam-dois-anos-da-tragedia-em-brumadinho\/"},"author":{"name":"@sscc","@id":"https:\/\/www.padreeustaquio.com.br\/#\/schema\/person\/a2a51db1d00f1a7af0204a0f1ddb1566"},"headline":"Ora\u00e7\u00f5es na igreja Pe. Eust\u00e1quio marcam dois anos da trag\u00e9dia em Brumadinho","datePublished":"2021-01-26T12:36:53+00:00","mainEntityOfPage":{"@id":"https:\/\/www.padreeustaquio.com.br\/oracoes-na-igreja-pe-eustaquio-marcam-dois-anos-da-tragedia-em-brumadinho\/"},"wordCount":167,"commentCount":0,"publisher":{"@id":"https:\/\/www.padreeustaquio.com.br\/#organization"},"image":{"@id":"https:\/\/www.padreeustaquio.com.br\/oracoes-na-igreja-pe-eustaquio-marcam-dois-anos-da-tragedia-em-brumadinho\/#primaryimage"},"thumbnailUrl":"https:\/\/www.padreeustaquio.com.br\/wp-content\/uploads\/2021\/01\/20200127_082804.jpg","articleSection":["Not\u00edcias"],"inLanguage":"en-US","potentialAction":[{"@type":"CommentAction","name":"Comment","target":["https:\/\/www.padreeustaquio.com.br\/oracoes-na-igreja-pe-eustaquio-marcam-dois-anos-da-tragedia-em-brumadinho\/#respond"]}]},{"@type":"WebPage","@id":"https:\/\/www.padreeustaquio.com.br\/oracoes-na-igreja-pe-eustaquio-marcam-dois-anos-da-tragedia-em-brumadinho\/","url":"https:\/\/www.padreeustaquio.com.br\/oracoes-na-igreja-pe-eustaquio-marcam-dois-anos-da-tragedia-em-brumadinho\/","name":"Prayers at Father Eust\u00e1quio&#039;s church mark two years since the tragedy in Brumadinho - Father Eust\u00e1quio","isPartOf":{"@id":"https:\/\/www.padreeustaquio.com.br\/#website"},"primaryImageOfPage":{"@id":"https:\/\/www.padreeustaquio.com.br\/oracoes-na-igreja-pe-eustaquio-marcam-dois-anos-da-tragedia-em-brumadinho\/#primaryimage"},"image":{"@id":"https:\/\/www.padreeustaquio.com.br\/oracoes-na-igreja-pe-eustaquio-marcam-dois-anos-da-tragedia-em-brumadinho\/#primaryimage"},"thumbnailUrl":"https:\/\/www.padreeustaquio.com.br\/wp-content\/uploads\/2021\/01\/20200127_082804.jpg","datePublished":"2021-01-26T12:36:53+00:00","breadcrumb":{"@id":"https:\/\/www.padreeustaquio.com.br\/oracoes-na-igreja-pe-eustaquio-marcam-dois-anos-da-tragedia-em-brumadinho\/#breadcrumb"},"inLanguage":"en-US","potentialAction":[{"@type":"ReadAction","target":["https:\/\/www.padreeustaquio.com.br\/oracoes-na-igreja-pe-eustaquio-marcam-dois-anos-da-tragedia-em-brumadinho\/"]}]},{"@type":"ImageObject","inLanguage":"en-US","@id":"https:\/\/www.padreeustaquio.com.br\/oracoes-na-igreja-pe-eustaquio-marcam-dois-anos-da-tragedia-em-brumadinho\/#primaryimage","url":"https:\/\/www.padreeustaquio.com.br\/wp-content\/uploads\/2021\/01\/20200127_082804.jpg","contentUrl":"https:\/\/www.padreeustaquio.com.br\/wp-content\/uploads\/2021\/01\/20200127_082804.jpg","width":715,"height":510},{"@type":"BreadcrumbList","@id":"https:\/\/www.padreeustaquio.com.br\/oracoes-na-igreja-pe-eustaquio-marcam-dois-anos-da-tragedia-em-brumadinho\/#breadcrumb","itemListElement":[{"@type":"ListItem","position":1,"name":"In\u00edcio","item":"https:\/\/www.padreeustaquio.com.br\/"},{"@type":"ListItem","position":2,"name":"Ora\u00e7\u00f5es na igreja Pe. Eust\u00e1quio marcam dois anos da trag\u00e9dia em Brumadinho"}]},{"@type":"WebSite","@id":"https:\/\/www.padreeustaquio.com.br\/#website","url":"https:\/\/www.padreeustaquio.com.br\/","name":"FATHER EUST\u00c1QUIO","description":"Health and Peace","publisher":{"@id":"https:\/\/www.padreeustaquio.com.br\/#organization"},"potentialAction":[{"@type":"SearchAction","target":{"@type":"EntryPoint","urlTemplate":"https:\/\/www.padreeustaquio.com.br\/?s={search_term_string}"},"query-input":{"@type":"PropertyValueSpecification","valueRequired":true,"valueName":"search_term_string"}}],"inLanguage":"en-US"},{"@type":"Organization","@id":"https:\/\/www.padreeustaquio.com.br\/#organization","name":"FATHER EUST\u00c1QUIO","url":"https:\/\/www.padreeustaquio.com.br\/","logo":{"@type":"ImageObject","inLanguage":"en-US","@id":"https:\/\/www.padreeustaquio.com.br\/#\/schema\/logo\/image\/","url":"https:\/\/www.padreeustaquio.com.br\/wp-content\/uploads\/2019\/08\/marca.png","contentUrl":"https:\/\/www.padreeustaquio.com.br\/wp-content\/uploads\/2019\/08\/marca.png","width":350,"height":400,"caption":"Padre Eust\u00e1quio"},"image":{"@id":"https:\/\/www.padreeustaquio.com.br\/#\/schema\/logo\/image\/"},"sameAs":["https:\/\/www.facebook.com\/beatopadreeustaquio\/","https:\/\/x.com\/beatopeustaquio","https:\/\/www.instagram.com\/beatopadreeustaquio\/","https:\/\/www.youtube.com\/channel\/UCRhw7vfabnajwLxb1ZXMeIw"]},{"@type":"Person","@id":"https:\/\/www.padreeustaquio.com.br\/#\/schema\/person\/a2a51db1d00f1a7af0204a0f1ddb1566","name":"@sscc","image":{"@type":"ImageObject","inLanguage":"en-US","@id":"https:\/\/secure.gravatar.com\/avatar\/68cfafa5f44617fea54071e215026e0ff06be366c3d54a8425f04fdcb86f8c5f?s=96&d=mm&r=g","url":"https:\/\/secure.gravatar.com\/avatar\/68cfafa5f44617fea54071e215026e0ff06be366c3d54a8425f04fdcb86f8c5f?s=96&d=mm&r=g","contentUrl":"https:\/\/secure.gravatar.com\/avatar\/68cfafa5f44617fea54071e215026e0ff06be366c3d54a8425f04fdcb86f8c5f?s=96&d=mm&r=g","caption":"@sscc"},"url":"https:\/\/www.padreeustaquio.com.br\/en\/author\/sscc\/"}]}},"_links":{"self":[{"href":"https:\/\/www.padreeustaquio.com.br\/en\/wp-json\/wp\/v2\/posts\/4915","targetHints":{"allow":["GET"]}}],"collection":[{"href":"https:\/\/www.padreeustaquio.com.br\/en\/wp-json\/wp\/v2\/posts"}],"about":[{"href":"https:\/\/www.padreeustaquio.com.br\/en\/wp-json\/wp\/v2\/types\/post"}],"author":[{"embeddable":true,"href":"https:\/\/www.padreeustaquio.com.br\/en\/wp-json\/wp\/v2\/users\/2"}],"replies":[{"embeddable":true,"href":"https:\/\/www.padreeustaquio.com.br\/en\/wp-json\/wp\/v2\/comments?post=4915"}],"version-history":[{"count":0,"href":"https:\/\/www.padreeustaquio.com.br\/en\/wp-json\/wp\/v2\/posts\/4915\/revisions"}],"wp:featuredmedia":[{"embeddable":true,"href":"https:\/\/www.padreeustaquio.com.br\/en\/wp-json\/wp\/v2\/media\/4916"}],"wp:attachment":[{"href":"https:\/\/www.padreeustaquio.com.br\/en\/wp-json\/wp\/v2\/media?parent=4915"}],"wp:term":[{"taxonomy":"category","embeddable":true,"href":"https:\/\/www.padreeustaquio.com.br\/en\/wp-json\/wp\/v2\/categories?post=4915"},{"taxonomy":"post_tag","embeddable":true,"href":"https:\/\/www.padreeustaquio.com.br\/en\/wp-json\/wp\/v2\/tags?post=4915"}],"curies":[{"name":"wp","href":"https:\/\/api.w.org\/{rel}","templated":true}]}}