{"id":4911,"date":"2021-01-25T13:43:05","date_gmt":"2021-01-25T16:43:05","guid":{"rendered":"https:\/\/www.padreeustaquio.com.br\/?p=4911"},"modified":"2021-01-25T13:47:12","modified_gmt":"2021-01-25T16:47:12","slug":"the-11th-provincial-chapter-defines-the-new-government-of-the-province-of-brazil-and-the-region-of-paraguay","status":"publish","type":"post","link":"https:\/\/www.padreeustaquio.com.br\/en\/the-11th-provincial-chapter-defines-the-new-government-of-the-province-of-brazil-and-the-region-of-paraguay\/","title":{"rendered":"The 11th Provincial Chapter defines the new government of the Province of Brazil and the Region of Paraguay."},"content":{"rendered":"<p>Between January 18th and 22nd, the 11th Provincial Chapter of the Province of Brazil \/ Region of Paraguay was held at the spiritual center in Pindaminhangaba, S\u00e3o Paulo. A total of 17 brothers participated.<\/p>\n<p>The chapter was led by Fr. Evaldo Xavier Gomes, O.Carm., and overseen by the General Governor, Fr. Alberto Toutin, ss.cc. Among the topics discussed were: strengthening the path of integration between the province of Brazil and the region of Paraguay; initial formation (fourth stage); the provincial economy; the care of older brothers; protocols for the prevention of sexual abuse; and a roadmap for preparing a restructuring plan for the works in view of the mission.<\/p>\n<p>The new provincial government was also elected, and it is as follows:<\/p>\n<p><strong> Osv\u00e2nio Humberto Mariano \u2013<\/strong>\u00a0provincial<br \/>\n<strong>Geraldo Abilio Ribeiro \u2013<\/strong>\u00a0Vicar<br \/>\n<strong>Luiz Antonio da Silva \u2013<\/strong>\u00a0Advisor<br \/>\n<strong>Edmar Aparecido de Oliveira =\u00a0<\/strong>Advisor<br \/>\n<strong>Jo\u00e3o Lucas Barbosa \u2013<\/strong>\u00a0Advisor<\/p>\n<p>At the end of the meeting, Father S\u00e9rgio Stein, ss.cc, and his administration were thanked for the services rendered in recent years. Special thanks were also given to Marisa, Ademir, and Daniel, who took care of the reception and care at the house in Pindamonhangaba.<\/p>\n<p><img fetchpriority=\"high\" decoding=\"async\" class=\"wp-image-4913 aligncenter\" src=\"https:\/\/www.padreeustaquio.com.br\/wp-content\/uploads\/2021\/01\/Missa-encerramento-governo-provincial-e1611592878535-300x175.jpeg\" alt=\"\" width=\"427\" height=\"249\" srcset=\"https:\/\/www.padreeustaquio.com.br\/wp-content\/uploads\/2021\/01\/Missa-encerramento-governo-provincial-e1611592878535-300x175.jpeg 300w, https:\/\/www.padreeustaquio.com.br\/wp-content\/uploads\/2021\/01\/Missa-encerramento-governo-provincial-e1611592878535.jpeg 486w\" sizes=\"(max-width: 427px) 100vw, 427px\" \/><\/p>\n<p>At the closing Mass, the new provincial sent the chapter participants to continue the mission, under the maternal protection of Our Lady of Aparecida and the intercession of Blessed Father Eustace.<\/p>","protected":false},"excerpt":{"rendered":"<p>Entre os dias 18 e 22 de janeiro foi realizado o XI Cap\u00edtulo Provincial da Prov\u00edncia do Brasil \/ Regi\u00e3o do Paraguai, na casa de espiritualidade de Pindaminhangaba, em S\u00e3o Paulo.\u00a0 Ao todo, 17 irm\u00e3os participaram. O cap\u00edtulo foi orientado pelo Pe. Evaldo Xavier Gomes, O.Carm. e acompanhado pelo Governo Geral, Pe. Alberto Toutin, ss.cc. Entre os temas abordados estiveram: o refor\u00e7o do caminho de integra\u00e7\u00e3o entre a prov\u00edncia do Brasil e a regi\u00e3o do Paraguai; a forma\u00e7\u00e3o inicial (quarta etapa); a economia provincial; o cuidado dos irm\u00e3os mais velhos; os protocolos de preven\u00e7\u00e3o ao abuso sexual; e um itiner\u00e1rio [&hellip;]<\/p>\n","protected":false},"author":2,"featured_media":4912,"comment_status":"open","ping_status":"open","sticky":false,"template":"","format":"standard","meta":{"_acf_changed":false,"footnotes":""},"categories":[611],"tags":[],"class_list":["post-4911","post","type-post","status-publish","format-standard","has-post-thumbnail","hentry","category-noticias"],"acf":[],"yoast_head":"<!-- This site is optimized with the Yoast SEO plugin v27.2 - https:\/\/yoast.com\/product\/yoast-seo-wordpress\/ -->\n<title>XI Cap\u00edtulo provincial define novo governo da Prov\u00edncia do Brasil e Regi\u00e3o do Paraguai - Padre Eust\u00e1quio<\/title>\n<meta name=\"robots\" content=\"index, follow, max-snippet:-1, max-image-preview:large, max-video-preview:-1\" \/>\n<link rel=\"canonical\" href=\"https:\/\/www.padreeustaquio.com.br\/en\/the-11th-provincial-chapter-defines-the-new-government-of-the-province-of-brazil-and-the-region-of-paraguay\/\" \/>\n<meta property=\"og:locale\" content=\"en_US\" \/>\n<meta property=\"og:type\" content=\"article\" \/>\n<meta property=\"og:title\" content=\"XI Cap\u00edtulo provincial define novo governo da Prov\u00edncia do Brasil e Regi\u00e3o do Paraguai - Padre Eust\u00e1quio\" \/>\n<meta property=\"og:description\" content=\"Entre os dias 18 e 22 de janeiro foi realizado o XI Cap\u00edtulo Provincial da Prov\u00edncia do Brasil \/ Regi\u00e3o do Paraguai, na casa de espiritualidade de Pindaminhangaba, em S\u00e3o Paulo.\u00a0 Ao todo, 17 irm\u00e3os participaram. O cap\u00edtulo foi orientado pelo Pe. Evaldo Xavier Gomes, O.Carm. e acompanhado pelo Governo Geral, Pe. Alberto Toutin, ss.cc. Entre os temas abordados estiveram: o refor\u00e7o do caminho de integra\u00e7\u00e3o entre a prov\u00edncia do Brasil e a regi\u00e3o do Paraguai; a forma\u00e7\u00e3o inicial (quarta etapa); a economia provincial; o cuidado dos irm\u00e3os mais velhos; os protocolos de preven\u00e7\u00e3o ao abuso sexual; e um itiner\u00e1rio [&hellip;]\" \/>\n<meta property=\"og:url\" content=\"https:\/\/www.padreeustaquio.com.br\/en\/the-11th-provincial-chapter-defines-the-new-government-of-the-province-of-brazil-and-the-region-of-paraguay\/\" \/>\n<meta property=\"og:site_name\" content=\"Padre Eust\u00e1quio\" \/>\n<meta property=\"article:publisher\" content=\"https:\/\/www.facebook.com\/beatopadreeustaquio\/\" \/>\n<meta property=\"article:published_time\" content=\"2021-01-25T16:43:05+00:00\" \/>\n<meta property=\"article:modified_time\" content=\"2021-01-25T16:47:12+00:00\" \/>\n<meta property=\"og:image\" content=\"https:\/\/www.padreeustaquio.com.br\/wp-content\/uploads\/2021\/01\/Novo-Governo-Provincial-e1611593220688.jpg\" \/>\n\t<meta property=\"og:image:width\" content=\"619\" \/>\n\t<meta property=\"og:image:height\" content=\"390\" \/>\n\t<meta property=\"og:image:type\" content=\"image\/jpeg\" \/>\n<meta name=\"author\" content=\"@sscc\" \/>\n<meta name=\"twitter:card\" content=\"summary_large_image\" \/>\n<meta name=\"twitter:creator\" content=\"@beatopeustaquio\" \/>\n<meta name=\"twitter:site\" content=\"@beatopeustaquio\" \/>\n<meta name=\"twitter:label1\" content=\"Written by\" \/>\n\t<meta name=\"twitter:data1\" content=\"@sscc\" \/>\n\t<meta name=\"twitter:label2\" content=\"Est. reading time\" \/>\n\t<meta name=\"twitter:data2\" content=\"1 minute\" \/>\n<script type=\"application\/ld+json\" class=\"yoast-schema-graph\">{\"@context\":\"https:\/\/schema.org\",\"@graph\":[{\"@type\":\"Article\",\"@id\":\"https:\/\/www.padreeustaquio.com.br\/xi-capitulo-provincial-define-novo-governo-da-provincia-do-brasil-e-regiao-do-paraguai\/#article\",\"isPartOf\":{\"@id\":\"https:\/\/www.padreeustaquio.com.br\/xi-capitulo-provincial-define-novo-governo-da-provincia-do-brasil-e-regiao-do-paraguai\/\"},\"author\":{\"name\":\"@sscc\",\"@id\":\"https:\/\/www.padreeustaquio.com.br\/#\/schema\/person\/a2a51db1d00f1a7af0204a0f1ddb1566\"},\"headline\":\"XI Cap\u00edtulo provincial define novo governo da Prov\u00edncia do Brasil e Regi\u00e3o do Paraguai\",\"datePublished\":\"2021-01-25T16:43:05+00:00\",\"dateModified\":\"2021-01-25T16:47:12+00:00\",\"mainEntityOfPage\":{\"@id\":\"https:\/\/www.padreeustaquio.com.br\/xi-capitulo-provincial-define-novo-governo-da-provincia-do-brasil-e-regiao-do-paraguai\/\"},\"wordCount\":266,\"commentCount\":0,\"publisher\":{\"@id\":\"https:\/\/www.padreeustaquio.com.br\/#organization\"},\"image\":{\"@id\":\"https:\/\/www.padreeustaquio.com.br\/xi-capitulo-provincial-define-novo-governo-da-provincia-do-brasil-e-regiao-do-paraguai\/#primaryimage\"},\"thumbnailUrl\":\"https:\/\/www.padreeustaquio.com.br\/wp-content\/uploads\/2021\/01\/Novo-Governo-Provincial-e1611593220688.jpg\",\"articleSection\":[\"Not\u00edcias\"],\"inLanguage\":\"en-US\",\"potentialAction\":[{\"@type\":\"CommentAction\",\"name\":\"Comment\",\"target\":[\"https:\/\/www.padreeustaquio.com.br\/xi-capitulo-provincial-define-novo-governo-da-provincia-do-brasil-e-regiao-do-paraguai\/#respond\"]}]},{\"@type\":\"WebPage\",\"@id\":\"https:\/\/www.padreeustaquio.com.br\/xi-capitulo-provincial-define-novo-governo-da-provincia-do-brasil-e-regiao-do-paraguai\/\",\"url\":\"https:\/\/www.padreeustaquio.com.br\/xi-capitulo-provincial-define-novo-governo-da-provincia-do-brasil-e-regiao-do-paraguai\/\",\"name\":\"XI Cap\u00edtulo provincial define novo governo da Prov\u00edncia do Brasil e Regi\u00e3o do Paraguai - Padre Eust\u00e1quio\",\"isPartOf\":{\"@id\":\"https:\/\/www.padreeustaquio.com.br\/#website\"},\"primaryImageOfPage\":{\"@id\":\"https:\/\/www.padreeustaquio.com.br\/xi-capitulo-provincial-define-novo-governo-da-provincia-do-brasil-e-regiao-do-paraguai\/#primaryimage\"},\"image\":{\"@id\":\"https:\/\/www.padreeustaquio.com.br\/xi-capitulo-provincial-define-novo-governo-da-provincia-do-brasil-e-regiao-do-paraguai\/#primaryimage\"},\"thumbnailUrl\":\"https:\/\/www.padreeustaquio.com.br\/wp-content\/uploads\/2021\/01\/Novo-Governo-Provincial-e1611593220688.jpg\",\"datePublished\":\"2021-01-25T16:43:05+00:00\",\"dateModified\":\"2021-01-25T16:47:12+00:00\",\"breadcrumb\":{\"@id\":\"https:\/\/www.padreeustaquio.com.br\/xi-capitulo-provincial-define-novo-governo-da-provincia-do-brasil-e-regiao-do-paraguai\/#breadcrumb\"},\"inLanguage\":\"en-US\",\"potentialAction\":[{\"@type\":\"ReadAction\",\"target\":[\"https:\/\/www.padreeustaquio.com.br\/xi-capitulo-provincial-define-novo-governo-da-provincia-do-brasil-e-regiao-do-paraguai\/\"]}]},{\"@type\":\"ImageObject\",\"inLanguage\":\"en-US\",\"@id\":\"https:\/\/www.padreeustaquio.com.br\/xi-capitulo-provincial-define-novo-governo-da-provincia-do-brasil-e-regiao-do-paraguai\/#primaryimage\",\"url\":\"https:\/\/www.padreeustaquio.com.br\/wp-content\/uploads\/2021\/01\/Novo-Governo-Provincial-e1611593220688.jpg\",\"contentUrl\":\"https:\/\/www.padreeustaquio.com.br\/wp-content\/uploads\/2021\/01\/Novo-Governo-Provincial-e1611593220688.jpg\",\"width\":619,\"height\":390,\"caption\":\"Pe Geraldo Ribeiro, Pe Luiz Ant\u00f4nio, Pe Osv\u00e2nio Mariano, Pe. Edmar Oliveira e Pe. Jo\u00e3o Lucas Alves\"},{\"@type\":\"BreadcrumbList\",\"@id\":\"https:\/\/www.padreeustaquio.com.br\/xi-capitulo-provincial-define-novo-governo-da-provincia-do-brasil-e-regiao-do-paraguai\/#breadcrumb\",\"itemListElement\":[{\"@type\":\"ListItem\",\"position\":1,\"name\":\"In\u00edcio\",\"item\":\"https:\/\/www.padreeustaquio.com.br\/\"},{\"@type\":\"ListItem\",\"position\":2,\"name\":\"XI Cap\u00edtulo provincial define novo governo da Prov\u00edncia do Brasil e Regi\u00e3o do Paraguai\"}]},{\"@type\":\"WebSite\",\"@id\":\"https:\/\/www.padreeustaquio.com.br\/#website\",\"url\":\"https:\/\/www.padreeustaquio.com.br\/\",\"name\":\"Padre Eust\u00e1quio\",\"description\":\"Sa\u00fade e Paz\",\"publisher\":{\"@id\":\"https:\/\/www.padreeustaquio.com.br\/#organization\"},\"potentialAction\":[{\"@type\":\"SearchAction\",\"target\":{\"@type\":\"EntryPoint\",\"urlTemplate\":\"https:\/\/www.padreeustaquio.com.br\/?s={search_term_string}\"},\"query-input\":{\"@type\":\"PropertyValueSpecification\",\"valueRequired\":true,\"valueName\":\"search_term_string\"}}],\"inLanguage\":\"en-US\"},{\"@type\":\"Organization\",\"@id\":\"https:\/\/www.padreeustaquio.com.br\/#organization\",\"name\":\"Padre Eust\u00e1quio\",\"url\":\"https:\/\/www.padreeustaquio.com.br\/\",\"logo\":{\"@type\":\"ImageObject\",\"inLanguage\":\"en-US\",\"@id\":\"https:\/\/www.padreeustaquio.com.br\/#\/schema\/logo\/image\/\",\"url\":\"https:\/\/www.padreeustaquio.com.br\/wp-content\/uploads\/2019\/08\/marca.png\",\"contentUrl\":\"https:\/\/www.padreeustaquio.com.br\/wp-content\/uploads\/2019\/08\/marca.png\",\"width\":350,\"height\":400,\"caption\":\"Padre Eust\u00e1quio\"},\"image\":{\"@id\":\"https:\/\/www.padreeustaquio.com.br\/#\/schema\/logo\/image\/\"},\"sameAs\":[\"https:\/\/www.facebook.com\/beatopadreeustaquio\/\",\"https:\/\/x.com\/beatopeustaquio\",\"https:\/\/www.instagram.com\/beatopadreeustaquio\/\",\"https:\/\/www.youtube.com\/channel\/UCRhw7vfabnajwLxb1ZXMeIw\"]},{\"@type\":\"Person\",\"@id\":\"https:\/\/www.padreeustaquio.com.br\/#\/schema\/person\/a2a51db1d00f1a7af0204a0f1ddb1566\",\"name\":\"@sscc\",\"image\":{\"@type\":\"ImageObject\",\"inLanguage\":\"en-US\",\"@id\":\"https:\/\/secure.gravatar.com\/avatar\/68cfafa5f44617fea54071e215026e0ff06be366c3d54a8425f04fdcb86f8c5f?s=96&d=mm&r=g\",\"url\":\"https:\/\/secure.gravatar.com\/avatar\/68cfafa5f44617fea54071e215026e0ff06be366c3d54a8425f04fdcb86f8c5f?s=96&d=mm&r=g\",\"contentUrl\":\"https:\/\/secure.gravatar.com\/avatar\/68cfafa5f44617fea54071e215026e0ff06be366c3d54a8425f04fdcb86f8c5f?s=96&d=mm&r=g\",\"caption\":\"@sscc\"},\"url\":\"https:\/\/www.padreeustaquio.com.br\/en\/author\/sscc\/\"}]}<\/script>\n<!-- \/ Yoast SEO plugin. -->","yoast_head_json":{"title":"The 11th Provincial Chapter defines the new government of the Province of Brazil and the Region of Paraguay - Father Eust\u00e1quio","robots":{"index":"index","follow":"follow","max-snippet":"max-snippet:-1","max-image-preview":"max-image-preview:large","max-video-preview":"max-video-preview:-1"},"canonical":"https:\/\/www.padreeustaquio.com.br\/en\/the-11th-provincial-chapter-defines-the-new-government-of-the-province-of-brazil-and-the-region-of-paraguay\/","og_locale":"en_US","og_type":"article","og_title":"XI Cap\u00edtulo provincial define novo governo da Prov\u00edncia do Brasil e Regi\u00e3o do Paraguai - Padre Eust\u00e1quio","og_description":"Entre os dias 18 e 22 de janeiro foi realizado o XI Cap\u00edtulo Provincial da Prov\u00edncia do Brasil \/ Regi\u00e3o do Paraguai, na casa de espiritualidade de Pindaminhangaba, em S\u00e3o Paulo.\u00a0 Ao todo, 17 irm\u00e3os participaram. O cap\u00edtulo foi orientado pelo Pe. Evaldo Xavier Gomes, O.Carm. e acompanhado pelo Governo Geral, Pe. Alberto Toutin, ss.cc. Entre os temas abordados estiveram: o refor\u00e7o do caminho de integra\u00e7\u00e3o entre a prov\u00edncia do Brasil e a regi\u00e3o do Paraguai; a forma\u00e7\u00e3o inicial (quarta etapa); a economia provincial; o cuidado dos irm\u00e3os mais velhos; os protocolos de preven\u00e7\u00e3o ao abuso sexual; e um itiner\u00e1rio [&hellip;]","og_url":"https:\/\/www.padreeustaquio.com.br\/en\/the-11th-provincial-chapter-defines-the-new-government-of-the-province-of-brazil-and-the-region-of-paraguay\/","og_site_name":"Padre Eust\u00e1quio","article_publisher":"https:\/\/www.facebook.com\/beatopadreeustaquio\/","article_published_time":"2021-01-25T16:43:05+00:00","article_modified_time":"2021-01-25T16:47:12+00:00","og_image":[{"width":619,"height":390,"url":"https:\/\/www.padreeustaquio.com.br\/wp-content\/uploads\/2021\/01\/Novo-Governo-Provincial-e1611593220688.jpg","type":"image\/jpeg"}],"author":"@sscc","twitter_card":"summary_large_image","twitter_creator":"@beatopeustaquio","twitter_site":"@beatopeustaquio","twitter_misc":{"Written by":"@sscc","Est. reading time":"1 minute"},"schema":{"@context":"https:\/\/schema.org","@graph":[{"@type":"Article","@id":"https:\/\/www.padreeustaquio.com.br\/xi-capitulo-provincial-define-novo-governo-da-provincia-do-brasil-e-regiao-do-paraguai\/#article","isPartOf":{"@id":"https:\/\/www.padreeustaquio.com.br\/xi-capitulo-provincial-define-novo-governo-da-provincia-do-brasil-e-regiao-do-paraguai\/"},"author":{"name":"@sscc","@id":"https:\/\/www.padreeustaquio.com.br\/#\/schema\/person\/a2a51db1d00f1a7af0204a0f1ddb1566"},"headline":"XI Cap\u00edtulo provincial define novo governo da Prov\u00edncia do Brasil e Regi\u00e3o do Paraguai","datePublished":"2021-01-25T16:43:05+00:00","dateModified":"2021-01-25T16:47:12+00:00","mainEntityOfPage":{"@id":"https:\/\/www.padreeustaquio.com.br\/xi-capitulo-provincial-define-novo-governo-da-provincia-do-brasil-e-regiao-do-paraguai\/"},"wordCount":266,"commentCount":0,"publisher":{"@id":"https:\/\/www.padreeustaquio.com.br\/#organization"},"image":{"@id":"https:\/\/www.padreeustaquio.com.br\/xi-capitulo-provincial-define-novo-governo-da-provincia-do-brasil-e-regiao-do-paraguai\/#primaryimage"},"thumbnailUrl":"https:\/\/www.padreeustaquio.com.br\/wp-content\/uploads\/2021\/01\/Novo-Governo-Provincial-e1611593220688.jpg","articleSection":["Not\u00edcias"],"inLanguage":"en-US","potentialAction":[{"@type":"CommentAction","name":"Comment","target":["https:\/\/www.padreeustaquio.com.br\/xi-capitulo-provincial-define-novo-governo-da-provincia-do-brasil-e-regiao-do-paraguai\/#respond"]}]},{"@type":"WebPage","@id":"https:\/\/www.padreeustaquio.com.br\/xi-capitulo-provincial-define-novo-governo-da-provincia-do-brasil-e-regiao-do-paraguai\/","url":"https:\/\/www.padreeustaquio.com.br\/xi-capitulo-provincial-define-novo-governo-da-provincia-do-brasil-e-regiao-do-paraguai\/","name":"The 11th Provincial Chapter defines the new government of the Province of Brazil and the Region of Paraguay - Father Eust\u00e1quio","isPartOf":{"@id":"https:\/\/www.padreeustaquio.com.br\/#website"},"primaryImageOfPage":{"@id":"https:\/\/www.padreeustaquio.com.br\/xi-capitulo-provincial-define-novo-governo-da-provincia-do-brasil-e-regiao-do-paraguai\/#primaryimage"},"image":{"@id":"https:\/\/www.padreeustaquio.com.br\/xi-capitulo-provincial-define-novo-governo-da-provincia-do-brasil-e-regiao-do-paraguai\/#primaryimage"},"thumbnailUrl":"https:\/\/www.padreeustaquio.com.br\/wp-content\/uploads\/2021\/01\/Novo-Governo-Provincial-e1611593220688.jpg","datePublished":"2021-01-25T16:43:05+00:00","dateModified":"2021-01-25T16:47:12+00:00","breadcrumb":{"@id":"https:\/\/www.padreeustaquio.com.br\/xi-capitulo-provincial-define-novo-governo-da-provincia-do-brasil-e-regiao-do-paraguai\/#breadcrumb"},"inLanguage":"en-US","potentialAction":[{"@type":"ReadAction","target":["https:\/\/www.padreeustaquio.com.br\/xi-capitulo-provincial-define-novo-governo-da-provincia-do-brasil-e-regiao-do-paraguai\/"]}]},{"@type":"ImageObject","inLanguage":"en-US","@id":"https:\/\/www.padreeustaquio.com.br\/xi-capitulo-provincial-define-novo-governo-da-provincia-do-brasil-e-regiao-do-paraguai\/#primaryimage","url":"https:\/\/www.padreeustaquio.com.br\/wp-content\/uploads\/2021\/01\/Novo-Governo-Provincial-e1611593220688.jpg","contentUrl":"https:\/\/www.padreeustaquio.com.br\/wp-content\/uploads\/2021\/01\/Novo-Governo-Provincial-e1611593220688.jpg","width":619,"height":390,"caption":"Pe Geraldo Ribeiro, Pe Luiz Ant\u00f4nio, Pe Osv\u00e2nio Mariano, Pe. Edmar Oliveira e Pe. Jo\u00e3o Lucas Alves"},{"@type":"BreadcrumbList","@id":"https:\/\/www.padreeustaquio.com.br\/xi-capitulo-provincial-define-novo-governo-da-provincia-do-brasil-e-regiao-do-paraguai\/#breadcrumb","itemListElement":[{"@type":"ListItem","position":1,"name":"In\u00edcio","item":"https:\/\/www.padreeustaquio.com.br\/"},{"@type":"ListItem","position":2,"name":"XI Cap\u00edtulo provincial define novo governo da Prov\u00edncia do Brasil e Regi\u00e3o do Paraguai"}]},{"@type":"WebSite","@id":"https:\/\/www.padreeustaquio.com.br\/#website","url":"https:\/\/www.padreeustaquio.com.br\/","name":"FATHER EUST\u00c1QUIO","description":"Health and Peace","publisher":{"@id":"https:\/\/www.padreeustaquio.com.br\/#organization"},"potentialAction":[{"@type":"SearchAction","target":{"@type":"EntryPoint","urlTemplate":"https:\/\/www.padreeustaquio.com.br\/?s={search_term_string}"},"query-input":{"@type":"PropertyValueSpecification","valueRequired":true,"valueName":"search_term_string"}}],"inLanguage":"en-US"},{"@type":"Organization","@id":"https:\/\/www.padreeustaquio.com.br\/#organization","name":"FATHER EUST\u00c1QUIO","url":"https:\/\/www.padreeustaquio.com.br\/","logo":{"@type":"ImageObject","inLanguage":"en-US","@id":"https:\/\/www.padreeustaquio.com.br\/#\/schema\/logo\/image\/","url":"https:\/\/www.padreeustaquio.com.br\/wp-content\/uploads\/2019\/08\/marca.png","contentUrl":"https:\/\/www.padreeustaquio.com.br\/wp-content\/uploads\/2019\/08\/marca.png","width":350,"height":400,"caption":"Padre Eust\u00e1quio"},"image":{"@id":"https:\/\/www.padreeustaquio.com.br\/#\/schema\/logo\/image\/"},"sameAs":["https:\/\/www.facebook.com\/beatopadreeustaquio\/","https:\/\/x.com\/beatopeustaquio","https:\/\/www.instagram.com\/beatopadreeustaquio\/","https:\/\/www.youtube.com\/channel\/UCRhw7vfabnajwLxb1ZXMeIw"]},{"@type":"Person","@id":"https:\/\/www.padreeustaquio.com.br\/#\/schema\/person\/a2a51db1d00f1a7af0204a0f1ddb1566","name":"@sscc","image":{"@type":"ImageObject","inLanguage":"en-US","@id":"https:\/\/secure.gravatar.com\/avatar\/68cfafa5f44617fea54071e215026e0ff06be366c3d54a8425f04fdcb86f8c5f?s=96&d=mm&r=g","url":"https:\/\/secure.gravatar.com\/avatar\/68cfafa5f44617fea54071e215026e0ff06be366c3d54a8425f04fdcb86f8c5f?s=96&d=mm&r=g","contentUrl":"https:\/\/secure.gravatar.com\/avatar\/68cfafa5f44617fea54071e215026e0ff06be366c3d54a8425f04fdcb86f8c5f?s=96&d=mm&r=g","caption":"@sscc"},"url":"https:\/\/www.padreeustaquio.com.br\/en\/author\/sscc\/"}]}},"_links":{"self":[{"href":"https:\/\/www.padreeustaquio.com.br\/en\/wp-json\/wp\/v2\/posts\/4911","targetHints":{"allow":["GET"]}}],"collection":[{"href":"https:\/\/www.padreeustaquio.com.br\/en\/wp-json\/wp\/v2\/posts"}],"about":[{"href":"https:\/\/www.padreeustaquio.com.br\/en\/wp-json\/wp\/v2\/types\/post"}],"author":[{"embeddable":true,"href":"https:\/\/www.padreeustaquio.com.br\/en\/wp-json\/wp\/v2\/users\/2"}],"replies":[{"embeddable":true,"href":"https:\/\/www.padreeustaquio.com.br\/en\/wp-json\/wp\/v2\/comments?post=4911"}],"version-history":[{"count":0,"href":"https:\/\/www.padreeustaquio.com.br\/en\/wp-json\/wp\/v2\/posts\/4911\/revisions"}],"wp:featuredmedia":[{"embeddable":true,"href":"https:\/\/www.padreeustaquio.com.br\/en\/wp-json\/wp\/v2\/media\/4912"}],"wp:attachment":[{"href":"https:\/\/www.padreeustaquio.com.br\/en\/wp-json\/wp\/v2\/media?parent=4911"}],"wp:term":[{"taxonomy":"category","embeddable":true,"href":"https:\/\/www.padreeustaquio.com.br\/en\/wp-json\/wp\/v2\/categories?post=4911"},{"taxonomy":"post_tag","embeddable":true,"href":"https:\/\/www.padreeustaquio.com.br\/en\/wp-json\/wp\/v2\/tags?post=4911"}],"curies":[{"name":"wp","href":"https:\/\/api.w.org\/{rel}","templated":true}]}}