{"id":4900,"date":"2021-01-20T17:58:37","date_gmt":"2021-01-20T20:58:37","guid":{"rendered":"https:\/\/www.padreeustaquio.com.br\/?p=4900"},"modified":"2021-01-20T18:13:01","modified_gmt":"2021-01-20T21:13:01","slug":"father-osvanio-is-elected-the-new-provincial-superior-of-brazil-and-the-paraguay-region","status":"publish","type":"post","link":"https:\/\/www.padreeustaquio.com.br\/en\/father-osvanio-is-elected-the-new-provincial-superior-of-brazil-and-the-paraguay-region\/","title":{"rendered":"Father Osv\u00e2nio is elected the new Provincial Superior of Brazil and the Paraguay Region."},"content":{"rendered":"<p>Father Osv\u00e2nio Humberto Mariano, ss.cc., was elected this afternoon, January 20, 2021, as the Provincial Superior of Brazil and the Paraguay Region. The election took place during the 11th Provincial Chapter in Pindamonhangaba, S\u00e3o Paulo.<\/p>\n<p>Osv\u00e2nio, 56 years old, is the son of Mrs. Terezinha and the late Mr. Jos\u00e9 Mariano. The priest was born in Guimar\u00e2nia-MG and currently worked as parish priest of the S\u00e3o Dami\u00e3o de Molokai Parish, in Patroc\u00ednio-MG, in addition to serving as Episcopal Vicar for Consecrated Life in the Diocese of Patos de Minas-MG.<\/p>\n<p>The assembly that elected Father Osv\u00e2nio began last Monday, the 18th, and will continue until next Saturday. On Wednesday afternoon, the priests with voting rights met for the election and chose the parish priest of Patroc\u00ednio, who will now leave the city and move to Belo Horizonte, to the Congregation&#039;s headquarters, to serve a three-year term.<\/p>\n<p><strong>Who is Father Osv\u00e2nio?<\/strong><\/p>\n<p>The son of Jos\u00e9 Mariano and Teresinha Maria de Jesus, Osv\u00e2nio was born in the city of Guimar\u00e2nia\/MG and is the eldest of six siblings. Until the age of seven, the family lived in the countryside, at which point they moved to the city so that he could go to school. Osv\u00e2nio came from a very poor family; his father was a farmer and also worked as a carpenter, and his mother was a homemaker.<\/p>\n<blockquote><p><em> \u201c&quot;We have never lacked faith in God and the cultivation of a rather simple spirituality; praying the rosary, novenas, and especially participating in the Eucharist.&quot;\u201d<\/em><\/p><\/blockquote>\n<div id=\"attachment_4903\" style=\"width: 211px\" class=\"wp-caption alignleft\"><img fetchpriority=\"high\" decoding=\"async\" aria-describedby=\"caption-attachment-4903\" class=\"wp-image-4903\" src=\"https:\/\/www.padreeustaquio.com.br\/wp-content\/uploads\/2021\/01\/Pe.-Osvanio-Humberto.jpeg\" alt=\"\" width=\"201\" height=\"256\" \/><p id=\"caption-attachment-4903\" class=\"wp-caption-text\">Father Osv\u00e2nio Humberto Mariano, ss.cc<\/p><\/div>\n<p>Regarding his vocation, from a very young age, whenever someone asked him what he wanted to be when he grew up, he always answered: &quot;I want to be a priest!&quot; But, during that period of childhood and adolescence, everything went very naturally. Whenever he thought about going to the seminary, he immediately considered the family&#039;s financial situation, as he was unable to contribute; being the oldest, he needed to help the family, which he did in fact.<\/p>\n<p>He started working at the age of ten: selling popsicles, working at a fruit and vegetable stand, and at a bar. One of the important things he highlights from that time, and which certainly helped him in discerning his vocation, was his contact with the poorest people. As his father was a member of the Society of Saint Vincent de Paul, he always accompanied him to meetings and visited those in need.<\/p>\n<p>Father Osv\u00e2nio recounts that something very significant in his decision-making process was when, in 1980, Pope John Paul II came to Brazil for the first time, and dozens of priests were ordained in Rio de Janeiro. <em>\u201c&quot;I thought it was very beautiful, and from then on I started telling my family and friends that I would like to go to the seminary.&quot;,\u00a0<\/em>He reminds him.<\/p>\n<p>The young man recounts meeting a boy who was already in the seminary, and that this boy gave him a book about the life of Saint Damien of Molokai, which awakened his missionary zeal. It was then that Osv\u00e2nio ended up joining the same congregation as Saint Damien. Since childhood, the priest has maintained a great devotion to Our Lady of Fatima. His mother always said that on the day of his baptism (June 21, 1964) he was consecrated to her.<\/p>\n<p>In his priestly religious life, Father Osv\u00e2nio always cultivated the missionary ideal. Contact with the poor was always a fundamental experience for him in renewing his consecration.<\/p>","protected":false},"excerpt":{"rendered":"<p>O Padre Osv\u00e2nio Humberto Mariano, ss.cc. foi eleito na tarde de hoje, 20 de janeiro de 2021, o Superior Provincial do Brasil e Regi\u00e3o do Paraguai. A escolha foi feita durante o XI Cap\u00edtulo Provincial, em Pindamonhangaba-SP. Osv\u00e2nio, de 56 anos, \u00e9 filho de D. Terezinha e do saudoso Sr. Jos\u00e9 Mariano. O padre nasceu em Guimar\u00e2nia-MG e trabalhava atualmente como p\u00e1roco da Par\u00f3quia S\u00e3o Dami\u00e3o de Molokai, em Patroc\u00ednio-MG, al\u00e9m de exercer a fun\u00e7\u00e3o de Vig\u00e1rio Episcopal para a Vida Consagrada na Diocese de Patos de Minas-MG. A assembleia que elegeu Pe. Osv\u00e2nio, come\u00e7ou na \u00faltima segunda-feira, dia 18 [&hellip;]<\/p>\n","protected":false},"author":2,"featured_media":4902,"comment_status":"open","ping_status":"open","sticky":false,"template":"","format":"standard","meta":{"_acf_changed":false,"footnotes":""},"categories":[611],"tags":[],"class_list":["post-4900","post","type-post","status-publish","format-standard","has-post-thumbnail","hentry","category-noticias"],"acf":[],"yoast_head":"<!-- This site is optimized with the Yoast SEO plugin v27.2 - https:\/\/yoast.com\/product\/yoast-seo-wordpress\/ -->\n<title>Padre Osv\u00e2nio \u00e9 eleito novo Superior Provincial do Brasil e Regi\u00e3o do Paraguai - Padre Eust\u00e1quio<\/title>\n<meta name=\"robots\" content=\"index, follow, max-snippet:-1, max-image-preview:large, max-video-preview:-1\" \/>\n<link rel=\"canonical\" href=\"https:\/\/www.padreeustaquio.com.br\/en\/father-osvanio-is-elected-the-new-provincial-superior-of-brazil-and-the-paraguay-region\/\" \/>\n<meta property=\"og:locale\" content=\"en_US\" \/>\n<meta property=\"og:type\" content=\"article\" \/>\n<meta property=\"og:title\" content=\"Padre Osv\u00e2nio \u00e9 eleito novo Superior Provincial do Brasil e Regi\u00e3o do Paraguai - Padre Eust\u00e1quio\" \/>\n<meta property=\"og:description\" content=\"O Padre Osv\u00e2nio Humberto Mariano, ss.cc. foi eleito na tarde de hoje, 20 de janeiro de 2021, o Superior Provincial do Brasil e Regi\u00e3o do Paraguai. A escolha foi feita durante o XI Cap\u00edtulo Provincial, em Pindamonhangaba-SP. Osv\u00e2nio, de 56 anos, \u00e9 filho de D. Terezinha e do saudoso Sr. Jos\u00e9 Mariano. O padre nasceu em Guimar\u00e2nia-MG e trabalhava atualmente como p\u00e1roco da Par\u00f3quia S\u00e3o Dami\u00e3o de Molokai, em Patroc\u00ednio-MG, al\u00e9m de exercer a fun\u00e7\u00e3o de Vig\u00e1rio Episcopal para a Vida Consagrada na Diocese de Patos de Minas-MG. A assembleia que elegeu Pe. Osv\u00e2nio, come\u00e7ou na \u00faltima segunda-feira, dia 18 [&hellip;]\" \/>\n<meta property=\"og:url\" content=\"https:\/\/www.padreeustaquio.com.br\/en\/father-osvanio-is-elected-the-new-provincial-superior-of-brazil-and-the-paraguay-region\/\" \/>\n<meta property=\"og:site_name\" content=\"Padre Eust\u00e1quio\" \/>\n<meta property=\"article:publisher\" content=\"https:\/\/www.facebook.com\/beatopadreeustaquio\/\" \/>\n<meta property=\"article:published_time\" content=\"2021-01-20T20:58:37+00:00\" \/>\n<meta property=\"article:modified_time\" content=\"2021-01-20T21:13:01+00:00\" \/>\n<meta property=\"og:image\" content=\"https:\/\/www.padreeustaquio.com.br\/wp-content\/uploads\/2021\/01\/Pe.-Osvanio-e-Pe.-Alberto-e1611176466885.jpeg\" \/>\n\t<meta property=\"og:image:width\" content=\"1024\" \/>\n\t<meta property=\"og:image:height\" content=\"688\" \/>\n\t<meta property=\"og:image:type\" content=\"image\/jpeg\" \/>\n<meta name=\"author\" content=\"@sscc\" \/>\n<meta name=\"twitter:card\" content=\"summary_large_image\" \/>\n<meta name=\"twitter:creator\" content=\"@beatopeustaquio\" \/>\n<meta name=\"twitter:site\" content=\"@beatopeustaquio\" \/>\n<meta name=\"twitter:label1\" content=\"Written by\" \/>\n\t<meta name=\"twitter:data1\" content=\"@sscc\" \/>\n\t<meta name=\"twitter:label2\" content=\"Est. reading time\" \/>\n\t<meta name=\"twitter:data2\" content=\"3 minutes\" \/>\n<script type=\"application\/ld+json\" class=\"yoast-schema-graph\">{\"@context\":\"https:\/\/schema.org\",\"@graph\":[{\"@type\":\"Article\",\"@id\":\"https:\/\/www.padreeustaquio.com.br\/padre-osvanio-e-eleito-novo-superior-provincial-do-brasil-e-regiao-do-paraguai\/#article\",\"isPartOf\":{\"@id\":\"https:\/\/www.padreeustaquio.com.br\/padre-osvanio-e-eleito-novo-superior-provincial-do-brasil-e-regiao-do-paraguai\/\"},\"author\":{\"name\":\"@sscc\",\"@id\":\"https:\/\/www.padreeustaquio.com.br\/#\/schema\/person\/a2a51db1d00f1a7af0204a0f1ddb1566\"},\"headline\":\"Padre Osv\u00e2nio \u00e9 eleito novo Superior Provincial do Brasil e Regi\u00e3o do Paraguai\",\"datePublished\":\"2021-01-20T20:58:37+00:00\",\"dateModified\":\"2021-01-20T21:13:01+00:00\",\"mainEntityOfPage\":{\"@id\":\"https:\/\/www.padreeustaquio.com.br\/padre-osvanio-e-eleito-novo-superior-provincial-do-brasil-e-regiao-do-paraguai\/\"},\"wordCount\":647,\"commentCount\":0,\"publisher\":{\"@id\":\"https:\/\/www.padreeustaquio.com.br\/#organization\"},\"image\":{\"@id\":\"https:\/\/www.padreeustaquio.com.br\/padre-osvanio-e-eleito-novo-superior-provincial-do-brasil-e-regiao-do-paraguai\/#primaryimage\"},\"thumbnailUrl\":\"https:\/\/www.padreeustaquio.com.br\/wp-content\/uploads\/2021\/01\/Pe.-Osvanio-e-Pe.-Alberto-e1611176466885.jpeg\",\"articleSection\":[\"Not\u00edcias\"],\"inLanguage\":\"en-US\",\"potentialAction\":[{\"@type\":\"CommentAction\",\"name\":\"Comment\",\"target\":[\"https:\/\/www.padreeustaquio.com.br\/padre-osvanio-e-eleito-novo-superior-provincial-do-brasil-e-regiao-do-paraguai\/#respond\"]}]},{\"@type\":\"WebPage\",\"@id\":\"https:\/\/www.padreeustaquio.com.br\/padre-osvanio-e-eleito-novo-superior-provincial-do-brasil-e-regiao-do-paraguai\/\",\"url\":\"https:\/\/www.padreeustaquio.com.br\/padre-osvanio-e-eleito-novo-superior-provincial-do-brasil-e-regiao-do-paraguai\/\",\"name\":\"Padre Osv\u00e2nio \u00e9 eleito novo Superior Provincial do Brasil e Regi\u00e3o do Paraguai - Padre Eust\u00e1quio\",\"isPartOf\":{\"@id\":\"https:\/\/www.padreeustaquio.com.br\/#website\"},\"primaryImageOfPage\":{\"@id\":\"https:\/\/www.padreeustaquio.com.br\/padre-osvanio-e-eleito-novo-superior-provincial-do-brasil-e-regiao-do-paraguai\/#primaryimage\"},\"image\":{\"@id\":\"https:\/\/www.padreeustaquio.com.br\/padre-osvanio-e-eleito-novo-superior-provincial-do-brasil-e-regiao-do-paraguai\/#primaryimage\"},\"thumbnailUrl\":\"https:\/\/www.padreeustaquio.com.br\/wp-content\/uploads\/2021\/01\/Pe.-Osvanio-e-Pe.-Alberto-e1611176466885.jpeg\",\"datePublished\":\"2021-01-20T20:58:37+00:00\",\"dateModified\":\"2021-01-20T21:13:01+00:00\",\"breadcrumb\":{\"@id\":\"https:\/\/www.padreeustaquio.com.br\/padre-osvanio-e-eleito-novo-superior-provincial-do-brasil-e-regiao-do-paraguai\/#breadcrumb\"},\"inLanguage\":\"en-US\",\"potentialAction\":[{\"@type\":\"ReadAction\",\"target\":[\"https:\/\/www.padreeustaquio.com.br\/padre-osvanio-e-eleito-novo-superior-provincial-do-brasil-e-regiao-do-paraguai\/\"]}]},{\"@type\":\"ImageObject\",\"inLanguage\":\"en-US\",\"@id\":\"https:\/\/www.padreeustaquio.com.br\/padre-osvanio-e-eleito-novo-superior-provincial-do-brasil-e-regiao-do-paraguai\/#primaryimage\",\"url\":\"https:\/\/www.padreeustaquio.com.br\/wp-content\/uploads\/2021\/01\/Pe.-Osvanio-e-Pe.-Alberto-e1611176466885.jpeg\",\"contentUrl\":\"https:\/\/www.padreeustaquio.com.br\/wp-content\/uploads\/2021\/01\/Pe.-Osvanio-e-Pe.-Alberto-e1611176466885.jpeg\",\"width\":1024,\"height\":688,\"caption\":\"Padre Osv\u00e2nio Humberto, ss.cc. no momento da elei\u00e7\u00e3o, recebendo os cumprimentos do Superior Geral, Pe. Alberto Toutin, ss.cc.\"},{\"@type\":\"BreadcrumbList\",\"@id\":\"https:\/\/www.padreeustaquio.com.br\/padre-osvanio-e-eleito-novo-superior-provincial-do-brasil-e-regiao-do-paraguai\/#breadcrumb\",\"itemListElement\":[{\"@type\":\"ListItem\",\"position\":1,\"name\":\"In\u00edcio\",\"item\":\"https:\/\/www.padreeustaquio.com.br\/\"},{\"@type\":\"ListItem\",\"position\":2,\"name\":\"Padre Osv\u00e2nio \u00e9 eleito novo Superior Provincial do Brasil e Regi\u00e3o do Paraguai\"}]},{\"@type\":\"WebSite\",\"@id\":\"https:\/\/www.padreeustaquio.com.br\/#website\",\"url\":\"https:\/\/www.padreeustaquio.com.br\/\",\"name\":\"Padre Eust\u00e1quio\",\"description\":\"Sa\u00fade e Paz\",\"publisher\":{\"@id\":\"https:\/\/www.padreeustaquio.com.br\/#organization\"},\"potentialAction\":[{\"@type\":\"SearchAction\",\"target\":{\"@type\":\"EntryPoint\",\"urlTemplate\":\"https:\/\/www.padreeustaquio.com.br\/?s={search_term_string}\"},\"query-input\":{\"@type\":\"PropertyValueSpecification\",\"valueRequired\":true,\"valueName\":\"search_term_string\"}}],\"inLanguage\":\"en-US\"},{\"@type\":\"Organization\",\"@id\":\"https:\/\/www.padreeustaquio.com.br\/#organization\",\"name\":\"Padre Eust\u00e1quio\",\"url\":\"https:\/\/www.padreeustaquio.com.br\/\",\"logo\":{\"@type\":\"ImageObject\",\"inLanguage\":\"en-US\",\"@id\":\"https:\/\/www.padreeustaquio.com.br\/#\/schema\/logo\/image\/\",\"url\":\"https:\/\/www.padreeustaquio.com.br\/wp-content\/uploads\/2019\/08\/marca.png\",\"contentUrl\":\"https:\/\/www.padreeustaquio.com.br\/wp-content\/uploads\/2019\/08\/marca.png\",\"width\":350,\"height\":400,\"caption\":\"Padre Eust\u00e1quio\"},\"image\":{\"@id\":\"https:\/\/www.padreeustaquio.com.br\/#\/schema\/logo\/image\/\"},\"sameAs\":[\"https:\/\/www.facebook.com\/beatopadreeustaquio\/\",\"https:\/\/x.com\/beatopeustaquio\",\"https:\/\/www.instagram.com\/beatopadreeustaquio\/\",\"https:\/\/www.youtube.com\/channel\/UCRhw7vfabnajwLxb1ZXMeIw\"]},{\"@type\":\"Person\",\"@id\":\"https:\/\/www.padreeustaquio.com.br\/#\/schema\/person\/a2a51db1d00f1a7af0204a0f1ddb1566\",\"name\":\"@sscc\",\"image\":{\"@type\":\"ImageObject\",\"inLanguage\":\"en-US\",\"@id\":\"https:\/\/secure.gravatar.com\/avatar\/68cfafa5f44617fea54071e215026e0ff06be366c3d54a8425f04fdcb86f8c5f?s=96&d=mm&r=g\",\"url\":\"https:\/\/secure.gravatar.com\/avatar\/68cfafa5f44617fea54071e215026e0ff06be366c3d54a8425f04fdcb86f8c5f?s=96&d=mm&r=g\",\"contentUrl\":\"https:\/\/secure.gravatar.com\/avatar\/68cfafa5f44617fea54071e215026e0ff06be366c3d54a8425f04fdcb86f8c5f?s=96&d=mm&r=g\",\"caption\":\"@sscc\"},\"url\":\"https:\/\/www.padreeustaquio.com.br\/en\/author\/sscc\/\"}]}<\/script>\n<!-- \/ Yoast SEO plugin. -->","yoast_head_json":{"title":"Father Osv\u00e2nio is elected the new Provincial Superior of Brazil and the Paraguay Region - Father Eust\u00e1quio","robots":{"index":"index","follow":"follow","max-snippet":"max-snippet:-1","max-image-preview":"max-image-preview:large","max-video-preview":"max-video-preview:-1"},"canonical":"https:\/\/www.padreeustaquio.com.br\/en\/father-osvanio-is-elected-the-new-provincial-superior-of-brazil-and-the-paraguay-region\/","og_locale":"en_US","og_type":"article","og_title":"Padre Osv\u00e2nio \u00e9 eleito novo Superior Provincial do Brasil e Regi\u00e3o do Paraguai - Padre Eust\u00e1quio","og_description":"O Padre Osv\u00e2nio Humberto Mariano, ss.cc. foi eleito na tarde de hoje, 20 de janeiro de 2021, o Superior Provincial do Brasil e Regi\u00e3o do Paraguai. A escolha foi feita durante o XI Cap\u00edtulo Provincial, em Pindamonhangaba-SP. Osv\u00e2nio, de 56 anos, \u00e9 filho de D. Terezinha e do saudoso Sr. Jos\u00e9 Mariano. O padre nasceu em Guimar\u00e2nia-MG e trabalhava atualmente como p\u00e1roco da Par\u00f3quia S\u00e3o Dami\u00e3o de Molokai, em Patroc\u00ednio-MG, al\u00e9m de exercer a fun\u00e7\u00e3o de Vig\u00e1rio Episcopal para a Vida Consagrada na Diocese de Patos de Minas-MG. A assembleia que elegeu Pe. Osv\u00e2nio, come\u00e7ou na \u00faltima segunda-feira, dia 18 [&hellip;]","og_url":"https:\/\/www.padreeustaquio.com.br\/en\/father-osvanio-is-elected-the-new-provincial-superior-of-brazil-and-the-paraguay-region\/","og_site_name":"Padre Eust\u00e1quio","article_publisher":"https:\/\/www.facebook.com\/beatopadreeustaquio\/","article_published_time":"2021-01-20T20:58:37+00:00","article_modified_time":"2021-01-20T21:13:01+00:00","og_image":[{"width":1024,"height":688,"url":"https:\/\/www.padreeustaquio.com.br\/wp-content\/uploads\/2021\/01\/Pe.-Osvanio-e-Pe.-Alberto-e1611176466885.jpeg","type":"image\/jpeg"}],"author":"@sscc","twitter_card":"summary_large_image","twitter_creator":"@beatopeustaquio","twitter_site":"@beatopeustaquio","twitter_misc":{"Written by":"@sscc","Est. reading time":"3 minutes"},"schema":{"@context":"https:\/\/schema.org","@graph":[{"@type":"Article","@id":"https:\/\/www.padreeustaquio.com.br\/padre-osvanio-e-eleito-novo-superior-provincial-do-brasil-e-regiao-do-paraguai\/#article","isPartOf":{"@id":"https:\/\/www.padreeustaquio.com.br\/padre-osvanio-e-eleito-novo-superior-provincial-do-brasil-e-regiao-do-paraguai\/"},"author":{"name":"@sscc","@id":"https:\/\/www.padreeustaquio.com.br\/#\/schema\/person\/a2a51db1d00f1a7af0204a0f1ddb1566"},"headline":"Padre Osv\u00e2nio \u00e9 eleito novo Superior Provincial do Brasil e Regi\u00e3o do Paraguai","datePublished":"2021-01-20T20:58:37+00:00","dateModified":"2021-01-20T21:13:01+00:00","mainEntityOfPage":{"@id":"https:\/\/www.padreeustaquio.com.br\/padre-osvanio-e-eleito-novo-superior-provincial-do-brasil-e-regiao-do-paraguai\/"},"wordCount":647,"commentCount":0,"publisher":{"@id":"https:\/\/www.padreeustaquio.com.br\/#organization"},"image":{"@id":"https:\/\/www.padreeustaquio.com.br\/padre-osvanio-e-eleito-novo-superior-provincial-do-brasil-e-regiao-do-paraguai\/#primaryimage"},"thumbnailUrl":"https:\/\/www.padreeustaquio.com.br\/wp-content\/uploads\/2021\/01\/Pe.-Osvanio-e-Pe.-Alberto-e1611176466885.jpeg","articleSection":["Not\u00edcias"],"inLanguage":"en-US","potentialAction":[{"@type":"CommentAction","name":"Comment","target":["https:\/\/www.padreeustaquio.com.br\/padre-osvanio-e-eleito-novo-superior-provincial-do-brasil-e-regiao-do-paraguai\/#respond"]}]},{"@type":"WebPage","@id":"https:\/\/www.padreeustaquio.com.br\/padre-osvanio-e-eleito-novo-superior-provincial-do-brasil-e-regiao-do-paraguai\/","url":"https:\/\/www.padreeustaquio.com.br\/padre-osvanio-e-eleito-novo-superior-provincial-do-brasil-e-regiao-do-paraguai\/","name":"Father Osv\u00e2nio is elected the new Provincial Superior of Brazil and the Paraguay Region - Father Eust\u00e1quio","isPartOf":{"@id":"https:\/\/www.padreeustaquio.com.br\/#website"},"primaryImageOfPage":{"@id":"https:\/\/www.padreeustaquio.com.br\/padre-osvanio-e-eleito-novo-superior-provincial-do-brasil-e-regiao-do-paraguai\/#primaryimage"},"image":{"@id":"https:\/\/www.padreeustaquio.com.br\/padre-osvanio-e-eleito-novo-superior-provincial-do-brasil-e-regiao-do-paraguai\/#primaryimage"},"thumbnailUrl":"https:\/\/www.padreeustaquio.com.br\/wp-content\/uploads\/2021\/01\/Pe.-Osvanio-e-Pe.-Alberto-e1611176466885.jpeg","datePublished":"2021-01-20T20:58:37+00:00","dateModified":"2021-01-20T21:13:01+00:00","breadcrumb":{"@id":"https:\/\/www.padreeustaquio.com.br\/padre-osvanio-e-eleito-novo-superior-provincial-do-brasil-e-regiao-do-paraguai\/#breadcrumb"},"inLanguage":"en-US","potentialAction":[{"@type":"ReadAction","target":["https:\/\/www.padreeustaquio.com.br\/padre-osvanio-e-eleito-novo-superior-provincial-do-brasil-e-regiao-do-paraguai\/"]}]},{"@type":"ImageObject","inLanguage":"en-US","@id":"https:\/\/www.padreeustaquio.com.br\/padre-osvanio-e-eleito-novo-superior-provincial-do-brasil-e-regiao-do-paraguai\/#primaryimage","url":"https:\/\/www.padreeustaquio.com.br\/wp-content\/uploads\/2021\/01\/Pe.-Osvanio-e-Pe.-Alberto-e1611176466885.jpeg","contentUrl":"https:\/\/www.padreeustaquio.com.br\/wp-content\/uploads\/2021\/01\/Pe.-Osvanio-e-Pe.-Alberto-e1611176466885.jpeg","width":1024,"height":688,"caption":"Padre Osv\u00e2nio Humberto, ss.cc. no momento da elei\u00e7\u00e3o, recebendo os cumprimentos do Superior Geral, Pe. Alberto Toutin, ss.cc."},{"@type":"BreadcrumbList","@id":"https:\/\/www.padreeustaquio.com.br\/padre-osvanio-e-eleito-novo-superior-provincial-do-brasil-e-regiao-do-paraguai\/#breadcrumb","itemListElement":[{"@type":"ListItem","position":1,"name":"In\u00edcio","item":"https:\/\/www.padreeustaquio.com.br\/"},{"@type":"ListItem","position":2,"name":"Padre Osv\u00e2nio \u00e9 eleito novo Superior Provincial do Brasil e Regi\u00e3o do Paraguai"}]},{"@type":"WebSite","@id":"https:\/\/www.padreeustaquio.com.br\/#website","url":"https:\/\/www.padreeustaquio.com.br\/","name":"FATHER EUST\u00c1QUIO","description":"Health and Peace","publisher":{"@id":"https:\/\/www.padreeustaquio.com.br\/#organization"},"potentialAction":[{"@type":"SearchAction","target":{"@type":"EntryPoint","urlTemplate":"https:\/\/www.padreeustaquio.com.br\/?s={search_term_string}"},"query-input":{"@type":"PropertyValueSpecification","valueRequired":true,"valueName":"search_term_string"}}],"inLanguage":"en-US"},{"@type":"Organization","@id":"https:\/\/www.padreeustaquio.com.br\/#organization","name":"FATHER EUST\u00c1QUIO","url":"https:\/\/www.padreeustaquio.com.br\/","logo":{"@type":"ImageObject","inLanguage":"en-US","@id":"https:\/\/www.padreeustaquio.com.br\/#\/schema\/logo\/image\/","url":"https:\/\/www.padreeustaquio.com.br\/wp-content\/uploads\/2019\/08\/marca.png","contentUrl":"https:\/\/www.padreeustaquio.com.br\/wp-content\/uploads\/2019\/08\/marca.png","width":350,"height":400,"caption":"Padre Eust\u00e1quio"},"image":{"@id":"https:\/\/www.padreeustaquio.com.br\/#\/schema\/logo\/image\/"},"sameAs":["https:\/\/www.facebook.com\/beatopadreeustaquio\/","https:\/\/x.com\/beatopeustaquio","https:\/\/www.instagram.com\/beatopadreeustaquio\/","https:\/\/www.youtube.com\/channel\/UCRhw7vfabnajwLxb1ZXMeIw"]},{"@type":"Person","@id":"https:\/\/www.padreeustaquio.com.br\/#\/schema\/person\/a2a51db1d00f1a7af0204a0f1ddb1566","name":"@sscc","image":{"@type":"ImageObject","inLanguage":"en-US","@id":"https:\/\/secure.gravatar.com\/avatar\/68cfafa5f44617fea54071e215026e0ff06be366c3d54a8425f04fdcb86f8c5f?s=96&d=mm&r=g","url":"https:\/\/secure.gravatar.com\/avatar\/68cfafa5f44617fea54071e215026e0ff06be366c3d54a8425f04fdcb86f8c5f?s=96&d=mm&r=g","contentUrl":"https:\/\/secure.gravatar.com\/avatar\/68cfafa5f44617fea54071e215026e0ff06be366c3d54a8425f04fdcb86f8c5f?s=96&d=mm&r=g","caption":"@sscc"},"url":"https:\/\/www.padreeustaquio.com.br\/en\/author\/sscc\/"}]}},"_links":{"self":[{"href":"https:\/\/www.padreeustaquio.com.br\/en\/wp-json\/wp\/v2\/posts\/4900","targetHints":{"allow":["GET"]}}],"collection":[{"href":"https:\/\/www.padreeustaquio.com.br\/en\/wp-json\/wp\/v2\/posts"}],"about":[{"href":"https:\/\/www.padreeustaquio.com.br\/en\/wp-json\/wp\/v2\/types\/post"}],"author":[{"embeddable":true,"href":"https:\/\/www.padreeustaquio.com.br\/en\/wp-json\/wp\/v2\/users\/2"}],"replies":[{"embeddable":true,"href":"https:\/\/www.padreeustaquio.com.br\/en\/wp-json\/wp\/v2\/comments?post=4900"}],"version-history":[{"count":0,"href":"https:\/\/www.padreeustaquio.com.br\/en\/wp-json\/wp\/v2\/posts\/4900\/revisions"}],"wp:featuredmedia":[{"embeddable":true,"href":"https:\/\/www.padreeustaquio.com.br\/en\/wp-json\/wp\/v2\/media\/4902"}],"wp:attachment":[{"href":"https:\/\/www.padreeustaquio.com.br\/en\/wp-json\/wp\/v2\/media?parent=4900"}],"wp:term":[{"taxonomy":"category","embeddable":true,"href":"https:\/\/www.padreeustaquio.com.br\/en\/wp-json\/wp\/v2\/categories?post=4900"},{"taxonomy":"post_tag","embeddable":true,"href":"https:\/\/www.padreeustaquio.com.br\/en\/wp-json\/wp\/v2\/tags?post=4900"}],"curies":[{"name":"wp","href":"https:\/\/api.w.org\/{rel}","templated":true}]}}