{"id":4833,"date":"2020-12-22T10:24:51","date_gmt":"2020-12-22T13:24:51","guid":{"rendered":"https:\/\/www.padreeustaquio.com.br\/?p=4833"},"modified":"2020-12-22T10:32:53","modified_gmt":"2020-12-22T13:32:53","slug":"father-eustaquios-church-holds-another-day-of-live-novena","status":"publish","type":"post","link":"https:\/\/www.padreeustaquio.com.br\/en\/father-eustaquios-church-holds-another-day-of-live-novena\/","title":{"rendered":"Padre Eust\u00e1quio Church broadcasts the 9th day of the Christmas Novena live."},"content":{"rendered":"<p>The final day of the Christmas Novena was broadcast live on the Padre Eust\u00e1quio Channel on YouTube. For approximately one hour, Father Edmar Oliveira, ss.cc, led the moment of reflection and prayer, directly from the Health and Peace Sanctuary.<\/p>\n<p>Throughout the Novena, representatives from movements and pastoral groups, as well as religious members of the community, were present at the church to participate in the day&#039;s meditation. Online, hundreds of people participated by praying and sending prayer requests through the chat or comments.<\/p>\n<p>Many were moved by the celebration: <em>\u201c&quot;Guys, I didn&#039;t cry anymore because I had nothing left to cry about...&quot;\u201d<\/em>, &quot;A parish volunteer said on social media. In another comment, the parishioner highlighted:&quot; <em>\u201c&quot;It was truly special! May the Sacred Hearts bless our community!&quot;\u201d<\/em><\/p>\n<p>The video is available. <a href=\"https:\/\/www.youtube.com\/watch?v=cskYwxoq880&amp;list=PL7SBzddW7UznUwDtq1urACy9JYt5dGH8X&amp;index=1\">here<\/a> For you to watch and rewatch, making this time even more special as we prepare to receive Jesus.<\/p>\n<p><strong>Christmas Novena<\/strong><\/p>\n<p>The novena arose with the objective of evangelizing and raising awareness in the community about the importance of the Christmas celebration, through prayer, reading and meditating on the Word of God, with a spirit of sharing and solidarity.<\/p>\n<p>This moment should be shared by everyone, from children to the elderly. Beginning at least nine days before Christmas, the novena should be filled with hearts overflowing with love and solidarity. This is a pastoral expression that helps the church maintain a focus on the incarnation of Jesus, bringing this mystery into people&#039;s daily lives.<\/p>\n<p>Even in the face of social isolation, we must prepare for the arrival of Jesus with our families, praying the Christmas Novena and preparing our hearts to receive the Lord.<\/p>","protected":false},"excerpt":{"rendered":"<p>O \u00faltimo dia da Novena de Natal foi transmitido ao vivo pelo Canal Padre Eust\u00e1quio, do YouTube. Durante aproximadamente 1 hora, Padre Edmar Oliveira, ss.cc, conduziu o momento de reflex\u00e3o e ora\u00e7\u00e3o, direto do Santu\u00e1rio Sa\u00fade e Paz. Ao longo da Novena, representantes de movimentos e pastorais, al\u00e9m de religiosos da comunidade, estiveram na igreja acompanhando a medita\u00e7\u00e3o deste dia. Pela internet, centenas de pessoas participaram rezando e enviando pedidos de ora\u00e7\u00e3o pelo chat ou pelos coment\u00e1rios. Muitos se emocionaram com a celebra\u00e7\u00e3o: &#8220;Gente, n\u00e3o chorei mais pq n\u00e3o tinha mais o que chorar&#8230;&#8221;, disse uma volunt\u00e1ria da par\u00f3quia nas [&hellip;]<\/p>\n","protected":false},"author":2,"featured_media":4838,"comment_status":"open","ping_status":"open","sticky":false,"template":"","format":"standard","meta":{"_acf_changed":false,"footnotes":""},"categories":[611],"tags":[],"class_list":["post-4833","post","type-post","status-publish","format-standard","has-post-thumbnail","hentry","category-noticias"],"acf":[],"yoast_head":"<!-- This site is optimized with the Yoast SEO plugin v27.2 - https:\/\/yoast.com\/product\/yoast-seo-wordpress\/ -->\n<title>Igreja Padre Eust\u00e1quio realiza 9\u00ba dia da Novena de Natal ao vivo - Padre Eust\u00e1quio<\/title>\n<meta name=\"robots\" content=\"index, follow, max-snippet:-1, max-image-preview:large, max-video-preview:-1\" \/>\n<link rel=\"canonical\" href=\"https:\/\/www.padreeustaquio.com.br\/en\/father-eustaquios-church-holds-another-day-of-live-novena\/\" \/>\n<meta property=\"og:locale\" content=\"en_US\" \/>\n<meta property=\"og:type\" content=\"article\" \/>\n<meta property=\"og:title\" content=\"Igreja Padre Eust\u00e1quio realiza 9\u00ba dia da Novena de Natal ao vivo - Padre Eust\u00e1quio\" \/>\n<meta property=\"og:description\" content=\"O \u00faltimo dia da Novena de Natal foi transmitido ao vivo pelo Canal Padre Eust\u00e1quio, do YouTube. Durante aproximadamente 1 hora, Padre Edmar Oliveira, ss.cc, conduziu o momento de reflex\u00e3o e ora\u00e7\u00e3o, direto do Santu\u00e1rio Sa\u00fade e Paz. Ao longo da Novena, representantes de movimentos e pastorais, al\u00e9m de religiosos da comunidade, estiveram na igreja acompanhando a medita\u00e7\u00e3o deste dia. Pela internet, centenas de pessoas participaram rezando e enviando pedidos de ora\u00e7\u00e3o pelo chat ou pelos coment\u00e1rios. Muitos se emocionaram com a celebra\u00e7\u00e3o: &#8220;Gente, n\u00e3o chorei mais pq n\u00e3o tinha mais o que chorar&#8230;&#8221;, disse uma volunt\u00e1ria da par\u00f3quia nas [&hellip;]\" \/>\n<meta property=\"og:url\" content=\"https:\/\/www.padreeustaquio.com.br\/en\/father-eustaquios-church-holds-another-day-of-live-novena\/\" \/>\n<meta property=\"og:site_name\" content=\"Padre Eust\u00e1quio\" \/>\n<meta property=\"article:publisher\" content=\"https:\/\/www.facebook.com\/beatopadreeustaquio\/\" \/>\n<meta property=\"article:published_time\" content=\"2020-12-22T13:24:51+00:00\" \/>\n<meta property=\"article:modified_time\" content=\"2020-12-22T13:32:53+00:00\" \/>\n<meta property=\"og:image\" content=\"https:\/\/www.padreeustaquio.com.br\/wp-content\/uploads\/2020\/12\/WhatsApp-Image-2020-12-21-at-22.42.21-1-e1608643950739.jpeg\" \/>\n\t<meta property=\"og:image:width\" content=\"1280\" \/>\n\t<meta property=\"og:image:height\" content=\"691\" \/>\n\t<meta property=\"og:image:type\" content=\"image\/jpeg\" \/>\n<meta name=\"author\" content=\"@sscc\" \/>\n<meta name=\"twitter:card\" content=\"summary_large_image\" \/>\n<meta name=\"twitter:creator\" content=\"@beatopeustaquio\" \/>\n<meta name=\"twitter:site\" content=\"@beatopeustaquio\" \/>\n<meta name=\"twitter:label1\" content=\"Written by\" \/>\n\t<meta name=\"twitter:data1\" content=\"@sscc\" \/>\n\t<meta name=\"twitter:label2\" content=\"Est. reading time\" \/>\n\t<meta name=\"twitter:data2\" content=\"1 minute\" \/>\n<script type=\"application\/ld+json\" class=\"yoast-schema-graph\">{\"@context\":\"https:\/\/schema.org\",\"@graph\":[{\"@type\":\"Article\",\"@id\":\"https:\/\/www.padreeustaquio.com.br\/igreja-padre-eustaquio-realiza-novo-dia-da-novena-ao-vivo\/#article\",\"isPartOf\":{\"@id\":\"https:\/\/www.padreeustaquio.com.br\/igreja-padre-eustaquio-realiza-novo-dia-da-novena-ao-vivo\/\"},\"author\":{\"name\":\"@sscc\",\"@id\":\"https:\/\/www.padreeustaquio.com.br\/#\/schema\/person\/a2a51db1d00f1a7af0204a0f1ddb1566\"},\"headline\":\"Igreja Padre Eust\u00e1quio realiza 9\u00ba dia da Novena de Natal ao vivo\",\"datePublished\":\"2020-12-22T13:24:51+00:00\",\"dateModified\":\"2020-12-22T13:32:53+00:00\",\"mainEntityOfPage\":{\"@id\":\"https:\/\/www.padreeustaquio.com.br\/igreja-padre-eustaquio-realiza-novo-dia-da-novena-ao-vivo\/\"},\"wordCount\":310,\"commentCount\":0,\"publisher\":{\"@id\":\"https:\/\/www.padreeustaquio.com.br\/#organization\"},\"image\":{\"@id\":\"https:\/\/www.padreeustaquio.com.br\/igreja-padre-eustaquio-realiza-novo-dia-da-novena-ao-vivo\/#primaryimage\"},\"thumbnailUrl\":\"https:\/\/www.padreeustaquio.com.br\/wp-content\/uploads\/2020\/12\/WhatsApp-Image-2020-12-21-at-22.42.21-1-e1608643950739.jpeg\",\"articleSection\":[\"Not\u00edcias\"],\"inLanguage\":\"en-US\",\"potentialAction\":[{\"@type\":\"CommentAction\",\"name\":\"Comment\",\"target\":[\"https:\/\/www.padreeustaquio.com.br\/igreja-padre-eustaquio-realiza-novo-dia-da-novena-ao-vivo\/#respond\"]}]},{\"@type\":\"WebPage\",\"@id\":\"https:\/\/www.padreeustaquio.com.br\/igreja-padre-eustaquio-realiza-novo-dia-da-novena-ao-vivo\/\",\"url\":\"https:\/\/www.padreeustaquio.com.br\/igreja-padre-eustaquio-realiza-novo-dia-da-novena-ao-vivo\/\",\"name\":\"Igreja Padre Eust\u00e1quio realiza 9\u00ba dia da Novena de Natal ao vivo - Padre Eust\u00e1quio\",\"isPartOf\":{\"@id\":\"https:\/\/www.padreeustaquio.com.br\/#website\"},\"primaryImageOfPage\":{\"@id\":\"https:\/\/www.padreeustaquio.com.br\/igreja-padre-eustaquio-realiza-novo-dia-da-novena-ao-vivo\/#primaryimage\"},\"image\":{\"@id\":\"https:\/\/www.padreeustaquio.com.br\/igreja-padre-eustaquio-realiza-novo-dia-da-novena-ao-vivo\/#primaryimage\"},\"thumbnailUrl\":\"https:\/\/www.padreeustaquio.com.br\/wp-content\/uploads\/2020\/12\/WhatsApp-Image-2020-12-21-at-22.42.21-1-e1608643950739.jpeg\",\"datePublished\":\"2020-12-22T13:24:51+00:00\",\"dateModified\":\"2020-12-22T13:32:53+00:00\",\"breadcrumb\":{\"@id\":\"https:\/\/www.padreeustaquio.com.br\/igreja-padre-eustaquio-realiza-novo-dia-da-novena-ao-vivo\/#breadcrumb\"},\"inLanguage\":\"en-US\",\"potentialAction\":[{\"@type\":\"ReadAction\",\"target\":[\"https:\/\/www.padreeustaquio.com.br\/igreja-padre-eustaquio-realiza-novo-dia-da-novena-ao-vivo\/\"]}]},{\"@type\":\"ImageObject\",\"inLanguage\":\"en-US\",\"@id\":\"https:\/\/www.padreeustaquio.com.br\/igreja-padre-eustaquio-realiza-novo-dia-da-novena-ao-vivo\/#primaryimage\",\"url\":\"https:\/\/www.padreeustaquio.com.br\/wp-content\/uploads\/2020\/12\/WhatsApp-Image-2020-12-21-at-22.42.21-1-e1608643950739.jpeg\",\"contentUrl\":\"https:\/\/www.padreeustaquio.com.br\/wp-content\/uploads\/2020\/12\/WhatsApp-Image-2020-12-21-at-22.42.21-1-e1608643950739.jpeg\",\"width\":1280,\"height\":691},{\"@type\":\"BreadcrumbList\",\"@id\":\"https:\/\/www.padreeustaquio.com.br\/igreja-padre-eustaquio-realiza-novo-dia-da-novena-ao-vivo\/#breadcrumb\",\"itemListElement\":[{\"@type\":\"ListItem\",\"position\":1,\"name\":\"In\u00edcio\",\"item\":\"https:\/\/www.padreeustaquio.com.br\/\"},{\"@type\":\"ListItem\",\"position\":2,\"name\":\"Igreja Padre Eust\u00e1quio realiza 9\u00ba dia da Novena de Natal ao vivo\"}]},{\"@type\":\"WebSite\",\"@id\":\"https:\/\/www.padreeustaquio.com.br\/#website\",\"url\":\"https:\/\/www.padreeustaquio.com.br\/\",\"name\":\"Padre Eust\u00e1quio\",\"description\":\"Sa\u00fade e Paz\",\"publisher\":{\"@id\":\"https:\/\/www.padreeustaquio.com.br\/#organization\"},\"potentialAction\":[{\"@type\":\"SearchAction\",\"target\":{\"@type\":\"EntryPoint\",\"urlTemplate\":\"https:\/\/www.padreeustaquio.com.br\/?s={search_term_string}\"},\"query-input\":{\"@type\":\"PropertyValueSpecification\",\"valueRequired\":true,\"valueName\":\"search_term_string\"}}],\"inLanguage\":\"en-US\"},{\"@type\":\"Organization\",\"@id\":\"https:\/\/www.padreeustaquio.com.br\/#organization\",\"name\":\"Padre Eust\u00e1quio\",\"url\":\"https:\/\/www.padreeustaquio.com.br\/\",\"logo\":{\"@type\":\"ImageObject\",\"inLanguage\":\"en-US\",\"@id\":\"https:\/\/www.padreeustaquio.com.br\/#\/schema\/logo\/image\/\",\"url\":\"https:\/\/www.padreeustaquio.com.br\/wp-content\/uploads\/2019\/08\/marca.png\",\"contentUrl\":\"https:\/\/www.padreeustaquio.com.br\/wp-content\/uploads\/2019\/08\/marca.png\",\"width\":350,\"height\":400,\"caption\":\"Padre Eust\u00e1quio\"},\"image\":{\"@id\":\"https:\/\/www.padreeustaquio.com.br\/#\/schema\/logo\/image\/\"},\"sameAs\":[\"https:\/\/www.facebook.com\/beatopadreeustaquio\/\",\"https:\/\/x.com\/beatopeustaquio\",\"https:\/\/www.instagram.com\/beatopadreeustaquio\/\",\"https:\/\/www.youtube.com\/channel\/UCRhw7vfabnajwLxb1ZXMeIw\"]},{\"@type\":\"Person\",\"@id\":\"https:\/\/www.padreeustaquio.com.br\/#\/schema\/person\/a2a51db1d00f1a7af0204a0f1ddb1566\",\"name\":\"@sscc\",\"image\":{\"@type\":\"ImageObject\",\"inLanguage\":\"en-US\",\"@id\":\"https:\/\/secure.gravatar.com\/avatar\/68cfafa5f44617fea54071e215026e0ff06be366c3d54a8425f04fdcb86f8c5f?s=96&d=mm&r=g\",\"url\":\"https:\/\/secure.gravatar.com\/avatar\/68cfafa5f44617fea54071e215026e0ff06be366c3d54a8425f04fdcb86f8c5f?s=96&d=mm&r=g\",\"contentUrl\":\"https:\/\/secure.gravatar.com\/avatar\/68cfafa5f44617fea54071e215026e0ff06be366c3d54a8425f04fdcb86f8c5f?s=96&d=mm&r=g\",\"caption\":\"@sscc\"},\"url\":\"https:\/\/www.padreeustaquio.com.br\/en\/author\/sscc\/\"}]}<\/script>\n<!-- \/ Yoast SEO plugin. -->","yoast_head_json":{"title":"Padre Eust\u00e1quio Church holds the 9th day of the Christmas Novena live - Padre Eust\u00e1quio","robots":{"index":"index","follow":"follow","max-snippet":"max-snippet:-1","max-image-preview":"max-image-preview:large","max-video-preview":"max-video-preview:-1"},"canonical":"https:\/\/www.padreeustaquio.com.br\/en\/father-eustaquios-church-holds-another-day-of-live-novena\/","og_locale":"en_US","og_type":"article","og_title":"Igreja Padre Eust\u00e1quio realiza 9\u00ba dia da Novena de Natal ao vivo - Padre Eust\u00e1quio","og_description":"O \u00faltimo dia da Novena de Natal foi transmitido ao vivo pelo Canal Padre Eust\u00e1quio, do YouTube. Durante aproximadamente 1 hora, Padre Edmar Oliveira, ss.cc, conduziu o momento de reflex\u00e3o e ora\u00e7\u00e3o, direto do Santu\u00e1rio Sa\u00fade e Paz. Ao longo da Novena, representantes de movimentos e pastorais, al\u00e9m de religiosos da comunidade, estiveram na igreja acompanhando a medita\u00e7\u00e3o deste dia. Pela internet, centenas de pessoas participaram rezando e enviando pedidos de ora\u00e7\u00e3o pelo chat ou pelos coment\u00e1rios. Muitos se emocionaram com a celebra\u00e7\u00e3o: &#8220;Gente, n\u00e3o chorei mais pq n\u00e3o tinha mais o que chorar&#8230;&#8221;, disse uma volunt\u00e1ria da par\u00f3quia nas [&hellip;]","og_url":"https:\/\/www.padreeustaquio.com.br\/en\/father-eustaquios-church-holds-another-day-of-live-novena\/","og_site_name":"Padre Eust\u00e1quio","article_publisher":"https:\/\/www.facebook.com\/beatopadreeustaquio\/","article_published_time":"2020-12-22T13:24:51+00:00","article_modified_time":"2020-12-22T13:32:53+00:00","og_image":[{"width":1280,"height":691,"url":"https:\/\/www.padreeustaquio.com.br\/wp-content\/uploads\/2020\/12\/WhatsApp-Image-2020-12-21-at-22.42.21-1-e1608643950739.jpeg","type":"image\/jpeg"}],"author":"@sscc","twitter_card":"summary_large_image","twitter_creator":"@beatopeustaquio","twitter_site":"@beatopeustaquio","twitter_misc":{"Written by":"@sscc","Est. reading time":"1 minute"},"schema":{"@context":"https:\/\/schema.org","@graph":[{"@type":"Article","@id":"https:\/\/www.padreeustaquio.com.br\/igreja-padre-eustaquio-realiza-novo-dia-da-novena-ao-vivo\/#article","isPartOf":{"@id":"https:\/\/www.padreeustaquio.com.br\/igreja-padre-eustaquio-realiza-novo-dia-da-novena-ao-vivo\/"},"author":{"name":"@sscc","@id":"https:\/\/www.padreeustaquio.com.br\/#\/schema\/person\/a2a51db1d00f1a7af0204a0f1ddb1566"},"headline":"Igreja Padre Eust\u00e1quio realiza 9\u00ba dia da Novena de Natal ao vivo","datePublished":"2020-12-22T13:24:51+00:00","dateModified":"2020-12-22T13:32:53+00:00","mainEntityOfPage":{"@id":"https:\/\/www.padreeustaquio.com.br\/igreja-padre-eustaquio-realiza-novo-dia-da-novena-ao-vivo\/"},"wordCount":310,"commentCount":0,"publisher":{"@id":"https:\/\/www.padreeustaquio.com.br\/#organization"},"image":{"@id":"https:\/\/www.padreeustaquio.com.br\/igreja-padre-eustaquio-realiza-novo-dia-da-novena-ao-vivo\/#primaryimage"},"thumbnailUrl":"https:\/\/www.padreeustaquio.com.br\/wp-content\/uploads\/2020\/12\/WhatsApp-Image-2020-12-21-at-22.42.21-1-e1608643950739.jpeg","articleSection":["Not\u00edcias"],"inLanguage":"en-US","potentialAction":[{"@type":"CommentAction","name":"Comment","target":["https:\/\/www.padreeustaquio.com.br\/igreja-padre-eustaquio-realiza-novo-dia-da-novena-ao-vivo\/#respond"]}]},{"@type":"WebPage","@id":"https:\/\/www.padreeustaquio.com.br\/igreja-padre-eustaquio-realiza-novo-dia-da-novena-ao-vivo\/","url":"https:\/\/www.padreeustaquio.com.br\/igreja-padre-eustaquio-realiza-novo-dia-da-novena-ao-vivo\/","name":"Padre Eust\u00e1quio Church holds the 9th day of the Christmas Novena live - Padre Eust\u00e1quio","isPartOf":{"@id":"https:\/\/www.padreeustaquio.com.br\/#website"},"primaryImageOfPage":{"@id":"https:\/\/www.padreeustaquio.com.br\/igreja-padre-eustaquio-realiza-novo-dia-da-novena-ao-vivo\/#primaryimage"},"image":{"@id":"https:\/\/www.padreeustaquio.com.br\/igreja-padre-eustaquio-realiza-novo-dia-da-novena-ao-vivo\/#primaryimage"},"thumbnailUrl":"https:\/\/www.padreeustaquio.com.br\/wp-content\/uploads\/2020\/12\/WhatsApp-Image-2020-12-21-at-22.42.21-1-e1608643950739.jpeg","datePublished":"2020-12-22T13:24:51+00:00","dateModified":"2020-12-22T13:32:53+00:00","breadcrumb":{"@id":"https:\/\/www.padreeustaquio.com.br\/igreja-padre-eustaquio-realiza-novo-dia-da-novena-ao-vivo\/#breadcrumb"},"inLanguage":"en-US","potentialAction":[{"@type":"ReadAction","target":["https:\/\/www.padreeustaquio.com.br\/igreja-padre-eustaquio-realiza-novo-dia-da-novena-ao-vivo\/"]}]},{"@type":"ImageObject","inLanguage":"en-US","@id":"https:\/\/www.padreeustaquio.com.br\/igreja-padre-eustaquio-realiza-novo-dia-da-novena-ao-vivo\/#primaryimage","url":"https:\/\/www.padreeustaquio.com.br\/wp-content\/uploads\/2020\/12\/WhatsApp-Image-2020-12-21-at-22.42.21-1-e1608643950739.jpeg","contentUrl":"https:\/\/www.padreeustaquio.com.br\/wp-content\/uploads\/2020\/12\/WhatsApp-Image-2020-12-21-at-22.42.21-1-e1608643950739.jpeg","width":1280,"height":691},{"@type":"BreadcrumbList","@id":"https:\/\/www.padreeustaquio.com.br\/igreja-padre-eustaquio-realiza-novo-dia-da-novena-ao-vivo\/#breadcrumb","itemListElement":[{"@type":"ListItem","position":1,"name":"In\u00edcio","item":"https:\/\/www.padreeustaquio.com.br\/"},{"@type":"ListItem","position":2,"name":"Igreja Padre Eust\u00e1quio realiza 9\u00ba dia da Novena de Natal ao vivo"}]},{"@type":"WebSite","@id":"https:\/\/www.padreeustaquio.com.br\/#website","url":"https:\/\/www.padreeustaquio.com.br\/","name":"FATHER EUST\u00c1QUIO","description":"Health and Peace","publisher":{"@id":"https:\/\/www.padreeustaquio.com.br\/#organization"},"potentialAction":[{"@type":"SearchAction","target":{"@type":"EntryPoint","urlTemplate":"https:\/\/www.padreeustaquio.com.br\/?s={search_term_string}"},"query-input":{"@type":"PropertyValueSpecification","valueRequired":true,"valueName":"search_term_string"}}],"inLanguage":"en-US"},{"@type":"Organization","@id":"https:\/\/www.padreeustaquio.com.br\/#organization","name":"FATHER EUST\u00c1QUIO","url":"https:\/\/www.padreeustaquio.com.br\/","logo":{"@type":"ImageObject","inLanguage":"en-US","@id":"https:\/\/www.padreeustaquio.com.br\/#\/schema\/logo\/image\/","url":"https:\/\/www.padreeustaquio.com.br\/wp-content\/uploads\/2019\/08\/marca.png","contentUrl":"https:\/\/www.padreeustaquio.com.br\/wp-content\/uploads\/2019\/08\/marca.png","width":350,"height":400,"caption":"Padre Eust\u00e1quio"},"image":{"@id":"https:\/\/www.padreeustaquio.com.br\/#\/schema\/logo\/image\/"},"sameAs":["https:\/\/www.facebook.com\/beatopadreeustaquio\/","https:\/\/x.com\/beatopeustaquio","https:\/\/www.instagram.com\/beatopadreeustaquio\/","https:\/\/www.youtube.com\/channel\/UCRhw7vfabnajwLxb1ZXMeIw"]},{"@type":"Person","@id":"https:\/\/www.padreeustaquio.com.br\/#\/schema\/person\/a2a51db1d00f1a7af0204a0f1ddb1566","name":"@sscc","image":{"@type":"ImageObject","inLanguage":"en-US","@id":"https:\/\/secure.gravatar.com\/avatar\/68cfafa5f44617fea54071e215026e0ff06be366c3d54a8425f04fdcb86f8c5f?s=96&d=mm&r=g","url":"https:\/\/secure.gravatar.com\/avatar\/68cfafa5f44617fea54071e215026e0ff06be366c3d54a8425f04fdcb86f8c5f?s=96&d=mm&r=g","contentUrl":"https:\/\/secure.gravatar.com\/avatar\/68cfafa5f44617fea54071e215026e0ff06be366c3d54a8425f04fdcb86f8c5f?s=96&d=mm&r=g","caption":"@sscc"},"url":"https:\/\/www.padreeustaquio.com.br\/en\/author\/sscc\/"}]}},"_links":{"self":[{"href":"https:\/\/www.padreeustaquio.com.br\/en\/wp-json\/wp\/v2\/posts\/4833","targetHints":{"allow":["GET"]}}],"collection":[{"href":"https:\/\/www.padreeustaquio.com.br\/en\/wp-json\/wp\/v2\/posts"}],"about":[{"href":"https:\/\/www.padreeustaquio.com.br\/en\/wp-json\/wp\/v2\/types\/post"}],"author":[{"embeddable":true,"href":"https:\/\/www.padreeustaquio.com.br\/en\/wp-json\/wp\/v2\/users\/2"}],"replies":[{"embeddable":true,"href":"https:\/\/www.padreeustaquio.com.br\/en\/wp-json\/wp\/v2\/comments?post=4833"}],"version-history":[{"count":0,"href":"https:\/\/www.padreeustaquio.com.br\/en\/wp-json\/wp\/v2\/posts\/4833\/revisions"}],"wp:featuredmedia":[{"embeddable":true,"href":"https:\/\/www.padreeustaquio.com.br\/en\/wp-json\/wp\/v2\/media\/4838"}],"wp:attachment":[{"href":"https:\/\/www.padreeustaquio.com.br\/en\/wp-json\/wp\/v2\/media?parent=4833"}],"wp:term":[{"taxonomy":"category","embeddable":true,"href":"https:\/\/www.padreeustaquio.com.br\/en\/wp-json\/wp\/v2\/categories?post=4833"},{"taxonomy":"post_tag","embeddable":true,"href":"https:\/\/www.padreeustaquio.com.br\/en\/wp-json\/wp\/v2\/tags?post=4833"}],"curies":[{"name":"wp","href":"https:\/\/api.w.org\/{rel}","templated":true}]}}