{"id":4823,"date":"2020-12-18T08:00:37","date_gmt":"2020-12-18T11:00:37","guid":{"rendered":"https:\/\/www.padreeustaquio.com.br\/?p=4823"},"modified":"2020-12-18T10:31:21","modified_gmt":"2020-12-18T13:31:21","slug":"check-the-mass-times-for-christmas-and-new-years-plan-ahead-and-pray-with-us","status":"publish","type":"post","link":"https:\/\/www.padreeustaquio.com.br\/en\/check-the-mass-times-for-christmas-and-new-years-plan-ahead-and-pray-with-us\/","title":{"rendered":"Check the Mass times for Christmas and New Year&#039;s, plan ahead, and pray with us."},"content":{"rendered":"<p>This year, because of the pandemic, the celebration of Christmas will be different, but it is necessary to do it with the same faith and devotion so that the baby Jesus may truly be reborn in our hearts.<\/p>\n<p>In Belo Horizonte, the Sanctuary of Health and Peace has already scheduled the masses that will be celebrated for Christmas and New Year&#039;s:<\/p>\n<p><strong>Christmas<\/strong><br \/>\n<em>\u2013 December 24th, Thursday, Christmas Eve at 7 PM<\/em><br \/>\n<em>\u2013 December 25th, Friday, Christmas Masses at 10:00 AM and 6:00 PM.<\/em><\/p>\n<p>On weekends, the celebrations remain the same: Saturday at 6 PM and Sunday at 7:30 AM, 10 AM, and 6 PM. On Tuesday (the 29th) there will be Mass as usual at 7 PM and on Wednesday (Father Eust\u00e1quio&#039;s Day) at two times, 3 PM and 7 PM. All with live streaming on [website\/platform name]. <a href=\"https:\/\/www.youtube.com\/channel\/UCRhw7vfabnajwLxb1ZXMeIw\">Padre Eust\u00e1quio Channel<\/a><\/p>\n<p><strong>New Year<\/strong><br \/>\n<em>\u2013 December 31st, Thursday, New Year&#039;s Eve Eve service at 7 PM<\/em><br \/>\n<em>\u2013 January 1st, Friday, New Year&#039;s Masses at 10:00 AM and 6:00 PM.<\/em><\/p>\n<p>Tickets for the Christmas week Masses will begin to be distributed starting Monday the 21st, and those for the New Year&#039;s week, Monday the 28th. They can be obtained here on our website (by clicking on the banner on the homepage) or in person at the Parish Office.<\/p>\n<p>Plan ahead because we continue to have restrictions on the number of people participating in the celebrations in person. Seniors or people in at-risk groups can continue to follow along online. <a href=\"https:\/\/www.youtube.com\/channel\/UCRhw7vfabnajwLxb1ZXMeIw\">Padre Eust\u00e1quio Channel<\/a>, on YouTube or Facebook <a href=\"https:\/\/pt-br.facebook.com\/beatopadreeustaquio\">@beatopadreeustaquio<\/a>.<\/p>","protected":false},"excerpt":{"rendered":"<p>Este ano, por causa da pandemia, a celebra\u00e7\u00e3o do Natal ser\u00e1 diferente, mas, \u00e9 preciso faz\u00ea-la com a mesma f\u00e9 e devo\u00e7\u00e3o para que o menino Deus renas\u00e7a, verdadeiramente, nos nossos cora\u00e7\u00f5es. Em Belo Horizonte, o Santu\u00e1rio da Sa\u00fade e Paz, j\u00e1 programou as missas que ser\u00e3o celebradas pela ocasi\u00e3o do Natal e do Ano Novo: Natal &#8211; Dia 24 de dezembro, quinta-feira, Vig\u00edlia de Natal \u00e0s 19h &#8211; Dia 25 de dezembro, sexta-feira, Missas de Natal, \u00e0s 10h e \u00e0s 18h. No final de semana, as celebra\u00e7\u00f5es continuam as mesmas: S\u00e1bado, \u00e0s 18h e no Domingo \u00e0s 7h30, 10h [&hellip;]<\/p>\n","protected":false},"author":2,"featured_media":4824,"comment_status":"open","ping_status":"open","sticky":false,"template":"","format":"standard","meta":{"_acf_changed":false,"footnotes":""},"categories":[611],"tags":[],"class_list":["post-4823","post","type-post","status-publish","format-standard","has-post-thumbnail","hentry","category-noticias"],"acf":[],"yoast_head":"<!-- This site is optimized with the Yoast SEO plugin v27.2 - https:\/\/yoast.com\/product\/yoast-seo-wordpress\/ -->\n<title>Confira os hor\u00e1rios das Missas de Natal e Ano Novo, programe-se e reze conosco - Padre Eust\u00e1quio<\/title>\n<meta name=\"robots\" content=\"index, follow, max-snippet:-1, max-image-preview:large, max-video-preview:-1\" \/>\n<link rel=\"canonical\" href=\"https:\/\/www.padreeustaquio.com.br\/en\/check-the-mass-times-for-christmas-and-new-years-plan-ahead-and-pray-with-us\/\" \/>\n<meta property=\"og:locale\" content=\"en_US\" \/>\n<meta property=\"og:type\" content=\"article\" \/>\n<meta property=\"og:title\" content=\"Confira os hor\u00e1rios das Missas de Natal e Ano Novo, programe-se e reze conosco - Padre Eust\u00e1quio\" \/>\n<meta property=\"og:description\" content=\"Este ano, por causa da pandemia, a celebra\u00e7\u00e3o do Natal ser\u00e1 diferente, mas, \u00e9 preciso faz\u00ea-la com a mesma f\u00e9 e devo\u00e7\u00e3o para que o menino Deus renas\u00e7a, verdadeiramente, nos nossos cora\u00e7\u00f5es. Em Belo Horizonte, o Santu\u00e1rio da Sa\u00fade e Paz, j\u00e1 programou as missas que ser\u00e3o celebradas pela ocasi\u00e3o do Natal e do Ano Novo: Natal &#8211; Dia 24 de dezembro, quinta-feira, Vig\u00edlia de Natal \u00e0s 19h &#8211; Dia 25 de dezembro, sexta-feira, Missas de Natal, \u00e0s 10h e \u00e0s 18h. No final de semana, as celebra\u00e7\u00f5es continuam as mesmas: S\u00e1bado, \u00e0s 18h e no Domingo \u00e0s 7h30, 10h [&hellip;]\" \/>\n<meta property=\"og:url\" content=\"https:\/\/www.padreeustaquio.com.br\/en\/check-the-mass-times-for-christmas-and-new-years-plan-ahead-and-pray-with-us\/\" \/>\n<meta property=\"og:site_name\" content=\"Padre Eust\u00e1quio\" \/>\n<meta property=\"article:publisher\" content=\"https:\/\/www.facebook.com\/beatopadreeustaquio\/\" \/>\n<meta property=\"article:published_time\" content=\"2020-12-18T11:00:37+00:00\" \/>\n<meta property=\"article:modified_time\" content=\"2020-12-18T13:31:21+00:00\" \/>\n<meta property=\"og:image\" content=\"https:\/\/www.padreeustaquio.com.br\/wp-content\/uploads\/2020\/12\/presepio.jpg\" \/>\n\t<meta property=\"og:image:width\" content=\"665\" \/>\n\t<meta property=\"og:image:height\" content=\"392\" \/>\n\t<meta property=\"og:image:type\" content=\"image\/jpeg\" \/>\n<meta name=\"author\" content=\"@sscc\" \/>\n<meta name=\"twitter:card\" content=\"summary_large_image\" \/>\n<meta name=\"twitter:creator\" content=\"@beatopeustaquio\" \/>\n<meta name=\"twitter:site\" content=\"@beatopeustaquio\" \/>\n<meta name=\"twitter:label1\" content=\"Written by\" \/>\n\t<meta name=\"twitter:data1\" content=\"@sscc\" \/>\n\t<meta name=\"twitter:label2\" content=\"Est. reading time\" \/>\n\t<meta name=\"twitter:data2\" content=\"1 minute\" \/>\n<script type=\"application\/ld+json\" class=\"yoast-schema-graph\">{\"@context\":\"https:\/\/schema.org\",\"@graph\":[{\"@type\":\"Article\",\"@id\":\"https:\/\/www.padreeustaquio.com.br\/confira-os-horarios-das-missas-de-natal-e-ano-novo-programe-se-e-reze-conosco\/#article\",\"isPartOf\":{\"@id\":\"https:\/\/www.padreeustaquio.com.br\/confira-os-horarios-das-missas-de-natal-e-ano-novo-programe-se-e-reze-conosco\/\"},\"author\":{\"name\":\"@sscc\",\"@id\":\"https:\/\/www.padreeustaquio.com.br\/#\/schema\/person\/a2a51db1d00f1a7af0204a0f1ddb1566\"},\"headline\":\"Confira os hor\u00e1rios das Missas de Natal e Ano Novo, programe-se e reze conosco\",\"datePublished\":\"2020-12-18T11:00:37+00:00\",\"dateModified\":\"2020-12-18T13:31:21+00:00\",\"mainEntityOfPage\":{\"@id\":\"https:\/\/www.padreeustaquio.com.br\/confira-os-horarios-das-missas-de-natal-e-ano-novo-programe-se-e-reze-conosco\/\"},\"wordCount\":277,\"commentCount\":0,\"publisher\":{\"@id\":\"https:\/\/www.padreeustaquio.com.br\/#organization\"},\"image\":{\"@id\":\"https:\/\/www.padreeustaquio.com.br\/confira-os-horarios-das-missas-de-natal-e-ano-novo-programe-se-e-reze-conosco\/#primaryimage\"},\"thumbnailUrl\":\"https:\/\/www.padreeustaquio.com.br\/wp-content\/uploads\/2020\/12\/presepio.jpg\",\"articleSection\":[\"Not\u00edcias\"],\"inLanguage\":\"en-US\",\"potentialAction\":[{\"@type\":\"CommentAction\",\"name\":\"Comment\",\"target\":[\"https:\/\/www.padreeustaquio.com.br\/confira-os-horarios-das-missas-de-natal-e-ano-novo-programe-se-e-reze-conosco\/#respond\"]}]},{\"@type\":\"WebPage\",\"@id\":\"https:\/\/www.padreeustaquio.com.br\/confira-os-horarios-das-missas-de-natal-e-ano-novo-programe-se-e-reze-conosco\/\",\"url\":\"https:\/\/www.padreeustaquio.com.br\/confira-os-horarios-das-missas-de-natal-e-ano-novo-programe-se-e-reze-conosco\/\",\"name\":\"Confira os hor\u00e1rios das Missas de Natal e Ano Novo, programe-se e reze conosco - Padre Eust\u00e1quio\",\"isPartOf\":{\"@id\":\"https:\/\/www.padreeustaquio.com.br\/#website\"},\"primaryImageOfPage\":{\"@id\":\"https:\/\/www.padreeustaquio.com.br\/confira-os-horarios-das-missas-de-natal-e-ano-novo-programe-se-e-reze-conosco\/#primaryimage\"},\"image\":{\"@id\":\"https:\/\/www.padreeustaquio.com.br\/confira-os-horarios-das-missas-de-natal-e-ano-novo-programe-se-e-reze-conosco\/#primaryimage\"},\"thumbnailUrl\":\"https:\/\/www.padreeustaquio.com.br\/wp-content\/uploads\/2020\/12\/presepio.jpg\",\"datePublished\":\"2020-12-18T11:00:37+00:00\",\"dateModified\":\"2020-12-18T13:31:21+00:00\",\"breadcrumb\":{\"@id\":\"https:\/\/www.padreeustaquio.com.br\/confira-os-horarios-das-missas-de-natal-e-ano-novo-programe-se-e-reze-conosco\/#breadcrumb\"},\"inLanguage\":\"en-US\",\"potentialAction\":[{\"@type\":\"ReadAction\",\"target\":[\"https:\/\/www.padreeustaquio.com.br\/confira-os-horarios-das-missas-de-natal-e-ano-novo-programe-se-e-reze-conosco\/\"]}]},{\"@type\":\"ImageObject\",\"inLanguage\":\"en-US\",\"@id\":\"https:\/\/www.padreeustaquio.com.br\/confira-os-horarios-das-missas-de-natal-e-ano-novo-programe-se-e-reze-conosco\/#primaryimage\",\"url\":\"https:\/\/www.padreeustaquio.com.br\/wp-content\/uploads\/2020\/12\/presepio.jpg\",\"contentUrl\":\"https:\/\/www.padreeustaquio.com.br\/wp-content\/uploads\/2020\/12\/presepio.jpg\",\"width\":665,\"height\":392},{\"@type\":\"BreadcrumbList\",\"@id\":\"https:\/\/www.padreeustaquio.com.br\/confira-os-horarios-das-missas-de-natal-e-ano-novo-programe-se-e-reze-conosco\/#breadcrumb\",\"itemListElement\":[{\"@type\":\"ListItem\",\"position\":1,\"name\":\"In\u00edcio\",\"item\":\"https:\/\/www.padreeustaquio.com.br\/\"},{\"@type\":\"ListItem\",\"position\":2,\"name\":\"Confira os hor\u00e1rios das Missas de Natal e Ano Novo, programe-se e reze conosco\"}]},{\"@type\":\"WebSite\",\"@id\":\"https:\/\/www.padreeustaquio.com.br\/#website\",\"url\":\"https:\/\/www.padreeustaquio.com.br\/\",\"name\":\"Padre Eust\u00e1quio\",\"description\":\"Sa\u00fade e Paz\",\"publisher\":{\"@id\":\"https:\/\/www.padreeustaquio.com.br\/#organization\"},\"potentialAction\":[{\"@type\":\"SearchAction\",\"target\":{\"@type\":\"EntryPoint\",\"urlTemplate\":\"https:\/\/www.padreeustaquio.com.br\/?s={search_term_string}\"},\"query-input\":{\"@type\":\"PropertyValueSpecification\",\"valueRequired\":true,\"valueName\":\"search_term_string\"}}],\"inLanguage\":\"en-US\"},{\"@type\":\"Organization\",\"@id\":\"https:\/\/www.padreeustaquio.com.br\/#organization\",\"name\":\"Padre Eust\u00e1quio\",\"url\":\"https:\/\/www.padreeustaquio.com.br\/\",\"logo\":{\"@type\":\"ImageObject\",\"inLanguage\":\"en-US\",\"@id\":\"https:\/\/www.padreeustaquio.com.br\/#\/schema\/logo\/image\/\",\"url\":\"https:\/\/www.padreeustaquio.com.br\/wp-content\/uploads\/2019\/08\/marca.png\",\"contentUrl\":\"https:\/\/www.padreeustaquio.com.br\/wp-content\/uploads\/2019\/08\/marca.png\",\"width\":350,\"height\":400,\"caption\":\"Padre Eust\u00e1quio\"},\"image\":{\"@id\":\"https:\/\/www.padreeustaquio.com.br\/#\/schema\/logo\/image\/\"},\"sameAs\":[\"https:\/\/www.facebook.com\/beatopadreeustaquio\/\",\"https:\/\/x.com\/beatopeustaquio\",\"https:\/\/www.instagram.com\/beatopadreeustaquio\/\",\"https:\/\/www.youtube.com\/channel\/UCRhw7vfabnajwLxb1ZXMeIw\"]},{\"@type\":\"Person\",\"@id\":\"https:\/\/www.padreeustaquio.com.br\/#\/schema\/person\/a2a51db1d00f1a7af0204a0f1ddb1566\",\"name\":\"@sscc\",\"image\":{\"@type\":\"ImageObject\",\"inLanguage\":\"en-US\",\"@id\":\"https:\/\/secure.gravatar.com\/avatar\/68cfafa5f44617fea54071e215026e0ff06be366c3d54a8425f04fdcb86f8c5f?s=96&d=mm&r=g\",\"url\":\"https:\/\/secure.gravatar.com\/avatar\/68cfafa5f44617fea54071e215026e0ff06be366c3d54a8425f04fdcb86f8c5f?s=96&d=mm&r=g\",\"contentUrl\":\"https:\/\/secure.gravatar.com\/avatar\/68cfafa5f44617fea54071e215026e0ff06be366c3d54a8425f04fdcb86f8c5f?s=96&d=mm&r=g\",\"caption\":\"@sscc\"},\"url\":\"https:\/\/www.padreeustaquio.com.br\/en\/author\/sscc\/\"}]}<\/script>\n<!-- \/ Yoast SEO plugin. -->","yoast_head_json":{"title":"Check the Mass times for Christmas and New Year&#039;s, plan ahead and pray with us - Father Eust\u00e1quio","robots":{"index":"index","follow":"follow","max-snippet":"max-snippet:-1","max-image-preview":"max-image-preview:large","max-video-preview":"max-video-preview:-1"},"canonical":"https:\/\/www.padreeustaquio.com.br\/en\/check-the-mass-times-for-christmas-and-new-years-plan-ahead-and-pray-with-us\/","og_locale":"en_US","og_type":"article","og_title":"Confira os hor\u00e1rios das Missas de Natal e Ano Novo, programe-se e reze conosco - Padre Eust\u00e1quio","og_description":"Este ano, por causa da pandemia, a celebra\u00e7\u00e3o do Natal ser\u00e1 diferente, mas, \u00e9 preciso faz\u00ea-la com a mesma f\u00e9 e devo\u00e7\u00e3o para que o menino Deus renas\u00e7a, verdadeiramente, nos nossos cora\u00e7\u00f5es. Em Belo Horizonte, o Santu\u00e1rio da Sa\u00fade e Paz, j\u00e1 programou as missas que ser\u00e3o celebradas pela ocasi\u00e3o do Natal e do Ano Novo: Natal &#8211; Dia 24 de dezembro, quinta-feira, Vig\u00edlia de Natal \u00e0s 19h &#8211; Dia 25 de dezembro, sexta-feira, Missas de Natal, \u00e0s 10h e \u00e0s 18h. No final de semana, as celebra\u00e7\u00f5es continuam as mesmas: S\u00e1bado, \u00e0s 18h e no Domingo \u00e0s 7h30, 10h [&hellip;]","og_url":"https:\/\/www.padreeustaquio.com.br\/en\/check-the-mass-times-for-christmas-and-new-years-plan-ahead-and-pray-with-us\/","og_site_name":"Padre Eust\u00e1quio","article_publisher":"https:\/\/www.facebook.com\/beatopadreeustaquio\/","article_published_time":"2020-12-18T11:00:37+00:00","article_modified_time":"2020-12-18T13:31:21+00:00","og_image":[{"width":665,"height":392,"url":"https:\/\/www.padreeustaquio.com.br\/wp-content\/uploads\/2020\/12\/presepio.jpg","type":"image\/jpeg"}],"author":"@sscc","twitter_card":"summary_large_image","twitter_creator":"@beatopeustaquio","twitter_site":"@beatopeustaquio","twitter_misc":{"Written by":"@sscc","Est. reading time":"1 minute"},"schema":{"@context":"https:\/\/schema.org","@graph":[{"@type":"Article","@id":"https:\/\/www.padreeustaquio.com.br\/confira-os-horarios-das-missas-de-natal-e-ano-novo-programe-se-e-reze-conosco\/#article","isPartOf":{"@id":"https:\/\/www.padreeustaquio.com.br\/confira-os-horarios-das-missas-de-natal-e-ano-novo-programe-se-e-reze-conosco\/"},"author":{"name":"@sscc","@id":"https:\/\/www.padreeustaquio.com.br\/#\/schema\/person\/a2a51db1d00f1a7af0204a0f1ddb1566"},"headline":"Confira os hor\u00e1rios das Missas de Natal e Ano Novo, programe-se e reze conosco","datePublished":"2020-12-18T11:00:37+00:00","dateModified":"2020-12-18T13:31:21+00:00","mainEntityOfPage":{"@id":"https:\/\/www.padreeustaquio.com.br\/confira-os-horarios-das-missas-de-natal-e-ano-novo-programe-se-e-reze-conosco\/"},"wordCount":277,"commentCount":0,"publisher":{"@id":"https:\/\/www.padreeustaquio.com.br\/#organization"},"image":{"@id":"https:\/\/www.padreeustaquio.com.br\/confira-os-horarios-das-missas-de-natal-e-ano-novo-programe-se-e-reze-conosco\/#primaryimage"},"thumbnailUrl":"https:\/\/www.padreeustaquio.com.br\/wp-content\/uploads\/2020\/12\/presepio.jpg","articleSection":["Not\u00edcias"],"inLanguage":"en-US","potentialAction":[{"@type":"CommentAction","name":"Comment","target":["https:\/\/www.padreeustaquio.com.br\/confira-os-horarios-das-missas-de-natal-e-ano-novo-programe-se-e-reze-conosco\/#respond"]}]},{"@type":"WebPage","@id":"https:\/\/www.padreeustaquio.com.br\/confira-os-horarios-das-missas-de-natal-e-ano-novo-programe-se-e-reze-conosco\/","url":"https:\/\/www.padreeustaquio.com.br\/confira-os-horarios-das-missas-de-natal-e-ano-novo-programe-se-e-reze-conosco\/","name":"Check the Mass times for Christmas and New Year&#039;s, plan ahead and pray with us - Father Eust\u00e1quio","isPartOf":{"@id":"https:\/\/www.padreeustaquio.com.br\/#website"},"primaryImageOfPage":{"@id":"https:\/\/www.padreeustaquio.com.br\/confira-os-horarios-das-missas-de-natal-e-ano-novo-programe-se-e-reze-conosco\/#primaryimage"},"image":{"@id":"https:\/\/www.padreeustaquio.com.br\/confira-os-horarios-das-missas-de-natal-e-ano-novo-programe-se-e-reze-conosco\/#primaryimage"},"thumbnailUrl":"https:\/\/www.padreeustaquio.com.br\/wp-content\/uploads\/2020\/12\/presepio.jpg","datePublished":"2020-12-18T11:00:37+00:00","dateModified":"2020-12-18T13:31:21+00:00","breadcrumb":{"@id":"https:\/\/www.padreeustaquio.com.br\/confira-os-horarios-das-missas-de-natal-e-ano-novo-programe-se-e-reze-conosco\/#breadcrumb"},"inLanguage":"en-US","potentialAction":[{"@type":"ReadAction","target":["https:\/\/www.padreeustaquio.com.br\/confira-os-horarios-das-missas-de-natal-e-ano-novo-programe-se-e-reze-conosco\/"]}]},{"@type":"ImageObject","inLanguage":"en-US","@id":"https:\/\/www.padreeustaquio.com.br\/confira-os-horarios-das-missas-de-natal-e-ano-novo-programe-se-e-reze-conosco\/#primaryimage","url":"https:\/\/www.padreeustaquio.com.br\/wp-content\/uploads\/2020\/12\/presepio.jpg","contentUrl":"https:\/\/www.padreeustaquio.com.br\/wp-content\/uploads\/2020\/12\/presepio.jpg","width":665,"height":392},{"@type":"BreadcrumbList","@id":"https:\/\/www.padreeustaquio.com.br\/confira-os-horarios-das-missas-de-natal-e-ano-novo-programe-se-e-reze-conosco\/#breadcrumb","itemListElement":[{"@type":"ListItem","position":1,"name":"In\u00edcio","item":"https:\/\/www.padreeustaquio.com.br\/"},{"@type":"ListItem","position":2,"name":"Confira os hor\u00e1rios das Missas de Natal e Ano Novo, programe-se e reze conosco"}]},{"@type":"WebSite","@id":"https:\/\/www.padreeustaquio.com.br\/#website","url":"https:\/\/www.padreeustaquio.com.br\/","name":"FATHER EUST\u00c1QUIO","description":"Health and Peace","publisher":{"@id":"https:\/\/www.padreeustaquio.com.br\/#organization"},"potentialAction":[{"@type":"SearchAction","target":{"@type":"EntryPoint","urlTemplate":"https:\/\/www.padreeustaquio.com.br\/?s={search_term_string}"},"query-input":{"@type":"PropertyValueSpecification","valueRequired":true,"valueName":"search_term_string"}}],"inLanguage":"en-US"},{"@type":"Organization","@id":"https:\/\/www.padreeustaquio.com.br\/#organization","name":"FATHER EUST\u00c1QUIO","url":"https:\/\/www.padreeustaquio.com.br\/","logo":{"@type":"ImageObject","inLanguage":"en-US","@id":"https:\/\/www.padreeustaquio.com.br\/#\/schema\/logo\/image\/","url":"https:\/\/www.padreeustaquio.com.br\/wp-content\/uploads\/2019\/08\/marca.png","contentUrl":"https:\/\/www.padreeustaquio.com.br\/wp-content\/uploads\/2019\/08\/marca.png","width":350,"height":400,"caption":"Padre Eust\u00e1quio"},"image":{"@id":"https:\/\/www.padreeustaquio.com.br\/#\/schema\/logo\/image\/"},"sameAs":["https:\/\/www.facebook.com\/beatopadreeustaquio\/","https:\/\/x.com\/beatopeustaquio","https:\/\/www.instagram.com\/beatopadreeustaquio\/","https:\/\/www.youtube.com\/channel\/UCRhw7vfabnajwLxb1ZXMeIw"]},{"@type":"Person","@id":"https:\/\/www.padreeustaquio.com.br\/#\/schema\/person\/a2a51db1d00f1a7af0204a0f1ddb1566","name":"@sscc","image":{"@type":"ImageObject","inLanguage":"en-US","@id":"https:\/\/secure.gravatar.com\/avatar\/68cfafa5f44617fea54071e215026e0ff06be366c3d54a8425f04fdcb86f8c5f?s=96&d=mm&r=g","url":"https:\/\/secure.gravatar.com\/avatar\/68cfafa5f44617fea54071e215026e0ff06be366c3d54a8425f04fdcb86f8c5f?s=96&d=mm&r=g","contentUrl":"https:\/\/secure.gravatar.com\/avatar\/68cfafa5f44617fea54071e215026e0ff06be366c3d54a8425f04fdcb86f8c5f?s=96&d=mm&r=g","caption":"@sscc"},"url":"https:\/\/www.padreeustaquio.com.br\/en\/author\/sscc\/"}]}},"_links":{"self":[{"href":"https:\/\/www.padreeustaquio.com.br\/en\/wp-json\/wp\/v2\/posts\/4823","targetHints":{"allow":["GET"]}}],"collection":[{"href":"https:\/\/www.padreeustaquio.com.br\/en\/wp-json\/wp\/v2\/posts"}],"about":[{"href":"https:\/\/www.padreeustaquio.com.br\/en\/wp-json\/wp\/v2\/types\/post"}],"author":[{"embeddable":true,"href":"https:\/\/www.padreeustaquio.com.br\/en\/wp-json\/wp\/v2\/users\/2"}],"replies":[{"embeddable":true,"href":"https:\/\/www.padreeustaquio.com.br\/en\/wp-json\/wp\/v2\/comments?post=4823"}],"version-history":[{"count":0,"href":"https:\/\/www.padreeustaquio.com.br\/en\/wp-json\/wp\/v2\/posts\/4823\/revisions"}],"wp:featuredmedia":[{"embeddable":true,"href":"https:\/\/www.padreeustaquio.com.br\/en\/wp-json\/wp\/v2\/media\/4824"}],"wp:attachment":[{"href":"https:\/\/www.padreeustaquio.com.br\/en\/wp-json\/wp\/v2\/media?parent=4823"}],"wp:term":[{"taxonomy":"category","embeddable":true,"href":"https:\/\/www.padreeustaquio.com.br\/en\/wp-json\/wp\/v2\/categories?post=4823"},{"taxonomy":"post_tag","embeddable":true,"href":"https:\/\/www.padreeustaquio.com.br\/en\/wp-json\/wp\/v2\/tags?post=4823"}],"curies":[{"name":"wp","href":"https:\/\/api.w.org\/{rel}","templated":true}]}}