{"id":4818,"date":"2020-12-16T08:57:00","date_gmt":"2020-12-16T11:57:00","guid":{"rendered":"https:\/\/www.padreeustaquio.com.br\/?p=4818"},"modified":"2020-12-14T09:14:53","modified_gmt":"2020-12-14T12:14:53","slug":"in-december-individual-confessions-will-only-take-place-on-fridays","status":"publish","type":"post","link":"https:\/\/www.padreeustaquio.com.br\/en\/in-december-individual-confessions-will-only-take-place-on-fridays\/","title":{"rendered":"In December, individual confessions will only take place on Fridays."},"content":{"rendered":"<p>In the first months of the pandemic, individual confession was suspended and only gradually resumed after transmission numbers decreased. Recently, confessions were held on Wednesdays and Fridays, but due to the rest period for some priests and the restrictions imposed by actions against the Coronavirus, confessions will now be held every Friday from 8:30 am to 10:00 am.<\/p>\n<p>Service is provided at the church on a first-come, first-served basis. Upon entering the temple, people must sanitize their shoes on the sanitizing mat and their hands with hand sanitizer. The line forms along the pews, which are already arranged with the appropriate social distancing.<\/p>\n<p>The moment of confession is completely safe. The priest stands behind an acrylic shield, and everyone is required to wear a mask at all times.<\/p>","protected":false},"excerpt":{"rendered":"<p>Nos primeiros meses de pandemia, a confiss\u00e3o individual ficou suspensa e s\u00f3 voltou gradualmente depois que os n\u00famero de transmiss\u00e3o baixaram. Recentemente elas aconteciam \u00e0s quartas e sextas, mas por causa do per\u00edodo de descanso de alguns sacerdotes e das restri\u00e7\u00f5es impostas pelas a\u00e7\u00f5es contra o Coronav\u00edrus, as confiss\u00f5es passam a ser realizadas todas as sextas-feiras, das 8h30 \u00e0s 10h. O atendimento \u00e9 feito na igreja, por ordem de chegada. Ao entrar no templo, as pessoas precisam higienizar os cal\u00e7ados no tapete sanitizante, e as m\u00e3os com \u00e1lcool gel. A fila \u00e9 formada ao longo dos bancos que j\u00e1 est\u00e3o [&hellip;]<\/p>\n","protected":false},"author":2,"featured_media":4819,"comment_status":"open","ping_status":"open","sticky":false,"template":"","format":"standard","meta":{"_acf_changed":false,"footnotes":""},"categories":[611],"tags":[],"class_list":["post-4818","post","type-post","status-publish","format-standard","has-post-thumbnail","hentry","category-noticias"],"acf":[],"yoast_head":"<!-- This site is optimized with the Yoast SEO plugin v27.2 - https:\/\/yoast.com\/product\/yoast-seo-wordpress\/ -->\n<title>Em dezembro, confiss\u00f5es individuais ocorrer\u00e3o somente \u00e0s sextas-feiras - Padre Eust\u00e1quio<\/title>\n<meta name=\"robots\" content=\"index, follow, max-snippet:-1, max-image-preview:large, max-video-preview:-1\" \/>\n<link rel=\"canonical\" href=\"https:\/\/www.padreeustaquio.com.br\/en\/in-december-individual-confessions-will-only-take-place-on-fridays\/\" \/>\n<meta property=\"og:locale\" content=\"en_US\" \/>\n<meta property=\"og:type\" content=\"article\" \/>\n<meta property=\"og:title\" content=\"Em dezembro, confiss\u00f5es individuais ocorrer\u00e3o somente \u00e0s sextas-feiras - Padre Eust\u00e1quio\" \/>\n<meta property=\"og:description\" content=\"Nos primeiros meses de pandemia, a confiss\u00e3o individual ficou suspensa e s\u00f3 voltou gradualmente depois que os n\u00famero de transmiss\u00e3o baixaram. Recentemente elas aconteciam \u00e0s quartas e sextas, mas por causa do per\u00edodo de descanso de alguns sacerdotes e das restri\u00e7\u00f5es impostas pelas a\u00e7\u00f5es contra o Coronav\u00edrus, as confiss\u00f5es passam a ser realizadas todas as sextas-feiras, das 8h30 \u00e0s 10h. O atendimento \u00e9 feito na igreja, por ordem de chegada. Ao entrar no templo, as pessoas precisam higienizar os cal\u00e7ados no tapete sanitizante, e as m\u00e3os com \u00e1lcool gel. A fila \u00e9 formada ao longo dos bancos que j\u00e1 est\u00e3o [&hellip;]\" \/>\n<meta property=\"og:url\" content=\"https:\/\/www.padreeustaquio.com.br\/en\/in-december-individual-confessions-will-only-take-place-on-fridays\/\" \/>\n<meta property=\"og:site_name\" content=\"Padre Eust\u00e1quio\" \/>\n<meta property=\"article:publisher\" content=\"https:\/\/www.facebook.com\/beatopadreeustaquio\/\" \/>\n<meta property=\"article:published_time\" content=\"2020-12-16T11:57:00+00:00\" \/>\n<meta property=\"og:image\" content=\"https:\/\/www.padreeustaquio.com.br\/wp-content\/uploads\/2020\/12\/MG_6920-1024x575.jpg\" \/>\n\t<meta property=\"og:image:width\" content=\"1024\" \/>\n\t<meta property=\"og:image:height\" content=\"575\" \/>\n\t<meta property=\"og:image:type\" content=\"image\/jpeg\" \/>\n<meta name=\"author\" content=\"@sscc\" \/>\n<meta name=\"twitter:card\" content=\"summary_large_image\" \/>\n<meta name=\"twitter:creator\" content=\"@beatopeustaquio\" \/>\n<meta name=\"twitter:site\" content=\"@beatopeustaquio\" \/>\n<meta name=\"twitter:label1\" content=\"Written by\" \/>\n\t<meta name=\"twitter:data1\" content=\"@sscc\" \/>\n\t<meta name=\"twitter:label2\" content=\"Est. reading time\" \/>\n\t<meta name=\"twitter:data2\" content=\"1 minute\" \/>\n<script type=\"application\/ld+json\" class=\"yoast-schema-graph\">{\"@context\":\"https:\/\/schema.org\",\"@graph\":[{\"@type\":\"Article\",\"@id\":\"https:\/\/www.padreeustaquio.com.br\/em-dezembro-confissoes-individuais-ocorrerao-somente-as-sextas-feiras\/#article\",\"isPartOf\":{\"@id\":\"https:\/\/www.padreeustaquio.com.br\/em-dezembro-confissoes-individuais-ocorrerao-somente-as-sextas-feiras\/\"},\"author\":{\"name\":\"@sscc\",\"@id\":\"https:\/\/www.padreeustaquio.com.br\/#\/schema\/person\/a2a51db1d00f1a7af0204a0f1ddb1566\"},\"headline\":\"Em dezembro, confiss\u00f5es individuais ocorrer\u00e3o somente \u00e0s sextas-feiras\",\"datePublished\":\"2020-12-16T11:57:00+00:00\",\"mainEntityOfPage\":{\"@id\":\"https:\/\/www.padreeustaquio.com.br\/em-dezembro-confissoes-individuais-ocorrerao-somente-as-sextas-feiras\/\"},\"wordCount\":156,\"commentCount\":0,\"publisher\":{\"@id\":\"https:\/\/www.padreeustaquio.com.br\/#organization\"},\"image\":{\"@id\":\"https:\/\/www.padreeustaquio.com.br\/em-dezembro-confissoes-individuais-ocorrerao-somente-as-sextas-feiras\/#primaryimage\"},\"thumbnailUrl\":\"https:\/\/www.padreeustaquio.com.br\/wp-content\/uploads\/2020\/12\/MG_6920.jpg\",\"articleSection\":[\"Not\u00edcias\"],\"inLanguage\":\"en-US\",\"potentialAction\":[{\"@type\":\"CommentAction\",\"name\":\"Comment\",\"target\":[\"https:\/\/www.padreeustaquio.com.br\/em-dezembro-confissoes-individuais-ocorrerao-somente-as-sextas-feiras\/#respond\"]}]},{\"@type\":\"WebPage\",\"@id\":\"https:\/\/www.padreeustaquio.com.br\/em-dezembro-confissoes-individuais-ocorrerao-somente-as-sextas-feiras\/\",\"url\":\"https:\/\/www.padreeustaquio.com.br\/em-dezembro-confissoes-individuais-ocorrerao-somente-as-sextas-feiras\/\",\"name\":\"Em dezembro, confiss\u00f5es individuais ocorrer\u00e3o somente \u00e0s sextas-feiras - Padre Eust\u00e1quio\",\"isPartOf\":{\"@id\":\"https:\/\/www.padreeustaquio.com.br\/#website\"},\"primaryImageOfPage\":{\"@id\":\"https:\/\/www.padreeustaquio.com.br\/em-dezembro-confissoes-individuais-ocorrerao-somente-as-sextas-feiras\/#primaryimage\"},\"image\":{\"@id\":\"https:\/\/www.padreeustaquio.com.br\/em-dezembro-confissoes-individuais-ocorrerao-somente-as-sextas-feiras\/#primaryimage\"},\"thumbnailUrl\":\"https:\/\/www.padreeustaquio.com.br\/wp-content\/uploads\/2020\/12\/MG_6920.jpg\",\"datePublished\":\"2020-12-16T11:57:00+00:00\",\"breadcrumb\":{\"@id\":\"https:\/\/www.padreeustaquio.com.br\/em-dezembro-confissoes-individuais-ocorrerao-somente-as-sextas-feiras\/#breadcrumb\"},\"inLanguage\":\"en-US\",\"potentialAction\":[{\"@type\":\"ReadAction\",\"target\":[\"https:\/\/www.padreeustaquio.com.br\/em-dezembro-confissoes-individuais-ocorrerao-somente-as-sextas-feiras\/\"]}]},{\"@type\":\"ImageObject\",\"inLanguage\":\"en-US\",\"@id\":\"https:\/\/www.padreeustaquio.com.br\/em-dezembro-confissoes-individuais-ocorrerao-somente-as-sextas-feiras\/#primaryimage\",\"url\":\"https:\/\/www.padreeustaquio.com.br\/wp-content\/uploads\/2020\/12\/MG_6920.jpg\",\"contentUrl\":\"https:\/\/www.padreeustaquio.com.br\/wp-content\/uploads\/2020\/12\/MG_6920.jpg\",\"width\":5184,\"height\":2912},{\"@type\":\"BreadcrumbList\",\"@id\":\"https:\/\/www.padreeustaquio.com.br\/em-dezembro-confissoes-individuais-ocorrerao-somente-as-sextas-feiras\/#breadcrumb\",\"itemListElement\":[{\"@type\":\"ListItem\",\"position\":1,\"name\":\"In\u00edcio\",\"item\":\"https:\/\/www.padreeustaquio.com.br\/\"},{\"@type\":\"ListItem\",\"position\":2,\"name\":\"Em dezembro, confiss\u00f5es individuais ocorrer\u00e3o somente \u00e0s sextas-feiras\"}]},{\"@type\":\"WebSite\",\"@id\":\"https:\/\/www.padreeustaquio.com.br\/#website\",\"url\":\"https:\/\/www.padreeustaquio.com.br\/\",\"name\":\"Padre Eust\u00e1quio\",\"description\":\"Sa\u00fade e Paz\",\"publisher\":{\"@id\":\"https:\/\/www.padreeustaquio.com.br\/#organization\"},\"potentialAction\":[{\"@type\":\"SearchAction\",\"target\":{\"@type\":\"EntryPoint\",\"urlTemplate\":\"https:\/\/www.padreeustaquio.com.br\/?s={search_term_string}\"},\"query-input\":{\"@type\":\"PropertyValueSpecification\",\"valueRequired\":true,\"valueName\":\"search_term_string\"}}],\"inLanguage\":\"en-US\"},{\"@type\":\"Organization\",\"@id\":\"https:\/\/www.padreeustaquio.com.br\/#organization\",\"name\":\"Padre Eust\u00e1quio\",\"url\":\"https:\/\/www.padreeustaquio.com.br\/\",\"logo\":{\"@type\":\"ImageObject\",\"inLanguage\":\"en-US\",\"@id\":\"https:\/\/www.padreeustaquio.com.br\/#\/schema\/logo\/image\/\",\"url\":\"https:\/\/www.padreeustaquio.com.br\/wp-content\/uploads\/2019\/08\/marca.png\",\"contentUrl\":\"https:\/\/www.padreeustaquio.com.br\/wp-content\/uploads\/2019\/08\/marca.png\",\"width\":350,\"height\":400,\"caption\":\"Padre Eust\u00e1quio\"},\"image\":{\"@id\":\"https:\/\/www.padreeustaquio.com.br\/#\/schema\/logo\/image\/\"},\"sameAs\":[\"https:\/\/www.facebook.com\/beatopadreeustaquio\/\",\"https:\/\/x.com\/beatopeustaquio\",\"https:\/\/www.instagram.com\/beatopadreeustaquio\/\",\"https:\/\/www.youtube.com\/channel\/UCRhw7vfabnajwLxb1ZXMeIw\"]},{\"@type\":\"Person\",\"@id\":\"https:\/\/www.padreeustaquio.com.br\/#\/schema\/person\/a2a51db1d00f1a7af0204a0f1ddb1566\",\"name\":\"@sscc\",\"image\":{\"@type\":\"ImageObject\",\"inLanguage\":\"en-US\",\"@id\":\"https:\/\/secure.gravatar.com\/avatar\/68cfafa5f44617fea54071e215026e0ff06be366c3d54a8425f04fdcb86f8c5f?s=96&d=mm&r=g\",\"url\":\"https:\/\/secure.gravatar.com\/avatar\/68cfafa5f44617fea54071e215026e0ff06be366c3d54a8425f04fdcb86f8c5f?s=96&d=mm&r=g\",\"contentUrl\":\"https:\/\/secure.gravatar.com\/avatar\/68cfafa5f44617fea54071e215026e0ff06be366c3d54a8425f04fdcb86f8c5f?s=96&d=mm&r=g\",\"caption\":\"@sscc\"},\"url\":\"https:\/\/www.padreeustaquio.com.br\/en\/author\/sscc\/\"}]}<\/script>\n<!-- \/ Yoast SEO plugin. -->","yoast_head_json":{"title":"In December, individual confessions will only be available on Fridays - Father Eust\u00e1quio","robots":{"index":"index","follow":"follow","max-snippet":"max-snippet:-1","max-image-preview":"max-image-preview:large","max-video-preview":"max-video-preview:-1"},"canonical":"https:\/\/www.padreeustaquio.com.br\/en\/in-december-individual-confessions-will-only-take-place-on-fridays\/","og_locale":"en_US","og_type":"article","og_title":"Em dezembro, confiss\u00f5es individuais ocorrer\u00e3o somente \u00e0s sextas-feiras - Padre Eust\u00e1quio","og_description":"Nos primeiros meses de pandemia, a confiss\u00e3o individual ficou suspensa e s\u00f3 voltou gradualmente depois que os n\u00famero de transmiss\u00e3o baixaram. Recentemente elas aconteciam \u00e0s quartas e sextas, mas por causa do per\u00edodo de descanso de alguns sacerdotes e das restri\u00e7\u00f5es impostas pelas a\u00e7\u00f5es contra o Coronav\u00edrus, as confiss\u00f5es passam a ser realizadas todas as sextas-feiras, das 8h30 \u00e0s 10h. O atendimento \u00e9 feito na igreja, por ordem de chegada. Ao entrar no templo, as pessoas precisam higienizar os cal\u00e7ados no tapete sanitizante, e as m\u00e3os com \u00e1lcool gel. A fila \u00e9 formada ao longo dos bancos que j\u00e1 est\u00e3o [&hellip;]","og_url":"https:\/\/www.padreeustaquio.com.br\/en\/in-december-individual-confessions-will-only-take-place-on-fridays\/","og_site_name":"Padre Eust\u00e1quio","article_publisher":"https:\/\/www.facebook.com\/beatopadreeustaquio\/","article_published_time":"2020-12-16T11:57:00+00:00","og_image":[{"width":1024,"height":575,"url":"https:\/\/www.padreeustaquio.com.br\/wp-content\/uploads\/2020\/12\/MG_6920-1024x575.jpg","type":"image\/jpeg"}],"author":"@sscc","twitter_card":"summary_large_image","twitter_creator":"@beatopeustaquio","twitter_site":"@beatopeustaquio","twitter_misc":{"Written by":"@sscc","Est. reading time":"1 minute"},"schema":{"@context":"https:\/\/schema.org","@graph":[{"@type":"Article","@id":"https:\/\/www.padreeustaquio.com.br\/em-dezembro-confissoes-individuais-ocorrerao-somente-as-sextas-feiras\/#article","isPartOf":{"@id":"https:\/\/www.padreeustaquio.com.br\/em-dezembro-confissoes-individuais-ocorrerao-somente-as-sextas-feiras\/"},"author":{"name":"@sscc","@id":"https:\/\/www.padreeustaquio.com.br\/#\/schema\/person\/a2a51db1d00f1a7af0204a0f1ddb1566"},"headline":"Em dezembro, confiss\u00f5es individuais ocorrer\u00e3o somente \u00e0s sextas-feiras","datePublished":"2020-12-16T11:57:00+00:00","mainEntityOfPage":{"@id":"https:\/\/www.padreeustaquio.com.br\/em-dezembro-confissoes-individuais-ocorrerao-somente-as-sextas-feiras\/"},"wordCount":156,"commentCount":0,"publisher":{"@id":"https:\/\/www.padreeustaquio.com.br\/#organization"},"image":{"@id":"https:\/\/www.padreeustaquio.com.br\/em-dezembro-confissoes-individuais-ocorrerao-somente-as-sextas-feiras\/#primaryimage"},"thumbnailUrl":"https:\/\/www.padreeustaquio.com.br\/wp-content\/uploads\/2020\/12\/MG_6920.jpg","articleSection":["Not\u00edcias"],"inLanguage":"en-US","potentialAction":[{"@type":"CommentAction","name":"Comment","target":["https:\/\/www.padreeustaquio.com.br\/em-dezembro-confissoes-individuais-ocorrerao-somente-as-sextas-feiras\/#respond"]}]},{"@type":"WebPage","@id":"https:\/\/www.padreeustaquio.com.br\/em-dezembro-confissoes-individuais-ocorrerao-somente-as-sextas-feiras\/","url":"https:\/\/www.padreeustaquio.com.br\/em-dezembro-confissoes-individuais-ocorrerao-somente-as-sextas-feiras\/","name":"In December, individual confessions will only be available on Fridays - Father Eust\u00e1quio","isPartOf":{"@id":"https:\/\/www.padreeustaquio.com.br\/#website"},"primaryImageOfPage":{"@id":"https:\/\/www.padreeustaquio.com.br\/em-dezembro-confissoes-individuais-ocorrerao-somente-as-sextas-feiras\/#primaryimage"},"image":{"@id":"https:\/\/www.padreeustaquio.com.br\/em-dezembro-confissoes-individuais-ocorrerao-somente-as-sextas-feiras\/#primaryimage"},"thumbnailUrl":"https:\/\/www.padreeustaquio.com.br\/wp-content\/uploads\/2020\/12\/MG_6920.jpg","datePublished":"2020-12-16T11:57:00+00:00","breadcrumb":{"@id":"https:\/\/www.padreeustaquio.com.br\/em-dezembro-confissoes-individuais-ocorrerao-somente-as-sextas-feiras\/#breadcrumb"},"inLanguage":"en-US","potentialAction":[{"@type":"ReadAction","target":["https:\/\/www.padreeustaquio.com.br\/em-dezembro-confissoes-individuais-ocorrerao-somente-as-sextas-feiras\/"]}]},{"@type":"ImageObject","inLanguage":"en-US","@id":"https:\/\/www.padreeustaquio.com.br\/em-dezembro-confissoes-individuais-ocorrerao-somente-as-sextas-feiras\/#primaryimage","url":"https:\/\/www.padreeustaquio.com.br\/wp-content\/uploads\/2020\/12\/MG_6920.jpg","contentUrl":"https:\/\/www.padreeustaquio.com.br\/wp-content\/uploads\/2020\/12\/MG_6920.jpg","width":5184,"height":2912},{"@type":"BreadcrumbList","@id":"https:\/\/www.padreeustaquio.com.br\/em-dezembro-confissoes-individuais-ocorrerao-somente-as-sextas-feiras\/#breadcrumb","itemListElement":[{"@type":"ListItem","position":1,"name":"In\u00edcio","item":"https:\/\/www.padreeustaquio.com.br\/"},{"@type":"ListItem","position":2,"name":"Em dezembro, confiss\u00f5es individuais ocorrer\u00e3o somente \u00e0s sextas-feiras"}]},{"@type":"WebSite","@id":"https:\/\/www.padreeustaquio.com.br\/#website","url":"https:\/\/www.padreeustaquio.com.br\/","name":"FATHER EUST\u00c1QUIO","description":"Health and Peace","publisher":{"@id":"https:\/\/www.padreeustaquio.com.br\/#organization"},"potentialAction":[{"@type":"SearchAction","target":{"@type":"EntryPoint","urlTemplate":"https:\/\/www.padreeustaquio.com.br\/?s={search_term_string}"},"query-input":{"@type":"PropertyValueSpecification","valueRequired":true,"valueName":"search_term_string"}}],"inLanguage":"en-US"},{"@type":"Organization","@id":"https:\/\/www.padreeustaquio.com.br\/#organization","name":"FATHER EUST\u00c1QUIO","url":"https:\/\/www.padreeustaquio.com.br\/","logo":{"@type":"ImageObject","inLanguage":"en-US","@id":"https:\/\/www.padreeustaquio.com.br\/#\/schema\/logo\/image\/","url":"https:\/\/www.padreeustaquio.com.br\/wp-content\/uploads\/2019\/08\/marca.png","contentUrl":"https:\/\/www.padreeustaquio.com.br\/wp-content\/uploads\/2019\/08\/marca.png","width":350,"height":400,"caption":"Padre Eust\u00e1quio"},"image":{"@id":"https:\/\/www.padreeustaquio.com.br\/#\/schema\/logo\/image\/"},"sameAs":["https:\/\/www.facebook.com\/beatopadreeustaquio\/","https:\/\/x.com\/beatopeustaquio","https:\/\/www.instagram.com\/beatopadreeustaquio\/","https:\/\/www.youtube.com\/channel\/UCRhw7vfabnajwLxb1ZXMeIw"]},{"@type":"Person","@id":"https:\/\/www.padreeustaquio.com.br\/#\/schema\/person\/a2a51db1d00f1a7af0204a0f1ddb1566","name":"@sscc","image":{"@type":"ImageObject","inLanguage":"en-US","@id":"https:\/\/secure.gravatar.com\/avatar\/68cfafa5f44617fea54071e215026e0ff06be366c3d54a8425f04fdcb86f8c5f?s=96&d=mm&r=g","url":"https:\/\/secure.gravatar.com\/avatar\/68cfafa5f44617fea54071e215026e0ff06be366c3d54a8425f04fdcb86f8c5f?s=96&d=mm&r=g","contentUrl":"https:\/\/secure.gravatar.com\/avatar\/68cfafa5f44617fea54071e215026e0ff06be366c3d54a8425f04fdcb86f8c5f?s=96&d=mm&r=g","caption":"@sscc"},"url":"https:\/\/www.padreeustaquio.com.br\/en\/author\/sscc\/"}]}},"_links":{"self":[{"href":"https:\/\/www.padreeustaquio.com.br\/en\/wp-json\/wp\/v2\/posts\/4818","targetHints":{"allow":["GET"]}}],"collection":[{"href":"https:\/\/www.padreeustaquio.com.br\/en\/wp-json\/wp\/v2\/posts"}],"about":[{"href":"https:\/\/www.padreeustaquio.com.br\/en\/wp-json\/wp\/v2\/types\/post"}],"author":[{"embeddable":true,"href":"https:\/\/www.padreeustaquio.com.br\/en\/wp-json\/wp\/v2\/users\/2"}],"replies":[{"embeddable":true,"href":"https:\/\/www.padreeustaquio.com.br\/en\/wp-json\/wp\/v2\/comments?post=4818"}],"version-history":[{"count":0,"href":"https:\/\/www.padreeustaquio.com.br\/en\/wp-json\/wp\/v2\/posts\/4818\/revisions"}],"wp:featuredmedia":[{"embeddable":true,"href":"https:\/\/www.padreeustaquio.com.br\/en\/wp-json\/wp\/v2\/media\/4819"}],"wp:attachment":[{"href":"https:\/\/www.padreeustaquio.com.br\/en\/wp-json\/wp\/v2\/media?parent=4818"}],"wp:term":[{"taxonomy":"category","embeddable":true,"href":"https:\/\/www.padreeustaquio.com.br\/en\/wp-json\/wp\/v2\/categories?post=4818"},{"taxonomy":"post_tag","embeddable":true,"href":"https:\/\/www.padreeustaquio.com.br\/en\/wp-json\/wp\/v2\/tags?post=4818"}],"curies":[{"name":"wp","href":"https:\/\/api.w.org\/{rel}","templated":true}]}}