{"id":4815,"date":"2020-12-14T08:54:38","date_gmt":"2020-12-14T11:54:38","guid":{"rendered":"https:\/\/www.padreeustaquio.com.br\/?p=4815"},"modified":"2020-12-14T08:56:29","modified_gmt":"2020-12-14T11:56:29","slug":"the-archdiocese-of-belo-horizonte-reinforces-guidelines-during-the-pandemic","status":"publish","type":"post","link":"https:\/\/www.padreeustaquio.com.br\/en\/the-archdiocese-of-belo-horizonte-reinforces-guidelines-during-the-pandemic\/","title":{"rendered":"The Archdiocese of Belo Horizonte reinforces guidelines during the pandemic."},"content":{"rendered":"<p>With the aim of reinforcing sanitary safety measures against the Coronavirus, at a time when cases of virus transmission are increasing in the capital of Minas Gerais and its metropolitan region, the Technical Logistics Committee for the Use of Physical Space, formed by the Archdiocese of Belo Horizonte, released a new statement to the parishes this week.<\/p>\n<p>The letter cites the recent increase in the number of people infected and reiterates the recommendations listed in the document &quot;Missionary Evangelization: A New Time,&quot; released by the Archdiocese at the beginning of the pandemic.<\/p>\n<p>The Sanctuary of Health and Peace reaffirms its commitment to the health and lives of people and intensifies its actions to prevent Covid-19 contamination in our community:<\/p>\n<p>Masses continue to have a limited number of participants. Those wishing to attend can register at the Parish Office or here on the website (<a href=\"https:\/\/www.sympla.com.br\/missas-presenciais---igreja-padre-eustaquio---de-15-a-20-de-dezembro__1082697\">clicking here<\/a>At the church entrance, there is a password check, shoe sanitization, temperature check, and hand sanitizer available. The mandatory use of masks remains in effect, as well as social distancing when people are seated in the pews.<\/p>\n<p>For those who are part of the at-risk group, masses continue to be broadcast on <a href=\"https:\/\/www.youtube.com\/channel\/UCRhw7vfabnajwLxb1ZXMeIw\">Padre Eust\u00e1quio Channel<\/a>, on YouTube.<\/p>\n<p><strong>Read the letter addressed to the parishes of Belo Horizonte in its entirety.<\/strong><\/p>\n<p>Dear friends,<\/p>\n<p>Unfortunately, we have been following the news about the growing number of<br \/>\npeople infected with COVID-19, with a significant increase in the rate of<br \/>\nHospital bed occupancy due to health complications<br \/>\ncaused by this virus.<\/p>\n<p>In this regard, we reinforce the need to maintain everyone&#039;s commitment to...<br \/>\nFull compliance with the guidelines and recommendations listed in the document.<br \/>\nPublished by our Archdiocese, MISSIONARY EVANGELIZATION: A NEW TIME, highlighting the importance of social distancing, personal protection, hygiene for all, and disinfection of environments, emphasizing:<\/p>\n<p>\u2013 A distance of 2 meters between people must be respected; in addition,<br \/>\nThere should be alternating periods of occupied seats and empty seats.<br \/>\n\u2013 Where there are chairs, a distance of 2m between them must be respected.<br \/>\npeople. The sequence of rows should be isolated in an alternating fashion.<br \/>\nChairs: one row occupied by people and another empty.<br \/>\n\u2013 Windows and doors should be kept open for air circulation. The use of air<br \/>\nConditioning is not prohibited as long as it is under controlled conditions and<br \/>\nstrict and adequate maintenance that consists of the mandatory requirement of<br \/>\nair renewal, through safe exhaust fans and filters, that are<br \/>\nundergoing constant microbiological monitoring. The use of fans is prohibited.<br \/>\n\u2013 Entry of people must be controlled, allowing only those<br \/>\npredefined maximum quantity, strictly adhering to the criteria of<br \/>\nPre-registration required.<br \/>\n\u2013 In the church and other parish premises, the use of [masks\/clothes] is mandatory.<br \/>\nMasks everywhere.<br \/>\nThe liturgical space and other areas should be sanitized before and after.<br \/>\nof each celebration and other activities. After the usual cleaning, the<br \/>\nEnvironments and benches should be disinfected.<br \/>\n\u2013 70% INPM alcohol should be available in all parish spaces, at the entrances and exits of the various areas, in addition to liquid soap and disposable paper towels in the bathrooms.<br \/>\n\u2013 Temperature measurement using specific devices is recommended.<br \/>\n(thermometers) infrared (without physical contact), maintaining the orientation of<br \/>\nMeasuring people&#039;s temperature by checking their forehead. People with a FEVER<br \/>\nThose with a temperature greater than 37.7\u00b0C will not be able to participate in the celebrations.<br \/>\nMicrophones and other objects should be protected with washable foam or<br \/>\nDisposable film, which should not be used by more than one person during the day.<br \/>\nthe celebration, unless the equipment is sanitized immediately.<br \/>\nafter each use, even during the celebration.<br \/>\nSanitizing mats should be used at the entrances of churches and other spaces.<br \/>\nintended for celebrations.<br \/>\n\u2013 The ministers who are readers, animators, psalmists, extraordinary ministers of<br \/>\nEucharistic Communion, acolytes, and altar servers should occupy appropriate places.<br \/>\nin the presbytery area following the rules of distancing and protection.<br \/>\nBy masks.<br \/>\nThe ministers who are readers and psalmists should disinfect their hands before and after...<br \/>\ntouching the Ambo (Table of the Word) or the books.<br \/>\nThe celebrants must keep their masks on at all times, including during the homily.<br \/>\n\u2013 Choir members and musicians must respect the rules of<br \/>\nsocial distancing and protection measures are in place, with the use of masks being mandatory, including<br \/>\nduring the corners.<br \/>\nCommunion should be given in the hand (never directly to the mouth).<\/p>\n<p>At a time when all of society is mobilized with concern for<br \/>\nWith the increase in the number of confirmed cases of COVID-19 infection, it is necessary for everyone to make an effort and pay attention to the full compliance with the<br \/>\nRecommendations and guidelines from the document MISSIONARY EVANGELIZATION: A NEW TIME.<\/p>\n<p>The TECHNICAL COMMITTEE ON LOGISTICS AND HEALTH for the use of the physical space remains available to assist you, with the expectation that we will be able to get through this moment while preserving and caring for everyone&#039;s health.<\/p>\n<p>Yours sincerely,<br \/>\nLeonardo de Ara\u00fajo Pereira<br \/>\nCoordinator of the Sanitary Logistics Technical Committee<\/p>","protected":false},"excerpt":{"rendered":"<p>Pensando em refor\u00e7ar as medidas de seguran\u00e7a sanit\u00e1ria contra o Coronav\u00edrus, em um tempo em que os casos de transmiss\u00e3o do v\u00edrus vem aumentando na capital mineira e regi\u00e3o metropolitana, o Comit\u00ea T\u00e9cnico Log\u00edstico Sanit\u00e1rio para Uso do Espa\u00e7o F\u00edsico, formado pela Arquidiocese de Belo Horizonte, divulgou essa semana um novo comunicado \u00e0s par\u00f3quias. A carta cita o crescimento no n\u00famero de pessoas infectadas recentemente e relembra as recomenda\u00e7\u00f5es listadas no documento &#8220;Evangeliza\u00e7\u00e3o Mission\u00e1ria: um novo tempo&#8221;, divulgado pela Arquidiocese no in\u00edcio da pandemia. O Santu\u00e1rio da Sa\u00fade e Paz reafirma o compromisso com a sa\u00fade e a vida das [&hellip;]<\/p>\n","protected":false},"author":2,"featured_media":4816,"comment_status":"open","ping_status":"open","sticky":false,"template":"","format":"standard","meta":{"_acf_changed":false,"footnotes":""},"categories":[611],"tags":[],"class_list":["post-4815","post","type-post","status-publish","format-standard","has-post-thumbnail","hentry","category-noticias"],"acf":[],"yoast_head":"<!-- This site is optimized with the Yoast SEO plugin v27.2 - https:\/\/yoast.com\/product\/yoast-seo-wordpress\/ -->\n<title>Arquidiocese de Belo Horizonte refor\u00e7a orienta\u00e7\u00f5es durante a pandemia - Padre Eust\u00e1quio<\/title>\n<meta name=\"robots\" content=\"index, follow, max-snippet:-1, max-image-preview:large, max-video-preview:-1\" \/>\n<link rel=\"canonical\" href=\"https:\/\/www.padreeustaquio.com.br\/en\/the-archdiocese-of-belo-horizonte-reinforces-guidelines-during-the-pandemic\/\" \/>\n<meta property=\"og:locale\" content=\"en_US\" \/>\n<meta property=\"og:type\" content=\"article\" \/>\n<meta property=\"og:title\" content=\"Arquidiocese de Belo Horizonte refor\u00e7a orienta\u00e7\u00f5es durante a pandemia - Padre Eust\u00e1quio\" \/>\n<meta property=\"og:description\" content=\"Pensando em refor\u00e7ar as medidas de seguran\u00e7a sanit\u00e1ria contra o Coronav\u00edrus, em um tempo em que os casos de transmiss\u00e3o do v\u00edrus vem aumentando na capital mineira e regi\u00e3o metropolitana, o Comit\u00ea T\u00e9cnico Log\u00edstico Sanit\u00e1rio para Uso do Espa\u00e7o F\u00edsico, formado pela Arquidiocese de Belo Horizonte, divulgou essa semana um novo comunicado \u00e0s par\u00f3quias. A carta cita o crescimento no n\u00famero de pessoas infectadas recentemente e relembra as recomenda\u00e7\u00f5es listadas no documento &#8220;Evangeliza\u00e7\u00e3o Mission\u00e1ria: um novo tempo&#8221;, divulgado pela Arquidiocese no in\u00edcio da pandemia. O Santu\u00e1rio da Sa\u00fade e Paz reafirma o compromisso com a sa\u00fade e a vida das [&hellip;]\" \/>\n<meta property=\"og:url\" content=\"https:\/\/www.padreeustaquio.com.br\/en\/the-archdiocese-of-belo-horizonte-reinforces-guidelines-during-the-pandemic\/\" \/>\n<meta property=\"og:site_name\" content=\"Padre Eust\u00e1quio\" \/>\n<meta property=\"article:publisher\" content=\"https:\/\/www.facebook.com\/beatopadreeustaquio\/\" \/>\n<meta property=\"article:published_time\" content=\"2020-12-14T11:54:38+00:00\" \/>\n<meta property=\"article:modified_time\" content=\"2020-12-14T11:56:29+00:00\" \/>\n<meta property=\"og:image\" content=\"https:\/\/www.padreeustaquio.com.br\/wp-content\/uploads\/2020\/12\/119000254_3176568989127568_7171192331607043419_o-e1607946976809.jpg\" \/>\n\t<meta property=\"og:image:width\" content=\"1439\" \/>\n\t<meta property=\"og:image:height\" content=\"856\" \/>\n\t<meta property=\"og:image:type\" content=\"image\/jpeg\" \/>\n<meta name=\"author\" content=\"@sscc\" \/>\n<meta name=\"twitter:card\" content=\"summary_large_image\" \/>\n<meta name=\"twitter:creator\" content=\"@beatopeustaquio\" \/>\n<meta name=\"twitter:site\" content=\"@beatopeustaquio\" \/>\n<meta name=\"twitter:label1\" content=\"Written by\" \/>\n\t<meta name=\"twitter:data1\" content=\"@sscc\" \/>\n\t<meta name=\"twitter:label2\" content=\"Est. reading time\" \/>\n\t<meta name=\"twitter:data2\" content=\"5 minutes\" \/>\n<script type=\"application\/ld+json\" class=\"yoast-schema-graph\">{\"@context\":\"https:\/\/schema.org\",\"@graph\":[{\"@type\":\"Article\",\"@id\":\"https:\/\/www.padreeustaquio.com.br\/arquidiocese-de-belo-horizonte-reforca-orientacoes-durante-a-pandemia\/#article\",\"isPartOf\":{\"@id\":\"https:\/\/www.padreeustaquio.com.br\/arquidiocese-de-belo-horizonte-reforca-orientacoes-durante-a-pandemia\/\"},\"author\":{\"name\":\"@sscc\",\"@id\":\"https:\/\/www.padreeustaquio.com.br\/#\/schema\/person\/a2a51db1d00f1a7af0204a0f1ddb1566\"},\"headline\":\"Arquidiocese de Belo Horizonte refor\u00e7a orienta\u00e7\u00f5es durante a pandemia\",\"datePublished\":\"2020-12-14T11:54:38+00:00\",\"dateModified\":\"2020-12-14T11:56:29+00:00\",\"mainEntityOfPage\":{\"@id\":\"https:\/\/www.padreeustaquio.com.br\/arquidiocese-de-belo-horizonte-reforca-orientacoes-durante-a-pandemia\/\"},\"wordCount\":932,\"commentCount\":0,\"publisher\":{\"@id\":\"https:\/\/www.padreeustaquio.com.br\/#organization\"},\"image\":{\"@id\":\"https:\/\/www.padreeustaquio.com.br\/arquidiocese-de-belo-horizonte-reforca-orientacoes-durante-a-pandemia\/#primaryimage\"},\"thumbnailUrl\":\"https:\/\/www.padreeustaquio.com.br\/wp-content\/uploads\/2020\/12\/119000254_3176568989127568_7171192331607043419_o-e1607946976809.jpg\",\"articleSection\":[\"Not\u00edcias\"],\"inLanguage\":\"en-US\",\"potentialAction\":[{\"@type\":\"CommentAction\",\"name\":\"Comment\",\"target\":[\"https:\/\/www.padreeustaquio.com.br\/arquidiocese-de-belo-horizonte-reforca-orientacoes-durante-a-pandemia\/#respond\"]}]},{\"@type\":\"WebPage\",\"@id\":\"https:\/\/www.padreeustaquio.com.br\/arquidiocese-de-belo-horizonte-reforca-orientacoes-durante-a-pandemia\/\",\"url\":\"https:\/\/www.padreeustaquio.com.br\/arquidiocese-de-belo-horizonte-reforca-orientacoes-durante-a-pandemia\/\",\"name\":\"Arquidiocese de Belo Horizonte refor\u00e7a orienta\u00e7\u00f5es durante a pandemia - Padre Eust\u00e1quio\",\"isPartOf\":{\"@id\":\"https:\/\/www.padreeustaquio.com.br\/#website\"},\"primaryImageOfPage\":{\"@id\":\"https:\/\/www.padreeustaquio.com.br\/arquidiocese-de-belo-horizonte-reforca-orientacoes-durante-a-pandemia\/#primaryimage\"},\"image\":{\"@id\":\"https:\/\/www.padreeustaquio.com.br\/arquidiocese-de-belo-horizonte-reforca-orientacoes-durante-a-pandemia\/#primaryimage\"},\"thumbnailUrl\":\"https:\/\/www.padreeustaquio.com.br\/wp-content\/uploads\/2020\/12\/119000254_3176568989127568_7171192331607043419_o-e1607946976809.jpg\",\"datePublished\":\"2020-12-14T11:54:38+00:00\",\"dateModified\":\"2020-12-14T11:56:29+00:00\",\"breadcrumb\":{\"@id\":\"https:\/\/www.padreeustaquio.com.br\/arquidiocese-de-belo-horizonte-reforca-orientacoes-durante-a-pandemia\/#breadcrumb\"},\"inLanguage\":\"en-US\",\"potentialAction\":[{\"@type\":\"ReadAction\",\"target\":[\"https:\/\/www.padreeustaquio.com.br\/arquidiocese-de-belo-horizonte-reforca-orientacoes-durante-a-pandemia\/\"]}]},{\"@type\":\"ImageObject\",\"inLanguage\":\"en-US\",\"@id\":\"https:\/\/www.padreeustaquio.com.br\/arquidiocese-de-belo-horizonte-reforca-orientacoes-durante-a-pandemia\/#primaryimage\",\"url\":\"https:\/\/www.padreeustaquio.com.br\/wp-content\/uploads\/2020\/12\/119000254_3176568989127568_7171192331607043419_o-e1607946976809.jpg\",\"contentUrl\":\"https:\/\/www.padreeustaquio.com.br\/wp-content\/uploads\/2020\/12\/119000254_3176568989127568_7171192331607043419_o-e1607946976809.jpg\",\"width\":1439,\"height\":856},{\"@type\":\"BreadcrumbList\",\"@id\":\"https:\/\/www.padreeustaquio.com.br\/arquidiocese-de-belo-horizonte-reforca-orientacoes-durante-a-pandemia\/#breadcrumb\",\"itemListElement\":[{\"@type\":\"ListItem\",\"position\":1,\"name\":\"In\u00edcio\",\"item\":\"https:\/\/www.padreeustaquio.com.br\/\"},{\"@type\":\"ListItem\",\"position\":2,\"name\":\"Arquidiocese de Belo Horizonte refor\u00e7a orienta\u00e7\u00f5es durante a pandemia\"}]},{\"@type\":\"WebSite\",\"@id\":\"https:\/\/www.padreeustaquio.com.br\/#website\",\"url\":\"https:\/\/www.padreeustaquio.com.br\/\",\"name\":\"Padre Eust\u00e1quio\",\"description\":\"Sa\u00fade e Paz\",\"publisher\":{\"@id\":\"https:\/\/www.padreeustaquio.com.br\/#organization\"},\"potentialAction\":[{\"@type\":\"SearchAction\",\"target\":{\"@type\":\"EntryPoint\",\"urlTemplate\":\"https:\/\/www.padreeustaquio.com.br\/?s={search_term_string}\"},\"query-input\":{\"@type\":\"PropertyValueSpecification\",\"valueRequired\":true,\"valueName\":\"search_term_string\"}}],\"inLanguage\":\"en-US\"},{\"@type\":\"Organization\",\"@id\":\"https:\/\/www.padreeustaquio.com.br\/#organization\",\"name\":\"Padre Eust\u00e1quio\",\"url\":\"https:\/\/www.padreeustaquio.com.br\/\",\"logo\":{\"@type\":\"ImageObject\",\"inLanguage\":\"en-US\",\"@id\":\"https:\/\/www.padreeustaquio.com.br\/#\/schema\/logo\/image\/\",\"url\":\"https:\/\/www.padreeustaquio.com.br\/wp-content\/uploads\/2019\/08\/marca.png\",\"contentUrl\":\"https:\/\/www.padreeustaquio.com.br\/wp-content\/uploads\/2019\/08\/marca.png\",\"width\":350,\"height\":400,\"caption\":\"Padre Eust\u00e1quio\"},\"image\":{\"@id\":\"https:\/\/www.padreeustaquio.com.br\/#\/schema\/logo\/image\/\"},\"sameAs\":[\"https:\/\/www.facebook.com\/beatopadreeustaquio\/\",\"https:\/\/x.com\/beatopeustaquio\",\"https:\/\/www.instagram.com\/beatopadreeustaquio\/\",\"https:\/\/www.youtube.com\/channel\/UCRhw7vfabnajwLxb1ZXMeIw\"]},{\"@type\":\"Person\",\"@id\":\"https:\/\/www.padreeustaquio.com.br\/#\/schema\/person\/a2a51db1d00f1a7af0204a0f1ddb1566\",\"name\":\"@sscc\",\"image\":{\"@type\":\"ImageObject\",\"inLanguage\":\"en-US\",\"@id\":\"https:\/\/secure.gravatar.com\/avatar\/68cfafa5f44617fea54071e215026e0ff06be366c3d54a8425f04fdcb86f8c5f?s=96&d=mm&r=g\",\"url\":\"https:\/\/secure.gravatar.com\/avatar\/68cfafa5f44617fea54071e215026e0ff06be366c3d54a8425f04fdcb86f8c5f?s=96&d=mm&r=g\",\"contentUrl\":\"https:\/\/secure.gravatar.com\/avatar\/68cfafa5f44617fea54071e215026e0ff06be366c3d54a8425f04fdcb86f8c5f?s=96&d=mm&r=g\",\"caption\":\"@sscc\"},\"url\":\"https:\/\/www.padreeustaquio.com.br\/en\/author\/sscc\/\"}]}<\/script>\n<!-- \/ Yoast SEO plugin. -->","yoast_head_json":{"title":"Archdiocese of Belo Horizonte reinforces guidelines during the pandemic - Father Eust\u00e1quio","robots":{"index":"index","follow":"follow","max-snippet":"max-snippet:-1","max-image-preview":"max-image-preview:large","max-video-preview":"max-video-preview:-1"},"canonical":"https:\/\/www.padreeustaquio.com.br\/en\/the-archdiocese-of-belo-horizonte-reinforces-guidelines-during-the-pandemic\/","og_locale":"en_US","og_type":"article","og_title":"Arquidiocese de Belo Horizonte refor\u00e7a orienta\u00e7\u00f5es durante a pandemia - Padre Eust\u00e1quio","og_description":"Pensando em refor\u00e7ar as medidas de seguran\u00e7a sanit\u00e1ria contra o Coronav\u00edrus, em um tempo em que os casos de transmiss\u00e3o do v\u00edrus vem aumentando na capital mineira e regi\u00e3o metropolitana, o Comit\u00ea T\u00e9cnico Log\u00edstico Sanit\u00e1rio para Uso do Espa\u00e7o F\u00edsico, formado pela Arquidiocese de Belo Horizonte, divulgou essa semana um novo comunicado \u00e0s par\u00f3quias. A carta cita o crescimento no n\u00famero de pessoas infectadas recentemente e relembra as recomenda\u00e7\u00f5es listadas no documento &#8220;Evangeliza\u00e7\u00e3o Mission\u00e1ria: um novo tempo&#8221;, divulgado pela Arquidiocese no in\u00edcio da pandemia. O Santu\u00e1rio da Sa\u00fade e Paz reafirma o compromisso com a sa\u00fade e a vida das [&hellip;]","og_url":"https:\/\/www.padreeustaquio.com.br\/en\/the-archdiocese-of-belo-horizonte-reinforces-guidelines-during-the-pandemic\/","og_site_name":"Padre Eust\u00e1quio","article_publisher":"https:\/\/www.facebook.com\/beatopadreeustaquio\/","article_published_time":"2020-12-14T11:54:38+00:00","article_modified_time":"2020-12-14T11:56:29+00:00","og_image":[{"width":1439,"height":856,"url":"https:\/\/www.padreeustaquio.com.br\/wp-content\/uploads\/2020\/12\/119000254_3176568989127568_7171192331607043419_o-e1607946976809.jpg","type":"image\/jpeg"}],"author":"@sscc","twitter_card":"summary_large_image","twitter_creator":"@beatopeustaquio","twitter_site":"@beatopeustaquio","twitter_misc":{"Written by":"@sscc","Est. reading time":"5 minutes"},"schema":{"@context":"https:\/\/schema.org","@graph":[{"@type":"Article","@id":"https:\/\/www.padreeustaquio.com.br\/arquidiocese-de-belo-horizonte-reforca-orientacoes-durante-a-pandemia\/#article","isPartOf":{"@id":"https:\/\/www.padreeustaquio.com.br\/arquidiocese-de-belo-horizonte-reforca-orientacoes-durante-a-pandemia\/"},"author":{"name":"@sscc","@id":"https:\/\/www.padreeustaquio.com.br\/#\/schema\/person\/a2a51db1d00f1a7af0204a0f1ddb1566"},"headline":"Arquidiocese de Belo Horizonte refor\u00e7a orienta\u00e7\u00f5es durante a pandemia","datePublished":"2020-12-14T11:54:38+00:00","dateModified":"2020-12-14T11:56:29+00:00","mainEntityOfPage":{"@id":"https:\/\/www.padreeustaquio.com.br\/arquidiocese-de-belo-horizonte-reforca-orientacoes-durante-a-pandemia\/"},"wordCount":932,"commentCount":0,"publisher":{"@id":"https:\/\/www.padreeustaquio.com.br\/#organization"},"image":{"@id":"https:\/\/www.padreeustaquio.com.br\/arquidiocese-de-belo-horizonte-reforca-orientacoes-durante-a-pandemia\/#primaryimage"},"thumbnailUrl":"https:\/\/www.padreeustaquio.com.br\/wp-content\/uploads\/2020\/12\/119000254_3176568989127568_7171192331607043419_o-e1607946976809.jpg","articleSection":["Not\u00edcias"],"inLanguage":"en-US","potentialAction":[{"@type":"CommentAction","name":"Comment","target":["https:\/\/www.padreeustaquio.com.br\/arquidiocese-de-belo-horizonte-reforca-orientacoes-durante-a-pandemia\/#respond"]}]},{"@type":"WebPage","@id":"https:\/\/www.padreeustaquio.com.br\/arquidiocese-de-belo-horizonte-reforca-orientacoes-durante-a-pandemia\/","url":"https:\/\/www.padreeustaquio.com.br\/arquidiocese-de-belo-horizonte-reforca-orientacoes-durante-a-pandemia\/","name":"Archdiocese of Belo Horizonte reinforces guidelines during the pandemic - Father Eust\u00e1quio","isPartOf":{"@id":"https:\/\/www.padreeustaquio.com.br\/#website"},"primaryImageOfPage":{"@id":"https:\/\/www.padreeustaquio.com.br\/arquidiocese-de-belo-horizonte-reforca-orientacoes-durante-a-pandemia\/#primaryimage"},"image":{"@id":"https:\/\/www.padreeustaquio.com.br\/arquidiocese-de-belo-horizonte-reforca-orientacoes-durante-a-pandemia\/#primaryimage"},"thumbnailUrl":"https:\/\/www.padreeustaquio.com.br\/wp-content\/uploads\/2020\/12\/119000254_3176568989127568_7171192331607043419_o-e1607946976809.jpg","datePublished":"2020-12-14T11:54:38+00:00","dateModified":"2020-12-14T11:56:29+00:00","breadcrumb":{"@id":"https:\/\/www.padreeustaquio.com.br\/arquidiocese-de-belo-horizonte-reforca-orientacoes-durante-a-pandemia\/#breadcrumb"},"inLanguage":"en-US","potentialAction":[{"@type":"ReadAction","target":["https:\/\/www.padreeustaquio.com.br\/arquidiocese-de-belo-horizonte-reforca-orientacoes-durante-a-pandemia\/"]}]},{"@type":"ImageObject","inLanguage":"en-US","@id":"https:\/\/www.padreeustaquio.com.br\/arquidiocese-de-belo-horizonte-reforca-orientacoes-durante-a-pandemia\/#primaryimage","url":"https:\/\/www.padreeustaquio.com.br\/wp-content\/uploads\/2020\/12\/119000254_3176568989127568_7171192331607043419_o-e1607946976809.jpg","contentUrl":"https:\/\/www.padreeustaquio.com.br\/wp-content\/uploads\/2020\/12\/119000254_3176568989127568_7171192331607043419_o-e1607946976809.jpg","width":1439,"height":856},{"@type":"BreadcrumbList","@id":"https:\/\/www.padreeustaquio.com.br\/arquidiocese-de-belo-horizonte-reforca-orientacoes-durante-a-pandemia\/#breadcrumb","itemListElement":[{"@type":"ListItem","position":1,"name":"In\u00edcio","item":"https:\/\/www.padreeustaquio.com.br\/"},{"@type":"ListItem","position":2,"name":"Arquidiocese de Belo Horizonte refor\u00e7a orienta\u00e7\u00f5es durante a pandemia"}]},{"@type":"WebSite","@id":"https:\/\/www.padreeustaquio.com.br\/#website","url":"https:\/\/www.padreeustaquio.com.br\/","name":"FATHER EUST\u00c1QUIO","description":"Health and Peace","publisher":{"@id":"https:\/\/www.padreeustaquio.com.br\/#organization"},"potentialAction":[{"@type":"SearchAction","target":{"@type":"EntryPoint","urlTemplate":"https:\/\/www.padreeustaquio.com.br\/?s={search_term_string}"},"query-input":{"@type":"PropertyValueSpecification","valueRequired":true,"valueName":"search_term_string"}}],"inLanguage":"en-US"},{"@type":"Organization","@id":"https:\/\/www.padreeustaquio.com.br\/#organization","name":"FATHER EUST\u00c1QUIO","url":"https:\/\/www.padreeustaquio.com.br\/","logo":{"@type":"ImageObject","inLanguage":"en-US","@id":"https:\/\/www.padreeustaquio.com.br\/#\/schema\/logo\/image\/","url":"https:\/\/www.padreeustaquio.com.br\/wp-content\/uploads\/2019\/08\/marca.png","contentUrl":"https:\/\/www.padreeustaquio.com.br\/wp-content\/uploads\/2019\/08\/marca.png","width":350,"height":400,"caption":"Padre Eust\u00e1quio"},"image":{"@id":"https:\/\/www.padreeustaquio.com.br\/#\/schema\/logo\/image\/"},"sameAs":["https:\/\/www.facebook.com\/beatopadreeustaquio\/","https:\/\/x.com\/beatopeustaquio","https:\/\/www.instagram.com\/beatopadreeustaquio\/","https:\/\/www.youtube.com\/channel\/UCRhw7vfabnajwLxb1ZXMeIw"]},{"@type":"Person","@id":"https:\/\/www.padreeustaquio.com.br\/#\/schema\/person\/a2a51db1d00f1a7af0204a0f1ddb1566","name":"@sscc","image":{"@type":"ImageObject","inLanguage":"en-US","@id":"https:\/\/secure.gravatar.com\/avatar\/68cfafa5f44617fea54071e215026e0ff06be366c3d54a8425f04fdcb86f8c5f?s=96&d=mm&r=g","url":"https:\/\/secure.gravatar.com\/avatar\/68cfafa5f44617fea54071e215026e0ff06be366c3d54a8425f04fdcb86f8c5f?s=96&d=mm&r=g","contentUrl":"https:\/\/secure.gravatar.com\/avatar\/68cfafa5f44617fea54071e215026e0ff06be366c3d54a8425f04fdcb86f8c5f?s=96&d=mm&r=g","caption":"@sscc"},"url":"https:\/\/www.padreeustaquio.com.br\/en\/author\/sscc\/"}]}},"_links":{"self":[{"href":"https:\/\/www.padreeustaquio.com.br\/en\/wp-json\/wp\/v2\/posts\/4815","targetHints":{"allow":["GET"]}}],"collection":[{"href":"https:\/\/www.padreeustaquio.com.br\/en\/wp-json\/wp\/v2\/posts"}],"about":[{"href":"https:\/\/www.padreeustaquio.com.br\/en\/wp-json\/wp\/v2\/types\/post"}],"author":[{"embeddable":true,"href":"https:\/\/www.padreeustaquio.com.br\/en\/wp-json\/wp\/v2\/users\/2"}],"replies":[{"embeddable":true,"href":"https:\/\/www.padreeustaquio.com.br\/en\/wp-json\/wp\/v2\/comments?post=4815"}],"version-history":[{"count":0,"href":"https:\/\/www.padreeustaquio.com.br\/en\/wp-json\/wp\/v2\/posts\/4815\/revisions"}],"wp:featuredmedia":[{"embeddable":true,"href":"https:\/\/www.padreeustaquio.com.br\/en\/wp-json\/wp\/v2\/media\/4816"}],"wp:attachment":[{"href":"https:\/\/www.padreeustaquio.com.br\/en\/wp-json\/wp\/v2\/media?parent=4815"}],"wp:term":[{"taxonomy":"category","embeddable":true,"href":"https:\/\/www.padreeustaquio.com.br\/en\/wp-json\/wp\/v2\/categories?post=4815"},{"taxonomy":"post_tag","embeddable":true,"href":"https:\/\/www.padreeustaquio.com.br\/en\/wp-json\/wp\/v2\/tags?post=4815"}],"curies":[{"name":"wp","href":"https:\/\/api.w.org\/{rel}","templated":true}]}}