{"id":4810,"date":"2020-12-13T15:03:47","date_gmt":"2020-12-13T18:03:47","guid":{"rendered":"https:\/\/www.padreeustaquio.com.br\/?p=4810"},"modified":"2020-12-13T15:03:47","modified_gmt":"2020-12-13T18:03:47","slug":"do-the-virtual-christmas-novena-and-prepare-your-heart-to-receive-jesus","status":"publish","type":"post","link":"https:\/\/www.padreeustaquio.com.br\/en\/do-the-virtual-christmas-novena-and-prepare-your-heart-to-receive-jesus\/","title":{"rendered":"Participate in the virtual Christmas Novena and prepare your heart to receive Jesus."},"content":{"rendered":"<p>Eight of the nine videos featuring the Christmas Novena meditated by the Sanctuary of Health and Peace are now available to view.\u00a0<a href=\"https:\/\/www.youtube.com\/playlist?list=PL7SBzddW7UznUwDtq1urACy9JYt5dGH8X\">CLICK HERE<\/a>.<\/p>\n<p>The texts, reflections, readings, and hymns were taken from the booklet prepared by the Archdiocese of Belo Horizonte to intensely experience this moment. The eight days of the novena were prepared and carried out with great care by the team from the Padre Eust\u00e1quio Church, coordinated by Father Edmar Oliveira, ss.cc.<\/p>\n<p>The idea is that each person or family accesses the video prepared for each day of the novena and celebrates for eight days. The ninth and final day of the Novena will be broadcast live on December 21st at 8 PM, directly from the Sanctuary, so that together we can prepare for the Christmas of the Lord Jesus.<\/p>\n<p>A<a href=\"https:\/\/www.padreeustaquio.com.br\/en\/christmas-novena-preparation-to-receive-the-lord\/\"> novena<\/a> It arose with the goal of evangelizing and raising community awareness about the importance of the Christmas celebration, through prayer, reading and meditating on the Word of God, with a spirit of sharing and solidarity.<\/p>\n<p>Follow along with us on <a href=\"https:\/\/www.youtube.com\/channel\/UCRhw7vfabnajwLxb1ZXMeIw\">Padre Eust\u00e1quio Channel<\/a>, on YouTube. Pray and share so that more people may be reached by God&#039;s grace and blessings.<\/p>","protected":false},"excerpt":{"rendered":"<p>Os oito, dos nove v\u00eddeos com a Novena de Natal meditada pelo Santu\u00e1rio da Sa\u00fade e Paz j\u00e1 podem ser vistos\u00a0CLICANDO AQUI. Os textos, reflex\u00f5es, leituras e c\u00e2nticos foram extra\u00eddos do livreto formulado pela Arquidiocese de Belo Horizonte para viver intensamente este momento. Os oito dias da novena foram preparados e feitos com muito carinho pela equipe da Igreja do Padre Eust\u00e1quio, coordenados pelo Padre Edmar Oliveira, ss.cc. A ideia \u00e9 que cada pessoa ou fam\u00edlia acesse o v\u00eddeo elaborado para cada dia da novena e celebre durante oito dias. O nono e \u00faltimo dia da Novena ser\u00e1 feito ao [&hellip;]<\/p>\n","protected":false},"author":2,"featured_media":4811,"comment_status":"open","ping_status":"open","sticky":false,"template":"","format":"standard","meta":{"_acf_changed":false,"footnotes":""},"categories":[611],"tags":[],"class_list":["post-4810","post","type-post","status-publish","format-standard","has-post-thumbnail","hentry","category-noticias"],"acf":[],"yoast_head":"<!-- This site is optimized with the Yoast SEO plugin v27.2 - https:\/\/yoast.com\/product\/yoast-seo-wordpress\/ -->\n<title>Fa\u00e7a a Novena de Natal virtual e prepare seu cora\u00e7\u00e3o para receber Jesus - Padre Eust\u00e1quio<\/title>\n<meta name=\"robots\" content=\"index, follow, max-snippet:-1, max-image-preview:large, max-video-preview:-1\" \/>\n<link rel=\"canonical\" href=\"https:\/\/www.padreeustaquio.com.br\/en\/do-the-virtual-christmas-novena-and-prepare-your-heart-to-receive-jesus\/\" \/>\n<meta property=\"og:locale\" content=\"en_US\" \/>\n<meta property=\"og:type\" content=\"article\" \/>\n<meta property=\"og:title\" content=\"Fa\u00e7a a Novena de Natal virtual e prepare seu cora\u00e7\u00e3o para receber Jesus - Padre Eust\u00e1quio\" \/>\n<meta property=\"og:description\" content=\"Os oito, dos nove v\u00eddeos com a Novena de Natal meditada pelo Santu\u00e1rio da Sa\u00fade e Paz j\u00e1 podem ser vistos\u00a0CLICANDO AQUI. Os textos, reflex\u00f5es, leituras e c\u00e2nticos foram extra\u00eddos do livreto formulado pela Arquidiocese de Belo Horizonte para viver intensamente este momento. Os oito dias da novena foram preparados e feitos com muito carinho pela equipe da Igreja do Padre Eust\u00e1quio, coordenados pelo Padre Edmar Oliveira, ss.cc. A ideia \u00e9 que cada pessoa ou fam\u00edlia acesse o v\u00eddeo elaborado para cada dia da novena e celebre durante oito dias. O nono e \u00faltimo dia da Novena ser\u00e1 feito ao [&hellip;]\" \/>\n<meta property=\"og:url\" content=\"https:\/\/www.padreeustaquio.com.br\/en\/do-the-virtual-christmas-novena-and-prepare-your-heart-to-receive-jesus\/\" \/>\n<meta property=\"og:site_name\" content=\"Padre Eust\u00e1quio\" \/>\n<meta property=\"article:publisher\" content=\"https:\/\/www.facebook.com\/beatopadreeustaquio\/\" \/>\n<meta property=\"article:published_time\" content=\"2020-12-13T18:03:47+00:00\" \/>\n<meta property=\"og:image\" content=\"https:\/\/www.padreeustaquio.com.br\/wp-content\/uploads\/2020\/12\/novena-de-natal-e1607882448864.png\" \/>\n\t<meta property=\"og:image:width\" content=\"922\" \/>\n\t<meta property=\"og:image:height\" content=\"484\" \/>\n\t<meta property=\"og:image:type\" content=\"image\/png\" \/>\n<meta name=\"author\" content=\"@sscc\" \/>\n<meta name=\"twitter:card\" content=\"summary_large_image\" \/>\n<meta name=\"twitter:creator\" content=\"@beatopeustaquio\" \/>\n<meta name=\"twitter:site\" content=\"@beatopeustaquio\" \/>\n<meta name=\"twitter:label1\" content=\"Written by\" \/>\n\t<meta name=\"twitter:data1\" content=\"@sscc\" \/>\n\t<meta name=\"twitter:label2\" content=\"Est. reading time\" \/>\n\t<meta name=\"twitter:data2\" content=\"1 minute\" \/>\n<script type=\"application\/ld+json\" class=\"yoast-schema-graph\">{\"@context\":\"https:\/\/schema.org\",\"@graph\":[{\"@type\":\"Article\",\"@id\":\"https:\/\/www.padreeustaquio.com.br\/faca-a-novena-de-natal-virtual-e-prepare-seu-coracao-para-receber-jesus\/#article\",\"isPartOf\":{\"@id\":\"https:\/\/www.padreeustaquio.com.br\/faca-a-novena-de-natal-virtual-e-prepare-seu-coracao-para-receber-jesus\/\"},\"author\":{\"name\":\"@sscc\",\"@id\":\"https:\/\/www.padreeustaquio.com.br\/#\/schema\/person\/a2a51db1d00f1a7af0204a0f1ddb1566\"},\"headline\":\"Fa\u00e7a a Novena de Natal virtual e prepare seu cora\u00e7\u00e3o para receber Jesus\",\"datePublished\":\"2020-12-13T18:03:47+00:00\",\"mainEntityOfPage\":{\"@id\":\"https:\/\/www.padreeustaquio.com.br\/faca-a-novena-de-natal-virtual-e-prepare-seu-coracao-para-receber-jesus\/\"},\"wordCount\":214,\"commentCount\":0,\"publisher\":{\"@id\":\"https:\/\/www.padreeustaquio.com.br\/#organization\"},\"image\":{\"@id\":\"https:\/\/www.padreeustaquio.com.br\/faca-a-novena-de-natal-virtual-e-prepare-seu-coracao-para-receber-jesus\/#primaryimage\"},\"thumbnailUrl\":\"https:\/\/www.padreeustaquio.com.br\/wp-content\/uploads\/2020\/12\/novena-de-natal-e1607882448864.png\",\"articleSection\":[\"Not\u00edcias\"],\"inLanguage\":\"en-US\",\"potentialAction\":[{\"@type\":\"CommentAction\",\"name\":\"Comment\",\"target\":[\"https:\/\/www.padreeustaquio.com.br\/faca-a-novena-de-natal-virtual-e-prepare-seu-coracao-para-receber-jesus\/#respond\"]}]},{\"@type\":\"WebPage\",\"@id\":\"https:\/\/www.padreeustaquio.com.br\/faca-a-novena-de-natal-virtual-e-prepare-seu-coracao-para-receber-jesus\/\",\"url\":\"https:\/\/www.padreeustaquio.com.br\/faca-a-novena-de-natal-virtual-e-prepare-seu-coracao-para-receber-jesus\/\",\"name\":\"Fa\u00e7a a Novena de Natal virtual e prepare seu cora\u00e7\u00e3o para receber Jesus - Padre Eust\u00e1quio\",\"isPartOf\":{\"@id\":\"https:\/\/www.padreeustaquio.com.br\/#website\"},\"primaryImageOfPage\":{\"@id\":\"https:\/\/www.padreeustaquio.com.br\/faca-a-novena-de-natal-virtual-e-prepare-seu-coracao-para-receber-jesus\/#primaryimage\"},\"image\":{\"@id\":\"https:\/\/www.padreeustaquio.com.br\/faca-a-novena-de-natal-virtual-e-prepare-seu-coracao-para-receber-jesus\/#primaryimage\"},\"thumbnailUrl\":\"https:\/\/www.padreeustaquio.com.br\/wp-content\/uploads\/2020\/12\/novena-de-natal-e1607882448864.png\",\"datePublished\":\"2020-12-13T18:03:47+00:00\",\"breadcrumb\":{\"@id\":\"https:\/\/www.padreeustaquio.com.br\/faca-a-novena-de-natal-virtual-e-prepare-seu-coracao-para-receber-jesus\/#breadcrumb\"},\"inLanguage\":\"en-US\",\"potentialAction\":[{\"@type\":\"ReadAction\",\"target\":[\"https:\/\/www.padreeustaquio.com.br\/faca-a-novena-de-natal-virtual-e-prepare-seu-coracao-para-receber-jesus\/\"]}]},{\"@type\":\"ImageObject\",\"inLanguage\":\"en-US\",\"@id\":\"https:\/\/www.padreeustaquio.com.br\/faca-a-novena-de-natal-virtual-e-prepare-seu-coracao-para-receber-jesus\/#primaryimage\",\"url\":\"https:\/\/www.padreeustaquio.com.br\/wp-content\/uploads\/2020\/12\/novena-de-natal-e1607882448864.png\",\"contentUrl\":\"https:\/\/www.padreeustaquio.com.br\/wp-content\/uploads\/2020\/12\/novena-de-natal-e1607882448864.png\",\"width\":922,\"height\":484},{\"@type\":\"BreadcrumbList\",\"@id\":\"https:\/\/www.padreeustaquio.com.br\/faca-a-novena-de-natal-virtual-e-prepare-seu-coracao-para-receber-jesus\/#breadcrumb\",\"itemListElement\":[{\"@type\":\"ListItem\",\"position\":1,\"name\":\"In\u00edcio\",\"item\":\"https:\/\/www.padreeustaquio.com.br\/\"},{\"@type\":\"ListItem\",\"position\":2,\"name\":\"Fa\u00e7a a Novena de Natal virtual e prepare seu cora\u00e7\u00e3o para receber Jesus\"}]},{\"@type\":\"WebSite\",\"@id\":\"https:\/\/www.padreeustaquio.com.br\/#website\",\"url\":\"https:\/\/www.padreeustaquio.com.br\/\",\"name\":\"Padre Eust\u00e1quio\",\"description\":\"Sa\u00fade e Paz\",\"publisher\":{\"@id\":\"https:\/\/www.padreeustaquio.com.br\/#organization\"},\"potentialAction\":[{\"@type\":\"SearchAction\",\"target\":{\"@type\":\"EntryPoint\",\"urlTemplate\":\"https:\/\/www.padreeustaquio.com.br\/?s={search_term_string}\"},\"query-input\":{\"@type\":\"PropertyValueSpecification\",\"valueRequired\":true,\"valueName\":\"search_term_string\"}}],\"inLanguage\":\"en-US\"},{\"@type\":\"Organization\",\"@id\":\"https:\/\/www.padreeustaquio.com.br\/#organization\",\"name\":\"Padre Eust\u00e1quio\",\"url\":\"https:\/\/www.padreeustaquio.com.br\/\",\"logo\":{\"@type\":\"ImageObject\",\"inLanguage\":\"en-US\",\"@id\":\"https:\/\/www.padreeustaquio.com.br\/#\/schema\/logo\/image\/\",\"url\":\"https:\/\/www.padreeustaquio.com.br\/wp-content\/uploads\/2019\/08\/marca.png\",\"contentUrl\":\"https:\/\/www.padreeustaquio.com.br\/wp-content\/uploads\/2019\/08\/marca.png\",\"width\":350,\"height\":400,\"caption\":\"Padre Eust\u00e1quio\"},\"image\":{\"@id\":\"https:\/\/www.padreeustaquio.com.br\/#\/schema\/logo\/image\/\"},\"sameAs\":[\"https:\/\/www.facebook.com\/beatopadreeustaquio\/\",\"https:\/\/x.com\/beatopeustaquio\",\"https:\/\/www.instagram.com\/beatopadreeustaquio\/\",\"https:\/\/www.youtube.com\/channel\/UCRhw7vfabnajwLxb1ZXMeIw\"]},{\"@type\":\"Person\",\"@id\":\"https:\/\/www.padreeustaquio.com.br\/#\/schema\/person\/a2a51db1d00f1a7af0204a0f1ddb1566\",\"name\":\"@sscc\",\"image\":{\"@type\":\"ImageObject\",\"inLanguage\":\"en-US\",\"@id\":\"https:\/\/secure.gravatar.com\/avatar\/68cfafa5f44617fea54071e215026e0ff06be366c3d54a8425f04fdcb86f8c5f?s=96&d=mm&r=g\",\"url\":\"https:\/\/secure.gravatar.com\/avatar\/68cfafa5f44617fea54071e215026e0ff06be366c3d54a8425f04fdcb86f8c5f?s=96&d=mm&r=g\",\"contentUrl\":\"https:\/\/secure.gravatar.com\/avatar\/68cfafa5f44617fea54071e215026e0ff06be366c3d54a8425f04fdcb86f8c5f?s=96&d=mm&r=g\",\"caption\":\"@sscc\"},\"url\":\"https:\/\/www.padreeustaquio.com.br\/en\/author\/sscc\/\"}]}<\/script>\n<!-- \/ Yoast SEO plugin. -->","yoast_head_json":{"title":"Participate in the virtual Christmas Novena and prepare your heart to receive Jesus - Father Eust\u00e1quio","robots":{"index":"index","follow":"follow","max-snippet":"max-snippet:-1","max-image-preview":"max-image-preview:large","max-video-preview":"max-video-preview:-1"},"canonical":"https:\/\/www.padreeustaquio.com.br\/en\/do-the-virtual-christmas-novena-and-prepare-your-heart-to-receive-jesus\/","og_locale":"en_US","og_type":"article","og_title":"Fa\u00e7a a Novena de Natal virtual e prepare seu cora\u00e7\u00e3o para receber Jesus - Padre Eust\u00e1quio","og_description":"Os oito, dos nove v\u00eddeos com a Novena de Natal meditada pelo Santu\u00e1rio da Sa\u00fade e Paz j\u00e1 podem ser vistos\u00a0CLICANDO AQUI. Os textos, reflex\u00f5es, leituras e c\u00e2nticos foram extra\u00eddos do livreto formulado pela Arquidiocese de Belo Horizonte para viver intensamente este momento. Os oito dias da novena foram preparados e feitos com muito carinho pela equipe da Igreja do Padre Eust\u00e1quio, coordenados pelo Padre Edmar Oliveira, ss.cc. A ideia \u00e9 que cada pessoa ou fam\u00edlia acesse o v\u00eddeo elaborado para cada dia da novena e celebre durante oito dias. O nono e \u00faltimo dia da Novena ser\u00e1 feito ao [&hellip;]","og_url":"https:\/\/www.padreeustaquio.com.br\/en\/do-the-virtual-christmas-novena-and-prepare-your-heart-to-receive-jesus\/","og_site_name":"Padre Eust\u00e1quio","article_publisher":"https:\/\/www.facebook.com\/beatopadreeustaquio\/","article_published_time":"2020-12-13T18:03:47+00:00","og_image":[{"width":922,"height":484,"url":"https:\/\/www.padreeustaquio.com.br\/wp-content\/uploads\/2020\/12\/novena-de-natal-e1607882448864.png","type":"image\/png"}],"author":"@sscc","twitter_card":"summary_large_image","twitter_creator":"@beatopeustaquio","twitter_site":"@beatopeustaquio","twitter_misc":{"Written by":"@sscc","Est. reading time":"1 minute"},"schema":{"@context":"https:\/\/schema.org","@graph":[{"@type":"Article","@id":"https:\/\/www.padreeustaquio.com.br\/faca-a-novena-de-natal-virtual-e-prepare-seu-coracao-para-receber-jesus\/#article","isPartOf":{"@id":"https:\/\/www.padreeustaquio.com.br\/faca-a-novena-de-natal-virtual-e-prepare-seu-coracao-para-receber-jesus\/"},"author":{"name":"@sscc","@id":"https:\/\/www.padreeustaquio.com.br\/#\/schema\/person\/a2a51db1d00f1a7af0204a0f1ddb1566"},"headline":"Fa\u00e7a a Novena de Natal virtual e prepare seu cora\u00e7\u00e3o para receber Jesus","datePublished":"2020-12-13T18:03:47+00:00","mainEntityOfPage":{"@id":"https:\/\/www.padreeustaquio.com.br\/faca-a-novena-de-natal-virtual-e-prepare-seu-coracao-para-receber-jesus\/"},"wordCount":214,"commentCount":0,"publisher":{"@id":"https:\/\/www.padreeustaquio.com.br\/#organization"},"image":{"@id":"https:\/\/www.padreeustaquio.com.br\/faca-a-novena-de-natal-virtual-e-prepare-seu-coracao-para-receber-jesus\/#primaryimage"},"thumbnailUrl":"https:\/\/www.padreeustaquio.com.br\/wp-content\/uploads\/2020\/12\/novena-de-natal-e1607882448864.png","articleSection":["Not\u00edcias"],"inLanguage":"en-US","potentialAction":[{"@type":"CommentAction","name":"Comment","target":["https:\/\/www.padreeustaquio.com.br\/faca-a-novena-de-natal-virtual-e-prepare-seu-coracao-para-receber-jesus\/#respond"]}]},{"@type":"WebPage","@id":"https:\/\/www.padreeustaquio.com.br\/faca-a-novena-de-natal-virtual-e-prepare-seu-coracao-para-receber-jesus\/","url":"https:\/\/www.padreeustaquio.com.br\/faca-a-novena-de-natal-virtual-e-prepare-seu-coracao-para-receber-jesus\/","name":"Participate in the virtual Christmas Novena and prepare your heart to receive Jesus - Father Eust\u00e1quio","isPartOf":{"@id":"https:\/\/www.padreeustaquio.com.br\/#website"},"primaryImageOfPage":{"@id":"https:\/\/www.padreeustaquio.com.br\/faca-a-novena-de-natal-virtual-e-prepare-seu-coracao-para-receber-jesus\/#primaryimage"},"image":{"@id":"https:\/\/www.padreeustaquio.com.br\/faca-a-novena-de-natal-virtual-e-prepare-seu-coracao-para-receber-jesus\/#primaryimage"},"thumbnailUrl":"https:\/\/www.padreeustaquio.com.br\/wp-content\/uploads\/2020\/12\/novena-de-natal-e1607882448864.png","datePublished":"2020-12-13T18:03:47+00:00","breadcrumb":{"@id":"https:\/\/www.padreeustaquio.com.br\/faca-a-novena-de-natal-virtual-e-prepare-seu-coracao-para-receber-jesus\/#breadcrumb"},"inLanguage":"en-US","potentialAction":[{"@type":"ReadAction","target":["https:\/\/www.padreeustaquio.com.br\/faca-a-novena-de-natal-virtual-e-prepare-seu-coracao-para-receber-jesus\/"]}]},{"@type":"ImageObject","inLanguage":"en-US","@id":"https:\/\/www.padreeustaquio.com.br\/faca-a-novena-de-natal-virtual-e-prepare-seu-coracao-para-receber-jesus\/#primaryimage","url":"https:\/\/www.padreeustaquio.com.br\/wp-content\/uploads\/2020\/12\/novena-de-natal-e1607882448864.png","contentUrl":"https:\/\/www.padreeustaquio.com.br\/wp-content\/uploads\/2020\/12\/novena-de-natal-e1607882448864.png","width":922,"height":484},{"@type":"BreadcrumbList","@id":"https:\/\/www.padreeustaquio.com.br\/faca-a-novena-de-natal-virtual-e-prepare-seu-coracao-para-receber-jesus\/#breadcrumb","itemListElement":[{"@type":"ListItem","position":1,"name":"In\u00edcio","item":"https:\/\/www.padreeustaquio.com.br\/"},{"@type":"ListItem","position":2,"name":"Fa\u00e7a a Novena de Natal virtual e prepare seu cora\u00e7\u00e3o para receber Jesus"}]},{"@type":"WebSite","@id":"https:\/\/www.padreeustaquio.com.br\/#website","url":"https:\/\/www.padreeustaquio.com.br\/","name":"FATHER EUST\u00c1QUIO","description":"Health and Peace","publisher":{"@id":"https:\/\/www.padreeustaquio.com.br\/#organization"},"potentialAction":[{"@type":"SearchAction","target":{"@type":"EntryPoint","urlTemplate":"https:\/\/www.padreeustaquio.com.br\/?s={search_term_string}"},"query-input":{"@type":"PropertyValueSpecification","valueRequired":true,"valueName":"search_term_string"}}],"inLanguage":"en-US"},{"@type":"Organization","@id":"https:\/\/www.padreeustaquio.com.br\/#organization","name":"FATHER EUST\u00c1QUIO","url":"https:\/\/www.padreeustaquio.com.br\/","logo":{"@type":"ImageObject","inLanguage":"en-US","@id":"https:\/\/www.padreeustaquio.com.br\/#\/schema\/logo\/image\/","url":"https:\/\/www.padreeustaquio.com.br\/wp-content\/uploads\/2019\/08\/marca.png","contentUrl":"https:\/\/www.padreeustaquio.com.br\/wp-content\/uploads\/2019\/08\/marca.png","width":350,"height":400,"caption":"Padre Eust\u00e1quio"},"image":{"@id":"https:\/\/www.padreeustaquio.com.br\/#\/schema\/logo\/image\/"},"sameAs":["https:\/\/www.facebook.com\/beatopadreeustaquio\/","https:\/\/x.com\/beatopeustaquio","https:\/\/www.instagram.com\/beatopadreeustaquio\/","https:\/\/www.youtube.com\/channel\/UCRhw7vfabnajwLxb1ZXMeIw"]},{"@type":"Person","@id":"https:\/\/www.padreeustaquio.com.br\/#\/schema\/person\/a2a51db1d00f1a7af0204a0f1ddb1566","name":"@sscc","image":{"@type":"ImageObject","inLanguage":"en-US","@id":"https:\/\/secure.gravatar.com\/avatar\/68cfafa5f44617fea54071e215026e0ff06be366c3d54a8425f04fdcb86f8c5f?s=96&d=mm&r=g","url":"https:\/\/secure.gravatar.com\/avatar\/68cfafa5f44617fea54071e215026e0ff06be366c3d54a8425f04fdcb86f8c5f?s=96&d=mm&r=g","contentUrl":"https:\/\/secure.gravatar.com\/avatar\/68cfafa5f44617fea54071e215026e0ff06be366c3d54a8425f04fdcb86f8c5f?s=96&d=mm&r=g","caption":"@sscc"},"url":"https:\/\/www.padreeustaquio.com.br\/en\/author\/sscc\/"}]}},"_links":{"self":[{"href":"https:\/\/www.padreeustaquio.com.br\/en\/wp-json\/wp\/v2\/posts\/4810","targetHints":{"allow":["GET"]}}],"collection":[{"href":"https:\/\/www.padreeustaquio.com.br\/en\/wp-json\/wp\/v2\/posts"}],"about":[{"href":"https:\/\/www.padreeustaquio.com.br\/en\/wp-json\/wp\/v2\/types\/post"}],"author":[{"embeddable":true,"href":"https:\/\/www.padreeustaquio.com.br\/en\/wp-json\/wp\/v2\/users\/2"}],"replies":[{"embeddable":true,"href":"https:\/\/www.padreeustaquio.com.br\/en\/wp-json\/wp\/v2\/comments?post=4810"}],"version-history":[{"count":0,"href":"https:\/\/www.padreeustaquio.com.br\/en\/wp-json\/wp\/v2\/posts\/4810\/revisions"}],"wp:featuredmedia":[{"embeddable":true,"href":"https:\/\/www.padreeustaquio.com.br\/en\/wp-json\/wp\/v2\/media\/4811"}],"wp:attachment":[{"href":"https:\/\/www.padreeustaquio.com.br\/en\/wp-json\/wp\/v2\/media?parent=4810"}],"wp:term":[{"taxonomy":"category","embeddable":true,"href":"https:\/\/www.padreeustaquio.com.br\/en\/wp-json\/wp\/v2\/categories?post=4810"},{"taxonomy":"post_tag","embeddable":true,"href":"https:\/\/www.padreeustaquio.com.br\/en\/wp-json\/wp\/v2\/tags?post=4810"}],"curies":[{"name":"wp","href":"https:\/\/api.w.org\/{rel}","templated":true}]}}