{"id":4791,"date":"2020-12-03T16:55:04","date_gmt":"2020-12-03T19:55:04","guid":{"rendered":"https:\/\/www.padreeustaquio.com.br\/?p=4791"},"modified":"2020-12-03T16:55:04","modified_gmt":"2020-12-03T19:55:04","slug":"father-eustaquios-church-collects-toys-for-underprivileged-children","status":"publish","type":"post","link":"https:\/\/www.padreeustaquio.com.br\/en\/father-eustaquios-church-collects-toys-for-underprivileged-children\/","title":{"rendered":"Father Eust\u00e1quio&#039;s Church collects toys for underprivileged children."},"content":{"rendered":"<p>The Sanctuary of Health and Peace, known as the Padre Eust\u00e1quio Church, is mobilizing the community to collect toys that will be donated to underprivileged children served by the &quot;Ladies of Charity&quot;.<\/p>\n<p>The idea is to give a small gift to the children of the families who already receive monthly food baskets donated by the institution. Currently, just over 100 families are registered with the Ladies of Charity to receive food monthly, and in December, the intention is to include a toy with the basket for these children.<\/p>\n<p>Toys can be used, but must be in perfect working condition. They are being received at the Parish Office of the Sanctuary daily: Monday to Friday, from 7:30 am to 12 pm and from 1 pm to 5:30 pm, and on Saturdays until 12 pm. On Sundays, items can be left at the church or at the Padre Eust\u00e1quio store, attached to the church.<\/p>\n<p>Ladies of Charity<\/p>\n<p>Conceived by Blessed Father Eust\u00e1quio in the early 1940s in Belo Horizonte, the work of helping the poor has always been a great concern of the Congregation of the Sacred Hearts and the entire parish community. Father Eust\u00e1quio always helped those most in need with food, work, paying overdue bills, or with his prayers and spiritual guidance. The work continued, and you can read the complete story here. <a href=\"https:\/\/www.padreeustaquio.com.br\/en\/social-action-are-you-familiar-with-the-work-of-the-ladies-of-charity\/\">read here<\/a>.<\/p>\n<p>For more information, call the parish office during business hours: (31) 3462-6557 or go to the Sanctuary (<a href=\"https:\/\/www.google.com\/maps\/place\/Santu%C3%A1rio+da+Sa%C3%BAde+e+da+Paz+-+Igreja+Padre+Eust%C3%A1quio\/@-19.9153708,-43.9773711,17z\/data=!3m1!4b1!4m5!3m4!1s0xa6972254563cdd:0x188fb9434838f2b9!8m2!3d-19.9153708!4d-43.9751824\">See the map<\/a>).<\/p>","protected":false},"excerpt":{"rendered":"<p>O Santu\u00e1rio da Sa\u00fade e Paz, conhecido como Igreja Padre Eust\u00e1quio, est\u00e1 mobilizando a comunidade para arrecadar brinquedos que ser\u00e3o doados \u00e0s crian\u00e7as carentes atendidas pelas &#8220;Damas da Caridade&#8221;. A ideia \u00e9 entregar um presentinho aos pequenos das fam\u00edlias que j\u00e1 recebem mensalmente as cestas b\u00e1sicas doadas pela institui\u00e7\u00e3o. Atualmente, pouco mais de 100 fam\u00edlias est\u00e3o cadastradas nas Damas da Caridade para receberem alimentos mensalmente e, em dezembro, a inten\u00e7\u00e3o \u00e9 colocar um brinquedo junto da cesta para estas crian\u00e7as. Os brinquedos podem ser usados, mas em perfeitas condi\u00e7\u00f5es de uso. Eles est\u00e3o sendo recebidos na Secretaria Paroquial do Santu\u00e1rio, [&hellip;]<\/p>\n","protected":false},"author":2,"featured_media":4792,"comment_status":"open","ping_status":"open","sticky":false,"template":"","format":"standard","meta":{"_acf_changed":false,"footnotes":""},"categories":[611],"tags":[],"class_list":["post-4791","post","type-post","status-publish","format-standard","has-post-thumbnail","hentry","category-noticias"],"acf":[],"yoast_head":"<!-- This site is optimized with the Yoast SEO plugin v27.2 - https:\/\/yoast.com\/product\/yoast-seo-wordpress\/ -->\n<title>Igreja do Padre Eust\u00e1quio arrecada brinquedos para crian\u00e7as carentes - Padre Eust\u00e1quio<\/title>\n<meta name=\"robots\" content=\"index, follow, max-snippet:-1, max-image-preview:large, max-video-preview:-1\" \/>\n<link rel=\"canonical\" href=\"https:\/\/www.padreeustaquio.com.br\/en\/father-eustaquios-church-collects-toys-for-underprivileged-children\/\" \/>\n<meta property=\"og:locale\" content=\"en_US\" \/>\n<meta property=\"og:type\" content=\"article\" \/>\n<meta property=\"og:title\" content=\"Igreja do Padre Eust\u00e1quio arrecada brinquedos para crian\u00e7as carentes - Padre Eust\u00e1quio\" \/>\n<meta property=\"og:description\" content=\"O Santu\u00e1rio da Sa\u00fade e Paz, conhecido como Igreja Padre Eust\u00e1quio, est\u00e1 mobilizando a comunidade para arrecadar brinquedos que ser\u00e3o doados \u00e0s crian\u00e7as carentes atendidas pelas &#8220;Damas da Caridade&#8221;. A ideia \u00e9 entregar um presentinho aos pequenos das fam\u00edlias que j\u00e1 recebem mensalmente as cestas b\u00e1sicas doadas pela institui\u00e7\u00e3o. Atualmente, pouco mais de 100 fam\u00edlias est\u00e3o cadastradas nas Damas da Caridade para receberem alimentos mensalmente e, em dezembro, a inten\u00e7\u00e3o \u00e9 colocar um brinquedo junto da cesta para estas crian\u00e7as. Os brinquedos podem ser usados, mas em perfeitas condi\u00e7\u00f5es de uso. Eles est\u00e3o sendo recebidos na Secretaria Paroquial do Santu\u00e1rio, [&hellip;]\" \/>\n<meta property=\"og:url\" content=\"https:\/\/www.padreeustaquio.com.br\/en\/father-eustaquios-church-collects-toys-for-underprivileged-children\/\" \/>\n<meta property=\"og:site_name\" content=\"Padre Eust\u00e1quio\" \/>\n<meta property=\"article:publisher\" content=\"https:\/\/www.facebook.com\/beatopadreeustaquio\/\" \/>\n<meta property=\"article:published_time\" content=\"2020-12-03T19:55:04+00:00\" \/>\n<meta property=\"og:image\" content=\"https:\/\/www.padreeustaquio.com.br\/wp-content\/uploads\/2020\/12\/brinquedos.jpg\" \/>\n\t<meta property=\"og:image:width\" content=\"1519\" \/>\n\t<meta property=\"og:image:height\" content=\"1013\" \/>\n\t<meta property=\"og:image:type\" content=\"image\/jpeg\" \/>\n<meta name=\"author\" content=\"@sscc\" \/>\n<meta name=\"twitter:card\" content=\"summary_large_image\" \/>\n<meta name=\"twitter:creator\" content=\"@beatopeustaquio\" \/>\n<meta name=\"twitter:site\" content=\"@beatopeustaquio\" \/>\n<meta name=\"twitter:label1\" content=\"Written by\" \/>\n\t<meta name=\"twitter:data1\" content=\"@sscc\" \/>\n\t<meta name=\"twitter:label2\" content=\"Est. reading time\" \/>\n\t<meta name=\"twitter:data2\" content=\"1 minute\" \/>\n<script type=\"application\/ld+json\" class=\"yoast-schema-graph\">{\"@context\":\"https:\/\/schema.org\",\"@graph\":[{\"@type\":\"Article\",\"@id\":\"https:\/\/www.padreeustaquio.com.br\/igreja-do-padre-eustaquio-arrecada-brinquedos-para-criancas-carentes\/#article\",\"isPartOf\":{\"@id\":\"https:\/\/www.padreeustaquio.com.br\/igreja-do-padre-eustaquio-arrecada-brinquedos-para-criancas-carentes\/\"},\"author\":{\"name\":\"@sscc\",\"@id\":\"https:\/\/www.padreeustaquio.com.br\/#\/schema\/person\/a2a51db1d00f1a7af0204a0f1ddb1566\"},\"headline\":\"Igreja do Padre Eust\u00e1quio arrecada brinquedos para crian\u00e7as carentes\",\"datePublished\":\"2020-12-03T19:55:04+00:00\",\"mainEntityOfPage\":{\"@id\":\"https:\/\/www.padreeustaquio.com.br\/igreja-do-padre-eustaquio-arrecada-brinquedos-para-criancas-carentes\/\"},\"wordCount\":269,\"commentCount\":0,\"publisher\":{\"@id\":\"https:\/\/www.padreeustaquio.com.br\/#organization\"},\"image\":{\"@id\":\"https:\/\/www.padreeustaquio.com.br\/igreja-do-padre-eustaquio-arrecada-brinquedos-para-criancas-carentes\/#primaryimage\"},\"thumbnailUrl\":\"https:\/\/www.padreeustaquio.com.br\/wp-content\/uploads\/2020\/12\/brinquedos.jpg\",\"articleSection\":[\"Not\u00edcias\"],\"inLanguage\":\"en-US\",\"potentialAction\":[{\"@type\":\"CommentAction\",\"name\":\"Comment\",\"target\":[\"https:\/\/www.padreeustaquio.com.br\/igreja-do-padre-eustaquio-arrecada-brinquedos-para-criancas-carentes\/#respond\"]}]},{\"@type\":\"WebPage\",\"@id\":\"https:\/\/www.padreeustaquio.com.br\/igreja-do-padre-eustaquio-arrecada-brinquedos-para-criancas-carentes\/\",\"url\":\"https:\/\/www.padreeustaquio.com.br\/igreja-do-padre-eustaquio-arrecada-brinquedos-para-criancas-carentes\/\",\"name\":\"Igreja do Padre Eust\u00e1quio arrecada brinquedos para crian\u00e7as carentes - Padre Eust\u00e1quio\",\"isPartOf\":{\"@id\":\"https:\/\/www.padreeustaquio.com.br\/#website\"},\"primaryImageOfPage\":{\"@id\":\"https:\/\/www.padreeustaquio.com.br\/igreja-do-padre-eustaquio-arrecada-brinquedos-para-criancas-carentes\/#primaryimage\"},\"image\":{\"@id\":\"https:\/\/www.padreeustaquio.com.br\/igreja-do-padre-eustaquio-arrecada-brinquedos-para-criancas-carentes\/#primaryimage\"},\"thumbnailUrl\":\"https:\/\/www.padreeustaquio.com.br\/wp-content\/uploads\/2020\/12\/brinquedos.jpg\",\"datePublished\":\"2020-12-03T19:55:04+00:00\",\"breadcrumb\":{\"@id\":\"https:\/\/www.padreeustaquio.com.br\/igreja-do-padre-eustaquio-arrecada-brinquedos-para-criancas-carentes\/#breadcrumb\"},\"inLanguage\":\"en-US\",\"potentialAction\":[{\"@type\":\"ReadAction\",\"target\":[\"https:\/\/www.padreeustaquio.com.br\/igreja-do-padre-eustaquio-arrecada-brinquedos-para-criancas-carentes\/\"]}]},{\"@type\":\"ImageObject\",\"inLanguage\":\"en-US\",\"@id\":\"https:\/\/www.padreeustaquio.com.br\/igreja-do-padre-eustaquio-arrecada-brinquedos-para-criancas-carentes\/#primaryimage\",\"url\":\"https:\/\/www.padreeustaquio.com.br\/wp-content\/uploads\/2020\/12\/brinquedos.jpg\",\"contentUrl\":\"https:\/\/www.padreeustaquio.com.br\/wp-content\/uploads\/2020\/12\/brinquedos.jpg\",\"width\":1519,\"height\":1013,\"caption\":\"Toys.\"},{\"@type\":\"BreadcrumbList\",\"@id\":\"https:\/\/www.padreeustaquio.com.br\/igreja-do-padre-eustaquio-arrecada-brinquedos-para-criancas-carentes\/#breadcrumb\",\"itemListElement\":[{\"@type\":\"ListItem\",\"position\":1,\"name\":\"In\u00edcio\",\"item\":\"https:\/\/www.padreeustaquio.com.br\/\"},{\"@type\":\"ListItem\",\"position\":2,\"name\":\"Igreja do Padre Eust\u00e1quio arrecada brinquedos para crian\u00e7as carentes\"}]},{\"@type\":\"WebSite\",\"@id\":\"https:\/\/www.padreeustaquio.com.br\/#website\",\"url\":\"https:\/\/www.padreeustaquio.com.br\/\",\"name\":\"Padre Eust\u00e1quio\",\"description\":\"Sa\u00fade e Paz\",\"publisher\":{\"@id\":\"https:\/\/www.padreeustaquio.com.br\/#organization\"},\"potentialAction\":[{\"@type\":\"SearchAction\",\"target\":{\"@type\":\"EntryPoint\",\"urlTemplate\":\"https:\/\/www.padreeustaquio.com.br\/?s={search_term_string}\"},\"query-input\":{\"@type\":\"PropertyValueSpecification\",\"valueRequired\":true,\"valueName\":\"search_term_string\"}}],\"inLanguage\":\"en-US\"},{\"@type\":\"Organization\",\"@id\":\"https:\/\/www.padreeustaquio.com.br\/#organization\",\"name\":\"Padre Eust\u00e1quio\",\"url\":\"https:\/\/www.padreeustaquio.com.br\/\",\"logo\":{\"@type\":\"ImageObject\",\"inLanguage\":\"en-US\",\"@id\":\"https:\/\/www.padreeustaquio.com.br\/#\/schema\/logo\/image\/\",\"url\":\"https:\/\/www.padreeustaquio.com.br\/wp-content\/uploads\/2019\/08\/marca.png\",\"contentUrl\":\"https:\/\/www.padreeustaquio.com.br\/wp-content\/uploads\/2019\/08\/marca.png\",\"width\":350,\"height\":400,\"caption\":\"Padre Eust\u00e1quio\"},\"image\":{\"@id\":\"https:\/\/www.padreeustaquio.com.br\/#\/schema\/logo\/image\/\"},\"sameAs\":[\"https:\/\/www.facebook.com\/beatopadreeustaquio\/\",\"https:\/\/x.com\/beatopeustaquio\",\"https:\/\/www.instagram.com\/beatopadreeustaquio\/\",\"https:\/\/www.youtube.com\/channel\/UCRhw7vfabnajwLxb1ZXMeIw\"]},{\"@type\":\"Person\",\"@id\":\"https:\/\/www.padreeustaquio.com.br\/#\/schema\/person\/a2a51db1d00f1a7af0204a0f1ddb1566\",\"name\":\"@sscc\",\"image\":{\"@type\":\"ImageObject\",\"inLanguage\":\"en-US\",\"@id\":\"https:\/\/secure.gravatar.com\/avatar\/68cfafa5f44617fea54071e215026e0ff06be366c3d54a8425f04fdcb86f8c5f?s=96&d=mm&r=g\",\"url\":\"https:\/\/secure.gravatar.com\/avatar\/68cfafa5f44617fea54071e215026e0ff06be366c3d54a8425f04fdcb86f8c5f?s=96&d=mm&r=g\",\"contentUrl\":\"https:\/\/secure.gravatar.com\/avatar\/68cfafa5f44617fea54071e215026e0ff06be366c3d54a8425f04fdcb86f8c5f?s=96&d=mm&r=g\",\"caption\":\"@sscc\"},\"url\":\"https:\/\/www.padreeustaquio.com.br\/en\/author\/sscc\/\"}]}<\/script>\n<!-- \/ Yoast SEO plugin. -->","yoast_head_json":{"title":"Father Eust\u00e1quio&#039;s Church collects toys for underprivileged children - Father Eust\u00e1quio","robots":{"index":"index","follow":"follow","max-snippet":"max-snippet:-1","max-image-preview":"max-image-preview:large","max-video-preview":"max-video-preview:-1"},"canonical":"https:\/\/www.padreeustaquio.com.br\/en\/father-eustaquios-church-collects-toys-for-underprivileged-children\/","og_locale":"en_US","og_type":"article","og_title":"Igreja do Padre Eust\u00e1quio arrecada brinquedos para crian\u00e7as carentes - Padre Eust\u00e1quio","og_description":"O Santu\u00e1rio da Sa\u00fade e Paz, conhecido como Igreja Padre Eust\u00e1quio, est\u00e1 mobilizando a comunidade para arrecadar brinquedos que ser\u00e3o doados \u00e0s crian\u00e7as carentes atendidas pelas &#8220;Damas da Caridade&#8221;. A ideia \u00e9 entregar um presentinho aos pequenos das fam\u00edlias que j\u00e1 recebem mensalmente as cestas b\u00e1sicas doadas pela institui\u00e7\u00e3o. Atualmente, pouco mais de 100 fam\u00edlias est\u00e3o cadastradas nas Damas da Caridade para receberem alimentos mensalmente e, em dezembro, a inten\u00e7\u00e3o \u00e9 colocar um brinquedo junto da cesta para estas crian\u00e7as. Os brinquedos podem ser usados, mas em perfeitas condi\u00e7\u00f5es de uso. Eles est\u00e3o sendo recebidos na Secretaria Paroquial do Santu\u00e1rio, [&hellip;]","og_url":"https:\/\/www.padreeustaquio.com.br\/en\/father-eustaquios-church-collects-toys-for-underprivileged-children\/","og_site_name":"Padre Eust\u00e1quio","article_publisher":"https:\/\/www.facebook.com\/beatopadreeustaquio\/","article_published_time":"2020-12-03T19:55:04+00:00","og_image":[{"width":1519,"height":1013,"url":"https:\/\/www.padreeustaquio.com.br\/wp-content\/uploads\/2020\/12\/brinquedos.jpg","type":"image\/jpeg"}],"author":"@sscc","twitter_card":"summary_large_image","twitter_creator":"@beatopeustaquio","twitter_site":"@beatopeustaquio","twitter_misc":{"Written by":"@sscc","Est. reading time":"1 minute"},"schema":{"@context":"https:\/\/schema.org","@graph":[{"@type":"Article","@id":"https:\/\/www.padreeustaquio.com.br\/igreja-do-padre-eustaquio-arrecada-brinquedos-para-criancas-carentes\/#article","isPartOf":{"@id":"https:\/\/www.padreeustaquio.com.br\/igreja-do-padre-eustaquio-arrecada-brinquedos-para-criancas-carentes\/"},"author":{"name":"@sscc","@id":"https:\/\/www.padreeustaquio.com.br\/#\/schema\/person\/a2a51db1d00f1a7af0204a0f1ddb1566"},"headline":"Igreja do Padre Eust\u00e1quio arrecada brinquedos para crian\u00e7as carentes","datePublished":"2020-12-03T19:55:04+00:00","mainEntityOfPage":{"@id":"https:\/\/www.padreeustaquio.com.br\/igreja-do-padre-eustaquio-arrecada-brinquedos-para-criancas-carentes\/"},"wordCount":269,"commentCount":0,"publisher":{"@id":"https:\/\/www.padreeustaquio.com.br\/#organization"},"image":{"@id":"https:\/\/www.padreeustaquio.com.br\/igreja-do-padre-eustaquio-arrecada-brinquedos-para-criancas-carentes\/#primaryimage"},"thumbnailUrl":"https:\/\/www.padreeustaquio.com.br\/wp-content\/uploads\/2020\/12\/brinquedos.jpg","articleSection":["Not\u00edcias"],"inLanguage":"en-US","potentialAction":[{"@type":"CommentAction","name":"Comment","target":["https:\/\/www.padreeustaquio.com.br\/igreja-do-padre-eustaquio-arrecada-brinquedos-para-criancas-carentes\/#respond"]}]},{"@type":"WebPage","@id":"https:\/\/www.padreeustaquio.com.br\/igreja-do-padre-eustaquio-arrecada-brinquedos-para-criancas-carentes\/","url":"https:\/\/www.padreeustaquio.com.br\/igreja-do-padre-eustaquio-arrecada-brinquedos-para-criancas-carentes\/","name":"Father Eust\u00e1quio&#039;s Church collects toys for underprivileged children - Father Eust\u00e1quio","isPartOf":{"@id":"https:\/\/www.padreeustaquio.com.br\/#website"},"primaryImageOfPage":{"@id":"https:\/\/www.padreeustaquio.com.br\/igreja-do-padre-eustaquio-arrecada-brinquedos-para-criancas-carentes\/#primaryimage"},"image":{"@id":"https:\/\/www.padreeustaquio.com.br\/igreja-do-padre-eustaquio-arrecada-brinquedos-para-criancas-carentes\/#primaryimage"},"thumbnailUrl":"https:\/\/www.padreeustaquio.com.br\/wp-content\/uploads\/2020\/12\/brinquedos.jpg","datePublished":"2020-12-03T19:55:04+00:00","breadcrumb":{"@id":"https:\/\/www.padreeustaquio.com.br\/igreja-do-padre-eustaquio-arrecada-brinquedos-para-criancas-carentes\/#breadcrumb"},"inLanguage":"en-US","potentialAction":[{"@type":"ReadAction","target":["https:\/\/www.padreeustaquio.com.br\/igreja-do-padre-eustaquio-arrecada-brinquedos-para-criancas-carentes\/"]}]},{"@type":"ImageObject","inLanguage":"en-US","@id":"https:\/\/www.padreeustaquio.com.br\/igreja-do-padre-eustaquio-arrecada-brinquedos-para-criancas-carentes\/#primaryimage","url":"https:\/\/www.padreeustaquio.com.br\/wp-content\/uploads\/2020\/12\/brinquedos.jpg","contentUrl":"https:\/\/www.padreeustaquio.com.br\/wp-content\/uploads\/2020\/12\/brinquedos.jpg","width":1519,"height":1013,"caption":"Toys."},{"@type":"BreadcrumbList","@id":"https:\/\/www.padreeustaquio.com.br\/igreja-do-padre-eustaquio-arrecada-brinquedos-para-criancas-carentes\/#breadcrumb","itemListElement":[{"@type":"ListItem","position":1,"name":"In\u00edcio","item":"https:\/\/www.padreeustaquio.com.br\/"},{"@type":"ListItem","position":2,"name":"Igreja do Padre Eust\u00e1quio arrecada brinquedos para crian\u00e7as carentes"}]},{"@type":"WebSite","@id":"https:\/\/www.padreeustaquio.com.br\/#website","url":"https:\/\/www.padreeustaquio.com.br\/","name":"FATHER EUST\u00c1QUIO","description":"Health and Peace","publisher":{"@id":"https:\/\/www.padreeustaquio.com.br\/#organization"},"potentialAction":[{"@type":"SearchAction","target":{"@type":"EntryPoint","urlTemplate":"https:\/\/www.padreeustaquio.com.br\/?s={search_term_string}"},"query-input":{"@type":"PropertyValueSpecification","valueRequired":true,"valueName":"search_term_string"}}],"inLanguage":"en-US"},{"@type":"Organization","@id":"https:\/\/www.padreeustaquio.com.br\/#organization","name":"FATHER EUST\u00c1QUIO","url":"https:\/\/www.padreeustaquio.com.br\/","logo":{"@type":"ImageObject","inLanguage":"en-US","@id":"https:\/\/www.padreeustaquio.com.br\/#\/schema\/logo\/image\/","url":"https:\/\/www.padreeustaquio.com.br\/wp-content\/uploads\/2019\/08\/marca.png","contentUrl":"https:\/\/www.padreeustaquio.com.br\/wp-content\/uploads\/2019\/08\/marca.png","width":350,"height":400,"caption":"Padre Eust\u00e1quio"},"image":{"@id":"https:\/\/www.padreeustaquio.com.br\/#\/schema\/logo\/image\/"},"sameAs":["https:\/\/www.facebook.com\/beatopadreeustaquio\/","https:\/\/x.com\/beatopeustaquio","https:\/\/www.instagram.com\/beatopadreeustaquio\/","https:\/\/www.youtube.com\/channel\/UCRhw7vfabnajwLxb1ZXMeIw"]},{"@type":"Person","@id":"https:\/\/www.padreeustaquio.com.br\/#\/schema\/person\/a2a51db1d00f1a7af0204a0f1ddb1566","name":"@sscc","image":{"@type":"ImageObject","inLanguage":"en-US","@id":"https:\/\/secure.gravatar.com\/avatar\/68cfafa5f44617fea54071e215026e0ff06be366c3d54a8425f04fdcb86f8c5f?s=96&d=mm&r=g","url":"https:\/\/secure.gravatar.com\/avatar\/68cfafa5f44617fea54071e215026e0ff06be366c3d54a8425f04fdcb86f8c5f?s=96&d=mm&r=g","contentUrl":"https:\/\/secure.gravatar.com\/avatar\/68cfafa5f44617fea54071e215026e0ff06be366c3d54a8425f04fdcb86f8c5f?s=96&d=mm&r=g","caption":"@sscc"},"url":"https:\/\/www.padreeustaquio.com.br\/en\/author\/sscc\/"}]}},"_links":{"self":[{"href":"https:\/\/www.padreeustaquio.com.br\/en\/wp-json\/wp\/v2\/posts\/4791","targetHints":{"allow":["GET"]}}],"collection":[{"href":"https:\/\/www.padreeustaquio.com.br\/en\/wp-json\/wp\/v2\/posts"}],"about":[{"href":"https:\/\/www.padreeustaquio.com.br\/en\/wp-json\/wp\/v2\/types\/post"}],"author":[{"embeddable":true,"href":"https:\/\/www.padreeustaquio.com.br\/en\/wp-json\/wp\/v2\/users\/2"}],"replies":[{"embeddable":true,"href":"https:\/\/www.padreeustaquio.com.br\/en\/wp-json\/wp\/v2\/comments?post=4791"}],"version-history":[{"count":0,"href":"https:\/\/www.padreeustaquio.com.br\/en\/wp-json\/wp\/v2\/posts\/4791\/revisions"}],"wp:featuredmedia":[{"embeddable":true,"href":"https:\/\/www.padreeustaquio.com.br\/en\/wp-json\/wp\/v2\/media\/4792"}],"wp:attachment":[{"href":"https:\/\/www.padreeustaquio.com.br\/en\/wp-json\/wp\/v2\/media?parent=4791"}],"wp:term":[{"taxonomy":"category","embeddable":true,"href":"https:\/\/www.padreeustaquio.com.br\/en\/wp-json\/wp\/v2\/categories?post=4791"},{"taxonomy":"post_tag","embeddable":true,"href":"https:\/\/www.padreeustaquio.com.br\/en\/wp-json\/wp\/v2\/tags?post=4791"}],"curies":[{"name":"wp","href":"https:\/\/api.w.org\/{rel}","templated":true}]}}