{"id":4785,"date":"2020-11-30T09:49:38","date_gmt":"2020-11-30T12:49:38","guid":{"rendered":"https:\/\/www.padreeustaquio.com.br\/?p=4785"},"modified":"2020-11-30T09:49:38","modified_gmt":"2020-11-30T12:49:38","slug":"father-marlon-a-devotee-of-father-eustaquio-already-celebrates-at-home","status":"publish","type":"post","link":"https:\/\/www.padreeustaquio.com.br\/en\/father-marlon-a-devotee-of-father-eustaquio-already-celebrates-at-home\/","title":{"rendered":"Father Marlon, a devotee of Father Eust\u00e1quio, is already celebrating Mass at home."},"content":{"rendered":"<div class=\"kvgmc6g5 cxmmr5t8 oygrvhab hcukyx3x c1et5uql ii04i59q\">\n<div dir=\"auto\">After refusing to be intubated in order to continue celebrating Mass, Father Marlon Mucio, mss, was discharged from the ICU and is celebrating the first Sunday of Advent at home.<\/p>\n<\/div>\n<\/div>\n<div class=\"o9v6fnle cxmmr5t8 oygrvhab hcukyx3x c1et5uql ii04i59q\">\n<div dir=\"auto\">Father Marlon suffers from RTD, Riboflavin Deficiency Disorder (learn more about the disease on the page). <a href=\"https:\/\/www.facebook.com\/curertdbrasil\/\">Cure RTD<\/a>He was admitted to the ICU. Because of the illness, he needs constant mechanical ventilation to breathe.<\/p>\n<\/div>\n<\/div>\n<div class=\"o9v6fnle cxmmr5t8 oygrvhab hcukyx3x c1et5uql ii04i59q\">\n<div dir=\"auto\">In 2018, after going through a crisis of illness and praying intensely for healing, he suddenly received the grace. The priest recounted that, after a night prayer, he awoke with extraordinary energy. It was then that he realized he had received the blessing he had so longed for. During the night he was able to contemplate the saints he was devoted to, one of whom was Father Eustace.<\/p>\n<\/div>\n<\/div>\n<div class=\"o9v6fnle cxmmr5t8 oygrvhab hcukyx3x c1et5uql ii04i59q\">\n<div dir=\"auto\">Father Marlon is a devotee of Father Eust\u00e1quio and on August 30, 2019, he was at the Sanctuary of Health and Peace celebrating the day of our Blessed. During his visit, he also recorded a video talking about his devotion to the Blessed. <a href=\"https:\/\/www.youtube.com\/watch?v=S1PiF6vUCPY&amp;lc=UgxJBeaxuLXcLYs215R4AaABAg\">Watch here<\/a> And share it.<\/div>\n<\/div>","protected":false},"excerpt":{"rendered":"<p>Depois de se recusar a ser entubado para continuar celebrando missas, Padre Marlon Mucio, mss, teve alta da UTI e celebra primeiro domingo do Advento em Casa. Padre Marlon sofre de RTD, Defici\u00eancia do Transtorno de Riboflavina (saiba mais sobre a doen\u00e7a na p\u00e1gina Cure RTD), e precisou ser internado na UTI. Por causa da doen\u00e7a, ele precisa da ajuda de ventila\u00e7\u00e3o mec\u00e2nica constantemente para respirar. Em 2018, depois de passar por uma crise da doen\u00e7a e rezar muito pela cura, obteve a gra\u00e7a repentinamente. O sacerdote contou que, ap\u00f3s uma ora\u00e7\u00e3o noturna, ele amanheceu com extraordin\u00e1ria disposi\u00e7\u00e3o. Foi, ent\u00e3o, [&hellip;]<\/p>\n","protected":false},"author":2,"featured_media":4786,"comment_status":"open","ping_status":"open","sticky":false,"template":"","format":"standard","meta":{"_acf_changed":false,"footnotes":""},"categories":[611],"tags":[],"class_list":["post-4785","post","type-post","status-publish","format-standard","has-post-thumbnail","hentry","category-noticias"],"acf":[],"yoast_head":"<!-- This site is optimized with the Yoast SEO plugin v27.2 - https:\/\/yoast.com\/product\/yoast-seo-wordpress\/ -->\n<title>Padre Marlon, devoto de Padre Eust\u00e1quio, j\u00e1 celebra em casa - Padre Eust\u00e1quio<\/title>\n<meta name=\"robots\" content=\"index, follow, max-snippet:-1, max-image-preview:large, max-video-preview:-1\" \/>\n<link rel=\"canonical\" href=\"https:\/\/www.padreeustaquio.com.br\/en\/father-marlon-a-devotee-of-father-eustaquio-already-celebrates-at-home\/\" \/>\n<meta property=\"og:locale\" content=\"en_US\" \/>\n<meta property=\"og:type\" content=\"article\" \/>\n<meta property=\"og:title\" content=\"Padre Marlon, devoto de Padre Eust\u00e1quio, j\u00e1 celebra em casa - Padre Eust\u00e1quio\" \/>\n<meta property=\"og:description\" content=\"Depois de se recusar a ser entubado para continuar celebrando missas, Padre Marlon Mucio, mss, teve alta da UTI e celebra primeiro domingo do Advento em Casa. Padre Marlon sofre de RTD, Defici\u00eancia do Transtorno de Riboflavina (saiba mais sobre a doen\u00e7a na p\u00e1gina Cure RTD), e precisou ser internado na UTI. Por causa da doen\u00e7a, ele precisa da ajuda de ventila\u00e7\u00e3o mec\u00e2nica constantemente para respirar. Em 2018, depois de passar por uma crise da doen\u00e7a e rezar muito pela cura, obteve a gra\u00e7a repentinamente. O sacerdote contou que, ap\u00f3s uma ora\u00e7\u00e3o noturna, ele amanheceu com extraordin\u00e1ria disposi\u00e7\u00e3o. Foi, ent\u00e3o, [&hellip;]\" \/>\n<meta property=\"og:url\" content=\"https:\/\/www.padreeustaquio.com.br\/en\/father-marlon-a-devotee-of-father-eustaquio-already-celebrates-at-home\/\" \/>\n<meta property=\"og:site_name\" content=\"Padre Eust\u00e1quio\" \/>\n<meta property=\"article:publisher\" content=\"https:\/\/www.facebook.com\/beatopadreeustaquio\/\" \/>\n<meta property=\"article:published_time\" content=\"2020-11-30T12:49:38+00:00\" \/>\n<meta property=\"og:image\" content=\"https:\/\/www.padreeustaquio.com.br\/wp-content\/uploads\/2020\/11\/PADRE-MARLON.jpg\" \/>\n\t<meta property=\"og:image:width\" content=\"748\" \/>\n\t<meta property=\"og:image:height\" content=\"394\" \/>\n\t<meta property=\"og:image:type\" content=\"image\/jpeg\" \/>\n<meta name=\"author\" content=\"@sscc\" \/>\n<meta name=\"twitter:card\" content=\"summary_large_image\" \/>\n<meta name=\"twitter:creator\" content=\"@beatopeustaquio\" \/>\n<meta name=\"twitter:site\" content=\"@beatopeustaquio\" \/>\n<meta name=\"twitter:label1\" content=\"Written by\" \/>\n\t<meta name=\"twitter:data1\" content=\"@sscc\" \/>\n\t<meta name=\"twitter:label2\" content=\"Est. reading time\" \/>\n\t<meta name=\"twitter:data2\" content=\"1 minute\" \/>\n<script type=\"application\/ld+json\" class=\"yoast-schema-graph\">{\"@context\":\"https:\/\/schema.org\",\"@graph\":[{\"@type\":\"Article\",\"@id\":\"https:\/\/www.padreeustaquio.com.br\/padre-marlon-devoto-de-padre-eustaquio-ja-celebra-em-casa\/#article\",\"isPartOf\":{\"@id\":\"https:\/\/www.padreeustaquio.com.br\/padre-marlon-devoto-de-padre-eustaquio-ja-celebra-em-casa\/\"},\"author\":{\"name\":\"@sscc\",\"@id\":\"https:\/\/www.padreeustaquio.com.br\/#\/schema\/person\/a2a51db1d00f1a7af0204a0f1ddb1566\"},\"headline\":\"Padre Marlon, devoto de Padre Eust\u00e1quio, j\u00e1 celebra em casa\",\"datePublished\":\"2020-11-30T12:49:38+00:00\",\"mainEntityOfPage\":{\"@id\":\"https:\/\/www.padreeustaquio.com.br\/padre-marlon-devoto-de-padre-eustaquio-ja-celebra-em-casa\/\"},\"wordCount\":204,\"commentCount\":0,\"publisher\":{\"@id\":\"https:\/\/www.padreeustaquio.com.br\/#organization\"},\"image\":{\"@id\":\"https:\/\/www.padreeustaquio.com.br\/padre-marlon-devoto-de-padre-eustaquio-ja-celebra-em-casa\/#primaryimage\"},\"thumbnailUrl\":\"https:\/\/www.padreeustaquio.com.br\/wp-content\/uploads\/2020\/11\/PADRE-MARLON.jpg\",\"articleSection\":[\"Not\u00edcias\"],\"inLanguage\":\"en-US\",\"potentialAction\":[{\"@type\":\"CommentAction\",\"name\":\"Comment\",\"target\":[\"https:\/\/www.padreeustaquio.com.br\/padre-marlon-devoto-de-padre-eustaquio-ja-celebra-em-casa\/#respond\"]}]},{\"@type\":\"WebPage\",\"@id\":\"https:\/\/www.padreeustaquio.com.br\/padre-marlon-devoto-de-padre-eustaquio-ja-celebra-em-casa\/\",\"url\":\"https:\/\/www.padreeustaquio.com.br\/padre-marlon-devoto-de-padre-eustaquio-ja-celebra-em-casa\/\",\"name\":\"Padre Marlon, devoto de Padre Eust\u00e1quio, j\u00e1 celebra em casa - Padre Eust\u00e1quio\",\"isPartOf\":{\"@id\":\"https:\/\/www.padreeustaquio.com.br\/#website\"},\"primaryImageOfPage\":{\"@id\":\"https:\/\/www.padreeustaquio.com.br\/padre-marlon-devoto-de-padre-eustaquio-ja-celebra-em-casa\/#primaryimage\"},\"image\":{\"@id\":\"https:\/\/www.padreeustaquio.com.br\/padre-marlon-devoto-de-padre-eustaquio-ja-celebra-em-casa\/#primaryimage\"},\"thumbnailUrl\":\"https:\/\/www.padreeustaquio.com.br\/wp-content\/uploads\/2020\/11\/PADRE-MARLON.jpg\",\"datePublished\":\"2020-11-30T12:49:38+00:00\",\"breadcrumb\":{\"@id\":\"https:\/\/www.padreeustaquio.com.br\/padre-marlon-devoto-de-padre-eustaquio-ja-celebra-em-casa\/#breadcrumb\"},\"inLanguage\":\"en-US\",\"potentialAction\":[{\"@type\":\"ReadAction\",\"target\":[\"https:\/\/www.padreeustaquio.com.br\/padre-marlon-devoto-de-padre-eustaquio-ja-celebra-em-casa\/\"]}]},{\"@type\":\"ImageObject\",\"inLanguage\":\"en-US\",\"@id\":\"https:\/\/www.padreeustaquio.com.br\/padre-marlon-devoto-de-padre-eustaquio-ja-celebra-em-casa\/#primaryimage\",\"url\":\"https:\/\/www.padreeustaquio.com.br\/wp-content\/uploads\/2020\/11\/PADRE-MARLON.jpg\",\"contentUrl\":\"https:\/\/www.padreeustaquio.com.br\/wp-content\/uploads\/2020\/11\/PADRE-MARLON.jpg\",\"width\":748,\"height\":394},{\"@type\":\"BreadcrumbList\",\"@id\":\"https:\/\/www.padreeustaquio.com.br\/padre-marlon-devoto-de-padre-eustaquio-ja-celebra-em-casa\/#breadcrumb\",\"itemListElement\":[{\"@type\":\"ListItem\",\"position\":1,\"name\":\"In\u00edcio\",\"item\":\"https:\/\/www.padreeustaquio.com.br\/\"},{\"@type\":\"ListItem\",\"position\":2,\"name\":\"Padre Marlon, devoto de Padre Eust\u00e1quio, j\u00e1 celebra em casa\"}]},{\"@type\":\"WebSite\",\"@id\":\"https:\/\/www.padreeustaquio.com.br\/#website\",\"url\":\"https:\/\/www.padreeustaquio.com.br\/\",\"name\":\"Padre Eust\u00e1quio\",\"description\":\"Sa\u00fade e Paz\",\"publisher\":{\"@id\":\"https:\/\/www.padreeustaquio.com.br\/#organization\"},\"potentialAction\":[{\"@type\":\"SearchAction\",\"target\":{\"@type\":\"EntryPoint\",\"urlTemplate\":\"https:\/\/www.padreeustaquio.com.br\/?s={search_term_string}\"},\"query-input\":{\"@type\":\"PropertyValueSpecification\",\"valueRequired\":true,\"valueName\":\"search_term_string\"}}],\"inLanguage\":\"en-US\"},{\"@type\":\"Organization\",\"@id\":\"https:\/\/www.padreeustaquio.com.br\/#organization\",\"name\":\"Padre Eust\u00e1quio\",\"url\":\"https:\/\/www.padreeustaquio.com.br\/\",\"logo\":{\"@type\":\"ImageObject\",\"inLanguage\":\"en-US\",\"@id\":\"https:\/\/www.padreeustaquio.com.br\/#\/schema\/logo\/image\/\",\"url\":\"https:\/\/www.padreeustaquio.com.br\/wp-content\/uploads\/2019\/08\/marca.png\",\"contentUrl\":\"https:\/\/www.padreeustaquio.com.br\/wp-content\/uploads\/2019\/08\/marca.png\",\"width\":350,\"height\":400,\"caption\":\"Padre Eust\u00e1quio\"},\"image\":{\"@id\":\"https:\/\/www.padreeustaquio.com.br\/#\/schema\/logo\/image\/\"},\"sameAs\":[\"https:\/\/www.facebook.com\/beatopadreeustaquio\/\",\"https:\/\/x.com\/beatopeustaquio\",\"https:\/\/www.instagram.com\/beatopadreeustaquio\/\",\"https:\/\/www.youtube.com\/channel\/UCRhw7vfabnajwLxb1ZXMeIw\"]},{\"@type\":\"Person\",\"@id\":\"https:\/\/www.padreeustaquio.com.br\/#\/schema\/person\/a2a51db1d00f1a7af0204a0f1ddb1566\",\"name\":\"@sscc\",\"image\":{\"@type\":\"ImageObject\",\"inLanguage\":\"en-US\",\"@id\":\"https:\/\/secure.gravatar.com\/avatar\/68cfafa5f44617fea54071e215026e0ff06be366c3d54a8425f04fdcb86f8c5f?s=96&d=mm&r=g\",\"url\":\"https:\/\/secure.gravatar.com\/avatar\/68cfafa5f44617fea54071e215026e0ff06be366c3d54a8425f04fdcb86f8c5f?s=96&d=mm&r=g\",\"contentUrl\":\"https:\/\/secure.gravatar.com\/avatar\/68cfafa5f44617fea54071e215026e0ff06be366c3d54a8425f04fdcb86f8c5f?s=96&d=mm&r=g\",\"caption\":\"@sscc\"},\"url\":\"https:\/\/www.padreeustaquio.com.br\/en\/author\/sscc\/\"}]}<\/script>\n<!-- \/ Yoast SEO plugin. -->","yoast_head_json":{"title":"Father Marlon, a devotee of Father Eust\u00e1quio, is already celebrating Mass at home - Father Eust\u00e1quio","robots":{"index":"index","follow":"follow","max-snippet":"max-snippet:-1","max-image-preview":"max-image-preview:large","max-video-preview":"max-video-preview:-1"},"canonical":"https:\/\/www.padreeustaquio.com.br\/en\/father-marlon-a-devotee-of-father-eustaquio-already-celebrates-at-home\/","og_locale":"en_US","og_type":"article","og_title":"Padre Marlon, devoto de Padre Eust\u00e1quio, j\u00e1 celebra em casa - Padre Eust\u00e1quio","og_description":"Depois de se recusar a ser entubado para continuar celebrando missas, Padre Marlon Mucio, mss, teve alta da UTI e celebra primeiro domingo do Advento em Casa. Padre Marlon sofre de RTD, Defici\u00eancia do Transtorno de Riboflavina (saiba mais sobre a doen\u00e7a na p\u00e1gina Cure RTD), e precisou ser internado na UTI. Por causa da doen\u00e7a, ele precisa da ajuda de ventila\u00e7\u00e3o mec\u00e2nica constantemente para respirar. Em 2018, depois de passar por uma crise da doen\u00e7a e rezar muito pela cura, obteve a gra\u00e7a repentinamente. O sacerdote contou que, ap\u00f3s uma ora\u00e7\u00e3o noturna, ele amanheceu com extraordin\u00e1ria disposi\u00e7\u00e3o. Foi, ent\u00e3o, [&hellip;]","og_url":"https:\/\/www.padreeustaquio.com.br\/en\/father-marlon-a-devotee-of-father-eustaquio-already-celebrates-at-home\/","og_site_name":"Padre Eust\u00e1quio","article_publisher":"https:\/\/www.facebook.com\/beatopadreeustaquio\/","article_published_time":"2020-11-30T12:49:38+00:00","og_image":[{"width":748,"height":394,"url":"https:\/\/www.padreeustaquio.com.br\/wp-content\/uploads\/2020\/11\/PADRE-MARLON.jpg","type":"image\/jpeg"}],"author":"@sscc","twitter_card":"summary_large_image","twitter_creator":"@beatopeustaquio","twitter_site":"@beatopeustaquio","twitter_misc":{"Written by":"@sscc","Est. reading time":"1 minute"},"schema":{"@context":"https:\/\/schema.org","@graph":[{"@type":"Article","@id":"https:\/\/www.padreeustaquio.com.br\/padre-marlon-devoto-de-padre-eustaquio-ja-celebra-em-casa\/#article","isPartOf":{"@id":"https:\/\/www.padreeustaquio.com.br\/padre-marlon-devoto-de-padre-eustaquio-ja-celebra-em-casa\/"},"author":{"name":"@sscc","@id":"https:\/\/www.padreeustaquio.com.br\/#\/schema\/person\/a2a51db1d00f1a7af0204a0f1ddb1566"},"headline":"Padre Marlon, devoto de Padre Eust\u00e1quio, j\u00e1 celebra em casa","datePublished":"2020-11-30T12:49:38+00:00","mainEntityOfPage":{"@id":"https:\/\/www.padreeustaquio.com.br\/padre-marlon-devoto-de-padre-eustaquio-ja-celebra-em-casa\/"},"wordCount":204,"commentCount":0,"publisher":{"@id":"https:\/\/www.padreeustaquio.com.br\/#organization"},"image":{"@id":"https:\/\/www.padreeustaquio.com.br\/padre-marlon-devoto-de-padre-eustaquio-ja-celebra-em-casa\/#primaryimage"},"thumbnailUrl":"https:\/\/www.padreeustaquio.com.br\/wp-content\/uploads\/2020\/11\/PADRE-MARLON.jpg","articleSection":["Not\u00edcias"],"inLanguage":"en-US","potentialAction":[{"@type":"CommentAction","name":"Comment","target":["https:\/\/www.padreeustaquio.com.br\/padre-marlon-devoto-de-padre-eustaquio-ja-celebra-em-casa\/#respond"]}]},{"@type":"WebPage","@id":"https:\/\/www.padreeustaquio.com.br\/padre-marlon-devoto-de-padre-eustaquio-ja-celebra-em-casa\/","url":"https:\/\/www.padreeustaquio.com.br\/padre-marlon-devoto-de-padre-eustaquio-ja-celebra-em-casa\/","name":"Father Marlon, a devotee of Father Eust\u00e1quio, is already celebrating Mass at home - Father Eust\u00e1quio","isPartOf":{"@id":"https:\/\/www.padreeustaquio.com.br\/#website"},"primaryImageOfPage":{"@id":"https:\/\/www.padreeustaquio.com.br\/padre-marlon-devoto-de-padre-eustaquio-ja-celebra-em-casa\/#primaryimage"},"image":{"@id":"https:\/\/www.padreeustaquio.com.br\/padre-marlon-devoto-de-padre-eustaquio-ja-celebra-em-casa\/#primaryimage"},"thumbnailUrl":"https:\/\/www.padreeustaquio.com.br\/wp-content\/uploads\/2020\/11\/PADRE-MARLON.jpg","datePublished":"2020-11-30T12:49:38+00:00","breadcrumb":{"@id":"https:\/\/www.padreeustaquio.com.br\/padre-marlon-devoto-de-padre-eustaquio-ja-celebra-em-casa\/#breadcrumb"},"inLanguage":"en-US","potentialAction":[{"@type":"ReadAction","target":["https:\/\/www.padreeustaquio.com.br\/padre-marlon-devoto-de-padre-eustaquio-ja-celebra-em-casa\/"]}]},{"@type":"ImageObject","inLanguage":"en-US","@id":"https:\/\/www.padreeustaquio.com.br\/padre-marlon-devoto-de-padre-eustaquio-ja-celebra-em-casa\/#primaryimage","url":"https:\/\/www.padreeustaquio.com.br\/wp-content\/uploads\/2020\/11\/PADRE-MARLON.jpg","contentUrl":"https:\/\/www.padreeustaquio.com.br\/wp-content\/uploads\/2020\/11\/PADRE-MARLON.jpg","width":748,"height":394},{"@type":"BreadcrumbList","@id":"https:\/\/www.padreeustaquio.com.br\/padre-marlon-devoto-de-padre-eustaquio-ja-celebra-em-casa\/#breadcrumb","itemListElement":[{"@type":"ListItem","position":1,"name":"In\u00edcio","item":"https:\/\/www.padreeustaquio.com.br\/"},{"@type":"ListItem","position":2,"name":"Padre Marlon, devoto de Padre Eust\u00e1quio, j\u00e1 celebra em casa"}]},{"@type":"WebSite","@id":"https:\/\/www.padreeustaquio.com.br\/#website","url":"https:\/\/www.padreeustaquio.com.br\/","name":"FATHER EUST\u00c1QUIO","description":"Health and Peace","publisher":{"@id":"https:\/\/www.padreeustaquio.com.br\/#organization"},"potentialAction":[{"@type":"SearchAction","target":{"@type":"EntryPoint","urlTemplate":"https:\/\/www.padreeustaquio.com.br\/?s={search_term_string}"},"query-input":{"@type":"PropertyValueSpecification","valueRequired":true,"valueName":"search_term_string"}}],"inLanguage":"en-US"},{"@type":"Organization","@id":"https:\/\/www.padreeustaquio.com.br\/#organization","name":"FATHER EUST\u00c1QUIO","url":"https:\/\/www.padreeustaquio.com.br\/","logo":{"@type":"ImageObject","inLanguage":"en-US","@id":"https:\/\/www.padreeustaquio.com.br\/#\/schema\/logo\/image\/","url":"https:\/\/www.padreeustaquio.com.br\/wp-content\/uploads\/2019\/08\/marca.png","contentUrl":"https:\/\/www.padreeustaquio.com.br\/wp-content\/uploads\/2019\/08\/marca.png","width":350,"height":400,"caption":"Padre Eust\u00e1quio"},"image":{"@id":"https:\/\/www.padreeustaquio.com.br\/#\/schema\/logo\/image\/"},"sameAs":["https:\/\/www.facebook.com\/beatopadreeustaquio\/","https:\/\/x.com\/beatopeustaquio","https:\/\/www.instagram.com\/beatopadreeustaquio\/","https:\/\/www.youtube.com\/channel\/UCRhw7vfabnajwLxb1ZXMeIw"]},{"@type":"Person","@id":"https:\/\/www.padreeustaquio.com.br\/#\/schema\/person\/a2a51db1d00f1a7af0204a0f1ddb1566","name":"@sscc","image":{"@type":"ImageObject","inLanguage":"en-US","@id":"https:\/\/secure.gravatar.com\/avatar\/68cfafa5f44617fea54071e215026e0ff06be366c3d54a8425f04fdcb86f8c5f?s=96&d=mm&r=g","url":"https:\/\/secure.gravatar.com\/avatar\/68cfafa5f44617fea54071e215026e0ff06be366c3d54a8425f04fdcb86f8c5f?s=96&d=mm&r=g","contentUrl":"https:\/\/secure.gravatar.com\/avatar\/68cfafa5f44617fea54071e215026e0ff06be366c3d54a8425f04fdcb86f8c5f?s=96&d=mm&r=g","caption":"@sscc"},"url":"https:\/\/www.padreeustaquio.com.br\/en\/author\/sscc\/"}]}},"_links":{"self":[{"href":"https:\/\/www.padreeustaquio.com.br\/en\/wp-json\/wp\/v2\/posts\/4785","targetHints":{"allow":["GET"]}}],"collection":[{"href":"https:\/\/www.padreeustaquio.com.br\/en\/wp-json\/wp\/v2\/posts"}],"about":[{"href":"https:\/\/www.padreeustaquio.com.br\/en\/wp-json\/wp\/v2\/types\/post"}],"author":[{"embeddable":true,"href":"https:\/\/www.padreeustaquio.com.br\/en\/wp-json\/wp\/v2\/users\/2"}],"replies":[{"embeddable":true,"href":"https:\/\/www.padreeustaquio.com.br\/en\/wp-json\/wp\/v2\/comments?post=4785"}],"version-history":[{"count":0,"href":"https:\/\/www.padreeustaquio.com.br\/en\/wp-json\/wp\/v2\/posts\/4785\/revisions"}],"wp:featuredmedia":[{"embeddable":true,"href":"https:\/\/www.padreeustaquio.com.br\/en\/wp-json\/wp\/v2\/media\/4786"}],"wp:attachment":[{"href":"https:\/\/www.padreeustaquio.com.br\/en\/wp-json\/wp\/v2\/media?parent=4785"}],"wp:term":[{"taxonomy":"category","embeddable":true,"href":"https:\/\/www.padreeustaquio.com.br\/en\/wp-json\/wp\/v2\/categories?post=4785"},{"taxonomy":"post_tag","embeddable":true,"href":"https:\/\/www.padreeustaquio.com.br\/en\/wp-json\/wp\/v2\/tags?post=4785"}],"curies":[{"name":"wp","href":"https:\/\/api.w.org\/{rel}","templated":true}]}}