{"id":4773,"date":"2020-11-24T14:31:28","date_gmt":"2020-11-24T17:31:28","guid":{"rendered":"https:\/\/www.padreeustaquio.com.br\/?p=4773"},"modified":"2020-11-26T15:04:10","modified_gmt":"2020-11-26T18:04:10","slug":"brother-gustavo-ss-cc-professes-perpetual-vows-in-paraguay","status":"publish","type":"post","link":"https:\/\/www.padreeustaquio.com.br\/en\/brother-gustavo-ss-cc-professes-perpetual-vows-in-paraguay\/","title":{"rendered":"Brother Gustavo, ss.cc, professes perpetual vows in Paraguay."},"content":{"rendered":"<p>On Monday, the day the Congregation of the Sacred Hearts commemorates its founder, Henriqueta Aymer, ss.cc, Brother Gustavo Van Humbeeck professed his perpetual vows.<\/p>\n<p>The ceremony was held in the city of Presidente Franco, Paraguay, with the presence of the Provincial Superior of Brazil and the Paraguay region, Father S\u00e9rgio Stein, ss.cc.<\/p>\n<p>Gustavo spent the last months of 2020 in Belo Horizonte, in the house attached to the Sanctuary of Health and Peace. From 2015 to 2019, the young man completed his novitiate in Chile, where he lived with the interprovincial community of professed members, working in the parish of Saint Peter and Saint Paul.<\/p>\n<p>The entire celebration can be followed by brothers and sisters around the world through the live stream on the Padre Eust\u00e1quio Channel on YouTube. If you were unable to watch it live... <a href=\"https:\/\/www.youtube.com\/watch?v=MX2N38ORXD4\">Click here<\/a> And see what the profession was like.<\/p>\n<pre id=\"tw-target-text\" class=\"tw-data-text tw-text-large XcVN5d tw-ta\" dir=\"ltr\" data-placeholder=\"Tradu\u00e7\u00e3o\"><\/pre>","protected":false},"excerpt":{"rendered":"<p>Nessa segunda-feira, dia em que a Congrega\u00e7\u00e3o dos Sagrados Cora\u00e7\u00f5es comemora sua fundadora, Henriqueta Aymer, ss.cc, o irm\u00e3o Gustavo Van Humbeeck professou seus votos perp\u00e9tuos. A cerim\u00f4nia foi realizada na cidade de Presidente Franco, no Paraguai, com a presen\u00e7a do Superior Provincial do Brasil e regi\u00e3o do Paraguai, Padre S\u00e9rgio Stein, ss.cc. Gustavo viveu os \u00faltimos meses de 2020 em Belo Horizonte, na casa anexa ao Santu\u00e1rio da Sa\u00fade e Paz. O jovem passou, de 2015 a 2019 o noviciado no Chile onde conviveu com a comunidade interprovincial de professos, trabalhando na par\u00f3quia S\u00e3o Pedro e S\u00e3o Paulo. Toda a [&hellip;]<\/p>\n","protected":false},"author":2,"featured_media":4781,"comment_status":"open","ping_status":"open","sticky":false,"template":"","format":"standard","meta":{"_acf_changed":false,"footnotes":""},"categories":[611],"tags":[],"class_list":["post-4773","post","type-post","status-publish","format-standard","has-post-thumbnail","hentry","category-noticias"],"acf":[],"yoast_head":"<!-- This site is optimized with the Yoast SEO plugin v27.2 - https:\/\/yoast.com\/product\/yoast-seo-wordpress\/ -->\n<title>Irm\u00e3o Gustavo, ss.cc, professa votos perp\u00e9tuos no Paraguai - Padre Eust\u00e1quio<\/title>\n<meta name=\"robots\" content=\"index, follow, max-snippet:-1, max-image-preview:large, max-video-preview:-1\" \/>\n<link rel=\"canonical\" href=\"https:\/\/www.padreeustaquio.com.br\/en\/brother-gustavo-ss-cc-professes-perpetual-vows-in-paraguay\/\" \/>\n<meta property=\"og:locale\" content=\"en_US\" \/>\n<meta property=\"og:type\" content=\"article\" \/>\n<meta property=\"og:title\" content=\"Irm\u00e3o Gustavo, ss.cc, professa votos perp\u00e9tuos no Paraguai - Padre Eust\u00e1quio\" \/>\n<meta property=\"og:description\" content=\"Nessa segunda-feira, dia em que a Congrega\u00e7\u00e3o dos Sagrados Cora\u00e7\u00f5es comemora sua fundadora, Henriqueta Aymer, ss.cc, o irm\u00e3o Gustavo Van Humbeeck professou seus votos perp\u00e9tuos. A cerim\u00f4nia foi realizada na cidade de Presidente Franco, no Paraguai, com a presen\u00e7a do Superior Provincial do Brasil e regi\u00e3o do Paraguai, Padre S\u00e9rgio Stein, ss.cc. Gustavo viveu os \u00faltimos meses de 2020 em Belo Horizonte, na casa anexa ao Santu\u00e1rio da Sa\u00fade e Paz. O jovem passou, de 2015 a 2019 o noviciado no Chile onde conviveu com a comunidade interprovincial de professos, trabalhando na par\u00f3quia S\u00e3o Pedro e S\u00e3o Paulo. Toda a [&hellip;]\" \/>\n<meta property=\"og:url\" content=\"https:\/\/www.padreeustaquio.com.br\/en\/brother-gustavo-ss-cc-professes-perpetual-vows-in-paraguay\/\" \/>\n<meta property=\"og:site_name\" content=\"Padre Eust\u00e1quio\" \/>\n<meta property=\"article:publisher\" content=\"https:\/\/www.facebook.com\/beatopadreeustaquio\/\" \/>\n<meta property=\"article:published_time\" content=\"2020-11-24T17:31:28+00:00\" \/>\n<meta property=\"article:modified_time\" content=\"2020-11-26T18:04:10+00:00\" \/>\n<meta property=\"og:image\" content=\"https:\/\/www.padreeustaquio.com.br\/wp-content\/uploads\/2020\/11\/C1FE00F8-8D86-4E6B-8309-EB7A977F5B1B.jpeg\" \/>\n\t<meta property=\"og:image:width\" content=\"868\" \/>\n\t<meta property=\"og:image:height\" content=\"1156\" \/>\n\t<meta property=\"og:image:type\" content=\"image\/jpeg\" \/>\n<meta name=\"author\" content=\"@sscc\" \/>\n<meta name=\"twitter:card\" content=\"summary_large_image\" \/>\n<meta name=\"twitter:creator\" content=\"@beatopeustaquio\" \/>\n<meta name=\"twitter:site\" content=\"@beatopeustaquio\" \/>\n<meta name=\"twitter:label1\" content=\"Written by\" \/>\n\t<meta name=\"twitter:data1\" content=\"@sscc\" \/>\n\t<meta name=\"twitter:label2\" content=\"Est. reading time\" \/>\n\t<meta name=\"twitter:data2\" content=\"1 minute\" \/>\n<script type=\"application\/ld+json\" class=\"yoast-schema-graph\">{\"@context\":\"https:\/\/schema.org\",\"@graph\":[{\"@type\":\"Article\",\"@id\":\"https:\/\/www.padreeustaquio.com.br\/irmao-gustavo-ss-cc-professa-votos-perpetuos-no-paraguai\/#article\",\"isPartOf\":{\"@id\":\"https:\/\/www.padreeustaquio.com.br\/irmao-gustavo-ss-cc-professa-votos-perpetuos-no-paraguai\/\"},\"author\":{\"name\":\"@sscc\",\"@id\":\"https:\/\/www.padreeustaquio.com.br\/#\/schema\/person\/a2a51db1d00f1a7af0204a0f1ddb1566\"},\"headline\":\"Irm\u00e3o Gustavo, ss.cc, professa votos perp\u00e9tuos no Paraguai\",\"datePublished\":\"2020-11-24T17:31:28+00:00\",\"dateModified\":\"2020-11-26T18:04:10+00:00\",\"mainEntityOfPage\":{\"@id\":\"https:\/\/www.padreeustaquio.com.br\/irmao-gustavo-ss-cc-professa-votos-perpetuos-no-paraguai\/\"},\"wordCount\":160,\"commentCount\":0,\"publisher\":{\"@id\":\"https:\/\/www.padreeustaquio.com.br\/#organization\"},\"image\":{\"@id\":\"https:\/\/www.padreeustaquio.com.br\/irmao-gustavo-ss-cc-professa-votos-perpetuos-no-paraguai\/#primaryimage\"},\"thumbnailUrl\":\"https:\/\/www.padreeustaquio.com.br\/wp-content\/uploads\/2020\/11\/C1FE00F8-8D86-4E6B-8309-EB7A977F5B1B.jpeg\",\"articleSection\":[\"Not\u00edcias\"],\"inLanguage\":\"en-US\",\"potentialAction\":[{\"@type\":\"CommentAction\",\"name\":\"Comment\",\"target\":[\"https:\/\/www.padreeustaquio.com.br\/irmao-gustavo-ss-cc-professa-votos-perpetuos-no-paraguai\/#respond\"]}]},{\"@type\":\"WebPage\",\"@id\":\"https:\/\/www.padreeustaquio.com.br\/irmao-gustavo-ss-cc-professa-votos-perpetuos-no-paraguai\/\",\"url\":\"https:\/\/www.padreeustaquio.com.br\/irmao-gustavo-ss-cc-professa-votos-perpetuos-no-paraguai\/\",\"name\":\"Irm\u00e3o Gustavo, ss.cc, professa votos perp\u00e9tuos no Paraguai - Padre Eust\u00e1quio\",\"isPartOf\":{\"@id\":\"https:\/\/www.padreeustaquio.com.br\/#website\"},\"primaryImageOfPage\":{\"@id\":\"https:\/\/www.padreeustaquio.com.br\/irmao-gustavo-ss-cc-professa-votos-perpetuos-no-paraguai\/#primaryimage\"},\"image\":{\"@id\":\"https:\/\/www.padreeustaquio.com.br\/irmao-gustavo-ss-cc-professa-votos-perpetuos-no-paraguai\/#primaryimage\"},\"thumbnailUrl\":\"https:\/\/www.padreeustaquio.com.br\/wp-content\/uploads\/2020\/11\/C1FE00F8-8D86-4E6B-8309-EB7A977F5B1B.jpeg\",\"datePublished\":\"2020-11-24T17:31:28+00:00\",\"dateModified\":\"2020-11-26T18:04:10+00:00\",\"breadcrumb\":{\"@id\":\"https:\/\/www.padreeustaquio.com.br\/irmao-gustavo-ss-cc-professa-votos-perpetuos-no-paraguai\/#breadcrumb\"},\"inLanguage\":\"en-US\",\"potentialAction\":[{\"@type\":\"ReadAction\",\"target\":[\"https:\/\/www.padreeustaquio.com.br\/irmao-gustavo-ss-cc-professa-votos-perpetuos-no-paraguai\/\"]}]},{\"@type\":\"ImageObject\",\"inLanguage\":\"en-US\",\"@id\":\"https:\/\/www.padreeustaquio.com.br\/irmao-gustavo-ss-cc-professa-votos-perpetuos-no-paraguai\/#primaryimage\",\"url\":\"https:\/\/www.padreeustaquio.com.br\/wp-content\/uploads\/2020\/11\/C1FE00F8-8D86-4E6B-8309-EB7A977F5B1B.jpeg\",\"contentUrl\":\"https:\/\/www.padreeustaquio.com.br\/wp-content\/uploads\/2020\/11\/C1FE00F8-8D86-4E6B-8309-EB7A977F5B1B.jpeg\",\"width\":868,\"height\":1156},{\"@type\":\"BreadcrumbList\",\"@id\":\"https:\/\/www.padreeustaquio.com.br\/irmao-gustavo-ss-cc-professa-votos-perpetuos-no-paraguai\/#breadcrumb\",\"itemListElement\":[{\"@type\":\"ListItem\",\"position\":1,\"name\":\"In\u00edcio\",\"item\":\"https:\/\/www.padreeustaquio.com.br\/\"},{\"@type\":\"ListItem\",\"position\":2,\"name\":\"Irm\u00e3o Gustavo, ss.cc, professa votos perp\u00e9tuos no Paraguai\"}]},{\"@type\":\"WebSite\",\"@id\":\"https:\/\/www.padreeustaquio.com.br\/#website\",\"url\":\"https:\/\/www.padreeustaquio.com.br\/\",\"name\":\"Padre Eust\u00e1quio\",\"description\":\"Sa\u00fade e Paz\",\"publisher\":{\"@id\":\"https:\/\/www.padreeustaquio.com.br\/#organization\"},\"potentialAction\":[{\"@type\":\"SearchAction\",\"target\":{\"@type\":\"EntryPoint\",\"urlTemplate\":\"https:\/\/www.padreeustaquio.com.br\/?s={search_term_string}\"},\"query-input\":{\"@type\":\"PropertyValueSpecification\",\"valueRequired\":true,\"valueName\":\"search_term_string\"}}],\"inLanguage\":\"en-US\"},{\"@type\":\"Organization\",\"@id\":\"https:\/\/www.padreeustaquio.com.br\/#organization\",\"name\":\"Padre Eust\u00e1quio\",\"url\":\"https:\/\/www.padreeustaquio.com.br\/\",\"logo\":{\"@type\":\"ImageObject\",\"inLanguage\":\"en-US\",\"@id\":\"https:\/\/www.padreeustaquio.com.br\/#\/schema\/logo\/image\/\",\"url\":\"https:\/\/www.padreeustaquio.com.br\/wp-content\/uploads\/2019\/08\/marca.png\",\"contentUrl\":\"https:\/\/www.padreeustaquio.com.br\/wp-content\/uploads\/2019\/08\/marca.png\",\"width\":350,\"height\":400,\"caption\":\"Padre Eust\u00e1quio\"},\"image\":{\"@id\":\"https:\/\/www.padreeustaquio.com.br\/#\/schema\/logo\/image\/\"},\"sameAs\":[\"https:\/\/www.facebook.com\/beatopadreeustaquio\/\",\"https:\/\/x.com\/beatopeustaquio\",\"https:\/\/www.instagram.com\/beatopadreeustaquio\/\",\"https:\/\/www.youtube.com\/channel\/UCRhw7vfabnajwLxb1ZXMeIw\"]},{\"@type\":\"Person\",\"@id\":\"https:\/\/www.padreeustaquio.com.br\/#\/schema\/person\/a2a51db1d00f1a7af0204a0f1ddb1566\",\"name\":\"@sscc\",\"image\":{\"@type\":\"ImageObject\",\"inLanguage\":\"en-US\",\"@id\":\"https:\/\/secure.gravatar.com\/avatar\/68cfafa5f44617fea54071e215026e0ff06be366c3d54a8425f04fdcb86f8c5f?s=96&d=mm&r=g\",\"url\":\"https:\/\/secure.gravatar.com\/avatar\/68cfafa5f44617fea54071e215026e0ff06be366c3d54a8425f04fdcb86f8c5f?s=96&d=mm&r=g\",\"contentUrl\":\"https:\/\/secure.gravatar.com\/avatar\/68cfafa5f44617fea54071e215026e0ff06be366c3d54a8425f04fdcb86f8c5f?s=96&d=mm&r=g\",\"caption\":\"@sscc\"},\"url\":\"https:\/\/www.padreeustaquio.com.br\/en\/author\/sscc\/\"}]}<\/script>\n<!-- \/ Yoast SEO plugin. -->","yoast_head_json":{"title":"Brother Gustavo, ss.cc, professes perpetual vows in Paraguay - Father Eust\u00e1quio","robots":{"index":"index","follow":"follow","max-snippet":"max-snippet:-1","max-image-preview":"max-image-preview:large","max-video-preview":"max-video-preview:-1"},"canonical":"https:\/\/www.padreeustaquio.com.br\/en\/brother-gustavo-ss-cc-professes-perpetual-vows-in-paraguay\/","og_locale":"en_US","og_type":"article","og_title":"Irm\u00e3o Gustavo, ss.cc, professa votos perp\u00e9tuos no Paraguai - Padre Eust\u00e1quio","og_description":"Nessa segunda-feira, dia em que a Congrega\u00e7\u00e3o dos Sagrados Cora\u00e7\u00f5es comemora sua fundadora, Henriqueta Aymer, ss.cc, o irm\u00e3o Gustavo Van Humbeeck professou seus votos perp\u00e9tuos. A cerim\u00f4nia foi realizada na cidade de Presidente Franco, no Paraguai, com a presen\u00e7a do Superior Provincial do Brasil e regi\u00e3o do Paraguai, Padre S\u00e9rgio Stein, ss.cc. Gustavo viveu os \u00faltimos meses de 2020 em Belo Horizonte, na casa anexa ao Santu\u00e1rio da Sa\u00fade e Paz. O jovem passou, de 2015 a 2019 o noviciado no Chile onde conviveu com a comunidade interprovincial de professos, trabalhando na par\u00f3quia S\u00e3o Pedro e S\u00e3o Paulo. Toda a [&hellip;]","og_url":"https:\/\/www.padreeustaquio.com.br\/en\/brother-gustavo-ss-cc-professes-perpetual-vows-in-paraguay\/","og_site_name":"Padre Eust\u00e1quio","article_publisher":"https:\/\/www.facebook.com\/beatopadreeustaquio\/","article_published_time":"2020-11-24T17:31:28+00:00","article_modified_time":"2020-11-26T18:04:10+00:00","og_image":[{"width":868,"height":1156,"url":"https:\/\/www.padreeustaquio.com.br\/wp-content\/uploads\/2020\/11\/C1FE00F8-8D86-4E6B-8309-EB7A977F5B1B.jpeg","type":"image\/jpeg"}],"author":"@sscc","twitter_card":"summary_large_image","twitter_creator":"@beatopeustaquio","twitter_site":"@beatopeustaquio","twitter_misc":{"Written by":"@sscc","Est. reading time":"1 minute"},"schema":{"@context":"https:\/\/schema.org","@graph":[{"@type":"Article","@id":"https:\/\/www.padreeustaquio.com.br\/irmao-gustavo-ss-cc-professa-votos-perpetuos-no-paraguai\/#article","isPartOf":{"@id":"https:\/\/www.padreeustaquio.com.br\/irmao-gustavo-ss-cc-professa-votos-perpetuos-no-paraguai\/"},"author":{"name":"@sscc","@id":"https:\/\/www.padreeustaquio.com.br\/#\/schema\/person\/a2a51db1d00f1a7af0204a0f1ddb1566"},"headline":"Irm\u00e3o Gustavo, ss.cc, professa votos perp\u00e9tuos no Paraguai","datePublished":"2020-11-24T17:31:28+00:00","dateModified":"2020-11-26T18:04:10+00:00","mainEntityOfPage":{"@id":"https:\/\/www.padreeustaquio.com.br\/irmao-gustavo-ss-cc-professa-votos-perpetuos-no-paraguai\/"},"wordCount":160,"commentCount":0,"publisher":{"@id":"https:\/\/www.padreeustaquio.com.br\/#organization"},"image":{"@id":"https:\/\/www.padreeustaquio.com.br\/irmao-gustavo-ss-cc-professa-votos-perpetuos-no-paraguai\/#primaryimage"},"thumbnailUrl":"https:\/\/www.padreeustaquio.com.br\/wp-content\/uploads\/2020\/11\/C1FE00F8-8D86-4E6B-8309-EB7A977F5B1B.jpeg","articleSection":["Not\u00edcias"],"inLanguage":"en-US","potentialAction":[{"@type":"CommentAction","name":"Comment","target":["https:\/\/www.padreeustaquio.com.br\/irmao-gustavo-ss-cc-professa-votos-perpetuos-no-paraguai\/#respond"]}]},{"@type":"WebPage","@id":"https:\/\/www.padreeustaquio.com.br\/irmao-gustavo-ss-cc-professa-votos-perpetuos-no-paraguai\/","url":"https:\/\/www.padreeustaquio.com.br\/irmao-gustavo-ss-cc-professa-votos-perpetuos-no-paraguai\/","name":"Brother Gustavo, ss.cc, professes perpetual vows in Paraguay - Father Eust\u00e1quio","isPartOf":{"@id":"https:\/\/www.padreeustaquio.com.br\/#website"},"primaryImageOfPage":{"@id":"https:\/\/www.padreeustaquio.com.br\/irmao-gustavo-ss-cc-professa-votos-perpetuos-no-paraguai\/#primaryimage"},"image":{"@id":"https:\/\/www.padreeustaquio.com.br\/irmao-gustavo-ss-cc-professa-votos-perpetuos-no-paraguai\/#primaryimage"},"thumbnailUrl":"https:\/\/www.padreeustaquio.com.br\/wp-content\/uploads\/2020\/11\/C1FE00F8-8D86-4E6B-8309-EB7A977F5B1B.jpeg","datePublished":"2020-11-24T17:31:28+00:00","dateModified":"2020-11-26T18:04:10+00:00","breadcrumb":{"@id":"https:\/\/www.padreeustaquio.com.br\/irmao-gustavo-ss-cc-professa-votos-perpetuos-no-paraguai\/#breadcrumb"},"inLanguage":"en-US","potentialAction":[{"@type":"ReadAction","target":["https:\/\/www.padreeustaquio.com.br\/irmao-gustavo-ss-cc-professa-votos-perpetuos-no-paraguai\/"]}]},{"@type":"ImageObject","inLanguage":"en-US","@id":"https:\/\/www.padreeustaquio.com.br\/irmao-gustavo-ss-cc-professa-votos-perpetuos-no-paraguai\/#primaryimage","url":"https:\/\/www.padreeustaquio.com.br\/wp-content\/uploads\/2020\/11\/C1FE00F8-8D86-4E6B-8309-EB7A977F5B1B.jpeg","contentUrl":"https:\/\/www.padreeustaquio.com.br\/wp-content\/uploads\/2020\/11\/C1FE00F8-8D86-4E6B-8309-EB7A977F5B1B.jpeg","width":868,"height":1156},{"@type":"BreadcrumbList","@id":"https:\/\/www.padreeustaquio.com.br\/irmao-gustavo-ss-cc-professa-votos-perpetuos-no-paraguai\/#breadcrumb","itemListElement":[{"@type":"ListItem","position":1,"name":"In\u00edcio","item":"https:\/\/www.padreeustaquio.com.br\/"},{"@type":"ListItem","position":2,"name":"Irm\u00e3o Gustavo, ss.cc, professa votos perp\u00e9tuos no Paraguai"}]},{"@type":"WebSite","@id":"https:\/\/www.padreeustaquio.com.br\/#website","url":"https:\/\/www.padreeustaquio.com.br\/","name":"FATHER EUST\u00c1QUIO","description":"Health and Peace","publisher":{"@id":"https:\/\/www.padreeustaquio.com.br\/#organization"},"potentialAction":[{"@type":"SearchAction","target":{"@type":"EntryPoint","urlTemplate":"https:\/\/www.padreeustaquio.com.br\/?s={search_term_string}"},"query-input":{"@type":"PropertyValueSpecification","valueRequired":true,"valueName":"search_term_string"}}],"inLanguage":"en-US"},{"@type":"Organization","@id":"https:\/\/www.padreeustaquio.com.br\/#organization","name":"FATHER EUST\u00c1QUIO","url":"https:\/\/www.padreeustaquio.com.br\/","logo":{"@type":"ImageObject","inLanguage":"en-US","@id":"https:\/\/www.padreeustaquio.com.br\/#\/schema\/logo\/image\/","url":"https:\/\/www.padreeustaquio.com.br\/wp-content\/uploads\/2019\/08\/marca.png","contentUrl":"https:\/\/www.padreeustaquio.com.br\/wp-content\/uploads\/2019\/08\/marca.png","width":350,"height":400,"caption":"Padre Eust\u00e1quio"},"image":{"@id":"https:\/\/www.padreeustaquio.com.br\/#\/schema\/logo\/image\/"},"sameAs":["https:\/\/www.facebook.com\/beatopadreeustaquio\/","https:\/\/x.com\/beatopeustaquio","https:\/\/www.instagram.com\/beatopadreeustaquio\/","https:\/\/www.youtube.com\/channel\/UCRhw7vfabnajwLxb1ZXMeIw"]},{"@type":"Person","@id":"https:\/\/www.padreeustaquio.com.br\/#\/schema\/person\/a2a51db1d00f1a7af0204a0f1ddb1566","name":"@sscc","image":{"@type":"ImageObject","inLanguage":"en-US","@id":"https:\/\/secure.gravatar.com\/avatar\/68cfafa5f44617fea54071e215026e0ff06be366c3d54a8425f04fdcb86f8c5f?s=96&d=mm&r=g","url":"https:\/\/secure.gravatar.com\/avatar\/68cfafa5f44617fea54071e215026e0ff06be366c3d54a8425f04fdcb86f8c5f?s=96&d=mm&r=g","contentUrl":"https:\/\/secure.gravatar.com\/avatar\/68cfafa5f44617fea54071e215026e0ff06be366c3d54a8425f04fdcb86f8c5f?s=96&d=mm&r=g","caption":"@sscc"},"url":"https:\/\/www.padreeustaquio.com.br\/en\/author\/sscc\/"}]}},"_links":{"self":[{"href":"https:\/\/www.padreeustaquio.com.br\/en\/wp-json\/wp\/v2\/posts\/4773","targetHints":{"allow":["GET"]}}],"collection":[{"href":"https:\/\/www.padreeustaquio.com.br\/en\/wp-json\/wp\/v2\/posts"}],"about":[{"href":"https:\/\/www.padreeustaquio.com.br\/en\/wp-json\/wp\/v2\/types\/post"}],"author":[{"embeddable":true,"href":"https:\/\/www.padreeustaquio.com.br\/en\/wp-json\/wp\/v2\/users\/2"}],"replies":[{"embeddable":true,"href":"https:\/\/www.padreeustaquio.com.br\/en\/wp-json\/wp\/v2\/comments?post=4773"}],"version-history":[{"count":0,"href":"https:\/\/www.padreeustaquio.com.br\/en\/wp-json\/wp\/v2\/posts\/4773\/revisions"}],"wp:featuredmedia":[{"embeddable":true,"href":"https:\/\/www.padreeustaquio.com.br\/en\/wp-json\/wp\/v2\/media\/4781"}],"wp:attachment":[{"href":"https:\/\/www.padreeustaquio.com.br\/en\/wp-json\/wp\/v2\/media?parent=4773"}],"wp:term":[{"taxonomy":"category","embeddable":true,"href":"https:\/\/www.padreeustaquio.com.br\/en\/wp-json\/wp\/v2\/categories?post=4773"},{"taxonomy":"post_tag","embeddable":true,"href":"https:\/\/www.padreeustaquio.com.br\/en\/wp-json\/wp\/v2\/tags?post=4773"}],"curies":[{"name":"wp","href":"https:\/\/api.w.org\/{rel}","templated":true}]}}