{"id":4770,"date":"2020-11-27T08:00:51","date_gmt":"2020-11-27T11:00:51","guid":{"rendered":"https:\/\/www.padreeustaquio.com.br\/?p=4770"},"modified":"2020-11-24T11:41:50","modified_gmt":"2020-11-24T14:41:50","slug":"christmas-novena-preparation-to-receive-the-lord","status":"publish","type":"post","link":"https:\/\/www.padreeustaquio.com.br\/en\/christmas-novena-preparation-to-receive-the-lord\/","title":{"rendered":"Christmas Novena \u2013 Preparing to receive the Lord"},"content":{"rendered":"<p>We are approaching the celebration of Jesus&#039; birth. And it is very common during this time for families, friends, and the community to come together to pray the Christmas Novena.<\/p>\n<p>The novena arose with the objective of evangelizing and raising awareness in the community about the importance of the Christmas celebration, through prayer, reading and meditating on the Word of God, with a spirit of sharing and solidarity.<\/p>\n<blockquote><p><em>\u201c&quot;Today in the town of David a Savior has been born to you; he is the Messiah, the Lord!&quot;\u201d<\/em> (Luke 2:11)<\/p><\/blockquote>\n<p>This moment should be shared by everyone, from children to the elderly. Beginning at least nine days before Christmas, the novena should be filled with hearts overflowing with love and solidarity. This is a pastoral expression that helps the church maintain a focus on the incarnation of Jesus, bringing this mystery into people&#039;s daily lives.<\/p>\n<p>Even in the face of social isolation, we must prepare for the arrival of Jesus with our families, praying the Christmas Novena and preparing our hearts to receive the Lord.<\/p>","protected":false},"excerpt":{"rendered":"<p>Estamos nos aproximando da festa do nascimento de Jesus. E \u00e9 muito comum neste per\u00edodo, fam\u00edlias, amigos e comunidade se unirem para rezar a Novena de Natal. A novena surgiu com o objetivo de evangelizar e conscientizar a comunidade sobre a import\u00e2ncia da festa do Natal, em ora\u00e7\u00e3o, rezando, lendo e meditando a Palavra de Deus, com esp\u00edrito de partilha e solidariedade. \u201cHoje, na cidade de Davi nasceu para v\u00f3s o Salvador, que \u00e9 o Cristo Senhor!&#8221; (Lc 2, 11) O momento deve ser compartilhado por todos, desde as crian\u00e7as, at\u00e9 os idosos. Come\u00e7ando h\u00e1, pelo menos, nove dias antes [&hellip;]<\/p>\n","protected":false},"author":2,"featured_media":4771,"comment_status":"open","ping_status":"open","sticky":false,"template":"","format":"standard","meta":{"_acf_changed":false,"footnotes":""},"categories":[611],"tags":[],"class_list":["post-4770","post","type-post","status-publish","format-standard","has-post-thumbnail","hentry","category-noticias"],"acf":[],"yoast_head":"<!-- This site is optimized with the Yoast SEO plugin v27.2 - https:\/\/yoast.com\/product\/yoast-seo-wordpress\/ -->\n<title>NOVENA DE NATAL - A prepara\u00e7\u00e3o para receber o Senhor - Padre Eust\u00e1quio<\/title>\n<meta name=\"robots\" content=\"index, follow, max-snippet:-1, max-image-preview:large, max-video-preview:-1\" \/>\n<link rel=\"canonical\" href=\"https:\/\/www.padreeustaquio.com.br\/en\/christmas-novena-preparation-to-receive-the-lord\/\" \/>\n<meta property=\"og:locale\" content=\"en_US\" \/>\n<meta property=\"og:type\" content=\"article\" \/>\n<meta property=\"og:title\" content=\"NOVENA DE NATAL - A prepara\u00e7\u00e3o para receber o Senhor - Padre Eust\u00e1quio\" \/>\n<meta property=\"og:description\" content=\"Estamos nos aproximando da festa do nascimento de Jesus. E \u00e9 muito comum neste per\u00edodo, fam\u00edlias, amigos e comunidade se unirem para rezar a Novena de Natal. A novena surgiu com o objetivo de evangelizar e conscientizar a comunidade sobre a import\u00e2ncia da festa do Natal, em ora\u00e7\u00e3o, rezando, lendo e meditando a Palavra de Deus, com esp\u00edrito de partilha e solidariedade. \u201cHoje, na cidade de Davi nasceu para v\u00f3s o Salvador, que \u00e9 o Cristo Senhor!&#8221; (Lc 2, 11) O momento deve ser compartilhado por todos, desde as crian\u00e7as, at\u00e9 os idosos. Come\u00e7ando h\u00e1, pelo menos, nove dias antes [&hellip;]\" \/>\n<meta property=\"og:url\" content=\"https:\/\/www.padreeustaquio.com.br\/en\/christmas-novena-preparation-to-receive-the-lord\/\" \/>\n<meta property=\"og:site_name\" content=\"Padre Eust\u00e1quio\" \/>\n<meta property=\"article:publisher\" content=\"https:\/\/www.facebook.com\/beatopadreeustaquio\/\" \/>\n<meta property=\"article:published_time\" content=\"2020-11-27T11:00:51+00:00\" \/>\n<meta property=\"og:image\" content=\"https:\/\/www.padreeustaquio.com.br\/wp-content\/uploads\/2020\/11\/WhatsApp-Image-2020-11-19-at-18.09.22.jpeg\" \/>\n\t<meta property=\"og:image:width\" content=\"1280\" \/>\n\t<meta property=\"og:image:height\" content=\"851\" \/>\n\t<meta property=\"og:image:type\" content=\"image\/jpeg\" \/>\n<meta name=\"author\" content=\"@sscc\" \/>\n<meta name=\"twitter:card\" content=\"summary_large_image\" \/>\n<meta name=\"twitter:creator\" content=\"@beatopeustaquio\" \/>\n<meta name=\"twitter:site\" content=\"@beatopeustaquio\" \/>\n<meta name=\"twitter:label1\" content=\"Written by\" \/>\n\t<meta name=\"twitter:data1\" content=\"@sscc\" \/>\n\t<meta name=\"twitter:label2\" content=\"Est. reading time\" \/>\n\t<meta name=\"twitter:data2\" content=\"1 minute\" \/>\n<script type=\"application\/ld+json\" class=\"yoast-schema-graph\">{\"@context\":\"https:\/\/schema.org\",\"@graph\":[{\"@type\":\"Article\",\"@id\":\"https:\/\/www.padreeustaquio.com.br\/novena-de-natal-a-preparacao-para-receber-o-senhor\/#article\",\"isPartOf\":{\"@id\":\"https:\/\/www.padreeustaquio.com.br\/novena-de-natal-a-preparacao-para-receber-o-senhor\/\"},\"author\":{\"name\":\"@sscc\",\"@id\":\"https:\/\/www.padreeustaquio.com.br\/#\/schema\/person\/a2a51db1d00f1a7af0204a0f1ddb1566\"},\"headline\":\"NOVENA DE NATAL &#8211; A prepara\u00e7\u00e3o para receber o Senhor\",\"datePublished\":\"2020-11-27T11:00:51+00:00\",\"mainEntityOfPage\":{\"@id\":\"https:\/\/www.padreeustaquio.com.br\/novena-de-natal-a-preparacao-para-receber-o-senhor\/\"},\"wordCount\":190,\"commentCount\":0,\"publisher\":{\"@id\":\"https:\/\/www.padreeustaquio.com.br\/#organization\"},\"image\":{\"@id\":\"https:\/\/www.padreeustaquio.com.br\/novena-de-natal-a-preparacao-para-receber-o-senhor\/#primaryimage\"},\"thumbnailUrl\":\"https:\/\/www.padreeustaquio.com.br\/wp-content\/uploads\/2020\/11\/WhatsApp-Image-2020-11-19-at-18.09.22.jpeg\",\"articleSection\":[\"Not\u00edcias\"],\"inLanguage\":\"en-US\",\"potentialAction\":[{\"@type\":\"CommentAction\",\"name\":\"Comment\",\"target\":[\"https:\/\/www.padreeustaquio.com.br\/novena-de-natal-a-preparacao-para-receber-o-senhor\/#respond\"]}]},{\"@type\":\"WebPage\",\"@id\":\"https:\/\/www.padreeustaquio.com.br\/novena-de-natal-a-preparacao-para-receber-o-senhor\/\",\"url\":\"https:\/\/www.padreeustaquio.com.br\/novena-de-natal-a-preparacao-para-receber-o-senhor\/\",\"name\":\"NOVENA DE NATAL - A prepara\u00e7\u00e3o para receber o Senhor - Padre Eust\u00e1quio\",\"isPartOf\":{\"@id\":\"https:\/\/www.padreeustaquio.com.br\/#website\"},\"primaryImageOfPage\":{\"@id\":\"https:\/\/www.padreeustaquio.com.br\/novena-de-natal-a-preparacao-para-receber-o-senhor\/#primaryimage\"},\"image\":{\"@id\":\"https:\/\/www.padreeustaquio.com.br\/novena-de-natal-a-preparacao-para-receber-o-senhor\/#primaryimage\"},\"thumbnailUrl\":\"https:\/\/www.padreeustaquio.com.br\/wp-content\/uploads\/2020\/11\/WhatsApp-Image-2020-11-19-at-18.09.22.jpeg\",\"datePublished\":\"2020-11-27T11:00:51+00:00\",\"breadcrumb\":{\"@id\":\"https:\/\/www.padreeustaquio.com.br\/novena-de-natal-a-preparacao-para-receber-o-senhor\/#breadcrumb\"},\"inLanguage\":\"en-US\",\"potentialAction\":[{\"@type\":\"ReadAction\",\"target\":[\"https:\/\/www.padreeustaquio.com.br\/novena-de-natal-a-preparacao-para-receber-o-senhor\/\"]}]},{\"@type\":\"ImageObject\",\"inLanguage\":\"en-US\",\"@id\":\"https:\/\/www.padreeustaquio.com.br\/novena-de-natal-a-preparacao-para-receber-o-senhor\/#primaryimage\",\"url\":\"https:\/\/www.padreeustaquio.com.br\/wp-content\/uploads\/2020\/11\/WhatsApp-Image-2020-11-19-at-18.09.22.jpeg\",\"contentUrl\":\"https:\/\/www.padreeustaquio.com.br\/wp-content\/uploads\/2020\/11\/WhatsApp-Image-2020-11-19-at-18.09.22.jpeg\",\"width\":1280,\"height\":851},{\"@type\":\"BreadcrumbList\",\"@id\":\"https:\/\/www.padreeustaquio.com.br\/novena-de-natal-a-preparacao-para-receber-o-senhor\/#breadcrumb\",\"itemListElement\":[{\"@type\":\"ListItem\",\"position\":1,\"name\":\"In\u00edcio\",\"item\":\"https:\/\/www.padreeustaquio.com.br\/\"},{\"@type\":\"ListItem\",\"position\":2,\"name\":\"NOVENA DE NATAL &#8211; A prepara\u00e7\u00e3o para receber o Senhor\"}]},{\"@type\":\"WebSite\",\"@id\":\"https:\/\/www.padreeustaquio.com.br\/#website\",\"url\":\"https:\/\/www.padreeustaquio.com.br\/\",\"name\":\"Padre Eust\u00e1quio\",\"description\":\"Sa\u00fade e Paz\",\"publisher\":{\"@id\":\"https:\/\/www.padreeustaquio.com.br\/#organization\"},\"potentialAction\":[{\"@type\":\"SearchAction\",\"target\":{\"@type\":\"EntryPoint\",\"urlTemplate\":\"https:\/\/www.padreeustaquio.com.br\/?s={search_term_string}\"},\"query-input\":{\"@type\":\"PropertyValueSpecification\",\"valueRequired\":true,\"valueName\":\"search_term_string\"}}],\"inLanguage\":\"en-US\"},{\"@type\":\"Organization\",\"@id\":\"https:\/\/www.padreeustaquio.com.br\/#organization\",\"name\":\"Padre Eust\u00e1quio\",\"url\":\"https:\/\/www.padreeustaquio.com.br\/\",\"logo\":{\"@type\":\"ImageObject\",\"inLanguage\":\"en-US\",\"@id\":\"https:\/\/www.padreeustaquio.com.br\/#\/schema\/logo\/image\/\",\"url\":\"https:\/\/www.padreeustaquio.com.br\/wp-content\/uploads\/2019\/08\/marca.png\",\"contentUrl\":\"https:\/\/www.padreeustaquio.com.br\/wp-content\/uploads\/2019\/08\/marca.png\",\"width\":350,\"height\":400,\"caption\":\"Padre Eust\u00e1quio\"},\"image\":{\"@id\":\"https:\/\/www.padreeustaquio.com.br\/#\/schema\/logo\/image\/\"},\"sameAs\":[\"https:\/\/www.facebook.com\/beatopadreeustaquio\/\",\"https:\/\/x.com\/beatopeustaquio\",\"https:\/\/www.instagram.com\/beatopadreeustaquio\/\",\"https:\/\/www.youtube.com\/channel\/UCRhw7vfabnajwLxb1ZXMeIw\"]},{\"@type\":\"Person\",\"@id\":\"https:\/\/www.padreeustaquio.com.br\/#\/schema\/person\/a2a51db1d00f1a7af0204a0f1ddb1566\",\"name\":\"@sscc\",\"image\":{\"@type\":\"ImageObject\",\"inLanguage\":\"en-US\",\"@id\":\"https:\/\/secure.gravatar.com\/avatar\/68cfafa5f44617fea54071e215026e0ff06be366c3d54a8425f04fdcb86f8c5f?s=96&d=mm&r=g\",\"url\":\"https:\/\/secure.gravatar.com\/avatar\/68cfafa5f44617fea54071e215026e0ff06be366c3d54a8425f04fdcb86f8c5f?s=96&d=mm&r=g\",\"contentUrl\":\"https:\/\/secure.gravatar.com\/avatar\/68cfafa5f44617fea54071e215026e0ff06be366c3d54a8425f04fdcb86f8c5f?s=96&d=mm&r=g\",\"caption\":\"@sscc\"},\"url\":\"https:\/\/www.padreeustaquio.com.br\/en\/author\/sscc\/\"}]}<\/script>\n<!-- \/ Yoast SEO plugin. -->","yoast_head_json":{"title":"Christmas Novena - Preparing to Receive the Lord - Father Eust\u00e1quio","robots":{"index":"index","follow":"follow","max-snippet":"max-snippet:-1","max-image-preview":"max-image-preview:large","max-video-preview":"max-video-preview:-1"},"canonical":"https:\/\/www.padreeustaquio.com.br\/en\/christmas-novena-preparation-to-receive-the-lord\/","og_locale":"en_US","og_type":"article","og_title":"NOVENA DE NATAL - A prepara\u00e7\u00e3o para receber o Senhor - Padre Eust\u00e1quio","og_description":"Estamos nos aproximando da festa do nascimento de Jesus. E \u00e9 muito comum neste per\u00edodo, fam\u00edlias, amigos e comunidade se unirem para rezar a Novena de Natal. A novena surgiu com o objetivo de evangelizar e conscientizar a comunidade sobre a import\u00e2ncia da festa do Natal, em ora\u00e7\u00e3o, rezando, lendo e meditando a Palavra de Deus, com esp\u00edrito de partilha e solidariedade. \u201cHoje, na cidade de Davi nasceu para v\u00f3s o Salvador, que \u00e9 o Cristo Senhor!&#8221; (Lc 2, 11) O momento deve ser compartilhado por todos, desde as crian\u00e7as, at\u00e9 os idosos. Come\u00e7ando h\u00e1, pelo menos, nove dias antes [&hellip;]","og_url":"https:\/\/www.padreeustaquio.com.br\/en\/christmas-novena-preparation-to-receive-the-lord\/","og_site_name":"Padre Eust\u00e1quio","article_publisher":"https:\/\/www.facebook.com\/beatopadreeustaquio\/","article_published_time":"2020-11-27T11:00:51+00:00","og_image":[{"width":1280,"height":851,"url":"https:\/\/www.padreeustaquio.com.br\/wp-content\/uploads\/2020\/11\/WhatsApp-Image-2020-11-19-at-18.09.22.jpeg","type":"image\/jpeg"}],"author":"@sscc","twitter_card":"summary_large_image","twitter_creator":"@beatopeustaquio","twitter_site":"@beatopeustaquio","twitter_misc":{"Written by":"@sscc","Est. reading time":"1 minute"},"schema":{"@context":"https:\/\/schema.org","@graph":[{"@type":"Article","@id":"https:\/\/www.padreeustaquio.com.br\/novena-de-natal-a-preparacao-para-receber-o-senhor\/#article","isPartOf":{"@id":"https:\/\/www.padreeustaquio.com.br\/novena-de-natal-a-preparacao-para-receber-o-senhor\/"},"author":{"name":"@sscc","@id":"https:\/\/www.padreeustaquio.com.br\/#\/schema\/person\/a2a51db1d00f1a7af0204a0f1ddb1566"},"headline":"NOVENA DE NATAL &#8211; A prepara\u00e7\u00e3o para receber o Senhor","datePublished":"2020-11-27T11:00:51+00:00","mainEntityOfPage":{"@id":"https:\/\/www.padreeustaquio.com.br\/novena-de-natal-a-preparacao-para-receber-o-senhor\/"},"wordCount":190,"commentCount":0,"publisher":{"@id":"https:\/\/www.padreeustaquio.com.br\/#organization"},"image":{"@id":"https:\/\/www.padreeustaquio.com.br\/novena-de-natal-a-preparacao-para-receber-o-senhor\/#primaryimage"},"thumbnailUrl":"https:\/\/www.padreeustaquio.com.br\/wp-content\/uploads\/2020\/11\/WhatsApp-Image-2020-11-19-at-18.09.22.jpeg","articleSection":["Not\u00edcias"],"inLanguage":"en-US","potentialAction":[{"@type":"CommentAction","name":"Comment","target":["https:\/\/www.padreeustaquio.com.br\/novena-de-natal-a-preparacao-para-receber-o-senhor\/#respond"]}]},{"@type":"WebPage","@id":"https:\/\/www.padreeustaquio.com.br\/novena-de-natal-a-preparacao-para-receber-o-senhor\/","url":"https:\/\/www.padreeustaquio.com.br\/novena-de-natal-a-preparacao-para-receber-o-senhor\/","name":"Christmas Novena - Preparing to Receive the Lord - Father Eust\u00e1quio","isPartOf":{"@id":"https:\/\/www.padreeustaquio.com.br\/#website"},"primaryImageOfPage":{"@id":"https:\/\/www.padreeustaquio.com.br\/novena-de-natal-a-preparacao-para-receber-o-senhor\/#primaryimage"},"image":{"@id":"https:\/\/www.padreeustaquio.com.br\/novena-de-natal-a-preparacao-para-receber-o-senhor\/#primaryimage"},"thumbnailUrl":"https:\/\/www.padreeustaquio.com.br\/wp-content\/uploads\/2020\/11\/WhatsApp-Image-2020-11-19-at-18.09.22.jpeg","datePublished":"2020-11-27T11:00:51+00:00","breadcrumb":{"@id":"https:\/\/www.padreeustaquio.com.br\/novena-de-natal-a-preparacao-para-receber-o-senhor\/#breadcrumb"},"inLanguage":"en-US","potentialAction":[{"@type":"ReadAction","target":["https:\/\/www.padreeustaquio.com.br\/novena-de-natal-a-preparacao-para-receber-o-senhor\/"]}]},{"@type":"ImageObject","inLanguage":"en-US","@id":"https:\/\/www.padreeustaquio.com.br\/novena-de-natal-a-preparacao-para-receber-o-senhor\/#primaryimage","url":"https:\/\/www.padreeustaquio.com.br\/wp-content\/uploads\/2020\/11\/WhatsApp-Image-2020-11-19-at-18.09.22.jpeg","contentUrl":"https:\/\/www.padreeustaquio.com.br\/wp-content\/uploads\/2020\/11\/WhatsApp-Image-2020-11-19-at-18.09.22.jpeg","width":1280,"height":851},{"@type":"BreadcrumbList","@id":"https:\/\/www.padreeustaquio.com.br\/novena-de-natal-a-preparacao-para-receber-o-senhor\/#breadcrumb","itemListElement":[{"@type":"ListItem","position":1,"name":"In\u00edcio","item":"https:\/\/www.padreeustaquio.com.br\/"},{"@type":"ListItem","position":2,"name":"NOVENA DE NATAL &#8211; A prepara\u00e7\u00e3o para receber o Senhor"}]},{"@type":"WebSite","@id":"https:\/\/www.padreeustaquio.com.br\/#website","url":"https:\/\/www.padreeustaquio.com.br\/","name":"FATHER EUST\u00c1QUIO","description":"Health and Peace","publisher":{"@id":"https:\/\/www.padreeustaquio.com.br\/#organization"},"potentialAction":[{"@type":"SearchAction","target":{"@type":"EntryPoint","urlTemplate":"https:\/\/www.padreeustaquio.com.br\/?s={search_term_string}"},"query-input":{"@type":"PropertyValueSpecification","valueRequired":true,"valueName":"search_term_string"}}],"inLanguage":"en-US"},{"@type":"Organization","@id":"https:\/\/www.padreeustaquio.com.br\/#organization","name":"FATHER EUST\u00c1QUIO","url":"https:\/\/www.padreeustaquio.com.br\/","logo":{"@type":"ImageObject","inLanguage":"en-US","@id":"https:\/\/www.padreeustaquio.com.br\/#\/schema\/logo\/image\/","url":"https:\/\/www.padreeustaquio.com.br\/wp-content\/uploads\/2019\/08\/marca.png","contentUrl":"https:\/\/www.padreeustaquio.com.br\/wp-content\/uploads\/2019\/08\/marca.png","width":350,"height":400,"caption":"Padre Eust\u00e1quio"},"image":{"@id":"https:\/\/www.padreeustaquio.com.br\/#\/schema\/logo\/image\/"},"sameAs":["https:\/\/www.facebook.com\/beatopadreeustaquio\/","https:\/\/x.com\/beatopeustaquio","https:\/\/www.instagram.com\/beatopadreeustaquio\/","https:\/\/www.youtube.com\/channel\/UCRhw7vfabnajwLxb1ZXMeIw"]},{"@type":"Person","@id":"https:\/\/www.padreeustaquio.com.br\/#\/schema\/person\/a2a51db1d00f1a7af0204a0f1ddb1566","name":"@sscc","image":{"@type":"ImageObject","inLanguage":"en-US","@id":"https:\/\/secure.gravatar.com\/avatar\/68cfafa5f44617fea54071e215026e0ff06be366c3d54a8425f04fdcb86f8c5f?s=96&d=mm&r=g","url":"https:\/\/secure.gravatar.com\/avatar\/68cfafa5f44617fea54071e215026e0ff06be366c3d54a8425f04fdcb86f8c5f?s=96&d=mm&r=g","contentUrl":"https:\/\/secure.gravatar.com\/avatar\/68cfafa5f44617fea54071e215026e0ff06be366c3d54a8425f04fdcb86f8c5f?s=96&d=mm&r=g","caption":"@sscc"},"url":"https:\/\/www.padreeustaquio.com.br\/en\/author\/sscc\/"}]}},"_links":{"self":[{"href":"https:\/\/www.padreeustaquio.com.br\/en\/wp-json\/wp\/v2\/posts\/4770","targetHints":{"allow":["GET"]}}],"collection":[{"href":"https:\/\/www.padreeustaquio.com.br\/en\/wp-json\/wp\/v2\/posts"}],"about":[{"href":"https:\/\/www.padreeustaquio.com.br\/en\/wp-json\/wp\/v2\/types\/post"}],"author":[{"embeddable":true,"href":"https:\/\/www.padreeustaquio.com.br\/en\/wp-json\/wp\/v2\/users\/2"}],"replies":[{"embeddable":true,"href":"https:\/\/www.padreeustaquio.com.br\/en\/wp-json\/wp\/v2\/comments?post=4770"}],"version-history":[{"count":0,"href":"https:\/\/www.padreeustaquio.com.br\/en\/wp-json\/wp\/v2\/posts\/4770\/revisions"}],"wp:featuredmedia":[{"embeddable":true,"href":"https:\/\/www.padreeustaquio.com.br\/en\/wp-json\/wp\/v2\/media\/4771"}],"wp:attachment":[{"href":"https:\/\/www.padreeustaquio.com.br\/en\/wp-json\/wp\/v2\/media?parent=4770"}],"wp:term":[{"taxonomy":"category","embeddable":true,"href":"https:\/\/www.padreeustaquio.com.br\/en\/wp-json\/wp\/v2\/categories?post=4770"},{"taxonomy":"post_tag","embeddable":true,"href":"https:\/\/www.padreeustaquio.com.br\/en\/wp-json\/wp\/v2\/tags?post=4770"}],"curies":[{"name":"wp","href":"https:\/\/api.w.org\/{rel}","templated":true}]}}