{"id":4739,"date":"2020-11-13T09:17:39","date_gmt":"2020-11-13T12:17:39","guid":{"rendered":"https:\/\/www.padreeustaquio.com.br\/?p=4739"},"modified":"2020-11-13T09:17:39","modified_gmt":"2020-11-13T12:17:39","slug":"brother-jorge-ss-cc-becomes-a-deacon-in-paraguay","status":"publish","type":"post","link":"https:\/\/www.padreeustaquio.com.br\/en\/brother-jorge-ss-cc-becomes-a-deacon-in-paraguay\/","title":{"rendered":"Brother Jorge, ss.cc becomes a Deacon in Paraguay"},"content":{"rendered":"<p>The Congregation of the Sacred Hearts rejoices with Brother Jorge Felipe, ss.cc, who was ordained a Deacon by the hands of Bishop Emeritus Dom Melanio Medina, in the presence of Brothers, Sisters, Laymen and Laywomen, and the Provincial Superior of Brazil \u2013 Paraguay Region, Father S\u00e9rgio Stein, ss.cc, together with the parish of Santa Catalina de Siena, in the city of Fernando de la Amora, Paraguay.<\/p>\n<div id=\"attachment_4734\" style=\"width: 310px\" class=\"wp-caption alignleft\"><img fetchpriority=\"high\" decoding=\"async\" aria-describedby=\"caption-attachment-4734\" class=\"size-medium wp-image-4734\" src=\"https:\/\/www.padreeustaquio.com.br\/wp-content\/uploads\/2020\/11\/1890BCC8-F858-4AF4-96D4-3C77CFB6E834-e1605269268328-300x237.jpeg\" alt=\"\" width=\"300\" height=\"237\" srcset=\"https:\/\/www.padreeustaquio.com.br\/wp-content\/uploads\/2020\/11\/1890BCC8-F858-4AF4-96D4-3C77CFB6E834-e1605269268328-300x237.jpeg 300w, https:\/\/www.padreeustaquio.com.br\/wp-content\/uploads\/2020\/11\/1890BCC8-F858-4AF4-96D4-3C77CFB6E834-e1605269268328.jpeg 611w\" sizes=\"(max-width: 300px) 100vw, 300px\" \/><p id=\"caption-attachment-4734\" class=\"wp-caption-text\">Brother Jorge Felipe, ss.cc, before becoming a Deacon.<\/p><\/div>\n<p>Jorge was joined by several brothers and sisters from various countries through a live broadcast on social media.<\/p>\n<p>We hope that he can carry out this ministry following the example of Jesus, serving the least among us!<\/p>","protected":false},"excerpt":{"rendered":"<p>A Congrega\u00e7\u00e3o dos Cora\u00e7\u00f5es Sagrados se alegra com o irm\u00e3o Jorge Felipe, ss.cc. Que foi ordenado Di\u00e1cono pelas m\u00e3os do Bispo Em\u00e9rito Dom Melanio Medina, na presen\u00e7a dos Irm\u00e3os, Irm\u00e3s, Leigos e Leigas e do Superior Provincial do Brasil &#8211; Regi\u00e3o Paraguay, Padre S\u00e9rgio Stein, ss.cc, junto com a par\u00f3quia Santa Catalina de Siena, da cidade de Fernando de la Amora, no Paraguai. Jorge foi acompanhado por v\u00e1rios irm\u00e3os e irm\u00e3s de diversos pa\u00edses atrav\u00e9s da transmiss\u00e3o ao vivo pelas redes sociais. Desejamos que ele possa exercer este minist\u00e9rio a exemplo de Jesus, servindo os mais pequenos!<\/p>","protected":false},"author":2,"featured_media":4735,"comment_status":"open","ping_status":"open","sticky":false,"template":"","format":"standard","meta":{"_acf_changed":false,"footnotes":""},"categories":[611],"tags":[],"class_list":["post-4739","post","type-post","status-publish","format-standard","has-post-thumbnail","hentry","category-noticias"],"acf":[],"yoast_head":"<!-- This site is optimized with the Yoast SEO plugin v27.2 - https:\/\/yoast.com\/product\/yoast-seo-wordpress\/ -->\n<title>Ir. Jorge, ss.cc se torna Di\u00e1cono no Paraguai - Padre Eust\u00e1quio<\/title>\n<meta name=\"robots\" content=\"index, follow, max-snippet:-1, max-image-preview:large, max-video-preview:-1\" \/>\n<link rel=\"canonical\" href=\"https:\/\/www.padreeustaquio.com.br\/en\/brother-jorge-ss-cc-becomes-a-deacon-in-paraguay\/\" \/>\n<meta property=\"og:locale\" content=\"en_US\" \/>\n<meta property=\"og:type\" content=\"article\" \/>\n<meta property=\"og:title\" content=\"Ir. Jorge, ss.cc se torna Di\u00e1cono no Paraguai - Padre Eust\u00e1quio\" \/>\n<meta property=\"og:description\" content=\"A Congrega\u00e7\u00e3o dos Cora\u00e7\u00f5es Sagrados se alegra com o irm\u00e3o Jorge Felipe, ss.cc. Que foi ordenado Di\u00e1cono pelas m\u00e3os do Bispo Em\u00e9rito Dom Melanio Medina, na presen\u00e7a dos Irm\u00e3os, Irm\u00e3s, Leigos e Leigas e do Superior Provincial do Brasil &#8211; Regi\u00e3o Paraguay, Padre S\u00e9rgio Stein, ss.cc, junto com a par\u00f3quia Santa Catalina de Siena, da cidade de Fernando de la Amora, no Paraguai. Jorge foi acompanhado por v\u00e1rios irm\u00e3os e irm\u00e3s de diversos pa\u00edses atrav\u00e9s da transmiss\u00e3o ao vivo pelas redes sociais. Desejamos que ele possa exercer este minist\u00e9rio a exemplo de Jesus, servindo os mais pequenos!\" \/>\n<meta property=\"og:url\" content=\"https:\/\/www.padreeustaquio.com.br\/en\/brother-jorge-ss-cc-becomes-a-deacon-in-paraguay\/\" \/>\n<meta property=\"og:site_name\" content=\"Padre Eust\u00e1quio\" \/>\n<meta property=\"article:publisher\" content=\"https:\/\/www.facebook.com\/beatopadreeustaquio\/\" \/>\n<meta property=\"article:published_time\" content=\"2020-11-13T12:17:39+00:00\" \/>\n<meta property=\"og:image\" content=\"https:\/\/www.padreeustaquio.com.br\/wp-content\/uploads\/2020\/11\/EA10024D-250F-4FB6-A57C-0B58BBD8037D.jpeg\" \/>\n\t<meta property=\"og:image:width\" content=\"647\" \/>\n\t<meta property=\"og:image:height\" content=\"412\" \/>\n\t<meta property=\"og:image:type\" content=\"image\/jpeg\" \/>\n<meta name=\"author\" content=\"@sscc\" \/>\n<meta name=\"twitter:card\" content=\"summary_large_image\" \/>\n<meta name=\"twitter:creator\" content=\"@beatopeustaquio\" \/>\n<meta name=\"twitter:site\" content=\"@beatopeustaquio\" \/>\n<meta name=\"twitter:label1\" content=\"Written by\" \/>\n\t<meta name=\"twitter:data1\" content=\"@sscc\" \/>\n\t<meta name=\"twitter:label2\" content=\"Est. reading time\" \/>\n\t<meta name=\"twitter:data2\" content=\"1 minute\" \/>\n<script type=\"application\/ld+json\" class=\"yoast-schema-graph\">{\"@context\":\"https:\/\/schema.org\",\"@graph\":[{\"@type\":\"Article\",\"@id\":\"https:\/\/www.padreeustaquio.com.br\/ir-jorge-ss-cc-se-torna-diacono-no-paraguai\/#article\",\"isPartOf\":{\"@id\":\"https:\/\/www.padreeustaquio.com.br\/ir-jorge-ss-cc-se-torna-diacono-no-paraguai\/\"},\"author\":{\"name\":\"@sscc\",\"@id\":\"https:\/\/www.padreeustaquio.com.br\/#\/schema\/person\/a2a51db1d00f1a7af0204a0f1ddb1566\"},\"headline\":\"Ir. Jorge, ss.cc se torna Di\u00e1cono no Paraguai\",\"datePublished\":\"2020-11-13T12:17:39+00:00\",\"mainEntityOfPage\":{\"@id\":\"https:\/\/www.padreeustaquio.com.br\/ir-jorge-ss-cc-se-torna-diacono-no-paraguai\/\"},\"wordCount\":148,\"commentCount\":0,\"publisher\":{\"@id\":\"https:\/\/www.padreeustaquio.com.br\/#organization\"},\"image\":{\"@id\":\"https:\/\/www.padreeustaquio.com.br\/ir-jorge-ss-cc-se-torna-diacono-no-paraguai\/#primaryimage\"},\"thumbnailUrl\":\"https:\/\/www.padreeustaquio.com.br\/wp-content\/uploads\/2020\/11\/EA10024D-250F-4FB6-A57C-0B58BBD8037D.jpeg\",\"articleSection\":[\"Not\u00edcias\"],\"inLanguage\":\"en-US\",\"potentialAction\":[{\"@type\":\"CommentAction\",\"name\":\"Comment\",\"target\":[\"https:\/\/www.padreeustaquio.com.br\/ir-jorge-ss-cc-se-torna-diacono-no-paraguai\/#respond\"]}]},{\"@type\":\"WebPage\",\"@id\":\"https:\/\/www.padreeustaquio.com.br\/ir-jorge-ss-cc-se-torna-diacono-no-paraguai\/\",\"url\":\"https:\/\/www.padreeustaquio.com.br\/ir-jorge-ss-cc-se-torna-diacono-no-paraguai\/\",\"name\":\"Ir. Jorge, ss.cc se torna Di\u00e1cono no Paraguai - Padre Eust\u00e1quio\",\"isPartOf\":{\"@id\":\"https:\/\/www.padreeustaquio.com.br\/#website\"},\"primaryImageOfPage\":{\"@id\":\"https:\/\/www.padreeustaquio.com.br\/ir-jorge-ss-cc-se-torna-diacono-no-paraguai\/#primaryimage\"},\"image\":{\"@id\":\"https:\/\/www.padreeustaquio.com.br\/ir-jorge-ss-cc-se-torna-diacono-no-paraguai\/#primaryimage\"},\"thumbnailUrl\":\"https:\/\/www.padreeustaquio.com.br\/wp-content\/uploads\/2020\/11\/EA10024D-250F-4FB6-A57C-0B58BBD8037D.jpeg\",\"datePublished\":\"2020-11-13T12:17:39+00:00\",\"breadcrumb\":{\"@id\":\"https:\/\/www.padreeustaquio.com.br\/ir-jorge-ss-cc-se-torna-diacono-no-paraguai\/#breadcrumb\"},\"inLanguage\":\"en-US\",\"potentialAction\":[{\"@type\":\"ReadAction\",\"target\":[\"https:\/\/www.padreeustaquio.com.br\/ir-jorge-ss-cc-se-torna-diacono-no-paraguai\/\"]}]},{\"@type\":\"ImageObject\",\"inLanguage\":\"en-US\",\"@id\":\"https:\/\/www.padreeustaquio.com.br\/ir-jorge-ss-cc-se-torna-diacono-no-paraguai\/#primaryimage\",\"url\":\"https:\/\/www.padreeustaquio.com.br\/wp-content\/uploads\/2020\/11\/EA10024D-250F-4FB6-A57C-0B58BBD8037D.jpeg\",\"contentUrl\":\"https:\/\/www.padreeustaquio.com.br\/wp-content\/uploads\/2020\/11\/EA10024D-250F-4FB6-A57C-0B58BBD8037D.jpeg\",\"width\":647,\"height\":412},{\"@type\":\"BreadcrumbList\",\"@id\":\"https:\/\/www.padreeustaquio.com.br\/ir-jorge-ss-cc-se-torna-diacono-no-paraguai\/#breadcrumb\",\"itemListElement\":[{\"@type\":\"ListItem\",\"position\":1,\"name\":\"In\u00edcio\",\"item\":\"https:\/\/www.padreeustaquio.com.br\/\"},{\"@type\":\"ListItem\",\"position\":2,\"name\":\"Ir. Jorge, ss.cc se torna Di\u00e1cono no Paraguai\"}]},{\"@type\":\"WebSite\",\"@id\":\"https:\/\/www.padreeustaquio.com.br\/#website\",\"url\":\"https:\/\/www.padreeustaquio.com.br\/\",\"name\":\"Padre Eust\u00e1quio\",\"description\":\"Sa\u00fade e Paz\",\"publisher\":{\"@id\":\"https:\/\/www.padreeustaquio.com.br\/#organization\"},\"potentialAction\":[{\"@type\":\"SearchAction\",\"target\":{\"@type\":\"EntryPoint\",\"urlTemplate\":\"https:\/\/www.padreeustaquio.com.br\/?s={search_term_string}\"},\"query-input\":{\"@type\":\"PropertyValueSpecification\",\"valueRequired\":true,\"valueName\":\"search_term_string\"}}],\"inLanguage\":\"en-US\"},{\"@type\":\"Organization\",\"@id\":\"https:\/\/www.padreeustaquio.com.br\/#organization\",\"name\":\"Padre Eust\u00e1quio\",\"url\":\"https:\/\/www.padreeustaquio.com.br\/\",\"logo\":{\"@type\":\"ImageObject\",\"inLanguage\":\"en-US\",\"@id\":\"https:\/\/www.padreeustaquio.com.br\/#\/schema\/logo\/image\/\",\"url\":\"https:\/\/www.padreeustaquio.com.br\/wp-content\/uploads\/2019\/08\/marca.png\",\"contentUrl\":\"https:\/\/www.padreeustaquio.com.br\/wp-content\/uploads\/2019\/08\/marca.png\",\"width\":350,\"height\":400,\"caption\":\"Padre Eust\u00e1quio\"},\"image\":{\"@id\":\"https:\/\/www.padreeustaquio.com.br\/#\/schema\/logo\/image\/\"},\"sameAs\":[\"https:\/\/www.facebook.com\/beatopadreeustaquio\/\",\"https:\/\/x.com\/beatopeustaquio\",\"https:\/\/www.instagram.com\/beatopadreeustaquio\/\",\"https:\/\/www.youtube.com\/channel\/UCRhw7vfabnajwLxb1ZXMeIw\"]},{\"@type\":\"Person\",\"@id\":\"https:\/\/www.padreeustaquio.com.br\/#\/schema\/person\/a2a51db1d00f1a7af0204a0f1ddb1566\",\"name\":\"@sscc\",\"image\":{\"@type\":\"ImageObject\",\"inLanguage\":\"en-US\",\"@id\":\"https:\/\/secure.gravatar.com\/avatar\/68cfafa5f44617fea54071e215026e0ff06be366c3d54a8425f04fdcb86f8c5f?s=96&d=mm&r=g\",\"url\":\"https:\/\/secure.gravatar.com\/avatar\/68cfafa5f44617fea54071e215026e0ff06be366c3d54a8425f04fdcb86f8c5f?s=96&d=mm&r=g\",\"contentUrl\":\"https:\/\/secure.gravatar.com\/avatar\/68cfafa5f44617fea54071e215026e0ff06be366c3d54a8425f04fdcb86f8c5f?s=96&d=mm&r=g\",\"caption\":\"@sscc\"},\"url\":\"https:\/\/www.padreeustaquio.com.br\/en\/author\/sscc\/\"}]}<\/script>\n<!-- \/ Yoast SEO plugin. -->","yoast_head_json":{"title":"Brother Jorge, ss.cc becomes a Deacon in Paraguay - Father Eust\u00e1quio","robots":{"index":"index","follow":"follow","max-snippet":"max-snippet:-1","max-image-preview":"max-image-preview:large","max-video-preview":"max-video-preview:-1"},"canonical":"https:\/\/www.padreeustaquio.com.br\/en\/brother-jorge-ss-cc-becomes-a-deacon-in-paraguay\/","og_locale":"en_US","og_type":"article","og_title":"Ir. Jorge, ss.cc se torna Di\u00e1cono no Paraguai - Padre Eust\u00e1quio","og_description":"A Congrega\u00e7\u00e3o dos Cora\u00e7\u00f5es Sagrados se alegra com o irm\u00e3o Jorge Felipe, ss.cc. Que foi ordenado Di\u00e1cono pelas m\u00e3os do Bispo Em\u00e9rito Dom Melanio Medina, na presen\u00e7a dos Irm\u00e3os, Irm\u00e3s, Leigos e Leigas e do Superior Provincial do Brasil &#8211; Regi\u00e3o Paraguay, Padre S\u00e9rgio Stein, ss.cc, junto com a par\u00f3quia Santa Catalina de Siena, da cidade de Fernando de la Amora, no Paraguai. Jorge foi acompanhado por v\u00e1rios irm\u00e3os e irm\u00e3s de diversos pa\u00edses atrav\u00e9s da transmiss\u00e3o ao vivo pelas redes sociais. Desejamos que ele possa exercer este minist\u00e9rio a exemplo de Jesus, servindo os mais pequenos!","og_url":"https:\/\/www.padreeustaquio.com.br\/en\/brother-jorge-ss-cc-becomes-a-deacon-in-paraguay\/","og_site_name":"Padre Eust\u00e1quio","article_publisher":"https:\/\/www.facebook.com\/beatopadreeustaquio\/","article_published_time":"2020-11-13T12:17:39+00:00","og_image":[{"width":647,"height":412,"url":"https:\/\/www.padreeustaquio.com.br\/wp-content\/uploads\/2020\/11\/EA10024D-250F-4FB6-A57C-0B58BBD8037D.jpeg","type":"image\/jpeg"}],"author":"@sscc","twitter_card":"summary_large_image","twitter_creator":"@beatopeustaquio","twitter_site":"@beatopeustaquio","twitter_misc":{"Written by":"@sscc","Est. reading time":"1 minute"},"schema":{"@context":"https:\/\/schema.org","@graph":[{"@type":"Article","@id":"https:\/\/www.padreeustaquio.com.br\/ir-jorge-ss-cc-se-torna-diacono-no-paraguai\/#article","isPartOf":{"@id":"https:\/\/www.padreeustaquio.com.br\/ir-jorge-ss-cc-se-torna-diacono-no-paraguai\/"},"author":{"name":"@sscc","@id":"https:\/\/www.padreeustaquio.com.br\/#\/schema\/person\/a2a51db1d00f1a7af0204a0f1ddb1566"},"headline":"Ir. Jorge, ss.cc se torna Di\u00e1cono no Paraguai","datePublished":"2020-11-13T12:17:39+00:00","mainEntityOfPage":{"@id":"https:\/\/www.padreeustaquio.com.br\/ir-jorge-ss-cc-se-torna-diacono-no-paraguai\/"},"wordCount":148,"commentCount":0,"publisher":{"@id":"https:\/\/www.padreeustaquio.com.br\/#organization"},"image":{"@id":"https:\/\/www.padreeustaquio.com.br\/ir-jorge-ss-cc-se-torna-diacono-no-paraguai\/#primaryimage"},"thumbnailUrl":"https:\/\/www.padreeustaquio.com.br\/wp-content\/uploads\/2020\/11\/EA10024D-250F-4FB6-A57C-0B58BBD8037D.jpeg","articleSection":["Not\u00edcias"],"inLanguage":"en-US","potentialAction":[{"@type":"CommentAction","name":"Comment","target":["https:\/\/www.padreeustaquio.com.br\/ir-jorge-ss-cc-se-torna-diacono-no-paraguai\/#respond"]}]},{"@type":"WebPage","@id":"https:\/\/www.padreeustaquio.com.br\/ir-jorge-ss-cc-se-torna-diacono-no-paraguai\/","url":"https:\/\/www.padreeustaquio.com.br\/ir-jorge-ss-cc-se-torna-diacono-no-paraguai\/","name":"Brother Jorge, ss.cc becomes a Deacon in Paraguay - Father Eust\u00e1quio","isPartOf":{"@id":"https:\/\/www.padreeustaquio.com.br\/#website"},"primaryImageOfPage":{"@id":"https:\/\/www.padreeustaquio.com.br\/ir-jorge-ss-cc-se-torna-diacono-no-paraguai\/#primaryimage"},"image":{"@id":"https:\/\/www.padreeustaquio.com.br\/ir-jorge-ss-cc-se-torna-diacono-no-paraguai\/#primaryimage"},"thumbnailUrl":"https:\/\/www.padreeustaquio.com.br\/wp-content\/uploads\/2020\/11\/EA10024D-250F-4FB6-A57C-0B58BBD8037D.jpeg","datePublished":"2020-11-13T12:17:39+00:00","breadcrumb":{"@id":"https:\/\/www.padreeustaquio.com.br\/ir-jorge-ss-cc-se-torna-diacono-no-paraguai\/#breadcrumb"},"inLanguage":"en-US","potentialAction":[{"@type":"ReadAction","target":["https:\/\/www.padreeustaquio.com.br\/ir-jorge-ss-cc-se-torna-diacono-no-paraguai\/"]}]},{"@type":"ImageObject","inLanguage":"en-US","@id":"https:\/\/www.padreeustaquio.com.br\/ir-jorge-ss-cc-se-torna-diacono-no-paraguai\/#primaryimage","url":"https:\/\/www.padreeustaquio.com.br\/wp-content\/uploads\/2020\/11\/EA10024D-250F-4FB6-A57C-0B58BBD8037D.jpeg","contentUrl":"https:\/\/www.padreeustaquio.com.br\/wp-content\/uploads\/2020\/11\/EA10024D-250F-4FB6-A57C-0B58BBD8037D.jpeg","width":647,"height":412},{"@type":"BreadcrumbList","@id":"https:\/\/www.padreeustaquio.com.br\/ir-jorge-ss-cc-se-torna-diacono-no-paraguai\/#breadcrumb","itemListElement":[{"@type":"ListItem","position":1,"name":"In\u00edcio","item":"https:\/\/www.padreeustaquio.com.br\/"},{"@type":"ListItem","position":2,"name":"Ir. Jorge, ss.cc se torna Di\u00e1cono no Paraguai"}]},{"@type":"WebSite","@id":"https:\/\/www.padreeustaquio.com.br\/#website","url":"https:\/\/www.padreeustaquio.com.br\/","name":"FATHER EUST\u00c1QUIO","description":"Health and Peace","publisher":{"@id":"https:\/\/www.padreeustaquio.com.br\/#organization"},"potentialAction":[{"@type":"SearchAction","target":{"@type":"EntryPoint","urlTemplate":"https:\/\/www.padreeustaquio.com.br\/?s={search_term_string}"},"query-input":{"@type":"PropertyValueSpecification","valueRequired":true,"valueName":"search_term_string"}}],"inLanguage":"en-US"},{"@type":"Organization","@id":"https:\/\/www.padreeustaquio.com.br\/#organization","name":"FATHER EUST\u00c1QUIO","url":"https:\/\/www.padreeustaquio.com.br\/","logo":{"@type":"ImageObject","inLanguage":"en-US","@id":"https:\/\/www.padreeustaquio.com.br\/#\/schema\/logo\/image\/","url":"https:\/\/www.padreeustaquio.com.br\/wp-content\/uploads\/2019\/08\/marca.png","contentUrl":"https:\/\/www.padreeustaquio.com.br\/wp-content\/uploads\/2019\/08\/marca.png","width":350,"height":400,"caption":"Padre Eust\u00e1quio"},"image":{"@id":"https:\/\/www.padreeustaquio.com.br\/#\/schema\/logo\/image\/"},"sameAs":["https:\/\/www.facebook.com\/beatopadreeustaquio\/","https:\/\/x.com\/beatopeustaquio","https:\/\/www.instagram.com\/beatopadreeustaquio\/","https:\/\/www.youtube.com\/channel\/UCRhw7vfabnajwLxb1ZXMeIw"]},{"@type":"Person","@id":"https:\/\/www.padreeustaquio.com.br\/#\/schema\/person\/a2a51db1d00f1a7af0204a0f1ddb1566","name":"@sscc","image":{"@type":"ImageObject","inLanguage":"en-US","@id":"https:\/\/secure.gravatar.com\/avatar\/68cfafa5f44617fea54071e215026e0ff06be366c3d54a8425f04fdcb86f8c5f?s=96&d=mm&r=g","url":"https:\/\/secure.gravatar.com\/avatar\/68cfafa5f44617fea54071e215026e0ff06be366c3d54a8425f04fdcb86f8c5f?s=96&d=mm&r=g","contentUrl":"https:\/\/secure.gravatar.com\/avatar\/68cfafa5f44617fea54071e215026e0ff06be366c3d54a8425f04fdcb86f8c5f?s=96&d=mm&r=g","caption":"@sscc"},"url":"https:\/\/www.padreeustaquio.com.br\/en\/author\/sscc\/"}]}},"_links":{"self":[{"href":"https:\/\/www.padreeustaquio.com.br\/en\/wp-json\/wp\/v2\/posts\/4739","targetHints":{"allow":["GET"]}}],"collection":[{"href":"https:\/\/www.padreeustaquio.com.br\/en\/wp-json\/wp\/v2\/posts"}],"about":[{"href":"https:\/\/www.padreeustaquio.com.br\/en\/wp-json\/wp\/v2\/types\/post"}],"author":[{"embeddable":true,"href":"https:\/\/www.padreeustaquio.com.br\/en\/wp-json\/wp\/v2\/users\/2"}],"replies":[{"embeddable":true,"href":"https:\/\/www.padreeustaquio.com.br\/en\/wp-json\/wp\/v2\/comments?post=4739"}],"version-history":[{"count":0,"href":"https:\/\/www.padreeustaquio.com.br\/en\/wp-json\/wp\/v2\/posts\/4739\/revisions"}],"wp:featuredmedia":[{"embeddable":true,"href":"https:\/\/www.padreeustaquio.com.br\/en\/wp-json\/wp\/v2\/media\/4735"}],"wp:attachment":[{"href":"https:\/\/www.padreeustaquio.com.br\/en\/wp-json\/wp\/v2\/media?parent=4739"}],"wp:term":[{"taxonomy":"category","embeddable":true,"href":"https:\/\/www.padreeustaquio.com.br\/en\/wp-json\/wp\/v2\/categories?post=4739"},{"taxonomy":"post_tag","embeddable":true,"href":"https:\/\/www.padreeustaquio.com.br\/en\/wp-json\/wp\/v2\/tags?post=4739"}],"curies":[{"name":"wp","href":"https:\/\/api.w.org\/{rel}","templated":true}]}}