{"id":4711,"date":"2020-10-30T06:30:42","date_gmt":"2020-10-30T09:30:42","guid":{"rendered":"https:\/\/www.padreeustaquio.com.br\/?p=4711"},"modified":"2020-10-29T07:49:49","modified_gmt":"2020-10-29T10:49:49","slug":"all-souls-day-see-the-mass-times-at-the-health-and-peace-sanctuary","status":"publish","type":"post","link":"https:\/\/www.padreeustaquio.com.br\/en\/all-souls-day-see-the-mass-times-at-the-health-and-peace-sanctuary\/","title":{"rendered":"All Souls&#039; Day \u2013 See the Mass times at the Health and Peace Sanctuary."},"content":{"rendered":"<p>Next Monday, November 2nd, the church throughout the world celebrates the memory of those who are no longer with us, liturgically called &quot;Faithful Departed&quot;.<\/p>\n<p>At the &quot;Health and Peace&quot; Sanctuary, the church of Father Eust\u00e1quio, Holy Masses are held at two times: 7:30 am and 6:00 pm. To participate in person in the celebrations, it is necessary to obtain a ticket at the parish office or register online through the website., <a href=\"https:\/\/www.sympla.com.br\/missas-presenciais---igreja-padre-eustaquio---de-31out-a-02nov__1030878\">clicking here<\/a>.<\/p>\n<p>Those who are unable to attend church can follow the service online.\u00a0<a href=\"https:\/\/www.youtube.com\/channel\/UCRhw7vfabnajwLxb1ZXMeIw\">Padre Eust\u00e1quio Channel<\/a>, on YouTube. Or also through <a href=\"https:\/\/pt-br.facebook.com\/beatopadreeustaquio\">Official Facebook page of the vice-presidential candidate.<\/a><\/p>\n<p>To schedule a Mass for a family member, please always contact the Parish Office. Office hours are Monday to Friday from 8:00 AM to 12:00 PM and from 1:00 PM to 5:30 PM, and Saturdays from 7:30 AM to 12:00 PM. The telephone number is (31) 3462-6557.<\/p>\n<p><strong>All Souls&#039; Day<\/strong><\/p>\n<p>For the Catholic Church, this is not just any holiday, but an opportunity to pray for loved ones who seek the fullness of life in the presence of God. Since the early centuries, Christians have visited the tombs of martyrs to pray for them and for all those who were once part of the early Christian community. In the 13th century, All Souls&#039; Day began to be celebrated on November 2nd, since the Solemnity of All Saints was celebrated on November 1st.<\/p>\n<p>The Church always celebrates that which comes from tradition, that which is the fruit of an experience of faith within the Christian community. The professor of theology of consecrated life.<span class=\"noticia_texto\">\u00a0at the Regional Institute for Priestly Formation of the Northern Region 2<\/span>, Friar Ribamar Gomes de Souza explained that Saint Isidore of Seville pointed out that the practice of offering prayers and suffrages for the dead is such an ancient custom in the Church that it may have been taught by the apostles. The Friar also emphasized the significance of All Souls&#039; Day, which is such an important date for Catholicism.<\/p>\n<p>\u201c&quot;The commemoration of all the faithful departed highlights the one Church of Christ as: pilgrim, purgative and triumphant, celebrating the Paschal Mystery,&quot; he said.<\/p>\n<p>The friar also explains the hope that should spring forth in the hearts of Christians, who are invited not to dwell on death, but to see it from the perspective of Christ&#039;s resurrection.<\/p>\n<p>\u201d&quot;Sometimes we look at our lives from the perspective of a tomb that will be sealed with earth and a stone on top, but for us Christians, Christ stands before that stone\u2014He who is the Resurrection and the Life. He looks through the stone and sees each one of us,&quot; he emphasized.<\/p>\n<p>&nbsp;<\/p>\n<p><strong>Source: vice-postulation with information from noticias.cancaonova.com<\/strong><\/p>","protected":false},"excerpt":{"rendered":"<p>Na pr\u00f3xima segunda-feira, dia 2 de novembro, a igreja em todo o mundo celebra a mem\u00f3ria daqueles que j\u00e1 n\u00e3o est\u00e3o mais conosco, os chamados liturgicamente de &#8220;Fi\u00e9is Defuntos&#8221;. No Santu\u00e1rio &#8220;Sa\u00fade e Paz&#8221;, a igreja do Padre Eust\u00e1quio, as Santas Missas acontecem em dois hor\u00e1rios: \u00e0s 7h30 e \u00e0s 18h. Para participar presencialmente das celebra\u00e7\u00f5es \u00e9 necess\u00e1rio retirar a senha na secretaria paroquial ou fazer a inscri\u00e7\u00e3o online pelo site, clicando aqui. Quem n\u00e3o puder ir \u00e0 igreja, poder\u00e1 acompanhar a celebra\u00e7\u00e3o pelo\u00a0Canal Padre Eust\u00e1quio, no YouTube. Ou ainda pelo facebook oficial da vice-postula\u00e7\u00e3o. Para marcar missa na inten\u00e7\u00e3o [&hellip;]<\/p>\n","protected":false},"author":2,"featured_media":4712,"comment_status":"open","ping_status":"open","sticky":false,"template":"","format":"standard","meta":{"_acf_changed":false,"footnotes":""},"categories":[611],"tags":[],"class_list":["post-4711","post","type-post","status-publish","format-standard","has-post-thumbnail","hentry","category-noticias"],"acf":[],"yoast_head":"<!-- This site is optimized with the Yoast SEO plugin v27.2 - https:\/\/yoast.com\/product\/yoast-seo-wordpress\/ -->\n<title>FINADOS - Veja os hor\u00e1rios de missas no Santu\u00e1rio Sa\u00fade e Paz - Padre Eust\u00e1quio<\/title>\n<meta name=\"robots\" content=\"index, follow, max-snippet:-1, max-image-preview:large, max-video-preview:-1\" \/>\n<link rel=\"canonical\" href=\"https:\/\/www.padreeustaquio.com.br\/en\/all-souls-day-see-the-mass-times-at-the-health-and-peace-sanctuary\/\" \/>\n<meta property=\"og:locale\" content=\"en_US\" \/>\n<meta property=\"og:type\" content=\"article\" \/>\n<meta property=\"og:title\" content=\"FINADOS - Veja os hor\u00e1rios de missas no Santu\u00e1rio Sa\u00fade e Paz - Padre Eust\u00e1quio\" \/>\n<meta property=\"og:description\" content=\"Na pr\u00f3xima segunda-feira, dia 2 de novembro, a igreja em todo o mundo celebra a mem\u00f3ria daqueles que j\u00e1 n\u00e3o est\u00e3o mais conosco, os chamados liturgicamente de &#8220;Fi\u00e9is Defuntos&#8221;. No Santu\u00e1rio &#8220;Sa\u00fade e Paz&#8221;, a igreja do Padre Eust\u00e1quio, as Santas Missas acontecem em dois hor\u00e1rios: \u00e0s 7h30 e \u00e0s 18h. Para participar presencialmente das celebra\u00e7\u00f5es \u00e9 necess\u00e1rio retirar a senha na secretaria paroquial ou fazer a inscri\u00e7\u00e3o online pelo site, clicando aqui. Quem n\u00e3o puder ir \u00e0 igreja, poder\u00e1 acompanhar a celebra\u00e7\u00e3o pelo\u00a0Canal Padre Eust\u00e1quio, no YouTube. Ou ainda pelo facebook oficial da vice-postula\u00e7\u00e3o. Para marcar missa na inten\u00e7\u00e3o [&hellip;]\" \/>\n<meta property=\"og:url\" content=\"https:\/\/www.padreeustaquio.com.br\/en\/all-souls-day-see-the-mass-times-at-the-health-and-peace-sanctuary\/\" \/>\n<meta property=\"og:site_name\" content=\"Padre Eust\u00e1quio\" \/>\n<meta property=\"article:publisher\" content=\"https:\/\/www.facebook.com\/beatopadreeustaquio\/\" \/>\n<meta property=\"article:published_time\" content=\"2020-10-30T09:30:42+00:00\" \/>\n<meta property=\"og:image\" content=\"https:\/\/www.padreeustaquio.com.br\/wp-content\/uploads\/2020\/10\/missa-finados.jpg\" \/>\n\t<meta property=\"og:image:width\" content=\"748\" \/>\n\t<meta property=\"og:image:height\" content=\"394\" \/>\n\t<meta property=\"og:image:type\" content=\"image\/jpeg\" \/>\n<meta name=\"author\" content=\"@sscc\" \/>\n<meta name=\"twitter:card\" content=\"summary_large_image\" \/>\n<meta name=\"twitter:creator\" content=\"@beatopeustaquio\" \/>\n<meta name=\"twitter:site\" content=\"@beatopeustaquio\" \/>\n<meta name=\"twitter:label1\" content=\"Written by\" \/>\n\t<meta name=\"twitter:data1\" content=\"@sscc\" \/>\n\t<meta name=\"twitter:label2\" content=\"Est. reading time\" \/>\n\t<meta name=\"twitter:data2\" content=\"2 minutes\" \/>\n<script type=\"application\/ld+json\" class=\"yoast-schema-graph\">{\"@context\":\"https:\/\/schema.org\",\"@graph\":[{\"@type\":\"Article\",\"@id\":\"https:\/\/www.padreeustaquio.com.br\/finados-veja-os-horarios-de-missas-no-santuario-saude-e-paz\/#article\",\"isPartOf\":{\"@id\":\"https:\/\/www.padreeustaquio.com.br\/finados-veja-os-horarios-de-missas-no-santuario-saude-e-paz\/\"},\"author\":{\"name\":\"@sscc\",\"@id\":\"https:\/\/www.padreeustaquio.com.br\/#\/schema\/person\/a2a51db1d00f1a7af0204a0f1ddb1566\"},\"headline\":\"FINADOS &#8211; Veja os hor\u00e1rios de missas no Santu\u00e1rio Sa\u00fade e Paz\",\"datePublished\":\"2020-10-30T09:30:42+00:00\",\"mainEntityOfPage\":{\"@id\":\"https:\/\/www.padreeustaquio.com.br\/finados-veja-os-horarios-de-missas-no-santuario-saude-e-paz\/\"},\"wordCount\":508,\"commentCount\":0,\"publisher\":{\"@id\":\"https:\/\/www.padreeustaquio.com.br\/#organization\"},\"image\":{\"@id\":\"https:\/\/www.padreeustaquio.com.br\/finados-veja-os-horarios-de-missas-no-santuario-saude-e-paz\/#primaryimage\"},\"thumbnailUrl\":\"https:\/\/www.padreeustaquio.com.br\/wp-content\/uploads\/2020\/10\/missa-finados.jpg\",\"articleSection\":[\"Not\u00edcias\"],\"inLanguage\":\"en-US\",\"potentialAction\":[{\"@type\":\"CommentAction\",\"name\":\"Comment\",\"target\":[\"https:\/\/www.padreeustaquio.com.br\/finados-veja-os-horarios-de-missas-no-santuario-saude-e-paz\/#respond\"]}]},{\"@type\":\"WebPage\",\"@id\":\"https:\/\/www.padreeustaquio.com.br\/finados-veja-os-horarios-de-missas-no-santuario-saude-e-paz\/\",\"url\":\"https:\/\/www.padreeustaquio.com.br\/finados-veja-os-horarios-de-missas-no-santuario-saude-e-paz\/\",\"name\":\"FINADOS - Veja os hor\u00e1rios de missas no Santu\u00e1rio Sa\u00fade e Paz - Padre Eust\u00e1quio\",\"isPartOf\":{\"@id\":\"https:\/\/www.padreeustaquio.com.br\/#website\"},\"primaryImageOfPage\":{\"@id\":\"https:\/\/www.padreeustaquio.com.br\/finados-veja-os-horarios-de-missas-no-santuario-saude-e-paz\/#primaryimage\"},\"image\":{\"@id\":\"https:\/\/www.padreeustaquio.com.br\/finados-veja-os-horarios-de-missas-no-santuario-saude-e-paz\/#primaryimage\"},\"thumbnailUrl\":\"https:\/\/www.padreeustaquio.com.br\/wp-content\/uploads\/2020\/10\/missa-finados.jpg\",\"datePublished\":\"2020-10-30T09:30:42+00:00\",\"breadcrumb\":{\"@id\":\"https:\/\/www.padreeustaquio.com.br\/finados-veja-os-horarios-de-missas-no-santuario-saude-e-paz\/#breadcrumb\"},\"inLanguage\":\"en-US\",\"potentialAction\":[{\"@type\":\"ReadAction\",\"target\":[\"https:\/\/www.padreeustaquio.com.br\/finados-veja-os-horarios-de-missas-no-santuario-saude-e-paz\/\"]}]},{\"@type\":\"ImageObject\",\"inLanguage\":\"en-US\",\"@id\":\"https:\/\/www.padreeustaquio.com.br\/finados-veja-os-horarios-de-missas-no-santuario-saude-e-paz\/#primaryimage\",\"url\":\"https:\/\/www.padreeustaquio.com.br\/wp-content\/uploads\/2020\/10\/missa-finados.jpg\",\"contentUrl\":\"https:\/\/www.padreeustaquio.com.br\/wp-content\/uploads\/2020\/10\/missa-finados.jpg\",\"width\":748,\"height\":394},{\"@type\":\"BreadcrumbList\",\"@id\":\"https:\/\/www.padreeustaquio.com.br\/finados-veja-os-horarios-de-missas-no-santuario-saude-e-paz\/#breadcrumb\",\"itemListElement\":[{\"@type\":\"ListItem\",\"position\":1,\"name\":\"In\u00edcio\",\"item\":\"https:\/\/www.padreeustaquio.com.br\/\"},{\"@type\":\"ListItem\",\"position\":2,\"name\":\"FINADOS &#8211; Veja os hor\u00e1rios de missas no Santu\u00e1rio Sa\u00fade e Paz\"}]},{\"@type\":\"WebSite\",\"@id\":\"https:\/\/www.padreeustaquio.com.br\/#website\",\"url\":\"https:\/\/www.padreeustaquio.com.br\/\",\"name\":\"Padre Eust\u00e1quio\",\"description\":\"Sa\u00fade e Paz\",\"publisher\":{\"@id\":\"https:\/\/www.padreeustaquio.com.br\/#organization\"},\"potentialAction\":[{\"@type\":\"SearchAction\",\"target\":{\"@type\":\"EntryPoint\",\"urlTemplate\":\"https:\/\/www.padreeustaquio.com.br\/?s={search_term_string}\"},\"query-input\":{\"@type\":\"PropertyValueSpecification\",\"valueRequired\":true,\"valueName\":\"search_term_string\"}}],\"inLanguage\":\"en-US\"},{\"@type\":\"Organization\",\"@id\":\"https:\/\/www.padreeustaquio.com.br\/#organization\",\"name\":\"Padre Eust\u00e1quio\",\"url\":\"https:\/\/www.padreeustaquio.com.br\/\",\"logo\":{\"@type\":\"ImageObject\",\"inLanguage\":\"en-US\",\"@id\":\"https:\/\/www.padreeustaquio.com.br\/#\/schema\/logo\/image\/\",\"url\":\"https:\/\/www.padreeustaquio.com.br\/wp-content\/uploads\/2019\/08\/marca.png\",\"contentUrl\":\"https:\/\/www.padreeustaquio.com.br\/wp-content\/uploads\/2019\/08\/marca.png\",\"width\":350,\"height\":400,\"caption\":\"Padre Eust\u00e1quio\"},\"image\":{\"@id\":\"https:\/\/www.padreeustaquio.com.br\/#\/schema\/logo\/image\/\"},\"sameAs\":[\"https:\/\/www.facebook.com\/beatopadreeustaquio\/\",\"https:\/\/x.com\/beatopeustaquio\",\"https:\/\/www.instagram.com\/beatopadreeustaquio\/\",\"https:\/\/www.youtube.com\/channel\/UCRhw7vfabnajwLxb1ZXMeIw\"]},{\"@type\":\"Person\",\"@id\":\"https:\/\/www.padreeustaquio.com.br\/#\/schema\/person\/a2a51db1d00f1a7af0204a0f1ddb1566\",\"name\":\"@sscc\",\"image\":{\"@type\":\"ImageObject\",\"inLanguage\":\"en-US\",\"@id\":\"https:\/\/secure.gravatar.com\/avatar\/68cfafa5f44617fea54071e215026e0ff06be366c3d54a8425f04fdcb86f8c5f?s=96&d=mm&r=g\",\"url\":\"https:\/\/secure.gravatar.com\/avatar\/68cfafa5f44617fea54071e215026e0ff06be366c3d54a8425f04fdcb86f8c5f?s=96&d=mm&r=g\",\"contentUrl\":\"https:\/\/secure.gravatar.com\/avatar\/68cfafa5f44617fea54071e215026e0ff06be366c3d54a8425f04fdcb86f8c5f?s=96&d=mm&r=g\",\"caption\":\"@sscc\"},\"url\":\"https:\/\/www.padreeustaquio.com.br\/en\/author\/sscc\/\"}]}<\/script>\n<!-- \/ Yoast SEO plugin. -->","yoast_head_json":{"title":"All Souls&#039; Day - See the Mass times at the Health and Peace Sanctuary - Father Eust\u00e1quio","robots":{"index":"index","follow":"follow","max-snippet":"max-snippet:-1","max-image-preview":"max-image-preview:large","max-video-preview":"max-video-preview:-1"},"canonical":"https:\/\/www.padreeustaquio.com.br\/en\/all-souls-day-see-the-mass-times-at-the-health-and-peace-sanctuary\/","og_locale":"en_US","og_type":"article","og_title":"FINADOS - Veja os hor\u00e1rios de missas no Santu\u00e1rio Sa\u00fade e Paz - Padre Eust\u00e1quio","og_description":"Na pr\u00f3xima segunda-feira, dia 2 de novembro, a igreja em todo o mundo celebra a mem\u00f3ria daqueles que j\u00e1 n\u00e3o est\u00e3o mais conosco, os chamados liturgicamente de &#8220;Fi\u00e9is Defuntos&#8221;. No Santu\u00e1rio &#8220;Sa\u00fade e Paz&#8221;, a igreja do Padre Eust\u00e1quio, as Santas Missas acontecem em dois hor\u00e1rios: \u00e0s 7h30 e \u00e0s 18h. Para participar presencialmente das celebra\u00e7\u00f5es \u00e9 necess\u00e1rio retirar a senha na secretaria paroquial ou fazer a inscri\u00e7\u00e3o online pelo site, clicando aqui. Quem n\u00e3o puder ir \u00e0 igreja, poder\u00e1 acompanhar a celebra\u00e7\u00e3o pelo\u00a0Canal Padre Eust\u00e1quio, no YouTube. Ou ainda pelo facebook oficial da vice-postula\u00e7\u00e3o. Para marcar missa na inten\u00e7\u00e3o [&hellip;]","og_url":"https:\/\/www.padreeustaquio.com.br\/en\/all-souls-day-see-the-mass-times-at-the-health-and-peace-sanctuary\/","og_site_name":"Padre Eust\u00e1quio","article_publisher":"https:\/\/www.facebook.com\/beatopadreeustaquio\/","article_published_time":"2020-10-30T09:30:42+00:00","og_image":[{"width":748,"height":394,"url":"https:\/\/www.padreeustaquio.com.br\/wp-content\/uploads\/2020\/10\/missa-finados.jpg","type":"image\/jpeg"}],"author":"@sscc","twitter_card":"summary_large_image","twitter_creator":"@beatopeustaquio","twitter_site":"@beatopeustaquio","twitter_misc":{"Written by":"@sscc","Est. reading time":"2 minutes"},"schema":{"@context":"https:\/\/schema.org","@graph":[{"@type":"Article","@id":"https:\/\/www.padreeustaquio.com.br\/finados-veja-os-horarios-de-missas-no-santuario-saude-e-paz\/#article","isPartOf":{"@id":"https:\/\/www.padreeustaquio.com.br\/finados-veja-os-horarios-de-missas-no-santuario-saude-e-paz\/"},"author":{"name":"@sscc","@id":"https:\/\/www.padreeustaquio.com.br\/#\/schema\/person\/a2a51db1d00f1a7af0204a0f1ddb1566"},"headline":"FINADOS &#8211; Veja os hor\u00e1rios de missas no Santu\u00e1rio Sa\u00fade e Paz","datePublished":"2020-10-30T09:30:42+00:00","mainEntityOfPage":{"@id":"https:\/\/www.padreeustaquio.com.br\/finados-veja-os-horarios-de-missas-no-santuario-saude-e-paz\/"},"wordCount":508,"commentCount":0,"publisher":{"@id":"https:\/\/www.padreeustaquio.com.br\/#organization"},"image":{"@id":"https:\/\/www.padreeustaquio.com.br\/finados-veja-os-horarios-de-missas-no-santuario-saude-e-paz\/#primaryimage"},"thumbnailUrl":"https:\/\/www.padreeustaquio.com.br\/wp-content\/uploads\/2020\/10\/missa-finados.jpg","articleSection":["Not\u00edcias"],"inLanguage":"en-US","potentialAction":[{"@type":"CommentAction","name":"Comment","target":["https:\/\/www.padreeustaquio.com.br\/finados-veja-os-horarios-de-missas-no-santuario-saude-e-paz\/#respond"]}]},{"@type":"WebPage","@id":"https:\/\/www.padreeustaquio.com.br\/finados-veja-os-horarios-de-missas-no-santuario-saude-e-paz\/","url":"https:\/\/www.padreeustaquio.com.br\/finados-veja-os-horarios-de-missas-no-santuario-saude-e-paz\/","name":"All Souls&#039; Day - See the Mass times at the Health and Peace Sanctuary - Father Eust\u00e1quio","isPartOf":{"@id":"https:\/\/www.padreeustaquio.com.br\/#website"},"primaryImageOfPage":{"@id":"https:\/\/www.padreeustaquio.com.br\/finados-veja-os-horarios-de-missas-no-santuario-saude-e-paz\/#primaryimage"},"image":{"@id":"https:\/\/www.padreeustaquio.com.br\/finados-veja-os-horarios-de-missas-no-santuario-saude-e-paz\/#primaryimage"},"thumbnailUrl":"https:\/\/www.padreeustaquio.com.br\/wp-content\/uploads\/2020\/10\/missa-finados.jpg","datePublished":"2020-10-30T09:30:42+00:00","breadcrumb":{"@id":"https:\/\/www.padreeustaquio.com.br\/finados-veja-os-horarios-de-missas-no-santuario-saude-e-paz\/#breadcrumb"},"inLanguage":"en-US","potentialAction":[{"@type":"ReadAction","target":["https:\/\/www.padreeustaquio.com.br\/finados-veja-os-horarios-de-missas-no-santuario-saude-e-paz\/"]}]},{"@type":"ImageObject","inLanguage":"en-US","@id":"https:\/\/www.padreeustaquio.com.br\/finados-veja-os-horarios-de-missas-no-santuario-saude-e-paz\/#primaryimage","url":"https:\/\/www.padreeustaquio.com.br\/wp-content\/uploads\/2020\/10\/missa-finados.jpg","contentUrl":"https:\/\/www.padreeustaquio.com.br\/wp-content\/uploads\/2020\/10\/missa-finados.jpg","width":748,"height":394},{"@type":"BreadcrumbList","@id":"https:\/\/www.padreeustaquio.com.br\/finados-veja-os-horarios-de-missas-no-santuario-saude-e-paz\/#breadcrumb","itemListElement":[{"@type":"ListItem","position":1,"name":"In\u00edcio","item":"https:\/\/www.padreeustaquio.com.br\/"},{"@type":"ListItem","position":2,"name":"FINADOS &#8211; Veja os hor\u00e1rios de missas no Santu\u00e1rio Sa\u00fade e Paz"}]},{"@type":"WebSite","@id":"https:\/\/www.padreeustaquio.com.br\/#website","url":"https:\/\/www.padreeustaquio.com.br\/","name":"FATHER EUST\u00c1QUIO","description":"Health and Peace","publisher":{"@id":"https:\/\/www.padreeustaquio.com.br\/#organization"},"potentialAction":[{"@type":"SearchAction","target":{"@type":"EntryPoint","urlTemplate":"https:\/\/www.padreeustaquio.com.br\/?s={search_term_string}"},"query-input":{"@type":"PropertyValueSpecification","valueRequired":true,"valueName":"search_term_string"}}],"inLanguage":"en-US"},{"@type":"Organization","@id":"https:\/\/www.padreeustaquio.com.br\/#organization","name":"FATHER EUST\u00c1QUIO","url":"https:\/\/www.padreeustaquio.com.br\/","logo":{"@type":"ImageObject","inLanguage":"en-US","@id":"https:\/\/www.padreeustaquio.com.br\/#\/schema\/logo\/image\/","url":"https:\/\/www.padreeustaquio.com.br\/wp-content\/uploads\/2019\/08\/marca.png","contentUrl":"https:\/\/www.padreeustaquio.com.br\/wp-content\/uploads\/2019\/08\/marca.png","width":350,"height":400,"caption":"Padre Eust\u00e1quio"},"image":{"@id":"https:\/\/www.padreeustaquio.com.br\/#\/schema\/logo\/image\/"},"sameAs":["https:\/\/www.facebook.com\/beatopadreeustaquio\/","https:\/\/x.com\/beatopeustaquio","https:\/\/www.instagram.com\/beatopadreeustaquio\/","https:\/\/www.youtube.com\/channel\/UCRhw7vfabnajwLxb1ZXMeIw"]},{"@type":"Person","@id":"https:\/\/www.padreeustaquio.com.br\/#\/schema\/person\/a2a51db1d00f1a7af0204a0f1ddb1566","name":"@sscc","image":{"@type":"ImageObject","inLanguage":"en-US","@id":"https:\/\/secure.gravatar.com\/avatar\/68cfafa5f44617fea54071e215026e0ff06be366c3d54a8425f04fdcb86f8c5f?s=96&d=mm&r=g","url":"https:\/\/secure.gravatar.com\/avatar\/68cfafa5f44617fea54071e215026e0ff06be366c3d54a8425f04fdcb86f8c5f?s=96&d=mm&r=g","contentUrl":"https:\/\/secure.gravatar.com\/avatar\/68cfafa5f44617fea54071e215026e0ff06be366c3d54a8425f04fdcb86f8c5f?s=96&d=mm&r=g","caption":"@sscc"},"url":"https:\/\/www.padreeustaquio.com.br\/en\/author\/sscc\/"}]}},"_links":{"self":[{"href":"https:\/\/www.padreeustaquio.com.br\/en\/wp-json\/wp\/v2\/posts\/4711","targetHints":{"allow":["GET"]}}],"collection":[{"href":"https:\/\/www.padreeustaquio.com.br\/en\/wp-json\/wp\/v2\/posts"}],"about":[{"href":"https:\/\/www.padreeustaquio.com.br\/en\/wp-json\/wp\/v2\/types\/post"}],"author":[{"embeddable":true,"href":"https:\/\/www.padreeustaquio.com.br\/en\/wp-json\/wp\/v2\/users\/2"}],"replies":[{"embeddable":true,"href":"https:\/\/www.padreeustaquio.com.br\/en\/wp-json\/wp\/v2\/comments?post=4711"}],"version-history":[{"count":0,"href":"https:\/\/www.padreeustaquio.com.br\/en\/wp-json\/wp\/v2\/posts\/4711\/revisions"}],"wp:featuredmedia":[{"embeddable":true,"href":"https:\/\/www.padreeustaquio.com.br\/en\/wp-json\/wp\/v2\/media\/4712"}],"wp:attachment":[{"href":"https:\/\/www.padreeustaquio.com.br\/en\/wp-json\/wp\/v2\/media?parent=4711"}],"wp:term":[{"taxonomy":"category","embeddable":true,"href":"https:\/\/www.padreeustaquio.com.br\/en\/wp-json\/wp\/v2\/categories?post=4711"},{"taxonomy":"post_tag","embeddable":true,"href":"https:\/\/www.padreeustaquio.com.br\/en\/wp-json\/wp\/v2\/tags?post=4711"}],"curies":[{"name":"wp","href":"https:\/\/api.w.org\/{rel}","templated":true}]}}