{"id":4707,"date":"2020-10-29T07:36:39","date_gmt":"2020-10-29T10:36:39","guid":{"rendered":"https:\/\/www.padreeustaquio.com.br\/?p=4707"},"modified":"2020-10-29T07:36:39","modified_gmt":"2020-10-29T10:36:39","slug":"devotees-celebrate-father-eustaquio-this-friday-november-30th","status":"publish","type":"post","link":"https:\/\/www.padreeustaquio.com.br\/en\/devotees-celebrate-father-eustaquio-this-friday-november-30th\/","title":{"rendered":"Devotees celebrate Father Eust\u00e1quio this Friday, November 30th."},"content":{"rendered":"<p>Since every 30th of the month is Father Eust\u00e1quio&#039;s day, next Friday the &quot;Health and Peace&quot; Sanctuary will celebrate the votive Mass for the Blessed. The Holy Mass will be celebrated at 3 pm and will be attended by the people of God.<\/p>\n<p>To participate in the celebration, prior registration is required. Those who wish to participate can go to the parish office, open Monday to Friday from 8:00 AM to 12:00 PM and from 1:00 PM to 5:30 PM, and on Saturdays from 7:30 AM to 12:00 PM, to pick up their registration number. Alternatively, registration can be done online. <a href=\"https:\/\/www.sympla.com.br\/missas-presenciais---igreja-padre-eustaquio---de-31out-a-02nov__1030878\">clicking here<\/a>.<\/p>\n<p>If you can&#039;t come to church, follow along online.\u00a0<a href=\"https:\/\/www.youtube.com\/channel\/UCRhw7vfabnajwLxb1ZXMeIw\">Padre Eust\u00e1quio Channel<\/a>, on YouTube. If you know someone who is unable to leave their home or who belongs to the high-risk group for Coronavirus, please share our social media channels so they can follow along with us too.<\/p>","protected":false},"excerpt":{"rendered":"<p>Como todo Dia 30 \u00e9 dia de Padre Eust\u00e1quio, na pr\u00f3xima sexta-feira, o Santu\u00e1rio &#8220;Sa\u00fade e Paz&#8221; celebra a missa votiva do Bem-Aventurado. A Santa Missa, ser\u00e1 celebrada \u00e0s 15h e ter\u00e1 a presen\u00e7a do povo de Deus. Para participar da celebra\u00e7\u00e3o \u00e9 necess\u00e1rio se inscrever com anteced\u00eancia. Quem quiser, pode passar na secretaria da par\u00f3quia, aberta de segunda a sexta-feira das 8h \u00e0s 12h e de 13h \u00e0s 17h30 e aos s\u00e1bados, das 7h30 \u00e0s 12h, para retirar sua senha. Se preferir, pode fazer a inscri\u00e7\u00e3o virtualmente clicando aqui. Se n\u00e3o puder vir \u00e0 igreja, acompanhe pelo\u00a0Canal Padre Eust\u00e1quio, [&hellip;]<\/p>\n","protected":false},"author":2,"featured_media":4708,"comment_status":"open","ping_status":"open","sticky":false,"template":"","format":"standard","meta":{"_acf_changed":false,"footnotes":""},"categories":[611],"tags":[],"class_list":["post-4707","post","type-post","status-publish","format-standard","has-post-thumbnail","hentry","category-noticias"],"acf":[],"yoast_head":"<!-- This site is optimized with the Yoast SEO plugin v27.2 - https:\/\/yoast.com\/product\/yoast-seo-wordpress\/ -->\n<title>Devotos celebram Padre Eust\u00e1quio nesta sexta-feira, 30 de novembro - Padre Eust\u00e1quio<\/title>\n<meta name=\"robots\" content=\"index, follow, max-snippet:-1, max-image-preview:large, max-video-preview:-1\" \/>\n<link rel=\"canonical\" href=\"https:\/\/www.padreeustaquio.com.br\/en\/devotees-celebrate-father-eustaquio-this-friday-november-30th\/\" \/>\n<meta property=\"og:locale\" content=\"en_US\" \/>\n<meta property=\"og:type\" content=\"article\" \/>\n<meta property=\"og:title\" content=\"Devotos celebram Padre Eust\u00e1quio nesta sexta-feira, 30 de novembro - Padre Eust\u00e1quio\" \/>\n<meta property=\"og:description\" content=\"Como todo Dia 30 \u00e9 dia de Padre Eust\u00e1quio, na pr\u00f3xima sexta-feira, o Santu\u00e1rio &#8220;Sa\u00fade e Paz&#8221; celebra a missa votiva do Bem-Aventurado. A Santa Missa, ser\u00e1 celebrada \u00e0s 15h e ter\u00e1 a presen\u00e7a do povo de Deus. Para participar da celebra\u00e7\u00e3o \u00e9 necess\u00e1rio se inscrever com anteced\u00eancia. Quem quiser, pode passar na secretaria da par\u00f3quia, aberta de segunda a sexta-feira das 8h \u00e0s 12h e de 13h \u00e0s 17h30 e aos s\u00e1bados, das 7h30 \u00e0s 12h, para retirar sua senha. Se preferir, pode fazer a inscri\u00e7\u00e3o virtualmente clicando aqui. Se n\u00e3o puder vir \u00e0 igreja, acompanhe pelo\u00a0Canal Padre Eust\u00e1quio, [&hellip;]\" \/>\n<meta property=\"og:url\" content=\"https:\/\/www.padreeustaquio.com.br\/en\/devotees-celebrate-father-eustaquio-this-friday-november-30th\/\" \/>\n<meta property=\"og:site_name\" content=\"Padre Eust\u00e1quio\" \/>\n<meta property=\"article:publisher\" content=\"https:\/\/www.facebook.com\/beatopadreeustaquio\/\" \/>\n<meta property=\"article:published_time\" content=\"2020-10-29T10:36:39+00:00\" \/>\n<meta property=\"og:image\" content=\"https:\/\/www.padreeustaquio.com.br\/wp-content\/uploads\/2020\/10\/Missa-do-dia-30.jpg\" \/>\n\t<meta property=\"og:image:width\" content=\"748\" \/>\n\t<meta property=\"og:image:height\" content=\"394\" \/>\n\t<meta property=\"og:image:type\" content=\"image\/jpeg\" \/>\n<meta name=\"author\" content=\"@sscc\" \/>\n<meta name=\"twitter:card\" content=\"summary_large_image\" \/>\n<meta name=\"twitter:creator\" content=\"@beatopeustaquio\" \/>\n<meta name=\"twitter:site\" content=\"@beatopeustaquio\" \/>\n<meta name=\"twitter:label1\" content=\"Written by\" \/>\n\t<meta name=\"twitter:data1\" content=\"@sscc\" \/>\n\t<meta name=\"twitter:label2\" content=\"Est. reading time\" \/>\n\t<meta name=\"twitter:data2\" content=\"1 minute\" \/>\n<script type=\"application\/ld+json\" class=\"yoast-schema-graph\">{\"@context\":\"https:\/\/schema.org\",\"@graph\":[{\"@type\":\"Article\",\"@id\":\"https:\/\/www.padreeustaquio.com.br\/devotos-celebram-padre-eustaquio-nesta-sexta-feira-30-de-novembro\/#article\",\"isPartOf\":{\"@id\":\"https:\/\/www.padreeustaquio.com.br\/devotos-celebram-padre-eustaquio-nesta-sexta-feira-30-de-novembro\/\"},\"author\":{\"name\":\"@sscc\",\"@id\":\"https:\/\/www.padreeustaquio.com.br\/#\/schema\/person\/a2a51db1d00f1a7af0204a0f1ddb1566\"},\"headline\":\"Devotos celebram Padre Eust\u00e1quio nesta sexta-feira, 30 de novembro\",\"datePublished\":\"2020-10-29T10:36:39+00:00\",\"mainEntityOfPage\":{\"@id\":\"https:\/\/www.padreeustaquio.com.br\/devotos-celebram-padre-eustaquio-nesta-sexta-feira-30-de-novembro\/\"},\"wordCount\":155,\"commentCount\":0,\"publisher\":{\"@id\":\"https:\/\/www.padreeustaquio.com.br\/#organization\"},\"image\":{\"@id\":\"https:\/\/www.padreeustaquio.com.br\/devotos-celebram-padre-eustaquio-nesta-sexta-feira-30-de-novembro\/#primaryimage\"},\"thumbnailUrl\":\"https:\/\/www.padreeustaquio.com.br\/wp-content\/uploads\/2020\/10\/Missa-do-dia-30.jpg\",\"articleSection\":[\"Not\u00edcias\"],\"inLanguage\":\"en-US\",\"potentialAction\":[{\"@type\":\"CommentAction\",\"name\":\"Comment\",\"target\":[\"https:\/\/www.padreeustaquio.com.br\/devotos-celebram-padre-eustaquio-nesta-sexta-feira-30-de-novembro\/#respond\"]}]},{\"@type\":\"WebPage\",\"@id\":\"https:\/\/www.padreeustaquio.com.br\/devotos-celebram-padre-eustaquio-nesta-sexta-feira-30-de-novembro\/\",\"url\":\"https:\/\/www.padreeustaquio.com.br\/devotos-celebram-padre-eustaquio-nesta-sexta-feira-30-de-novembro\/\",\"name\":\"Devotos celebram Padre Eust\u00e1quio nesta sexta-feira, 30 de novembro - Padre Eust\u00e1quio\",\"isPartOf\":{\"@id\":\"https:\/\/www.padreeustaquio.com.br\/#website\"},\"primaryImageOfPage\":{\"@id\":\"https:\/\/www.padreeustaquio.com.br\/devotos-celebram-padre-eustaquio-nesta-sexta-feira-30-de-novembro\/#primaryimage\"},\"image\":{\"@id\":\"https:\/\/www.padreeustaquio.com.br\/devotos-celebram-padre-eustaquio-nesta-sexta-feira-30-de-novembro\/#primaryimage\"},\"thumbnailUrl\":\"https:\/\/www.padreeustaquio.com.br\/wp-content\/uploads\/2020\/10\/Missa-do-dia-30.jpg\",\"datePublished\":\"2020-10-29T10:36:39+00:00\",\"breadcrumb\":{\"@id\":\"https:\/\/www.padreeustaquio.com.br\/devotos-celebram-padre-eustaquio-nesta-sexta-feira-30-de-novembro\/#breadcrumb\"},\"inLanguage\":\"en-US\",\"potentialAction\":[{\"@type\":\"ReadAction\",\"target\":[\"https:\/\/www.padreeustaquio.com.br\/devotos-celebram-padre-eustaquio-nesta-sexta-feira-30-de-novembro\/\"]}]},{\"@type\":\"ImageObject\",\"inLanguage\":\"en-US\",\"@id\":\"https:\/\/www.padreeustaquio.com.br\/devotos-celebram-padre-eustaquio-nesta-sexta-feira-30-de-novembro\/#primaryimage\",\"url\":\"https:\/\/www.padreeustaquio.com.br\/wp-content\/uploads\/2020\/10\/Missa-do-dia-30.jpg\",\"contentUrl\":\"https:\/\/www.padreeustaquio.com.br\/wp-content\/uploads\/2020\/10\/Missa-do-dia-30.jpg\",\"width\":748,\"height\":394},{\"@type\":\"BreadcrumbList\",\"@id\":\"https:\/\/www.padreeustaquio.com.br\/devotos-celebram-padre-eustaquio-nesta-sexta-feira-30-de-novembro\/#breadcrumb\",\"itemListElement\":[{\"@type\":\"ListItem\",\"position\":1,\"name\":\"In\u00edcio\",\"item\":\"https:\/\/www.padreeustaquio.com.br\/\"},{\"@type\":\"ListItem\",\"position\":2,\"name\":\"Devotos celebram Padre Eust\u00e1quio nesta sexta-feira, 30 de novembro\"}]},{\"@type\":\"WebSite\",\"@id\":\"https:\/\/www.padreeustaquio.com.br\/#website\",\"url\":\"https:\/\/www.padreeustaquio.com.br\/\",\"name\":\"Padre Eust\u00e1quio\",\"description\":\"Sa\u00fade e Paz\",\"publisher\":{\"@id\":\"https:\/\/www.padreeustaquio.com.br\/#organization\"},\"potentialAction\":[{\"@type\":\"SearchAction\",\"target\":{\"@type\":\"EntryPoint\",\"urlTemplate\":\"https:\/\/www.padreeustaquio.com.br\/?s={search_term_string}\"},\"query-input\":{\"@type\":\"PropertyValueSpecification\",\"valueRequired\":true,\"valueName\":\"search_term_string\"}}],\"inLanguage\":\"en-US\"},{\"@type\":\"Organization\",\"@id\":\"https:\/\/www.padreeustaquio.com.br\/#organization\",\"name\":\"Padre Eust\u00e1quio\",\"url\":\"https:\/\/www.padreeustaquio.com.br\/\",\"logo\":{\"@type\":\"ImageObject\",\"inLanguage\":\"en-US\",\"@id\":\"https:\/\/www.padreeustaquio.com.br\/#\/schema\/logo\/image\/\",\"url\":\"https:\/\/www.padreeustaquio.com.br\/wp-content\/uploads\/2019\/08\/marca.png\",\"contentUrl\":\"https:\/\/www.padreeustaquio.com.br\/wp-content\/uploads\/2019\/08\/marca.png\",\"width\":350,\"height\":400,\"caption\":\"Padre Eust\u00e1quio\"},\"image\":{\"@id\":\"https:\/\/www.padreeustaquio.com.br\/#\/schema\/logo\/image\/\"},\"sameAs\":[\"https:\/\/www.facebook.com\/beatopadreeustaquio\/\",\"https:\/\/x.com\/beatopeustaquio\",\"https:\/\/www.instagram.com\/beatopadreeustaquio\/\",\"https:\/\/www.youtube.com\/channel\/UCRhw7vfabnajwLxb1ZXMeIw\"]},{\"@type\":\"Person\",\"@id\":\"https:\/\/www.padreeustaquio.com.br\/#\/schema\/person\/a2a51db1d00f1a7af0204a0f1ddb1566\",\"name\":\"@sscc\",\"image\":{\"@type\":\"ImageObject\",\"inLanguage\":\"en-US\",\"@id\":\"https:\/\/secure.gravatar.com\/avatar\/68cfafa5f44617fea54071e215026e0ff06be366c3d54a8425f04fdcb86f8c5f?s=96&d=mm&r=g\",\"url\":\"https:\/\/secure.gravatar.com\/avatar\/68cfafa5f44617fea54071e215026e0ff06be366c3d54a8425f04fdcb86f8c5f?s=96&d=mm&r=g\",\"contentUrl\":\"https:\/\/secure.gravatar.com\/avatar\/68cfafa5f44617fea54071e215026e0ff06be366c3d54a8425f04fdcb86f8c5f?s=96&d=mm&r=g\",\"caption\":\"@sscc\"},\"url\":\"https:\/\/www.padreeustaquio.com.br\/en\/author\/sscc\/\"}]}<\/script>\n<!-- \/ Yoast SEO plugin. -->","yoast_head_json":{"title":"Devotees celebrate Father Eust\u00e1quio this Friday, November 30th - Father Eust\u00e1quio","robots":{"index":"index","follow":"follow","max-snippet":"max-snippet:-1","max-image-preview":"max-image-preview:large","max-video-preview":"max-video-preview:-1"},"canonical":"https:\/\/www.padreeustaquio.com.br\/en\/devotees-celebrate-father-eustaquio-this-friday-november-30th\/","og_locale":"en_US","og_type":"article","og_title":"Devotos celebram Padre Eust\u00e1quio nesta sexta-feira, 30 de novembro - Padre Eust\u00e1quio","og_description":"Como todo Dia 30 \u00e9 dia de Padre Eust\u00e1quio, na pr\u00f3xima sexta-feira, o Santu\u00e1rio &#8220;Sa\u00fade e Paz&#8221; celebra a missa votiva do Bem-Aventurado. A Santa Missa, ser\u00e1 celebrada \u00e0s 15h e ter\u00e1 a presen\u00e7a do povo de Deus. Para participar da celebra\u00e7\u00e3o \u00e9 necess\u00e1rio se inscrever com anteced\u00eancia. Quem quiser, pode passar na secretaria da par\u00f3quia, aberta de segunda a sexta-feira das 8h \u00e0s 12h e de 13h \u00e0s 17h30 e aos s\u00e1bados, das 7h30 \u00e0s 12h, para retirar sua senha. Se preferir, pode fazer a inscri\u00e7\u00e3o virtualmente clicando aqui. Se n\u00e3o puder vir \u00e0 igreja, acompanhe pelo\u00a0Canal Padre Eust\u00e1quio, [&hellip;]","og_url":"https:\/\/www.padreeustaquio.com.br\/en\/devotees-celebrate-father-eustaquio-this-friday-november-30th\/","og_site_name":"Padre Eust\u00e1quio","article_publisher":"https:\/\/www.facebook.com\/beatopadreeustaquio\/","article_published_time":"2020-10-29T10:36:39+00:00","og_image":[{"width":748,"height":394,"url":"https:\/\/www.padreeustaquio.com.br\/wp-content\/uploads\/2020\/10\/Missa-do-dia-30.jpg","type":"image\/jpeg"}],"author":"@sscc","twitter_card":"summary_large_image","twitter_creator":"@beatopeustaquio","twitter_site":"@beatopeustaquio","twitter_misc":{"Written by":"@sscc","Est. reading time":"1 minute"},"schema":{"@context":"https:\/\/schema.org","@graph":[{"@type":"Article","@id":"https:\/\/www.padreeustaquio.com.br\/devotos-celebram-padre-eustaquio-nesta-sexta-feira-30-de-novembro\/#article","isPartOf":{"@id":"https:\/\/www.padreeustaquio.com.br\/devotos-celebram-padre-eustaquio-nesta-sexta-feira-30-de-novembro\/"},"author":{"name":"@sscc","@id":"https:\/\/www.padreeustaquio.com.br\/#\/schema\/person\/a2a51db1d00f1a7af0204a0f1ddb1566"},"headline":"Devotos celebram Padre Eust\u00e1quio nesta sexta-feira, 30 de novembro","datePublished":"2020-10-29T10:36:39+00:00","mainEntityOfPage":{"@id":"https:\/\/www.padreeustaquio.com.br\/devotos-celebram-padre-eustaquio-nesta-sexta-feira-30-de-novembro\/"},"wordCount":155,"commentCount":0,"publisher":{"@id":"https:\/\/www.padreeustaquio.com.br\/#organization"},"image":{"@id":"https:\/\/www.padreeustaquio.com.br\/devotos-celebram-padre-eustaquio-nesta-sexta-feira-30-de-novembro\/#primaryimage"},"thumbnailUrl":"https:\/\/www.padreeustaquio.com.br\/wp-content\/uploads\/2020\/10\/Missa-do-dia-30.jpg","articleSection":["Not\u00edcias"],"inLanguage":"en-US","potentialAction":[{"@type":"CommentAction","name":"Comment","target":["https:\/\/www.padreeustaquio.com.br\/devotos-celebram-padre-eustaquio-nesta-sexta-feira-30-de-novembro\/#respond"]}]},{"@type":"WebPage","@id":"https:\/\/www.padreeustaquio.com.br\/devotos-celebram-padre-eustaquio-nesta-sexta-feira-30-de-novembro\/","url":"https:\/\/www.padreeustaquio.com.br\/devotos-celebram-padre-eustaquio-nesta-sexta-feira-30-de-novembro\/","name":"Devotees celebrate Father Eust\u00e1quio this Friday, November 30th - Father Eust\u00e1quio","isPartOf":{"@id":"https:\/\/www.padreeustaquio.com.br\/#website"},"primaryImageOfPage":{"@id":"https:\/\/www.padreeustaquio.com.br\/devotos-celebram-padre-eustaquio-nesta-sexta-feira-30-de-novembro\/#primaryimage"},"image":{"@id":"https:\/\/www.padreeustaquio.com.br\/devotos-celebram-padre-eustaquio-nesta-sexta-feira-30-de-novembro\/#primaryimage"},"thumbnailUrl":"https:\/\/www.padreeustaquio.com.br\/wp-content\/uploads\/2020\/10\/Missa-do-dia-30.jpg","datePublished":"2020-10-29T10:36:39+00:00","breadcrumb":{"@id":"https:\/\/www.padreeustaquio.com.br\/devotos-celebram-padre-eustaquio-nesta-sexta-feira-30-de-novembro\/#breadcrumb"},"inLanguage":"en-US","potentialAction":[{"@type":"ReadAction","target":["https:\/\/www.padreeustaquio.com.br\/devotos-celebram-padre-eustaquio-nesta-sexta-feira-30-de-novembro\/"]}]},{"@type":"ImageObject","inLanguage":"en-US","@id":"https:\/\/www.padreeustaquio.com.br\/devotos-celebram-padre-eustaquio-nesta-sexta-feira-30-de-novembro\/#primaryimage","url":"https:\/\/www.padreeustaquio.com.br\/wp-content\/uploads\/2020\/10\/Missa-do-dia-30.jpg","contentUrl":"https:\/\/www.padreeustaquio.com.br\/wp-content\/uploads\/2020\/10\/Missa-do-dia-30.jpg","width":748,"height":394},{"@type":"BreadcrumbList","@id":"https:\/\/www.padreeustaquio.com.br\/devotos-celebram-padre-eustaquio-nesta-sexta-feira-30-de-novembro\/#breadcrumb","itemListElement":[{"@type":"ListItem","position":1,"name":"In\u00edcio","item":"https:\/\/www.padreeustaquio.com.br\/"},{"@type":"ListItem","position":2,"name":"Devotos celebram Padre Eust\u00e1quio nesta sexta-feira, 30 de novembro"}]},{"@type":"WebSite","@id":"https:\/\/www.padreeustaquio.com.br\/#website","url":"https:\/\/www.padreeustaquio.com.br\/","name":"FATHER EUST\u00c1QUIO","description":"Health and Peace","publisher":{"@id":"https:\/\/www.padreeustaquio.com.br\/#organization"},"potentialAction":[{"@type":"SearchAction","target":{"@type":"EntryPoint","urlTemplate":"https:\/\/www.padreeustaquio.com.br\/?s={search_term_string}"},"query-input":{"@type":"PropertyValueSpecification","valueRequired":true,"valueName":"search_term_string"}}],"inLanguage":"en-US"},{"@type":"Organization","@id":"https:\/\/www.padreeustaquio.com.br\/#organization","name":"FATHER EUST\u00c1QUIO","url":"https:\/\/www.padreeustaquio.com.br\/","logo":{"@type":"ImageObject","inLanguage":"en-US","@id":"https:\/\/www.padreeustaquio.com.br\/#\/schema\/logo\/image\/","url":"https:\/\/www.padreeustaquio.com.br\/wp-content\/uploads\/2019\/08\/marca.png","contentUrl":"https:\/\/www.padreeustaquio.com.br\/wp-content\/uploads\/2019\/08\/marca.png","width":350,"height":400,"caption":"Padre Eust\u00e1quio"},"image":{"@id":"https:\/\/www.padreeustaquio.com.br\/#\/schema\/logo\/image\/"},"sameAs":["https:\/\/www.facebook.com\/beatopadreeustaquio\/","https:\/\/x.com\/beatopeustaquio","https:\/\/www.instagram.com\/beatopadreeustaquio\/","https:\/\/www.youtube.com\/channel\/UCRhw7vfabnajwLxb1ZXMeIw"]},{"@type":"Person","@id":"https:\/\/www.padreeustaquio.com.br\/#\/schema\/person\/a2a51db1d00f1a7af0204a0f1ddb1566","name":"@sscc","image":{"@type":"ImageObject","inLanguage":"en-US","@id":"https:\/\/secure.gravatar.com\/avatar\/68cfafa5f44617fea54071e215026e0ff06be366c3d54a8425f04fdcb86f8c5f?s=96&d=mm&r=g","url":"https:\/\/secure.gravatar.com\/avatar\/68cfafa5f44617fea54071e215026e0ff06be366c3d54a8425f04fdcb86f8c5f?s=96&d=mm&r=g","contentUrl":"https:\/\/secure.gravatar.com\/avatar\/68cfafa5f44617fea54071e215026e0ff06be366c3d54a8425f04fdcb86f8c5f?s=96&d=mm&r=g","caption":"@sscc"},"url":"https:\/\/www.padreeustaquio.com.br\/en\/author\/sscc\/"}]}},"_links":{"self":[{"href":"https:\/\/www.padreeustaquio.com.br\/en\/wp-json\/wp\/v2\/posts\/4707","targetHints":{"allow":["GET"]}}],"collection":[{"href":"https:\/\/www.padreeustaquio.com.br\/en\/wp-json\/wp\/v2\/posts"}],"about":[{"href":"https:\/\/www.padreeustaquio.com.br\/en\/wp-json\/wp\/v2\/types\/post"}],"author":[{"embeddable":true,"href":"https:\/\/www.padreeustaquio.com.br\/en\/wp-json\/wp\/v2\/users\/2"}],"replies":[{"embeddable":true,"href":"https:\/\/www.padreeustaquio.com.br\/en\/wp-json\/wp\/v2\/comments?post=4707"}],"version-history":[{"count":0,"href":"https:\/\/www.padreeustaquio.com.br\/en\/wp-json\/wp\/v2\/posts\/4707\/revisions"}],"wp:featuredmedia":[{"embeddable":true,"href":"https:\/\/www.padreeustaquio.com.br\/en\/wp-json\/wp\/v2\/media\/4708"}],"wp:attachment":[{"href":"https:\/\/www.padreeustaquio.com.br\/en\/wp-json\/wp\/v2\/media?parent=4707"}],"wp:term":[{"taxonomy":"category","embeddable":true,"href":"https:\/\/www.padreeustaquio.com.br\/en\/wp-json\/wp\/v2\/categories?post=4707"},{"taxonomy":"post_tag","embeddable":true,"href":"https:\/\/www.padreeustaquio.com.br\/en\/wp-json\/wp\/v2\/tags?post=4707"}],"curies":[{"name":"wp","href":"https:\/\/api.w.org\/{rel}","templated":true}]}}