{"id":4687,"date":"2020-10-20T08:58:03","date_gmt":"2020-10-20T11:58:03","guid":{"rendered":"https:\/\/www.padreeustaquio.com.br\/?p=4687"},"modified":"2020-10-20T08:58:03","modified_gmt":"2020-10-20T11:58:03","slug":"the-weekend-was-full-of-welcomes-and-celebrations-in-paraguay","status":"publish","type":"post","link":"https:\/\/www.padreeustaquio.com.br\/en\/the-weekend-was-full-of-welcomes-and-celebrations-in-paraguay\/","title":{"rendered":"The weekend was full of welcomes and celebrations in Paraguay."},"content":{"rendered":"<p>The new priest of the Sacred Hearts, Father Arm\u00edn P\u00e9rez, and his brother Gustavo, arrived last weekend in the city of Presidente Franco, Paraguay. Welcomed by the Parish of Our Lady of Fatima, the two participated in the Eucharistic Celebrations held in the community.<\/p>\n<p>Last week, the two religious men bid farewell to their brothers in Belo Horizonte, Brazil. On their way to the airport, the Provincial, Father S\u00e9rgio Stein, ss.cc, performed the traditional gesture of sending off the members of the Sacred Hearts order, placing an image of Our Lady Queen of Peace on their heads.<\/p>\n<p>Brother Gustavo and Father Arm\u00edn are in the so-called tri-border area (Brazil, Paraguay, and Argentina) where they will continue their mission of bringing the love of the Sacred Hearts of Jesus and Mary to all of God&#039;s people.<\/p>","protected":false},"excerpt":{"rendered":"<p>O novo presb\u00edtero dos Sagrados Cora\u00e7\u00f5es, Padre Arm\u00edn P\u00e9rez e o irm\u00e3o Gustavo, chegaram no \u00faltimo fim de semana \u00e0 cidade de Presidente Franco no Paraguai. Acolhidos pela Par\u00f3quia Nossa Senhora de F\u00e1tima, os dois participaram das Celebra\u00e7\u00f5es Eucar\u00edsticas realizadas na comunidade. Na semana passada os dois religiosos se despediram dos irm\u00e3os de Belo Horizonte, no Brasil.\u00a0 Na sa\u00edda para o aeroporto, o Provincial, Padre S\u00e9rgio Stein, ss.cc, realizou o tradicional gesto de envio dos religiosos dos Sagrados Cora\u00e7\u00f5es, colocando a imagem de Nossa Senhora Rainha da Paz sobre a cabe\u00e7a dos dois. Ir. Gustavo e Pe. Arm\u00edn est\u00e3o na [&hellip;]<\/p>\n","protected":false},"author":2,"featured_media":4689,"comment_status":"open","ping_status":"open","sticky":false,"template":"","format":"standard","meta":{"_acf_changed":false,"footnotes":""},"categories":[611],"tags":[],"class_list":["post-4687","post","type-post","status-publish","format-standard","has-post-thumbnail","hentry","category-noticias"],"acf":[],"yoast_head":"<!-- This site is optimized with the Yoast SEO plugin v27.2 - https:\/\/yoast.com\/product\/yoast-seo-wordpress\/ -->\n<title>Fim de semana foi de boas-vindas e celebra\u00e7\u00f5es no Paraguai - Padre Eust\u00e1quio<\/title>\n<meta name=\"robots\" content=\"index, follow, max-snippet:-1, max-image-preview:large, max-video-preview:-1\" \/>\n<link rel=\"canonical\" href=\"https:\/\/www.padreeustaquio.com.br\/en\/the-weekend-was-full-of-welcomes-and-celebrations-in-paraguay\/\" \/>\n<meta property=\"og:locale\" content=\"en_US\" \/>\n<meta property=\"og:type\" content=\"article\" \/>\n<meta property=\"og:title\" content=\"Fim de semana foi de boas-vindas e celebra\u00e7\u00f5es no Paraguai - Padre Eust\u00e1quio\" \/>\n<meta property=\"og:description\" content=\"O novo presb\u00edtero dos Sagrados Cora\u00e7\u00f5es, Padre Arm\u00edn P\u00e9rez e o irm\u00e3o Gustavo, chegaram no \u00faltimo fim de semana \u00e0 cidade de Presidente Franco no Paraguai. Acolhidos pela Par\u00f3quia Nossa Senhora de F\u00e1tima, os dois participaram das Celebra\u00e7\u00f5es Eucar\u00edsticas realizadas na comunidade. Na semana passada os dois religiosos se despediram dos irm\u00e3os de Belo Horizonte, no Brasil.\u00a0 Na sa\u00edda para o aeroporto, o Provincial, Padre S\u00e9rgio Stein, ss.cc, realizou o tradicional gesto de envio dos religiosos dos Sagrados Cora\u00e7\u00f5es, colocando a imagem de Nossa Senhora Rainha da Paz sobre a cabe\u00e7a dos dois. Ir. Gustavo e Pe. Arm\u00edn est\u00e3o na [&hellip;]\" \/>\n<meta property=\"og:url\" content=\"https:\/\/www.padreeustaquio.com.br\/en\/the-weekend-was-full-of-welcomes-and-celebrations-in-paraguay\/\" \/>\n<meta property=\"og:site_name\" content=\"Padre Eust\u00e1quio\" \/>\n<meta property=\"article:publisher\" content=\"https:\/\/www.facebook.com\/beatopadreeustaquio\/\" \/>\n<meta property=\"article:published_time\" content=\"2020-10-20T11:58:03+00:00\" \/>\n<meta property=\"og:image\" content=\"https:\/\/www.padreeustaquio.com.br\/wp-content\/uploads\/2020\/10\/ARMIN-E-GUSTAVO-NO-PARAGUAI.jpg\" \/>\n\t<meta property=\"og:image:width\" content=\"748\" \/>\n\t<meta property=\"og:image:height\" content=\"394\" \/>\n\t<meta property=\"og:image:type\" content=\"image\/jpeg\" \/>\n<meta name=\"author\" content=\"@sscc\" \/>\n<meta name=\"twitter:card\" content=\"summary_large_image\" \/>\n<meta name=\"twitter:creator\" content=\"@beatopeustaquio\" \/>\n<meta name=\"twitter:site\" content=\"@beatopeustaquio\" \/>\n<meta name=\"twitter:label1\" content=\"Written by\" \/>\n\t<meta name=\"twitter:data1\" content=\"@sscc\" \/>\n\t<meta name=\"twitter:label2\" content=\"Est. reading time\" \/>\n\t<meta name=\"twitter:data2\" content=\"1 minute\" \/>\n<script type=\"application\/ld+json\" class=\"yoast-schema-graph\">{\"@context\":\"https:\/\/schema.org\",\"@graph\":[{\"@type\":\"Article\",\"@id\":\"https:\/\/www.padreeustaquio.com.br\/fim-de-semana-foi-de-boas-vindas-e-celebracoes-no-paraguai\/#article\",\"isPartOf\":{\"@id\":\"https:\/\/www.padreeustaquio.com.br\/fim-de-semana-foi-de-boas-vindas-e-celebracoes-no-paraguai\/\"},\"author\":{\"name\":\"@sscc\",\"@id\":\"https:\/\/www.padreeustaquio.com.br\/#\/schema\/person\/a2a51db1d00f1a7af0204a0f1ddb1566\"},\"headline\":\"Fim de semana foi de boas-vindas e celebra\u00e7\u00f5es no Paraguai\",\"datePublished\":\"2020-10-20T11:58:03+00:00\",\"mainEntityOfPage\":{\"@id\":\"https:\/\/www.padreeustaquio.com.br\/fim-de-semana-foi-de-boas-vindas-e-celebracoes-no-paraguai\/\"},\"wordCount\":161,\"commentCount\":0,\"publisher\":{\"@id\":\"https:\/\/www.padreeustaquio.com.br\/#organization\"},\"image\":{\"@id\":\"https:\/\/www.padreeustaquio.com.br\/fim-de-semana-foi-de-boas-vindas-e-celebracoes-no-paraguai\/#primaryimage\"},\"thumbnailUrl\":\"https:\/\/www.padreeustaquio.com.br\/wp-content\/uploads\/2020\/10\/ARMIN-E-GUSTAVO-NO-PARAGUAI.jpg\",\"articleSection\":[\"Not\u00edcias\"],\"inLanguage\":\"en-US\",\"potentialAction\":[{\"@type\":\"CommentAction\",\"name\":\"Comment\",\"target\":[\"https:\/\/www.padreeustaquio.com.br\/fim-de-semana-foi-de-boas-vindas-e-celebracoes-no-paraguai\/#respond\"]}]},{\"@type\":\"WebPage\",\"@id\":\"https:\/\/www.padreeustaquio.com.br\/fim-de-semana-foi-de-boas-vindas-e-celebracoes-no-paraguai\/\",\"url\":\"https:\/\/www.padreeustaquio.com.br\/fim-de-semana-foi-de-boas-vindas-e-celebracoes-no-paraguai\/\",\"name\":\"Fim de semana foi de boas-vindas e celebra\u00e7\u00f5es no Paraguai - Padre Eust\u00e1quio\",\"isPartOf\":{\"@id\":\"https:\/\/www.padreeustaquio.com.br\/#website\"},\"primaryImageOfPage\":{\"@id\":\"https:\/\/www.padreeustaquio.com.br\/fim-de-semana-foi-de-boas-vindas-e-celebracoes-no-paraguai\/#primaryimage\"},\"image\":{\"@id\":\"https:\/\/www.padreeustaquio.com.br\/fim-de-semana-foi-de-boas-vindas-e-celebracoes-no-paraguai\/#primaryimage\"},\"thumbnailUrl\":\"https:\/\/www.padreeustaquio.com.br\/wp-content\/uploads\/2020\/10\/ARMIN-E-GUSTAVO-NO-PARAGUAI.jpg\",\"datePublished\":\"2020-10-20T11:58:03+00:00\",\"breadcrumb\":{\"@id\":\"https:\/\/www.padreeustaquio.com.br\/fim-de-semana-foi-de-boas-vindas-e-celebracoes-no-paraguai\/#breadcrumb\"},\"inLanguage\":\"en-US\",\"potentialAction\":[{\"@type\":\"ReadAction\",\"target\":[\"https:\/\/www.padreeustaquio.com.br\/fim-de-semana-foi-de-boas-vindas-e-celebracoes-no-paraguai\/\"]}]},{\"@type\":\"ImageObject\",\"inLanguage\":\"en-US\",\"@id\":\"https:\/\/www.padreeustaquio.com.br\/fim-de-semana-foi-de-boas-vindas-e-celebracoes-no-paraguai\/#primaryimage\",\"url\":\"https:\/\/www.padreeustaquio.com.br\/wp-content\/uploads\/2020\/10\/ARMIN-E-GUSTAVO-NO-PARAGUAI.jpg\",\"contentUrl\":\"https:\/\/www.padreeustaquio.com.br\/wp-content\/uploads\/2020\/10\/ARMIN-E-GUSTAVO-NO-PARAGUAI.jpg\",\"width\":748,\"height\":394},{\"@type\":\"BreadcrumbList\",\"@id\":\"https:\/\/www.padreeustaquio.com.br\/fim-de-semana-foi-de-boas-vindas-e-celebracoes-no-paraguai\/#breadcrumb\",\"itemListElement\":[{\"@type\":\"ListItem\",\"position\":1,\"name\":\"In\u00edcio\",\"item\":\"https:\/\/www.padreeustaquio.com.br\/\"},{\"@type\":\"ListItem\",\"position\":2,\"name\":\"Fim de semana foi de boas-vindas e celebra\u00e7\u00f5es no Paraguai\"}]},{\"@type\":\"WebSite\",\"@id\":\"https:\/\/www.padreeustaquio.com.br\/#website\",\"url\":\"https:\/\/www.padreeustaquio.com.br\/\",\"name\":\"Padre Eust\u00e1quio\",\"description\":\"Sa\u00fade e Paz\",\"publisher\":{\"@id\":\"https:\/\/www.padreeustaquio.com.br\/#organization\"},\"potentialAction\":[{\"@type\":\"SearchAction\",\"target\":{\"@type\":\"EntryPoint\",\"urlTemplate\":\"https:\/\/www.padreeustaquio.com.br\/?s={search_term_string}\"},\"query-input\":{\"@type\":\"PropertyValueSpecification\",\"valueRequired\":true,\"valueName\":\"search_term_string\"}}],\"inLanguage\":\"en-US\"},{\"@type\":\"Organization\",\"@id\":\"https:\/\/www.padreeustaquio.com.br\/#organization\",\"name\":\"Padre Eust\u00e1quio\",\"url\":\"https:\/\/www.padreeustaquio.com.br\/\",\"logo\":{\"@type\":\"ImageObject\",\"inLanguage\":\"en-US\",\"@id\":\"https:\/\/www.padreeustaquio.com.br\/#\/schema\/logo\/image\/\",\"url\":\"https:\/\/www.padreeustaquio.com.br\/wp-content\/uploads\/2019\/08\/marca.png\",\"contentUrl\":\"https:\/\/www.padreeustaquio.com.br\/wp-content\/uploads\/2019\/08\/marca.png\",\"width\":350,\"height\":400,\"caption\":\"Padre Eust\u00e1quio\"},\"image\":{\"@id\":\"https:\/\/www.padreeustaquio.com.br\/#\/schema\/logo\/image\/\"},\"sameAs\":[\"https:\/\/www.facebook.com\/beatopadreeustaquio\/\",\"https:\/\/x.com\/beatopeustaquio\",\"https:\/\/www.instagram.com\/beatopadreeustaquio\/\",\"https:\/\/www.youtube.com\/channel\/UCRhw7vfabnajwLxb1ZXMeIw\"]},{\"@type\":\"Person\",\"@id\":\"https:\/\/www.padreeustaquio.com.br\/#\/schema\/person\/a2a51db1d00f1a7af0204a0f1ddb1566\",\"name\":\"@sscc\",\"image\":{\"@type\":\"ImageObject\",\"inLanguage\":\"en-US\",\"@id\":\"https:\/\/secure.gravatar.com\/avatar\/68cfafa5f44617fea54071e215026e0ff06be366c3d54a8425f04fdcb86f8c5f?s=96&d=mm&r=g\",\"url\":\"https:\/\/secure.gravatar.com\/avatar\/68cfafa5f44617fea54071e215026e0ff06be366c3d54a8425f04fdcb86f8c5f?s=96&d=mm&r=g\",\"contentUrl\":\"https:\/\/secure.gravatar.com\/avatar\/68cfafa5f44617fea54071e215026e0ff06be366c3d54a8425f04fdcb86f8c5f?s=96&d=mm&r=g\",\"caption\":\"@sscc\"},\"url\":\"https:\/\/www.padreeustaquio.com.br\/en\/author\/sscc\/\"}]}<\/script>\n<!-- \/ Yoast SEO plugin. -->","yoast_head_json":{"title":"The weekend was full of welcomes and celebrations in Paraguay - Father Eust\u00e1quio","robots":{"index":"index","follow":"follow","max-snippet":"max-snippet:-1","max-image-preview":"max-image-preview:large","max-video-preview":"max-video-preview:-1"},"canonical":"https:\/\/www.padreeustaquio.com.br\/en\/the-weekend-was-full-of-welcomes-and-celebrations-in-paraguay\/","og_locale":"en_US","og_type":"article","og_title":"Fim de semana foi de boas-vindas e celebra\u00e7\u00f5es no Paraguai - Padre Eust\u00e1quio","og_description":"O novo presb\u00edtero dos Sagrados Cora\u00e7\u00f5es, Padre Arm\u00edn P\u00e9rez e o irm\u00e3o Gustavo, chegaram no \u00faltimo fim de semana \u00e0 cidade de Presidente Franco no Paraguai. Acolhidos pela Par\u00f3quia Nossa Senhora de F\u00e1tima, os dois participaram das Celebra\u00e7\u00f5es Eucar\u00edsticas realizadas na comunidade. Na semana passada os dois religiosos se despediram dos irm\u00e3os de Belo Horizonte, no Brasil.\u00a0 Na sa\u00edda para o aeroporto, o Provincial, Padre S\u00e9rgio Stein, ss.cc, realizou o tradicional gesto de envio dos religiosos dos Sagrados Cora\u00e7\u00f5es, colocando a imagem de Nossa Senhora Rainha da Paz sobre a cabe\u00e7a dos dois. Ir. Gustavo e Pe. Arm\u00edn est\u00e3o na [&hellip;]","og_url":"https:\/\/www.padreeustaquio.com.br\/en\/the-weekend-was-full-of-welcomes-and-celebrations-in-paraguay\/","og_site_name":"Padre Eust\u00e1quio","article_publisher":"https:\/\/www.facebook.com\/beatopadreeustaquio\/","article_published_time":"2020-10-20T11:58:03+00:00","og_image":[{"width":748,"height":394,"url":"https:\/\/www.padreeustaquio.com.br\/wp-content\/uploads\/2020\/10\/ARMIN-E-GUSTAVO-NO-PARAGUAI.jpg","type":"image\/jpeg"}],"author":"@sscc","twitter_card":"summary_large_image","twitter_creator":"@beatopeustaquio","twitter_site":"@beatopeustaquio","twitter_misc":{"Written by":"@sscc","Est. reading time":"1 minute"},"schema":{"@context":"https:\/\/schema.org","@graph":[{"@type":"Article","@id":"https:\/\/www.padreeustaquio.com.br\/fim-de-semana-foi-de-boas-vindas-e-celebracoes-no-paraguai\/#article","isPartOf":{"@id":"https:\/\/www.padreeustaquio.com.br\/fim-de-semana-foi-de-boas-vindas-e-celebracoes-no-paraguai\/"},"author":{"name":"@sscc","@id":"https:\/\/www.padreeustaquio.com.br\/#\/schema\/person\/a2a51db1d00f1a7af0204a0f1ddb1566"},"headline":"Fim de semana foi de boas-vindas e celebra\u00e7\u00f5es no Paraguai","datePublished":"2020-10-20T11:58:03+00:00","mainEntityOfPage":{"@id":"https:\/\/www.padreeustaquio.com.br\/fim-de-semana-foi-de-boas-vindas-e-celebracoes-no-paraguai\/"},"wordCount":161,"commentCount":0,"publisher":{"@id":"https:\/\/www.padreeustaquio.com.br\/#organization"},"image":{"@id":"https:\/\/www.padreeustaquio.com.br\/fim-de-semana-foi-de-boas-vindas-e-celebracoes-no-paraguai\/#primaryimage"},"thumbnailUrl":"https:\/\/www.padreeustaquio.com.br\/wp-content\/uploads\/2020\/10\/ARMIN-E-GUSTAVO-NO-PARAGUAI.jpg","articleSection":["Not\u00edcias"],"inLanguage":"en-US","potentialAction":[{"@type":"CommentAction","name":"Comment","target":["https:\/\/www.padreeustaquio.com.br\/fim-de-semana-foi-de-boas-vindas-e-celebracoes-no-paraguai\/#respond"]}]},{"@type":"WebPage","@id":"https:\/\/www.padreeustaquio.com.br\/fim-de-semana-foi-de-boas-vindas-e-celebracoes-no-paraguai\/","url":"https:\/\/www.padreeustaquio.com.br\/fim-de-semana-foi-de-boas-vindas-e-celebracoes-no-paraguai\/","name":"The weekend was full of welcomes and celebrations in Paraguay - Father Eust\u00e1quio","isPartOf":{"@id":"https:\/\/www.padreeustaquio.com.br\/#website"},"primaryImageOfPage":{"@id":"https:\/\/www.padreeustaquio.com.br\/fim-de-semana-foi-de-boas-vindas-e-celebracoes-no-paraguai\/#primaryimage"},"image":{"@id":"https:\/\/www.padreeustaquio.com.br\/fim-de-semana-foi-de-boas-vindas-e-celebracoes-no-paraguai\/#primaryimage"},"thumbnailUrl":"https:\/\/www.padreeustaquio.com.br\/wp-content\/uploads\/2020\/10\/ARMIN-E-GUSTAVO-NO-PARAGUAI.jpg","datePublished":"2020-10-20T11:58:03+00:00","breadcrumb":{"@id":"https:\/\/www.padreeustaquio.com.br\/fim-de-semana-foi-de-boas-vindas-e-celebracoes-no-paraguai\/#breadcrumb"},"inLanguage":"en-US","potentialAction":[{"@type":"ReadAction","target":["https:\/\/www.padreeustaquio.com.br\/fim-de-semana-foi-de-boas-vindas-e-celebracoes-no-paraguai\/"]}]},{"@type":"ImageObject","inLanguage":"en-US","@id":"https:\/\/www.padreeustaquio.com.br\/fim-de-semana-foi-de-boas-vindas-e-celebracoes-no-paraguai\/#primaryimage","url":"https:\/\/www.padreeustaquio.com.br\/wp-content\/uploads\/2020\/10\/ARMIN-E-GUSTAVO-NO-PARAGUAI.jpg","contentUrl":"https:\/\/www.padreeustaquio.com.br\/wp-content\/uploads\/2020\/10\/ARMIN-E-GUSTAVO-NO-PARAGUAI.jpg","width":748,"height":394},{"@type":"BreadcrumbList","@id":"https:\/\/www.padreeustaquio.com.br\/fim-de-semana-foi-de-boas-vindas-e-celebracoes-no-paraguai\/#breadcrumb","itemListElement":[{"@type":"ListItem","position":1,"name":"In\u00edcio","item":"https:\/\/www.padreeustaquio.com.br\/"},{"@type":"ListItem","position":2,"name":"Fim de semana foi de boas-vindas e celebra\u00e7\u00f5es no Paraguai"}]},{"@type":"WebSite","@id":"https:\/\/www.padreeustaquio.com.br\/#website","url":"https:\/\/www.padreeustaquio.com.br\/","name":"FATHER EUST\u00c1QUIO","description":"Health and Peace","publisher":{"@id":"https:\/\/www.padreeustaquio.com.br\/#organization"},"potentialAction":[{"@type":"SearchAction","target":{"@type":"EntryPoint","urlTemplate":"https:\/\/www.padreeustaquio.com.br\/?s={search_term_string}"},"query-input":{"@type":"PropertyValueSpecification","valueRequired":true,"valueName":"search_term_string"}}],"inLanguage":"en-US"},{"@type":"Organization","@id":"https:\/\/www.padreeustaquio.com.br\/#organization","name":"FATHER EUST\u00c1QUIO","url":"https:\/\/www.padreeustaquio.com.br\/","logo":{"@type":"ImageObject","inLanguage":"en-US","@id":"https:\/\/www.padreeustaquio.com.br\/#\/schema\/logo\/image\/","url":"https:\/\/www.padreeustaquio.com.br\/wp-content\/uploads\/2019\/08\/marca.png","contentUrl":"https:\/\/www.padreeustaquio.com.br\/wp-content\/uploads\/2019\/08\/marca.png","width":350,"height":400,"caption":"Padre Eust\u00e1quio"},"image":{"@id":"https:\/\/www.padreeustaquio.com.br\/#\/schema\/logo\/image\/"},"sameAs":["https:\/\/www.facebook.com\/beatopadreeustaquio\/","https:\/\/x.com\/beatopeustaquio","https:\/\/www.instagram.com\/beatopadreeustaquio\/","https:\/\/www.youtube.com\/channel\/UCRhw7vfabnajwLxb1ZXMeIw"]},{"@type":"Person","@id":"https:\/\/www.padreeustaquio.com.br\/#\/schema\/person\/a2a51db1d00f1a7af0204a0f1ddb1566","name":"@sscc","image":{"@type":"ImageObject","inLanguage":"en-US","@id":"https:\/\/secure.gravatar.com\/avatar\/68cfafa5f44617fea54071e215026e0ff06be366c3d54a8425f04fdcb86f8c5f?s=96&d=mm&r=g","url":"https:\/\/secure.gravatar.com\/avatar\/68cfafa5f44617fea54071e215026e0ff06be366c3d54a8425f04fdcb86f8c5f?s=96&d=mm&r=g","contentUrl":"https:\/\/secure.gravatar.com\/avatar\/68cfafa5f44617fea54071e215026e0ff06be366c3d54a8425f04fdcb86f8c5f?s=96&d=mm&r=g","caption":"@sscc"},"url":"https:\/\/www.padreeustaquio.com.br\/en\/author\/sscc\/"}]}},"_links":{"self":[{"href":"https:\/\/www.padreeustaquio.com.br\/en\/wp-json\/wp\/v2\/posts\/4687","targetHints":{"allow":["GET"]}}],"collection":[{"href":"https:\/\/www.padreeustaquio.com.br\/en\/wp-json\/wp\/v2\/posts"}],"about":[{"href":"https:\/\/www.padreeustaquio.com.br\/en\/wp-json\/wp\/v2\/types\/post"}],"author":[{"embeddable":true,"href":"https:\/\/www.padreeustaquio.com.br\/en\/wp-json\/wp\/v2\/users\/2"}],"replies":[{"embeddable":true,"href":"https:\/\/www.padreeustaquio.com.br\/en\/wp-json\/wp\/v2\/comments?post=4687"}],"version-history":[{"count":0,"href":"https:\/\/www.padreeustaquio.com.br\/en\/wp-json\/wp\/v2\/posts\/4687\/revisions"}],"wp:featuredmedia":[{"embeddable":true,"href":"https:\/\/www.padreeustaquio.com.br\/en\/wp-json\/wp\/v2\/media\/4689"}],"wp:attachment":[{"href":"https:\/\/www.padreeustaquio.com.br\/en\/wp-json\/wp\/v2\/media?parent=4687"}],"wp:term":[{"taxonomy":"category","embeddable":true,"href":"https:\/\/www.padreeustaquio.com.br\/en\/wp-json\/wp\/v2\/categories?post=4687"},{"taxonomy":"post_tag","embeddable":true,"href":"https:\/\/www.padreeustaquio.com.br\/en\/wp-json\/wp\/v2\/tags?post=4687"}],"curies":[{"name":"wp","href":"https:\/\/api.w.org\/{rel}","templated":true}]}}